{"id":5509,"date":"2018-06-03T11:01:30","date_gmt":"2018-06-03T10:01:30","guid":{"rendered":"https:\/\/elcotarro.com\/?p=5509"},"modified":"2018-06-03T10:35:20","modified_gmt":"2018-06-03T09:35:20","slug":"otra-maravilla-unica-en-el-mundo","status":"publish","type":"post","link":"https:\/\/elcotarro.com\/?p=5509","title":{"rendered":"OTRA MARAVILLA, \u00daNICA EN EL MUNDO"},"content":{"rendered":"<p>Este espacio \u00fanico ha sido dise\u00f1ado por <strong>Yago Alonso<\/strong>, alumno aventajado de <strong>Takashi Amano<\/strong>, el famoso acuarista y fot\u00f3grafo paisajista de reconocido prestigio internacional que invent\u00f3 este tipo de paisajes sumergidos utilizando t\u00e9cnicas de jardiner\u00eda en el interior de los acuarios. Algunas caracter\u00edsticas que lo hacen especial son la utilizaci\u00f3n de agua dulce en la instalaci\u00f3n \u2013puesto que la mayor\u00eda de los acuarios paisaj\u00edsticos que existen son de agua salada- o la presencia de especies de animales y plantas en su interior, poco com\u00fan y, sin embargo, fascinante. El acto inaugural cont\u00f3 con la presencia del C\u00f3nsul General del Jap\u00f3n en Canarias,<strong>Takeshi Nakajima<\/strong>, que acompa\u00f1\u00f3 a <strong>Wolfgang Kiessling <\/strong>y\u00a0<strong>Brigitte<\/strong>, as\u00ed como a <strong>Carlos Alonso<\/strong>, a <strong>Lope Afonso\u00a0<\/strong>(alcalde del Puerto de la Cruz) a <strong>Crist\u00f3bal de la Rosa\u00a0<\/strong>(Viceconsejero de Turismo del Gobierno de Canarias), <strong>Carlos Palacios\u00a0<\/strong>(Capit\u00e1n General de Canarias) y al resto de autoridades presentes. Ya el \u201cJard\u00edn Zen\u201d se puede ver y disfrutar, en la exhibici\u00f3n \u201cAquaViva\u201d que presenta Loro Parque.<\/p>\n<p style=\"text-align: center\"><a href=\"https:\/\/elcotarro.com\/wp-content\/uploads\/2018\/06\/FOTO-5.-WOLFGANG-JARD\u00cdN.jpg\"><img loading=\"lazy\" decoding=\"async\" class=\"alignnone size-full wp-image-5510\" src=\"https:\/\/elcotarro.com\/wp-content\/uploads\/2018\/06\/FOTO-5.-WOLFGANG-JARD\u00cdN.jpg\" alt=\"FOTO 5.- WOLFGANG JARD\u00cdN\" width=\"1227\" height=\"894\" srcset=\"https:\/\/elcotarro.com\/wp-content\/uploads\/2018\/06\/FOTO-5.-WOLFGANG-JARD\u00cdN.jpg 1227w, https:\/\/elcotarro.com\/wp-content\/uploads\/2018\/06\/FOTO-5.-WOLFGANG-JARD\u00cdN-300x219.jpg 300w, https:\/\/elcotarro.com\/wp-content\/uploads\/2018\/06\/FOTO-5.-WOLFGANG-JARD\u00cdN-1024x746.jpg 1024w\" sizes=\"auto, (max-width: 1227px) 100vw, 1227px\" \/><\/a><\/p>\n<p style=\"text-align: center\"><em>Un satisfecho Wolfgang Kiessling, ense\u00f1a a las autoridades y los invitados a la presentaci\u00f3n, las maravillas est\u00e9ticas y t\u00e9cnicas del \u201cJard\u00edn Zen\u201d.<\/em><\/p>\n","protected":false},"excerpt":{"rendered":"<p>Este espacio \u00fanico ha sido dise\u00f1ado por Yago Alonso, alumno aventajado de Takashi Amano, el famoso acuarista y fot\u00f3grafo paisajista de reconocido prestigio internacional que invent\u00f3 este tipo de paisajes sumergidos utilizando t\u00e9cnicas de jardiner\u00eda en el interior de los acuarios. Algunas caracter\u00edsticas que lo hacen especial son la utilizaci\u00f3n de agua dulce en la &#8230; <a class=\"read-more\" href=\"https:\/\/elcotarro.com\/?p=5509\">Read more<\/a><\/p>\n","protected":false},"author":2,"featured_media":0,"comment_status":"open","ping_status":"open","sticky":false,"template":"","format":"standard","meta":{"_jetpack_memberships_contains_paid_content":false,"footnotes":""},"categories":[1],"tags":[],"class_list":["post-5509","post","type-post","status-publish","format-standard","hentry","category-sin-categoria"],"yoast_head":"<!-- This site is optimized with the Yoast SEO plugin v27.0 - https:\/\/yoast.com\/product\/yoast-seo-wordpress\/ -->\n<title>OTRA MARAVILLA, \u00daNICA EN EL MUNDO - El Cotarro<\/title>\n<meta name=\"robots\" content=\"index, follow, max-snippet:-1, max-image-preview:large, max-video-preview:-1\" \/>\n<link rel=\"canonical\" href=\"https:\/\/elcotarro.com\/?p=5509\" \/>\n<meta property=\"og:locale\" content=\"es_ES\" \/>\n<meta property=\"og:type\" content=\"article\" \/>\n<meta property=\"og:title\" content=\"OTRA MARAVILLA, \u00daNICA EN EL MUNDO - El Cotarro\" \/>\n<meta property=\"og:description\" content=\"Este espacio \u00fanico ha sido dise\u00f1ado por Yago Alonso, alumno aventajado de Takashi Amano, el famoso acuarista y fot\u00f3grafo paisajista de reconocido prestigio internacional que invent\u00f3 este tipo de paisajes sumergidos utilizando t\u00e9cnicas de jardiner\u00eda en el interior de los acuarios. Algunas caracter\u00edsticas que lo hacen especial son la utilizaci\u00f3n de agua dulce en la ... Read more\" \/>\n<meta property=\"og:url\" content=\"https:\/\/elcotarro.com\/?p=5509\" \/>\n<meta property=\"og:site_name\" content=\"El Cotarro\" \/>\n<meta property=\"article:publisher\" content=\"https:\/\/www.facebook.com\/ElCotarro.Tenerife\" \/>\n<meta property=\"article:published_time\" content=\"2018-06-03T10:01:30+00:00\" \/>\n<meta name=\"author\" content=\"Jos\u00e9 Carlos Marrero Gonz\u00e1lez\" \/>\n<meta name=\"twitter:label1\" content=\"Escrito por\" \/>\n\t<meta name=\"twitter:data1\" content=\"Jos\u00e9 Carlos Marrero Gonz\u00e1lez\" \/>\n\t<meta name=\"twitter:label2\" content=\"Tiempo de lectura\" \/>\n\t<meta name=\"twitter:data2\" content=\"1 minuto\" \/>\n<script type=\"application\/ld+json\" class=\"yoast-schema-graph\">{\"@context\":\"https:\/\/schema.org\",\"@graph\":[{\"@type\":\"Article\",\"@id\":\"https:\/\/elcotarro.com\/?p=5509#article\",\"isPartOf\":{\"@id\":\"https:\/\/elcotarro.com\/?p=5509\"},\"author\":{\"name\":\"Jos\u00e9 Carlos Marrero Gonz\u00e1lez\",\"@id\":\"https:\/\/elcotarro.com\/#\/schema\/person\/af537ee7d60d15984c7e0affcd8a918b\"},\"headline\":\"OTRA MARAVILLA, \u00daNICA EN EL MUNDO\",\"datePublished\":\"2018-06-03T10:01:30+00:00\",\"mainEntityOfPage\":{\"@id\":\"https:\/\/elcotarro.com\/?p=5509\"},\"wordCount\":215,\"commentCount\":0,\"publisher\":{\"@id\":\"https:\/\/elcotarro.com\/#organization\"},\"inLanguage\":\"es\",\"potentialAction\":[{\"@type\":\"CommentAction\",\"name\":\"Comment\",\"target\":[\"https:\/\/elcotarro.com\/?p=5509#respond\"]}]},{\"@type\":\"WebPage\",\"@id\":\"https:\/\/elcotarro.com\/?p=5509\",\"url\":\"https:\/\/elcotarro.com\/?p=5509\",\"name\":\"OTRA MARAVILLA, \u00daNICA EN EL MUNDO - El Cotarro\",\"isPartOf\":{\"@id\":\"https:\/\/elcotarro.com\/#website\"},\"datePublished\":\"2018-06-03T10:01:30+00:00\",\"breadcrumb\":{\"@id\":\"https:\/\/elcotarro.com\/?p=5509#breadcrumb\"},\"inLanguage\":\"es\",\"potentialAction\":[{\"@type\":\"ReadAction\",\"target\":[\"https:\/\/elcotarro.com\/?p=5509\"]}]},{\"@type\":\"BreadcrumbList\",\"@id\":\"https:\/\/elcotarro.com\/?p=5509#breadcrumb\",\"itemListElement\":[{\"@type\":\"ListItem\",\"position\":1,\"name\":\"Portada\",\"item\":\"https:\/\/elcotarro.com\/\"},{\"@type\":\"ListItem\",\"position\":2,\"name\":\"OTRA MARAVILLA, \u00daNICA EN EL MUNDO\"}]},{\"@type\":\"WebSite\",\"@id\":\"https:\/\/elcotarro.com\/#website\",\"url\":\"https:\/\/elcotarro.com\/\",\"name\":\"El Cotarro\",\"description\":\"Peri\u00f3dico Digital Independiente dirigido por Jos\u00e9 Carlos Marrero\",\"publisher\":{\"@id\":\"https:\/\/elcotarro.com\/#organization\"},\"potentialAction\":[{\"@type\":\"SearchAction\",\"target\":{\"@type\":\"EntryPoint\",\"urlTemplate\":\"https:\/\/elcotarro.com\/?s={search_term_string}\"},\"query-input\":{\"@type\":\"PropertyValueSpecification\",\"valueRequired\":true,\"valueName\":\"search_term_string\"}}],\"inLanguage\":\"es\"},{\"@type\":\"Organization\",\"@id\":\"https:\/\/elcotarro.com\/#organization\",\"name\":\"El Cotarro\",\"url\":\"https:\/\/elcotarro.com\/\",\"logo\":{\"@type\":\"ImageObject\",\"inLanguage\":\"es\",\"@id\":\"https:\/\/elcotarro.com\/#\/schema\/logo\/image\/\",\"url\":\"https:\/\/elcotarro.com\/wp-content\/uploads\/2014\/09\/Cabecera_El_Cotarro_v2.jpg\",\"contentUrl\":\"https:\/\/elcotarro.com\/wp-content\/uploads\/2014\/09\/Cabecera_El_Cotarro_v2.jpg\",\"width\":3540,\"height\":441,\"caption\":\"El Cotarro\"},\"image\":{\"@id\":\"https:\/\/elcotarro.com\/#\/schema\/logo\/image\/\"},\"sameAs\":[\"https:\/\/www.facebook.com\/ElCotarro.Tenerife\"]},{\"@type\":\"Person\",\"@id\":\"https:\/\/elcotarro.com\/#\/schema\/person\/af537ee7d60d15984c7e0affcd8a918b\",\"name\":\"Jos\u00e9 Carlos Marrero Gonz\u00e1lez\",\"image\":{\"@type\":\"ImageObject\",\"inLanguage\":\"es\",\"@id\":\"https:\/\/elcotarro.com\/#\/schema\/person\/image\/\",\"url\":\"https:\/\/secure.gravatar.com\/avatar\/def4da036efb5d32c74d49c351f6dccc064dd69ad9f3aadc295c5a9a5391ca01?s=96&d=mm&r=g\",\"contentUrl\":\"https:\/\/secure.gravatar.com\/avatar\/def4da036efb5d32c74d49c351f6dccc064dd69ad9f3aadc295c5a9a5391ca01?s=96&d=mm&r=g\",\"caption\":\"Jos\u00e9 Carlos Marrero Gonz\u00e1lez\"},\"sameAs\":[\"https:\/\/elcotarro.com\"],\"url\":\"https:\/\/elcotarro.com\/?author=2\"}]}<\/script>\n<!-- \/ Yoast SEO plugin. -->","yoast_head_json":{"title":"OTRA MARAVILLA, \u00daNICA EN EL MUNDO - El Cotarro","robots":{"index":"index","follow":"follow","max-snippet":"max-snippet:-1","max-image-preview":"max-image-preview:large","max-video-preview":"max-video-preview:-1"},"canonical":"https:\/\/elcotarro.com\/?p=5509","og_locale":"es_ES","og_type":"article","og_title":"OTRA MARAVILLA, \u00daNICA EN EL MUNDO - El Cotarro","og_description":"Este espacio \u00fanico ha sido dise\u00f1ado por Yago Alonso, alumno aventajado de Takashi Amano, el famoso acuarista y fot\u00f3grafo paisajista de reconocido prestigio internacional que invent\u00f3 este tipo de paisajes sumergidos utilizando t\u00e9cnicas de jardiner\u00eda en el interior de los acuarios. Algunas caracter\u00edsticas que lo hacen especial son la utilizaci\u00f3n de agua dulce en la ... Read more","og_url":"https:\/\/elcotarro.com\/?p=5509","og_site_name":"El Cotarro","article_publisher":"https:\/\/www.facebook.com\/ElCotarro.Tenerife","article_published_time":"2018-06-03T10:01:30+00:00","author":"Jos\u00e9 Carlos Marrero Gonz\u00e1lez","twitter_misc":{"Escrito por":"Jos\u00e9 Carlos Marrero Gonz\u00e1lez","Tiempo de lectura":"1 minuto"},"schema":{"@context":"https:\/\/schema.org","@graph":[{"@type":"Article","@id":"https:\/\/elcotarro.com\/?p=5509#article","isPartOf":{"@id":"https:\/\/elcotarro.com\/?p=5509"},"author":{"name":"Jos\u00e9 Carlos Marrero Gonz\u00e1lez","@id":"https:\/\/elcotarro.com\/#\/schema\/person\/af537ee7d60d15984c7e0affcd8a918b"},"headline":"OTRA MARAVILLA, \u00daNICA EN EL MUNDO","datePublished":"2018-06-03T10:01:30+00:00","mainEntityOfPage":{"@id":"https:\/\/elcotarro.com\/?p=5509"},"wordCount":215,"commentCount":0,"publisher":{"@id":"https:\/\/elcotarro.com\/#organization"},"inLanguage":"es","potentialAction":[{"@type":"CommentAction","name":"Comment","target":["https:\/\/elcotarro.com\/?p=5509#respond"]}]},{"@type":"WebPage","@id":"https:\/\/elcotarro.com\/?p=5509","url":"https:\/\/elcotarro.com\/?p=5509","name":"OTRA MARAVILLA, \u00daNICA EN EL MUNDO - El Cotarro","isPartOf":{"@id":"https:\/\/elcotarro.com\/#website"},"datePublished":"2018-06-03T10:01:30+00:00","breadcrumb":{"@id":"https:\/\/elcotarro.com\/?p=5509#breadcrumb"},"inLanguage":"es","potentialAction":[{"@type":"ReadAction","target":["https:\/\/elcotarro.com\/?p=5509"]}]},{"@type":"BreadcrumbList","@id":"https:\/\/elcotarro.com\/?p=5509#breadcrumb","itemListElement":[{"@type":"ListItem","position":1,"name":"Portada","item":"https:\/\/elcotarro.com\/"},{"@type":"ListItem","position":2,"name":"OTRA MARAVILLA, \u00daNICA EN EL MUNDO"}]},{"@type":"WebSite","@id":"https:\/\/elcotarro.com\/#website","url":"https:\/\/elcotarro.com\/","name":"El Cotarro","description":"Peri\u00f3dico Digital Independiente dirigido por Jos\u00e9 Carlos Marrero","publisher":{"@id":"https:\/\/elcotarro.com\/#organization"},"potentialAction":[{"@type":"SearchAction","target":{"@type":"EntryPoint","urlTemplate":"https:\/\/elcotarro.com\/?s={search_term_string}"},"query-input":{"@type":"PropertyValueSpecification","valueRequired":true,"valueName":"search_term_string"}}],"inLanguage":"es"},{"@type":"Organization","@id":"https:\/\/elcotarro.com\/#organization","name":"El Cotarro","url":"https:\/\/elcotarro.com\/","logo":{"@type":"ImageObject","inLanguage":"es","@id":"https:\/\/elcotarro.com\/#\/schema\/logo\/image\/","url":"https:\/\/elcotarro.com\/wp-content\/uploads\/2014\/09\/Cabecera_El_Cotarro_v2.jpg","contentUrl":"https:\/\/elcotarro.com\/wp-content\/uploads\/2014\/09\/Cabecera_El_Cotarro_v2.jpg","width":3540,"height":441,"caption":"El Cotarro"},"image":{"@id":"https:\/\/elcotarro.com\/#\/schema\/logo\/image\/"},"sameAs":["https:\/\/www.facebook.com\/ElCotarro.Tenerife"]},{"@type":"Person","@id":"https:\/\/elcotarro.com\/#\/schema\/person\/af537ee7d60d15984c7e0affcd8a918b","name":"Jos\u00e9 Carlos Marrero Gonz\u00e1lez","image":{"@type":"ImageObject","inLanguage":"es","@id":"https:\/\/elcotarro.com\/#\/schema\/person\/image\/","url":"https:\/\/secure.gravatar.com\/avatar\/def4da036efb5d32c74d49c351f6dccc064dd69ad9f3aadc295c5a9a5391ca01?s=96&d=mm&r=g","contentUrl":"https:\/\/secure.gravatar.com\/avatar\/def4da036efb5d32c74d49c351f6dccc064dd69ad9f3aadc295c5a9a5391ca01?s=96&d=mm&r=g","caption":"Jos\u00e9 Carlos Marrero Gonz\u00e1lez"},"sameAs":["https:\/\/elcotarro.com"],"url":"https:\/\/elcotarro.com\/?author=2"}]}},"jetpack_featured_media_url":"","jetpack_sharing_enabled":true,"_links":{"self":[{"href":"https:\/\/elcotarro.com\/index.php?rest_route=\/wp\/v2\/posts\/5509","targetHints":{"allow":["GET"]}}],"collection":[{"href":"https:\/\/elcotarro.com\/index.php?rest_route=\/wp\/v2\/posts"}],"about":[{"href":"https:\/\/elcotarro.com\/index.php?rest_route=\/wp\/v2\/types\/post"}],"author":[{"embeddable":true,"href":"https:\/\/elcotarro.com\/index.php?rest_route=\/wp\/v2\/users\/2"}],"replies":[{"embeddable":true,"href":"https:\/\/elcotarro.com\/index.php?rest_route=%2Fwp%2Fv2%2Fcomments&post=5509"}],"version-history":[{"count":1,"href":"https:\/\/elcotarro.com\/index.php?rest_route=\/wp\/v2\/posts\/5509\/revisions"}],"predecessor-version":[{"id":5511,"href":"https:\/\/elcotarro.com\/index.php?rest_route=\/wp\/v2\/posts\/5509\/revisions\/5511"}],"wp:attachment":[{"href":"https:\/\/elcotarro.com\/index.php?rest_route=%2Fwp%2Fv2%2Fmedia&parent=5509"}],"wp:term":[{"taxonomy":"category","embeddable":true,"href":"https:\/\/elcotarro.com\/index.php?rest_route=%2Fwp%2Fv2%2Fcategories&post=5509"},{"taxonomy":"post_tag","embeddable":true,"href":"https:\/\/elcotarro.com\/index.php?rest_route=%2Fwp%2Fv2%2Ftags&post=5509"}],"curies":[{"name":"wp","href":"https:\/\/api.w.org\/{rel}","templated":true}]}}