{"id":553,"date":"2014-12-14T12:04:26","date_gmt":"2014-12-14T12:04:26","guid":{"rendered":"https:\/\/elcotarro.com\/?p=553"},"modified":"2014-12-14T10:53:01","modified_gmt":"2014-12-14T10:53:01","slug":"si-levantaran-la-cabeza","status":"publish","type":"post","link":"https:\/\/elcotarro.com\/?p=553","title":{"rendered":"SI LEVANTARAN LA CABEZA"},"content":{"rendered":"<p>\u2666 Hay que decir que el personal socialista ha reconocido el neutral y efectivo trabajo realizado por <strong>Julio P\u00e9rez<\/strong> en el proceso de primarias del PSOE, en el que result\u00f3 ganadora la \u00ednclita <strong>Patricia Hern\u00e1ndez<\/strong>&#8230; El curtido <strong>Julio P\u00e9rez<\/strong> actu\u00f3 de forma exquisita, reserv\u00e1ndose en todo momento sus reflexiones y opiniones (que las tuvo)&#8230; Mucha gente le ha felicitado y agradecido su labor, a la vez que m\u00e1s de uno comentaba&#8230; \u201c\u00a1Si don <strong>Jes\u00fas<\/strong> <strong>Illada, Alfonso Garc\u00eda Ramos, Alberto de Armas<\/strong> o <strong>N\u00e9stor Padr\u00f3n<\/strong> levantaran la cabeza!\u201d&#8230; Y yo remato eso y digo \u00a1que baje <strong>Pablo Iglesias Poss\u00e9<\/strong> (el hist\u00f3rico) o <strong>Rosa Luxemburgo<\/strong> y lo vean!<\/p>\n<p><a href=\"https:\/\/elcotarro.com\/wp-content\/uploads\/2014\/12\/FOTO-2-ALFONSO-GARC\u00cdA-RAMOS.jpg\"><img loading=\"lazy\" decoding=\"async\" class=\"aligncenter wp-image-554\" src=\"https:\/\/elcotarro.com\/wp-content\/uploads\/2014\/12\/FOTO-2-ALFONSO-GARC\u00cdA-RAMOS.jpg\" alt=\"FOTO 2 - ALFONSO GARC\u00cdA RAMOS\" width=\"550\" height=\"567\" srcset=\"https:\/\/elcotarro.com\/wp-content\/uploads\/2014\/12\/FOTO-2-ALFONSO-GARC\u00cdA-RAMOS.jpg 1552w, https:\/\/elcotarro.com\/wp-content\/uploads\/2014\/12\/FOTO-2-ALFONSO-GARC\u00cdA-RAMOS-291x300.jpg 291w, https:\/\/elcotarro.com\/wp-content\/uploads\/2014\/12\/FOTO-2-ALFONSO-GARC\u00cdA-RAMOS-993x1024.jpg 993w\" sizes=\"auto, (max-width: 550px) 100vw, 550px\" \/><\/a><\/p>\n<p class=\"comentario\" style=\"text-align: center;\">El periodista y gran socialista, Alfonso Garc\u00eda Ramos\u2026 \u00a1Si levantara la cabeza!<\/p>\n","protected":false},"excerpt":{"rendered":"<p>\u2666 Hay que decir que el personal socialista ha reconocido el neutral y efectivo trabajo realizado por Julio P\u00e9rez en el proceso de primarias del PSOE, en el que result\u00f3 ganadora la \u00ednclita Patricia Hern\u00e1ndez&#8230; El curtido Julio P\u00e9rez actu\u00f3 de forma exquisita, reserv\u00e1ndose en todo momento sus reflexiones y opiniones (que las tuvo)&#8230; Mucha &#8230; <a class=\"read-more\" href=\"https:\/\/elcotarro.com\/?p=553\">Read more<\/a><\/p>\n","protected":false},"author":2,"featured_media":0,"comment_status":"open","ping_status":"open","sticky":false,"template":"","format":"standard","meta":{"_jetpack_memberships_contains_paid_content":false,"footnotes":""},"categories":[7],"tags":[145,144,143,267,268,269,24,270],"class_list":["post-553","post","type-post","status-publish","format-standard","hentry","category-politica","tag-alberto-de-armas","tag-alfonso-garcia-ramos","tag-jesus-illada","tag-julio-perez","tag-nestor-padron","tag-pablo-iglesias-posse","tag-patricia-hernandez","tag-rosa-luxemburgo"],"yoast_head":"<!-- This site is optimized with the Yoast SEO plugin v27.0 - https:\/\/yoast.com\/product\/yoast-seo-wordpress\/ -->\n<title>SI LEVANTARAN LA CABEZA - El Cotarrro<\/title>\n<meta name=\"description\" content=\"Hay que decir que el personal socialista ha reconocido el neutral y efectivo trabajo realizado por Julio P\u00e9rez en el proceso de primarias del PSOE, en el\" \/>\n<meta name=\"robots\" content=\"index, follow, max-snippet:-1, max-image-preview:large, max-video-preview:-1\" \/>\n<link rel=\"canonical\" href=\"https:\/\/elcotarro.com\/?p=553\" \/>\n<meta property=\"og:locale\" content=\"es_ES\" \/>\n<meta property=\"og:type\" content=\"article\" \/>\n<meta property=\"og:title\" content=\"SI LEVANTARAN LA CABEZA - El Cotarrro\" \/>\n<meta property=\"og:description\" content=\"Hay que decir que el personal socialista ha reconocido el neutral y efectivo trabajo realizado por Julio P\u00e9rez en el proceso de primarias del PSOE, en el\" \/>\n<meta property=\"og:url\" content=\"https:\/\/elcotarro.com\/?p=553\" \/>\n<meta property=\"og:site_name\" content=\"El Cotarro\" \/>\n<meta property=\"article:publisher\" content=\"https:\/\/www.facebook.com\/ElCotarro.Tenerife\" \/>\n<meta property=\"article:published_time\" content=\"2014-12-14T12:04:26+00:00\" \/>\n<meta name=\"author\" content=\"Jos\u00e9 Carlos Marrero Gonz\u00e1lez\" \/>\n<meta name=\"twitter:label1\" content=\"Escrito por\" \/>\n\t<meta name=\"twitter:data1\" content=\"Jos\u00e9 Carlos Marrero Gonz\u00e1lez\" \/>\n\t<meta name=\"twitter:label2\" content=\"Tiempo de lectura\" \/>\n\t<meta name=\"twitter:data2\" content=\"1 minuto\" \/>\n<script type=\"application\/ld+json\" class=\"yoast-schema-graph\">{\"@context\":\"https:\/\/schema.org\",\"@graph\":[{\"@type\":\"Article\",\"@id\":\"https:\/\/elcotarro.com\/?p=553#article\",\"isPartOf\":{\"@id\":\"https:\/\/elcotarro.com\/?p=553\"},\"author\":{\"name\":\"Jos\u00e9 Carlos Marrero Gonz\u00e1lez\",\"@id\":\"https:\/\/elcotarro.com\/#\/schema\/person\/af537ee7d60d15984c7e0affcd8a918b\"},\"headline\":\"SI LEVANTARAN LA CABEZA\",\"datePublished\":\"2014-12-14T12:04:26+00:00\",\"mainEntityOfPage\":{\"@id\":\"https:\/\/elcotarro.com\/?p=553\"},\"wordCount\":132,\"commentCount\":0,\"publisher\":{\"@id\":\"https:\/\/elcotarro.com\/#organization\"},\"keywords\":[\"Alberto de Armas\",\"Alfonso Garc\u00eda Ramos\",\"Jes\u00fas Illada\",\"Julio P\u00e9rez\",\"N\u00e9stor Padr\u00f3n\",\"Pablo Iglesias Poss\u00e9\",\"Patricia Hern\u00e1ndez\",\"Rosa Luxemburgo\"],\"articleSection\":[\"Pol\u00edtica\"],\"inLanguage\":\"es\",\"potentialAction\":[{\"@type\":\"CommentAction\",\"name\":\"Comment\",\"target\":[\"https:\/\/elcotarro.com\/?p=553#respond\"]}]},{\"@type\":\"WebPage\",\"@id\":\"https:\/\/elcotarro.com\/?p=553\",\"url\":\"https:\/\/elcotarro.com\/?p=553\",\"name\":\"SI LEVANTARAN LA CABEZA - El Cotarrro\",\"isPartOf\":{\"@id\":\"https:\/\/elcotarro.com\/#website\"},\"datePublished\":\"2014-12-14T12:04:26+00:00\",\"description\":\"Hay que decir que el personal socialista ha reconocido el neutral y efectivo trabajo realizado por Julio P\u00e9rez en el proceso de primarias del PSOE, en el\",\"breadcrumb\":{\"@id\":\"https:\/\/elcotarro.com\/?p=553#breadcrumb\"},\"inLanguage\":\"es\",\"potentialAction\":[{\"@type\":\"ReadAction\",\"target\":[\"https:\/\/elcotarro.com\/?p=553\"]}]},{\"@type\":\"BreadcrumbList\",\"@id\":\"https:\/\/elcotarro.com\/?p=553#breadcrumb\",\"itemListElement\":[{\"@type\":\"ListItem\",\"position\":1,\"name\":\"Portada\",\"item\":\"https:\/\/elcotarro.com\/\"},{\"@type\":\"ListItem\",\"position\":2,\"name\":\"SI LEVANTARAN LA CABEZA\"}]},{\"@type\":\"WebSite\",\"@id\":\"https:\/\/elcotarro.com\/#website\",\"url\":\"https:\/\/elcotarro.com\/\",\"name\":\"El Cotarro\",\"description\":\"Peri\u00f3dico Digital Independiente dirigido por Jos\u00e9 Carlos Marrero\",\"publisher\":{\"@id\":\"https:\/\/elcotarro.com\/#organization\"},\"potentialAction\":[{\"@type\":\"SearchAction\",\"target\":{\"@type\":\"EntryPoint\",\"urlTemplate\":\"https:\/\/elcotarro.com\/?s={search_term_string}\"},\"query-input\":{\"@type\":\"PropertyValueSpecification\",\"valueRequired\":true,\"valueName\":\"search_term_string\"}}],\"inLanguage\":\"es\"},{\"@type\":\"Organization\",\"@id\":\"https:\/\/elcotarro.com\/#organization\",\"name\":\"El Cotarro\",\"url\":\"https:\/\/elcotarro.com\/\",\"logo\":{\"@type\":\"ImageObject\",\"inLanguage\":\"es\",\"@id\":\"https:\/\/elcotarro.com\/#\/schema\/logo\/image\/\",\"url\":\"https:\/\/elcotarro.com\/wp-content\/uploads\/2014\/09\/Cabecera_El_Cotarro_v2.jpg\",\"contentUrl\":\"https:\/\/elcotarro.com\/wp-content\/uploads\/2014\/09\/Cabecera_El_Cotarro_v2.jpg\",\"width\":3540,\"height\":441,\"caption\":\"El Cotarro\"},\"image\":{\"@id\":\"https:\/\/elcotarro.com\/#\/schema\/logo\/image\/\"},\"sameAs\":[\"https:\/\/www.facebook.com\/ElCotarro.Tenerife\"]},{\"@type\":\"Person\",\"@id\":\"https:\/\/elcotarro.com\/#\/schema\/person\/af537ee7d60d15984c7e0affcd8a918b\",\"name\":\"Jos\u00e9 Carlos Marrero Gonz\u00e1lez\",\"image\":{\"@type\":\"ImageObject\",\"inLanguage\":\"es\",\"@id\":\"https:\/\/elcotarro.com\/#\/schema\/person\/image\/\",\"url\":\"https:\/\/secure.gravatar.com\/avatar\/def4da036efb5d32c74d49c351f6dccc064dd69ad9f3aadc295c5a9a5391ca01?s=96&d=mm&r=g\",\"contentUrl\":\"https:\/\/secure.gravatar.com\/avatar\/def4da036efb5d32c74d49c351f6dccc064dd69ad9f3aadc295c5a9a5391ca01?s=96&d=mm&r=g\",\"caption\":\"Jos\u00e9 Carlos Marrero Gonz\u00e1lez\"},\"sameAs\":[\"https:\/\/elcotarro.com\"],\"url\":\"https:\/\/elcotarro.com\/?author=2\"}]}<\/script>\n<!-- \/ Yoast SEO plugin. -->","yoast_head_json":{"title":"SI LEVANTARAN LA CABEZA - El Cotarrro","description":"Hay que decir que el personal socialista ha reconocido el neutral y efectivo trabajo realizado por Julio P\u00e9rez en el proceso de primarias del PSOE, en el","robots":{"index":"index","follow":"follow","max-snippet":"max-snippet:-1","max-image-preview":"max-image-preview:large","max-video-preview":"max-video-preview:-1"},"canonical":"https:\/\/elcotarro.com\/?p=553","og_locale":"es_ES","og_type":"article","og_title":"SI LEVANTARAN LA CABEZA - El Cotarrro","og_description":"Hay que decir que el personal socialista ha reconocido el neutral y efectivo trabajo realizado por Julio P\u00e9rez en el proceso de primarias del PSOE, en el","og_url":"https:\/\/elcotarro.com\/?p=553","og_site_name":"El Cotarro","article_publisher":"https:\/\/www.facebook.com\/ElCotarro.Tenerife","article_published_time":"2014-12-14T12:04:26+00:00","author":"Jos\u00e9 Carlos Marrero Gonz\u00e1lez","twitter_misc":{"Escrito por":"Jos\u00e9 Carlos Marrero Gonz\u00e1lez","Tiempo de lectura":"1 minuto"},"schema":{"@context":"https:\/\/schema.org","@graph":[{"@type":"Article","@id":"https:\/\/elcotarro.com\/?p=553#article","isPartOf":{"@id":"https:\/\/elcotarro.com\/?p=553"},"author":{"name":"Jos\u00e9 Carlos Marrero Gonz\u00e1lez","@id":"https:\/\/elcotarro.com\/#\/schema\/person\/af537ee7d60d15984c7e0affcd8a918b"},"headline":"SI LEVANTARAN LA CABEZA","datePublished":"2014-12-14T12:04:26+00:00","mainEntityOfPage":{"@id":"https:\/\/elcotarro.com\/?p=553"},"wordCount":132,"commentCount":0,"publisher":{"@id":"https:\/\/elcotarro.com\/#organization"},"keywords":["Alberto de Armas","Alfonso Garc\u00eda Ramos","Jes\u00fas Illada","Julio P\u00e9rez","N\u00e9stor Padr\u00f3n","Pablo Iglesias Poss\u00e9","Patricia Hern\u00e1ndez","Rosa Luxemburgo"],"articleSection":["Pol\u00edtica"],"inLanguage":"es","potentialAction":[{"@type":"CommentAction","name":"Comment","target":["https:\/\/elcotarro.com\/?p=553#respond"]}]},{"@type":"WebPage","@id":"https:\/\/elcotarro.com\/?p=553","url":"https:\/\/elcotarro.com\/?p=553","name":"SI LEVANTARAN LA CABEZA - El Cotarrro","isPartOf":{"@id":"https:\/\/elcotarro.com\/#website"},"datePublished":"2014-12-14T12:04:26+00:00","description":"Hay que decir que el personal socialista ha reconocido el neutral y efectivo trabajo realizado por Julio P\u00e9rez en el proceso de primarias del PSOE, en el","breadcrumb":{"@id":"https:\/\/elcotarro.com\/?p=553#breadcrumb"},"inLanguage":"es","potentialAction":[{"@type":"ReadAction","target":["https:\/\/elcotarro.com\/?p=553"]}]},{"@type":"BreadcrumbList","@id":"https:\/\/elcotarro.com\/?p=553#breadcrumb","itemListElement":[{"@type":"ListItem","position":1,"name":"Portada","item":"https:\/\/elcotarro.com\/"},{"@type":"ListItem","position":2,"name":"SI LEVANTARAN LA CABEZA"}]},{"@type":"WebSite","@id":"https:\/\/elcotarro.com\/#website","url":"https:\/\/elcotarro.com\/","name":"El Cotarro","description":"Peri\u00f3dico Digital Independiente dirigido por Jos\u00e9 Carlos Marrero","publisher":{"@id":"https:\/\/elcotarro.com\/#organization"},"potentialAction":[{"@type":"SearchAction","target":{"@type":"EntryPoint","urlTemplate":"https:\/\/elcotarro.com\/?s={search_term_string}"},"query-input":{"@type":"PropertyValueSpecification","valueRequired":true,"valueName":"search_term_string"}}],"inLanguage":"es"},{"@type":"Organization","@id":"https:\/\/elcotarro.com\/#organization","name":"El Cotarro","url":"https:\/\/elcotarro.com\/","logo":{"@type":"ImageObject","inLanguage":"es","@id":"https:\/\/elcotarro.com\/#\/schema\/logo\/image\/","url":"https:\/\/elcotarro.com\/wp-content\/uploads\/2014\/09\/Cabecera_El_Cotarro_v2.jpg","contentUrl":"https:\/\/elcotarro.com\/wp-content\/uploads\/2014\/09\/Cabecera_El_Cotarro_v2.jpg","width":3540,"height":441,"caption":"El Cotarro"},"image":{"@id":"https:\/\/elcotarro.com\/#\/schema\/logo\/image\/"},"sameAs":["https:\/\/www.facebook.com\/ElCotarro.Tenerife"]},{"@type":"Person","@id":"https:\/\/elcotarro.com\/#\/schema\/person\/af537ee7d60d15984c7e0affcd8a918b","name":"Jos\u00e9 Carlos Marrero Gonz\u00e1lez","image":{"@type":"ImageObject","inLanguage":"es","@id":"https:\/\/elcotarro.com\/#\/schema\/person\/image\/","url":"https:\/\/secure.gravatar.com\/avatar\/def4da036efb5d32c74d49c351f6dccc064dd69ad9f3aadc295c5a9a5391ca01?s=96&d=mm&r=g","contentUrl":"https:\/\/secure.gravatar.com\/avatar\/def4da036efb5d32c74d49c351f6dccc064dd69ad9f3aadc295c5a9a5391ca01?s=96&d=mm&r=g","caption":"Jos\u00e9 Carlos Marrero Gonz\u00e1lez"},"sameAs":["https:\/\/elcotarro.com"],"url":"https:\/\/elcotarro.com\/?author=2"}]}},"jetpack_featured_media_url":"","jetpack_sharing_enabled":true,"_links":{"self":[{"href":"https:\/\/elcotarro.com\/index.php?rest_route=\/wp\/v2\/posts\/553","targetHints":{"allow":["GET"]}}],"collection":[{"href":"https:\/\/elcotarro.com\/index.php?rest_route=\/wp\/v2\/posts"}],"about":[{"href":"https:\/\/elcotarro.com\/index.php?rest_route=\/wp\/v2\/types\/post"}],"author":[{"embeddable":true,"href":"https:\/\/elcotarro.com\/index.php?rest_route=\/wp\/v2\/users\/2"}],"replies":[{"embeddable":true,"href":"https:\/\/elcotarro.com\/index.php?rest_route=%2Fwp%2Fv2%2Fcomments&post=553"}],"version-history":[{"count":1,"href":"https:\/\/elcotarro.com\/index.php?rest_route=\/wp\/v2\/posts\/553\/revisions"}],"predecessor-version":[{"id":555,"href":"https:\/\/elcotarro.com\/index.php?rest_route=\/wp\/v2\/posts\/553\/revisions\/555"}],"wp:attachment":[{"href":"https:\/\/elcotarro.com\/index.php?rest_route=%2Fwp%2Fv2%2Fmedia&parent=553"}],"wp:term":[{"taxonomy":"category","embeddable":true,"href":"https:\/\/elcotarro.com\/index.php?rest_route=%2Fwp%2Fv2%2Fcategories&post=553"},{"taxonomy":"post_tag","embeddable":true,"href":"https:\/\/elcotarro.com\/index.php?rest_route=%2Fwp%2Fv2%2Ftags&post=553"}],"curies":[{"name":"wp","href":"https:\/\/api.w.org\/{rel}","templated":true}]}}