{"id":5540,"date":"2018-06-10T10:59:06","date_gmt":"2018-06-10T09:59:06","guid":{"rendered":"https:\/\/elcotarro.com\/?p=5540"},"modified":"2018-06-10T10:47:35","modified_gmt":"2018-06-10T09:47:35","slug":"nace-en-tenerife-pkf-attest-canarias","status":"publish","type":"post","link":"https:\/\/elcotarro.com\/?p=5540","title":{"rendered":"NACE EN TENERIFE PKF ATTEST CANARIAS"},"content":{"rendered":"<p>La empresa PKF ATTEST, liderada por <strong>Carmelo Canales Abaitua, Jos\u00e9 Miguel\u00a0Albizu\u00a0Trist\u00e1n\u00a0<\/strong>y <strong>\u00c1ngel Alameda<\/strong>, es una de las diez primeras firmas espa\u00f1olas de servicios profesionales de su sector, con m\u00e1s de 27 a\u00f1os de experiencia y una plantilla de m\u00e1s de 400 profesionales. Presta servicios de tecnolog\u00edas de la informaci\u00f3n, <em>data analytics<\/em>, gesti\u00f3n de la innovaci\u00f3n, organizaci\u00f3n y gesti\u00f3n de personas, mercado de capitales, <em>corporate finance<\/em>, administraci\u00f3n y gesti\u00f3n de empresas, asesor\u00eda legal y fiscal, auditor\u00eda y consultor\u00eda. Tiene oficinas en Madrid, Bilbao, Palma de Mallorca, Pamplona, San Sebasti\u00e1n, Sevilla, Valladolid, Vitoria y, a partir de ahora, en Tenerife. Con <strong>Vicente \u00c1lvarez-Pedreira Gil\u00a0<\/strong>como director general de PKF\u2008Attest\u2008Canarias, la firma ofrecer\u00e1 todos sus servicios integrales en el \u00e1mbito de nuestro Archipi\u00e9lago. Suerte y p\u00b4alante.<\/p>\n<p style=\"text-align: center\"><a href=\"https:\/\/elcotarro.com\/wp-content\/uploads\/2018\/06\/FOTO-7.-PKF-ATTEST-P\u00daBLICO.jpg\"><img loading=\"lazy\" decoding=\"async\" class=\"alignnone size-full wp-image-5541\" src=\"https:\/\/elcotarro.com\/wp-content\/uploads\/2018\/06\/FOTO-7.-PKF-ATTEST-P\u00daBLICO.jpg\" alt=\"FOTO 7.- PKF ATTEST P\u00daBLICO\" width=\"1355\" height=\"903\" srcset=\"https:\/\/elcotarro.com\/wp-content\/uploads\/2018\/06\/FOTO-7.-PKF-ATTEST-P\u00daBLICO.jpg 1355w, https:\/\/elcotarro.com\/wp-content\/uploads\/2018\/06\/FOTO-7.-PKF-ATTEST-P\u00daBLICO-300x200.jpg 300w, https:\/\/elcotarro.com\/wp-content\/uploads\/2018\/06\/FOTO-7.-PKF-ATTEST-P\u00daBLICO-1024x682.jpg 1024w\" sizes=\"auto, (max-width: 1355px) 100vw, 1355px\" \/><\/a><\/p>\n<p style=\"text-align: center\"><em>P\u00fablico asistente a la presentaci\u00f3n de PKF Attest Canarias. En la primera fila, de izquierda a derecha: Juan Carlos Cabrera Labory, Pela (esposa de Vicente \u00c1lvarez-Predreira Gil), el propio Vicente \u00c1lvarez-Pedreira y Narvay Quintero Casta\u00f1eda,\u00a0 consejero de Agricultura, Ganader\u00eda, Pesca y Aguas del Gobierno de Canarias.<\/em><\/p>\n<p style=\"text-align: center\"><a href=\"http:\/\/www.careca.es\/\" target=\"_blank\"><img loading=\"lazy\" decoding=\"async\" class=\"size-full wp-image-2216 aligncenter\" src=\"https:\/\/elcotarro.com\/wp-content\/uploads\/2016\/07\/InsulacafeElCotarro.jpg\" alt=\"Bnn_Careca\" width=\"750\" height=\"150\" \/><\/a><\/p>\n","protected":false},"excerpt":{"rendered":"<p>La empresa PKF ATTEST, liderada por Carmelo Canales Abaitua, Jos\u00e9 Miguel\u00a0Albizu\u00a0Trist\u00e1n\u00a0y \u00c1ngel Alameda, es una de las diez primeras firmas espa\u00f1olas de servicios profesionales de su sector, con m\u00e1s de 27 a\u00f1os de experiencia y una plantilla de m\u00e1s de 400 profesionales. Presta servicios de tecnolog\u00edas de la informaci\u00f3n, data analytics, gesti\u00f3n de la innovaci\u00f3n, &#8230; <a class=\"read-more\" href=\"https:\/\/elcotarro.com\/?p=5540\">Read more<\/a><\/p>\n","protected":false},"author":2,"featured_media":0,"comment_status":"open","ping_status":"open","sticky":false,"template":"","format":"standard","meta":{"_jetpack_memberships_contains_paid_content":false,"footnotes":""},"categories":[1],"tags":[],"class_list":["post-5540","post","type-post","status-publish","format-standard","hentry","category-sin-categoria"],"yoast_head":"<!-- This site is optimized with the Yoast SEO plugin v27.0 - https:\/\/yoast.com\/product\/yoast-seo-wordpress\/ -->\n<title>NACE EN TENERIFE PKF ATTEST CANARIAS - El Cotarro<\/title>\n<meta name=\"robots\" content=\"index, follow, max-snippet:-1, max-image-preview:large, max-video-preview:-1\" \/>\n<link rel=\"canonical\" href=\"https:\/\/elcotarro.com\/?p=5540\" \/>\n<meta property=\"og:locale\" content=\"es_ES\" \/>\n<meta property=\"og:type\" content=\"article\" \/>\n<meta property=\"og:title\" content=\"NACE EN TENERIFE PKF ATTEST CANARIAS - El Cotarro\" \/>\n<meta property=\"og:description\" content=\"La empresa PKF ATTEST, liderada por Carmelo Canales Abaitua, Jos\u00e9 Miguel\u00a0Albizu\u00a0Trist\u00e1n\u00a0y \u00c1ngel Alameda, es una de las diez primeras firmas espa\u00f1olas de servicios profesionales de su sector, con m\u00e1s de 27 a\u00f1os de experiencia y una plantilla de m\u00e1s de 400 profesionales. Presta servicios de tecnolog\u00edas de la informaci\u00f3n, data analytics, gesti\u00f3n de la innovaci\u00f3n, ... Read more\" \/>\n<meta property=\"og:url\" content=\"https:\/\/elcotarro.com\/?p=5540\" \/>\n<meta property=\"og:site_name\" content=\"El Cotarro\" \/>\n<meta property=\"article:publisher\" content=\"https:\/\/www.facebook.com\/ElCotarro.Tenerife\" \/>\n<meta property=\"article:published_time\" content=\"2018-06-10T09:59:06+00:00\" \/>\n<meta property=\"og:image\" content=\"https:\/\/elcotarro.com\/wp-content\/uploads\/2016\/07\/InsulacafeElCotarro.jpg\" \/>\n<meta name=\"author\" content=\"Jos\u00e9 Carlos Marrero Gonz\u00e1lez\" \/>\n<meta name=\"twitter:label1\" content=\"Escrito por\" \/>\n\t<meta name=\"twitter:data1\" content=\"Jos\u00e9 Carlos Marrero Gonz\u00e1lez\" \/>\n\t<meta name=\"twitter:label2\" content=\"Tiempo de lectura\" \/>\n\t<meta name=\"twitter:data2\" content=\"1 minuto\" \/>\n<script type=\"application\/ld+json\" class=\"yoast-schema-graph\">{\"@context\":\"https:\/\/schema.org\",\"@graph\":[{\"@type\":\"Article\",\"@id\":\"https:\/\/elcotarro.com\/?p=5540#article\",\"isPartOf\":{\"@id\":\"https:\/\/elcotarro.com\/?p=5540\"},\"author\":{\"name\":\"Jos\u00e9 Carlos Marrero Gonz\u00e1lez\",\"@id\":\"https:\/\/elcotarro.com\/#\/schema\/person\/af537ee7d60d15984c7e0affcd8a918b\"},\"headline\":\"NACE EN TENERIFE PKF ATTEST CANARIAS\",\"datePublished\":\"2018-06-10T09:59:06+00:00\",\"mainEntityOfPage\":{\"@id\":\"https:\/\/elcotarro.com\/?p=5540\"},\"wordCount\":201,\"commentCount\":0,\"publisher\":{\"@id\":\"https:\/\/elcotarro.com\/#organization\"},\"image\":{\"@id\":\"https:\/\/elcotarro.com\/?p=5540#primaryimage\"},\"thumbnailUrl\":\"https:\/\/elcotarro.com\/wp-content\/uploads\/2016\/07\/InsulacafeElCotarro.jpg\",\"inLanguage\":\"es\",\"potentialAction\":[{\"@type\":\"CommentAction\",\"name\":\"Comment\",\"target\":[\"https:\/\/elcotarro.com\/?p=5540#respond\"]}]},{\"@type\":\"WebPage\",\"@id\":\"https:\/\/elcotarro.com\/?p=5540\",\"url\":\"https:\/\/elcotarro.com\/?p=5540\",\"name\":\"NACE EN TENERIFE PKF ATTEST CANARIAS - El Cotarro\",\"isPartOf\":{\"@id\":\"https:\/\/elcotarro.com\/#website\"},\"primaryImageOfPage\":{\"@id\":\"https:\/\/elcotarro.com\/?p=5540#primaryimage\"},\"image\":{\"@id\":\"https:\/\/elcotarro.com\/?p=5540#primaryimage\"},\"thumbnailUrl\":\"https:\/\/elcotarro.com\/wp-content\/uploads\/2016\/07\/InsulacafeElCotarro.jpg\",\"datePublished\":\"2018-06-10T09:59:06+00:00\",\"breadcrumb\":{\"@id\":\"https:\/\/elcotarro.com\/?p=5540#breadcrumb\"},\"inLanguage\":\"es\",\"potentialAction\":[{\"@type\":\"ReadAction\",\"target\":[\"https:\/\/elcotarro.com\/?p=5540\"]}]},{\"@type\":\"ImageObject\",\"inLanguage\":\"es\",\"@id\":\"https:\/\/elcotarro.com\/?p=5540#primaryimage\",\"url\":\"https:\/\/elcotarro.com\/wp-content\/uploads\/2016\/07\/InsulacafeElCotarro.jpg\",\"contentUrl\":\"https:\/\/elcotarro.com\/wp-content\/uploads\/2016\/07\/InsulacafeElCotarro.jpg\",\"width\":750,\"height\":153},{\"@type\":\"BreadcrumbList\",\"@id\":\"https:\/\/elcotarro.com\/?p=5540#breadcrumb\",\"itemListElement\":[{\"@type\":\"ListItem\",\"position\":1,\"name\":\"Portada\",\"item\":\"https:\/\/elcotarro.com\/\"},{\"@type\":\"ListItem\",\"position\":2,\"name\":\"NACE EN TENERIFE PKF ATTEST CANARIAS\"}]},{\"@type\":\"WebSite\",\"@id\":\"https:\/\/elcotarro.com\/#website\",\"url\":\"https:\/\/elcotarro.com\/\",\"name\":\"El Cotarro\",\"description\":\"Peri\u00f3dico Digital Independiente dirigido por Jos\u00e9 Carlos Marrero\",\"publisher\":{\"@id\":\"https:\/\/elcotarro.com\/#organization\"},\"potentialAction\":[{\"@type\":\"SearchAction\",\"target\":{\"@type\":\"EntryPoint\",\"urlTemplate\":\"https:\/\/elcotarro.com\/?s={search_term_string}\"},\"query-input\":{\"@type\":\"PropertyValueSpecification\",\"valueRequired\":true,\"valueName\":\"search_term_string\"}}],\"inLanguage\":\"es\"},{\"@type\":\"Organization\",\"@id\":\"https:\/\/elcotarro.com\/#organization\",\"name\":\"El Cotarro\",\"url\":\"https:\/\/elcotarro.com\/\",\"logo\":{\"@type\":\"ImageObject\",\"inLanguage\":\"es\",\"@id\":\"https:\/\/elcotarro.com\/#\/schema\/logo\/image\/\",\"url\":\"https:\/\/elcotarro.com\/wp-content\/uploads\/2014\/09\/Cabecera_El_Cotarro_v2.jpg\",\"contentUrl\":\"https:\/\/elcotarro.com\/wp-content\/uploads\/2014\/09\/Cabecera_El_Cotarro_v2.jpg\",\"width\":3540,\"height\":441,\"caption\":\"El Cotarro\"},\"image\":{\"@id\":\"https:\/\/elcotarro.com\/#\/schema\/logo\/image\/\"},\"sameAs\":[\"https:\/\/www.facebook.com\/ElCotarro.Tenerife\"]},{\"@type\":\"Person\",\"@id\":\"https:\/\/elcotarro.com\/#\/schema\/person\/af537ee7d60d15984c7e0affcd8a918b\",\"name\":\"Jos\u00e9 Carlos Marrero Gonz\u00e1lez\",\"image\":{\"@type\":\"ImageObject\",\"inLanguage\":\"es\",\"@id\":\"https:\/\/elcotarro.com\/#\/schema\/person\/image\/\",\"url\":\"https:\/\/secure.gravatar.com\/avatar\/def4da036efb5d32c74d49c351f6dccc064dd69ad9f3aadc295c5a9a5391ca01?s=96&d=mm&r=g\",\"contentUrl\":\"https:\/\/secure.gravatar.com\/avatar\/def4da036efb5d32c74d49c351f6dccc064dd69ad9f3aadc295c5a9a5391ca01?s=96&d=mm&r=g\",\"caption\":\"Jos\u00e9 Carlos Marrero Gonz\u00e1lez\"},\"sameAs\":[\"https:\/\/elcotarro.com\"],\"url\":\"https:\/\/elcotarro.com\/?author=2\"}]}<\/script>\n<!-- \/ Yoast SEO plugin. -->","yoast_head_json":{"title":"NACE EN TENERIFE PKF ATTEST CANARIAS - El Cotarro","robots":{"index":"index","follow":"follow","max-snippet":"max-snippet:-1","max-image-preview":"max-image-preview:large","max-video-preview":"max-video-preview:-1"},"canonical":"https:\/\/elcotarro.com\/?p=5540","og_locale":"es_ES","og_type":"article","og_title":"NACE EN TENERIFE PKF ATTEST CANARIAS - El Cotarro","og_description":"La empresa PKF ATTEST, liderada por Carmelo Canales Abaitua, Jos\u00e9 Miguel\u00a0Albizu\u00a0Trist\u00e1n\u00a0y \u00c1ngel Alameda, es una de las diez primeras firmas espa\u00f1olas de servicios profesionales de su sector, con m\u00e1s de 27 a\u00f1os de experiencia y una plantilla de m\u00e1s de 400 profesionales. Presta servicios de tecnolog\u00edas de la informaci\u00f3n, data analytics, gesti\u00f3n de la innovaci\u00f3n, ... Read more","og_url":"https:\/\/elcotarro.com\/?p=5540","og_site_name":"El Cotarro","article_publisher":"https:\/\/www.facebook.com\/ElCotarro.Tenerife","article_published_time":"2018-06-10T09:59:06+00:00","og_image":[{"url":"https:\/\/elcotarro.com\/wp-content\/uploads\/2016\/07\/InsulacafeElCotarro.jpg","type":"","width":"","height":""}],"author":"Jos\u00e9 Carlos Marrero Gonz\u00e1lez","twitter_misc":{"Escrito por":"Jos\u00e9 Carlos Marrero Gonz\u00e1lez","Tiempo de lectura":"1 minuto"},"schema":{"@context":"https:\/\/schema.org","@graph":[{"@type":"Article","@id":"https:\/\/elcotarro.com\/?p=5540#article","isPartOf":{"@id":"https:\/\/elcotarro.com\/?p=5540"},"author":{"name":"Jos\u00e9 Carlos Marrero Gonz\u00e1lez","@id":"https:\/\/elcotarro.com\/#\/schema\/person\/af537ee7d60d15984c7e0affcd8a918b"},"headline":"NACE EN TENERIFE PKF ATTEST CANARIAS","datePublished":"2018-06-10T09:59:06+00:00","mainEntityOfPage":{"@id":"https:\/\/elcotarro.com\/?p=5540"},"wordCount":201,"commentCount":0,"publisher":{"@id":"https:\/\/elcotarro.com\/#organization"},"image":{"@id":"https:\/\/elcotarro.com\/?p=5540#primaryimage"},"thumbnailUrl":"https:\/\/elcotarro.com\/wp-content\/uploads\/2016\/07\/InsulacafeElCotarro.jpg","inLanguage":"es","potentialAction":[{"@type":"CommentAction","name":"Comment","target":["https:\/\/elcotarro.com\/?p=5540#respond"]}]},{"@type":"WebPage","@id":"https:\/\/elcotarro.com\/?p=5540","url":"https:\/\/elcotarro.com\/?p=5540","name":"NACE EN TENERIFE PKF ATTEST CANARIAS - El Cotarro","isPartOf":{"@id":"https:\/\/elcotarro.com\/#website"},"primaryImageOfPage":{"@id":"https:\/\/elcotarro.com\/?p=5540#primaryimage"},"image":{"@id":"https:\/\/elcotarro.com\/?p=5540#primaryimage"},"thumbnailUrl":"https:\/\/elcotarro.com\/wp-content\/uploads\/2016\/07\/InsulacafeElCotarro.jpg","datePublished":"2018-06-10T09:59:06+00:00","breadcrumb":{"@id":"https:\/\/elcotarro.com\/?p=5540#breadcrumb"},"inLanguage":"es","potentialAction":[{"@type":"ReadAction","target":["https:\/\/elcotarro.com\/?p=5540"]}]},{"@type":"ImageObject","inLanguage":"es","@id":"https:\/\/elcotarro.com\/?p=5540#primaryimage","url":"https:\/\/elcotarro.com\/wp-content\/uploads\/2016\/07\/InsulacafeElCotarro.jpg","contentUrl":"https:\/\/elcotarro.com\/wp-content\/uploads\/2016\/07\/InsulacafeElCotarro.jpg","width":750,"height":153},{"@type":"BreadcrumbList","@id":"https:\/\/elcotarro.com\/?p=5540#breadcrumb","itemListElement":[{"@type":"ListItem","position":1,"name":"Portada","item":"https:\/\/elcotarro.com\/"},{"@type":"ListItem","position":2,"name":"NACE EN TENERIFE PKF ATTEST CANARIAS"}]},{"@type":"WebSite","@id":"https:\/\/elcotarro.com\/#website","url":"https:\/\/elcotarro.com\/","name":"El Cotarro","description":"Peri\u00f3dico Digital Independiente dirigido por Jos\u00e9 Carlos Marrero","publisher":{"@id":"https:\/\/elcotarro.com\/#organization"},"potentialAction":[{"@type":"SearchAction","target":{"@type":"EntryPoint","urlTemplate":"https:\/\/elcotarro.com\/?s={search_term_string}"},"query-input":{"@type":"PropertyValueSpecification","valueRequired":true,"valueName":"search_term_string"}}],"inLanguage":"es"},{"@type":"Organization","@id":"https:\/\/elcotarro.com\/#organization","name":"El Cotarro","url":"https:\/\/elcotarro.com\/","logo":{"@type":"ImageObject","inLanguage":"es","@id":"https:\/\/elcotarro.com\/#\/schema\/logo\/image\/","url":"https:\/\/elcotarro.com\/wp-content\/uploads\/2014\/09\/Cabecera_El_Cotarro_v2.jpg","contentUrl":"https:\/\/elcotarro.com\/wp-content\/uploads\/2014\/09\/Cabecera_El_Cotarro_v2.jpg","width":3540,"height":441,"caption":"El Cotarro"},"image":{"@id":"https:\/\/elcotarro.com\/#\/schema\/logo\/image\/"},"sameAs":["https:\/\/www.facebook.com\/ElCotarro.Tenerife"]},{"@type":"Person","@id":"https:\/\/elcotarro.com\/#\/schema\/person\/af537ee7d60d15984c7e0affcd8a918b","name":"Jos\u00e9 Carlos Marrero Gonz\u00e1lez","image":{"@type":"ImageObject","inLanguage":"es","@id":"https:\/\/elcotarro.com\/#\/schema\/person\/image\/","url":"https:\/\/secure.gravatar.com\/avatar\/def4da036efb5d32c74d49c351f6dccc064dd69ad9f3aadc295c5a9a5391ca01?s=96&d=mm&r=g","contentUrl":"https:\/\/secure.gravatar.com\/avatar\/def4da036efb5d32c74d49c351f6dccc064dd69ad9f3aadc295c5a9a5391ca01?s=96&d=mm&r=g","caption":"Jos\u00e9 Carlos Marrero Gonz\u00e1lez"},"sameAs":["https:\/\/elcotarro.com"],"url":"https:\/\/elcotarro.com\/?author=2"}]}},"jetpack_featured_media_url":"","jetpack_sharing_enabled":true,"_links":{"self":[{"href":"https:\/\/elcotarro.com\/index.php?rest_route=\/wp\/v2\/posts\/5540","targetHints":{"allow":["GET"]}}],"collection":[{"href":"https:\/\/elcotarro.com\/index.php?rest_route=\/wp\/v2\/posts"}],"about":[{"href":"https:\/\/elcotarro.com\/index.php?rest_route=\/wp\/v2\/types\/post"}],"author":[{"embeddable":true,"href":"https:\/\/elcotarro.com\/index.php?rest_route=\/wp\/v2\/users\/2"}],"replies":[{"embeddable":true,"href":"https:\/\/elcotarro.com\/index.php?rest_route=%2Fwp%2Fv2%2Fcomments&post=5540"}],"version-history":[{"count":1,"href":"https:\/\/elcotarro.com\/index.php?rest_route=\/wp\/v2\/posts\/5540\/revisions"}],"predecessor-version":[{"id":5542,"href":"https:\/\/elcotarro.com\/index.php?rest_route=\/wp\/v2\/posts\/5540\/revisions\/5542"}],"wp:attachment":[{"href":"https:\/\/elcotarro.com\/index.php?rest_route=%2Fwp%2Fv2%2Fmedia&parent=5540"}],"wp:term":[{"taxonomy":"category","embeddable":true,"href":"https:\/\/elcotarro.com\/index.php?rest_route=%2Fwp%2Fv2%2Fcategories&post=5540"},{"taxonomy":"post_tag","embeddable":true,"href":"https:\/\/elcotarro.com\/index.php?rest_route=%2Fwp%2Fv2%2Ftags&post=5540"}],"curies":[{"name":"wp","href":"https:\/\/api.w.org\/{rel}","templated":true}]}}