{"id":5547,"date":"2018-06-17T11:07:25","date_gmt":"2018-06-17T10:07:25","guid":{"rendered":"https:\/\/elcotarro.com\/?p=5547"},"modified":"2018-06-17T08:56:57","modified_gmt":"2018-06-17T07:56:57","slug":"la-historia-viva-del-motor-canario","status":"publish","type":"post","link":"https:\/\/elcotarro.com\/?p=5547","title":{"rendered":"LA HISTORIA VIVA DEL MOTOR CANARIO"},"content":{"rendered":"<p>Aquella famosa frase de \u201clos viejos rockeros nunca mueren\u201d hay que cambiarla en canarias por la de \u201clos viejos moteros, nunca mueren\u201d. Lo digo por el encuentro denominado \u201calmuerzo racing\u201d que, en su \u00faltima edici\u00f3n, se desarroll\u00f3 en la finca \u201cLas Mara\u00f1uelas\u201d, en Tenerife, con la gran \u201cex-copilota\u201d <strong>Margarita Cortecero<\/strong> como perfecta anfitriona. Se trata de un curioso encuentro que transpira ambiente de motor y olor a gasolina por todos lados, donde se re\u00fanen las \u201cviejas glorias\u201d del pilotaje en nuestras islas y que son, sin duda alguna, historia viva del automovilismo canario.\u00a0 Haciendo regi\u00f3n, como la hizo el lamentablemente desaparecido Rallye Islas Canarias, estos \u201crockeros del motor\u201d, de una y otra provincia, se re\u00fanen dos veces al a\u00f1o; una antes del verano, en Tenerife, y otra despu\u00e9s del verano, en Gran Canaria. A ver si con su empuje vuelve a hacerse realidad el gran Rallye Islas Canarias Trofeo El Corte Ingl\u00e9s, valedero para el campeonato de Europa (por lo menos).<\/p>\n<p style=\"text-align: center\"><a href=\"https:\/\/elcotarro.com\/wp-content\/uploads\/2018\/06\/FOTO-1.-PILOTOS-VETERANOS.jpg\"><img loading=\"lazy\" decoding=\"async\" class=\"size-full wp-image-5548 aligncenter\" src=\"https:\/\/elcotarro.com\/wp-content\/uploads\/2018\/06\/FOTO-1.-PILOTOS-VETERANOS.jpg\" alt=\"FOTO 1.- PILOTOS VETERANOS\" width=\"1024\" height=\"768\" srcset=\"https:\/\/elcotarro.com\/wp-content\/uploads\/2018\/06\/FOTO-1.-PILOTOS-VETERANOS.jpg 1024w, https:\/\/elcotarro.com\/wp-content\/uploads\/2018\/06\/FOTO-1.-PILOTOS-VETERANOS-300x225.jpg 300w\" sizes=\"auto, (max-width: 1024px) 100vw, 1024px\" \/><\/a><\/p>\n<p style=\"text-align: center\"><em>Los pilotos veteranos de Canarias, aut\u00e9nticas \u201cviejas glorias\u201d pero historia viva del automovilismo canario, siguen haciendo regi\u00f3n cada a\u00f1o con dos encuentros en Tenerife y Gran Canaria.<\/em><\/p>\n","protected":false},"excerpt":{"rendered":"<p>Aquella famosa frase de \u201clos viejos rockeros nunca mueren\u201d hay que cambiarla en canarias por la de \u201clos viejos moteros, nunca mueren\u201d. Lo digo por el encuentro denominado \u201calmuerzo racing\u201d que, en su \u00faltima edici\u00f3n, se desarroll\u00f3 en la finca \u201cLas Mara\u00f1uelas\u201d, en Tenerife, con la gran \u201cex-copilota\u201d Margarita Cortecero como perfecta anfitriona. Se trata &#8230; <a class=\"read-more\" href=\"https:\/\/elcotarro.com\/?p=5547\">Read more<\/a><\/p>\n","protected":false},"author":2,"featured_media":0,"comment_status":"open","ping_status":"open","sticky":false,"template":"","format":"standard","meta":{"_jetpack_memberships_contains_paid_content":false,"footnotes":""},"categories":[1],"tags":[],"class_list":["post-5547","post","type-post","status-publish","format-standard","hentry","category-sin-categoria"],"yoast_head":"<!-- This site is optimized with the Yoast SEO plugin v27.0 - https:\/\/yoast.com\/product\/yoast-seo-wordpress\/ -->\n<title>LA HISTORIA VIVA DEL MOTOR CANARIO - El Cotarro<\/title>\n<meta name=\"robots\" content=\"index, follow, max-snippet:-1, max-image-preview:large, max-video-preview:-1\" \/>\n<link rel=\"canonical\" href=\"https:\/\/elcotarro.com\/?p=5547\" \/>\n<meta property=\"og:locale\" content=\"es_ES\" \/>\n<meta property=\"og:type\" content=\"article\" \/>\n<meta property=\"og:title\" content=\"LA HISTORIA VIVA DEL MOTOR CANARIO - El Cotarro\" \/>\n<meta property=\"og:description\" content=\"Aquella famosa frase de \u201clos viejos rockeros nunca mueren\u201d hay que cambiarla en canarias por la de \u201clos viejos moteros, nunca mueren\u201d. Lo digo por el encuentro denominado \u201calmuerzo racing\u201d que, en su \u00faltima edici\u00f3n, se desarroll\u00f3 en la finca \u201cLas Mara\u00f1uelas\u201d, en Tenerife, con la gran \u201cex-copilota\u201d Margarita Cortecero como perfecta anfitriona. Se trata ... Read more\" \/>\n<meta property=\"og:url\" content=\"https:\/\/elcotarro.com\/?p=5547\" \/>\n<meta property=\"og:site_name\" content=\"El Cotarro\" \/>\n<meta property=\"article:publisher\" content=\"https:\/\/www.facebook.com\/ElCotarro.Tenerife\" \/>\n<meta property=\"article:published_time\" content=\"2018-06-17T10:07:25+00:00\" \/>\n<meta property=\"og:image\" content=\"https:\/\/elcotarro.com\/wp-content\/uploads\/2018\/06\/FOTO-1.-PILOTOS-VETERANOS.jpg\" \/>\n<meta name=\"author\" content=\"Jos\u00e9 Carlos Marrero Gonz\u00e1lez\" \/>\n<meta name=\"twitter:label1\" content=\"Escrito por\" \/>\n\t<meta name=\"twitter:data1\" content=\"Jos\u00e9 Carlos Marrero Gonz\u00e1lez\" \/>\n\t<meta name=\"twitter:label2\" content=\"Tiempo de lectura\" \/>\n\t<meta name=\"twitter:data2\" content=\"1 minuto\" \/>\n<script type=\"application\/ld+json\" class=\"yoast-schema-graph\">{\"@context\":\"https:\/\/schema.org\",\"@graph\":[{\"@type\":\"Article\",\"@id\":\"https:\/\/elcotarro.com\/?p=5547#article\",\"isPartOf\":{\"@id\":\"https:\/\/elcotarro.com\/?p=5547\"},\"author\":{\"name\":\"Jos\u00e9 Carlos Marrero Gonz\u00e1lez\",\"@id\":\"https:\/\/elcotarro.com\/#\/schema\/person\/af537ee7d60d15984c7e0affcd8a918b\"},\"headline\":\"LA HISTORIA VIVA DEL MOTOR CANARIO\",\"datePublished\":\"2018-06-17T10:07:25+00:00\",\"mainEntityOfPage\":{\"@id\":\"https:\/\/elcotarro.com\/?p=5547\"},\"wordCount\":205,\"commentCount\":0,\"publisher\":{\"@id\":\"https:\/\/elcotarro.com\/#organization\"},\"image\":{\"@id\":\"https:\/\/elcotarro.com\/?p=5547#primaryimage\"},\"thumbnailUrl\":\"https:\/\/elcotarro.com\/wp-content\/uploads\/2018\/06\/FOTO-1.-PILOTOS-VETERANOS.jpg\",\"inLanguage\":\"es\",\"potentialAction\":[{\"@type\":\"CommentAction\",\"name\":\"Comment\",\"target\":[\"https:\/\/elcotarro.com\/?p=5547#respond\"]}]},{\"@type\":\"WebPage\",\"@id\":\"https:\/\/elcotarro.com\/?p=5547\",\"url\":\"https:\/\/elcotarro.com\/?p=5547\",\"name\":\"LA HISTORIA VIVA DEL MOTOR CANARIO - El Cotarro\",\"isPartOf\":{\"@id\":\"https:\/\/elcotarro.com\/#website\"},\"primaryImageOfPage\":{\"@id\":\"https:\/\/elcotarro.com\/?p=5547#primaryimage\"},\"image\":{\"@id\":\"https:\/\/elcotarro.com\/?p=5547#primaryimage\"},\"thumbnailUrl\":\"https:\/\/elcotarro.com\/wp-content\/uploads\/2018\/06\/FOTO-1.-PILOTOS-VETERANOS.jpg\",\"datePublished\":\"2018-06-17T10:07:25+00:00\",\"breadcrumb\":{\"@id\":\"https:\/\/elcotarro.com\/?p=5547#breadcrumb\"},\"inLanguage\":\"es\",\"potentialAction\":[{\"@type\":\"ReadAction\",\"target\":[\"https:\/\/elcotarro.com\/?p=5547\"]}]},{\"@type\":\"ImageObject\",\"inLanguage\":\"es\",\"@id\":\"https:\/\/elcotarro.com\/?p=5547#primaryimage\",\"url\":\"https:\/\/elcotarro.com\/wp-content\/uploads\/2018\/06\/FOTO-1.-PILOTOS-VETERANOS.jpg\",\"contentUrl\":\"https:\/\/elcotarro.com\/wp-content\/uploads\/2018\/06\/FOTO-1.-PILOTOS-VETERANOS.jpg\",\"width\":1024,\"height\":768},{\"@type\":\"BreadcrumbList\",\"@id\":\"https:\/\/elcotarro.com\/?p=5547#breadcrumb\",\"itemListElement\":[{\"@type\":\"ListItem\",\"position\":1,\"name\":\"Portada\",\"item\":\"https:\/\/elcotarro.com\/\"},{\"@type\":\"ListItem\",\"position\":2,\"name\":\"LA HISTORIA VIVA DEL MOTOR CANARIO\"}]},{\"@type\":\"WebSite\",\"@id\":\"https:\/\/elcotarro.com\/#website\",\"url\":\"https:\/\/elcotarro.com\/\",\"name\":\"El Cotarro\",\"description\":\"Peri\u00f3dico Digital Independiente dirigido por Jos\u00e9 Carlos Marrero\",\"publisher\":{\"@id\":\"https:\/\/elcotarro.com\/#organization\"},\"potentialAction\":[{\"@type\":\"SearchAction\",\"target\":{\"@type\":\"EntryPoint\",\"urlTemplate\":\"https:\/\/elcotarro.com\/?s={search_term_string}\"},\"query-input\":{\"@type\":\"PropertyValueSpecification\",\"valueRequired\":true,\"valueName\":\"search_term_string\"}}],\"inLanguage\":\"es\"},{\"@type\":\"Organization\",\"@id\":\"https:\/\/elcotarro.com\/#organization\",\"name\":\"El Cotarro\",\"url\":\"https:\/\/elcotarro.com\/\",\"logo\":{\"@type\":\"ImageObject\",\"inLanguage\":\"es\",\"@id\":\"https:\/\/elcotarro.com\/#\/schema\/logo\/image\/\",\"url\":\"https:\/\/elcotarro.com\/wp-content\/uploads\/2014\/09\/Cabecera_El_Cotarro_v2.jpg\",\"contentUrl\":\"https:\/\/elcotarro.com\/wp-content\/uploads\/2014\/09\/Cabecera_El_Cotarro_v2.jpg\",\"width\":3540,\"height\":441,\"caption\":\"El Cotarro\"},\"image\":{\"@id\":\"https:\/\/elcotarro.com\/#\/schema\/logo\/image\/\"},\"sameAs\":[\"https:\/\/www.facebook.com\/ElCotarro.Tenerife\"]},{\"@type\":\"Person\",\"@id\":\"https:\/\/elcotarro.com\/#\/schema\/person\/af537ee7d60d15984c7e0affcd8a918b\",\"name\":\"Jos\u00e9 Carlos Marrero Gonz\u00e1lez\",\"image\":{\"@type\":\"ImageObject\",\"inLanguage\":\"es\",\"@id\":\"https:\/\/elcotarro.com\/#\/schema\/person\/image\/\",\"url\":\"https:\/\/secure.gravatar.com\/avatar\/def4da036efb5d32c74d49c351f6dccc064dd69ad9f3aadc295c5a9a5391ca01?s=96&d=mm&r=g\",\"contentUrl\":\"https:\/\/secure.gravatar.com\/avatar\/def4da036efb5d32c74d49c351f6dccc064dd69ad9f3aadc295c5a9a5391ca01?s=96&d=mm&r=g\",\"caption\":\"Jos\u00e9 Carlos Marrero Gonz\u00e1lez\"},\"sameAs\":[\"https:\/\/elcotarro.com\"],\"url\":\"https:\/\/elcotarro.com\/?author=2\"}]}<\/script>\n<!-- \/ Yoast SEO plugin. -->","yoast_head_json":{"title":"LA HISTORIA VIVA DEL MOTOR CANARIO - El Cotarro","robots":{"index":"index","follow":"follow","max-snippet":"max-snippet:-1","max-image-preview":"max-image-preview:large","max-video-preview":"max-video-preview:-1"},"canonical":"https:\/\/elcotarro.com\/?p=5547","og_locale":"es_ES","og_type":"article","og_title":"LA HISTORIA VIVA DEL MOTOR CANARIO - El Cotarro","og_description":"Aquella famosa frase de \u201clos viejos rockeros nunca mueren\u201d hay que cambiarla en canarias por la de \u201clos viejos moteros, nunca mueren\u201d. Lo digo por el encuentro denominado \u201calmuerzo racing\u201d que, en su \u00faltima edici\u00f3n, se desarroll\u00f3 en la finca \u201cLas Mara\u00f1uelas\u201d, en Tenerife, con la gran \u201cex-copilota\u201d Margarita Cortecero como perfecta anfitriona. Se trata ... Read more","og_url":"https:\/\/elcotarro.com\/?p=5547","og_site_name":"El Cotarro","article_publisher":"https:\/\/www.facebook.com\/ElCotarro.Tenerife","article_published_time":"2018-06-17T10:07:25+00:00","og_image":[{"url":"https:\/\/elcotarro.com\/wp-content\/uploads\/2018\/06\/FOTO-1.-PILOTOS-VETERANOS.jpg","type":"","width":"","height":""}],"author":"Jos\u00e9 Carlos Marrero Gonz\u00e1lez","twitter_misc":{"Escrito por":"Jos\u00e9 Carlos Marrero Gonz\u00e1lez","Tiempo de lectura":"1 minuto"},"schema":{"@context":"https:\/\/schema.org","@graph":[{"@type":"Article","@id":"https:\/\/elcotarro.com\/?p=5547#article","isPartOf":{"@id":"https:\/\/elcotarro.com\/?p=5547"},"author":{"name":"Jos\u00e9 Carlos Marrero Gonz\u00e1lez","@id":"https:\/\/elcotarro.com\/#\/schema\/person\/af537ee7d60d15984c7e0affcd8a918b"},"headline":"LA HISTORIA VIVA DEL MOTOR CANARIO","datePublished":"2018-06-17T10:07:25+00:00","mainEntityOfPage":{"@id":"https:\/\/elcotarro.com\/?p=5547"},"wordCount":205,"commentCount":0,"publisher":{"@id":"https:\/\/elcotarro.com\/#organization"},"image":{"@id":"https:\/\/elcotarro.com\/?p=5547#primaryimage"},"thumbnailUrl":"https:\/\/elcotarro.com\/wp-content\/uploads\/2018\/06\/FOTO-1.-PILOTOS-VETERANOS.jpg","inLanguage":"es","potentialAction":[{"@type":"CommentAction","name":"Comment","target":["https:\/\/elcotarro.com\/?p=5547#respond"]}]},{"@type":"WebPage","@id":"https:\/\/elcotarro.com\/?p=5547","url":"https:\/\/elcotarro.com\/?p=5547","name":"LA HISTORIA VIVA DEL MOTOR CANARIO - El Cotarro","isPartOf":{"@id":"https:\/\/elcotarro.com\/#website"},"primaryImageOfPage":{"@id":"https:\/\/elcotarro.com\/?p=5547#primaryimage"},"image":{"@id":"https:\/\/elcotarro.com\/?p=5547#primaryimage"},"thumbnailUrl":"https:\/\/elcotarro.com\/wp-content\/uploads\/2018\/06\/FOTO-1.-PILOTOS-VETERANOS.jpg","datePublished":"2018-06-17T10:07:25+00:00","breadcrumb":{"@id":"https:\/\/elcotarro.com\/?p=5547#breadcrumb"},"inLanguage":"es","potentialAction":[{"@type":"ReadAction","target":["https:\/\/elcotarro.com\/?p=5547"]}]},{"@type":"ImageObject","inLanguage":"es","@id":"https:\/\/elcotarro.com\/?p=5547#primaryimage","url":"https:\/\/elcotarro.com\/wp-content\/uploads\/2018\/06\/FOTO-1.-PILOTOS-VETERANOS.jpg","contentUrl":"https:\/\/elcotarro.com\/wp-content\/uploads\/2018\/06\/FOTO-1.-PILOTOS-VETERANOS.jpg","width":1024,"height":768},{"@type":"BreadcrumbList","@id":"https:\/\/elcotarro.com\/?p=5547#breadcrumb","itemListElement":[{"@type":"ListItem","position":1,"name":"Portada","item":"https:\/\/elcotarro.com\/"},{"@type":"ListItem","position":2,"name":"LA HISTORIA VIVA DEL MOTOR CANARIO"}]},{"@type":"WebSite","@id":"https:\/\/elcotarro.com\/#website","url":"https:\/\/elcotarro.com\/","name":"El Cotarro","description":"Peri\u00f3dico Digital Independiente dirigido por Jos\u00e9 Carlos Marrero","publisher":{"@id":"https:\/\/elcotarro.com\/#organization"},"potentialAction":[{"@type":"SearchAction","target":{"@type":"EntryPoint","urlTemplate":"https:\/\/elcotarro.com\/?s={search_term_string}"},"query-input":{"@type":"PropertyValueSpecification","valueRequired":true,"valueName":"search_term_string"}}],"inLanguage":"es"},{"@type":"Organization","@id":"https:\/\/elcotarro.com\/#organization","name":"El Cotarro","url":"https:\/\/elcotarro.com\/","logo":{"@type":"ImageObject","inLanguage":"es","@id":"https:\/\/elcotarro.com\/#\/schema\/logo\/image\/","url":"https:\/\/elcotarro.com\/wp-content\/uploads\/2014\/09\/Cabecera_El_Cotarro_v2.jpg","contentUrl":"https:\/\/elcotarro.com\/wp-content\/uploads\/2014\/09\/Cabecera_El_Cotarro_v2.jpg","width":3540,"height":441,"caption":"El Cotarro"},"image":{"@id":"https:\/\/elcotarro.com\/#\/schema\/logo\/image\/"},"sameAs":["https:\/\/www.facebook.com\/ElCotarro.Tenerife"]},{"@type":"Person","@id":"https:\/\/elcotarro.com\/#\/schema\/person\/af537ee7d60d15984c7e0affcd8a918b","name":"Jos\u00e9 Carlos Marrero Gonz\u00e1lez","image":{"@type":"ImageObject","inLanguage":"es","@id":"https:\/\/elcotarro.com\/#\/schema\/person\/image\/","url":"https:\/\/secure.gravatar.com\/avatar\/def4da036efb5d32c74d49c351f6dccc064dd69ad9f3aadc295c5a9a5391ca01?s=96&d=mm&r=g","contentUrl":"https:\/\/secure.gravatar.com\/avatar\/def4da036efb5d32c74d49c351f6dccc064dd69ad9f3aadc295c5a9a5391ca01?s=96&d=mm&r=g","caption":"Jos\u00e9 Carlos Marrero Gonz\u00e1lez"},"sameAs":["https:\/\/elcotarro.com"],"url":"https:\/\/elcotarro.com\/?author=2"}]}},"jetpack_featured_media_url":"","jetpack_sharing_enabled":true,"_links":{"self":[{"href":"https:\/\/elcotarro.com\/index.php?rest_route=\/wp\/v2\/posts\/5547","targetHints":{"allow":["GET"]}}],"collection":[{"href":"https:\/\/elcotarro.com\/index.php?rest_route=\/wp\/v2\/posts"}],"about":[{"href":"https:\/\/elcotarro.com\/index.php?rest_route=\/wp\/v2\/types\/post"}],"author":[{"embeddable":true,"href":"https:\/\/elcotarro.com\/index.php?rest_route=\/wp\/v2\/users\/2"}],"replies":[{"embeddable":true,"href":"https:\/\/elcotarro.com\/index.php?rest_route=%2Fwp%2Fv2%2Fcomments&post=5547"}],"version-history":[{"count":1,"href":"https:\/\/elcotarro.com\/index.php?rest_route=\/wp\/v2\/posts\/5547\/revisions"}],"predecessor-version":[{"id":5549,"href":"https:\/\/elcotarro.com\/index.php?rest_route=\/wp\/v2\/posts\/5547\/revisions\/5549"}],"wp:attachment":[{"href":"https:\/\/elcotarro.com\/index.php?rest_route=%2Fwp%2Fv2%2Fmedia&parent=5547"}],"wp:term":[{"taxonomy":"category","embeddable":true,"href":"https:\/\/elcotarro.com\/index.php?rest_route=%2Fwp%2Fv2%2Fcategories&post=5547"},{"taxonomy":"post_tag","embeddable":true,"href":"https:\/\/elcotarro.com\/index.php?rest_route=%2Fwp%2Fv2%2Ftags&post=5547"}],"curies":[{"name":"wp","href":"https:\/\/api.w.org\/{rel}","templated":true}]}}