{"id":5550,"date":"2018-06-17T11:06:31","date_gmt":"2018-06-17T10:06:31","guid":{"rendered":"https:\/\/elcotarro.com\/?p=5550"},"modified":"2018-06-17T09:02:51","modified_gmt":"2018-06-17T08:02:51","slug":"veteranos-del-motor-hacen-region","status":"publish","type":"post","link":"https:\/\/elcotarro.com\/?p=5550","title":{"rendered":"VETERANOS DEL MOTOR HACEN REGI\u00d3N"},"content":{"rendered":"<p>Si aprecian la foto exclusiva que les pongo arriba, pueden ver de pie, de izquierda a derecha a: <strong>Enrique L\u00f3pez Cano<\/strong> (con puro en mano, como siempre), <strong>Jos\u00e9 Miguel B\u00e1ez Calvo<\/strong> (el m\u00e1s \u201cveterano\u201d y \u201cDios\u201d de las autoescuelas en Espa\u00f1a), <strong>Tom\u00e1s \u201cTommy\u201d Gimeno Bello, Fernando \u201cCopi\u201d Capdevila<\/strong>, <strong>Margarita Cortecero, Eduardo \u201cTeddy\u201d \u00c1lvarez Hamilton, Miguel Angel Dom\u00ednguez, Carlos Alonso Lamberti, Juan Jos\u00e9 \u201cCabeza de Hierro\u201d Alonso Prieto <\/strong>y<strong> Pablo Est\u00e9vez<\/strong> (gran l\u00edder de los cronometradores). Delante y agachados, de izquierda a derecha: <strong>Javier \u00c1lvarez, Jorge Jover, Alfredo Medina Moreno<\/strong> (gran puntal de El Corte Ingl\u00e9s) y, finalmente, el \u00fanico personaje curioso de la reuni\u00f3n. Se trata del arquitecto <strong>Jorge Men\u00e9ndez<\/strong>, que no tiene que ver nada con el automovilismo, pero al que todos los dem\u00e1s le llaman \u201cEl psic\u00f3logo\u201d. Palabrita que me voy a enterar por qu\u00e9, y se los cuento un domingo de estos. La foto la sac\u00f3 otro piloto, <strong>Orlando Alonso<\/strong>, y faltaron a la cita y en ella <strong>Carlos Hafner<\/strong> (de viaje) y <strong>Antonio Miguel P\u00e9rez B\u00e1ez<\/strong> (con gripe). Est\u00e1 claro que Dios los cr\u00eda y el automovilismo les junta. \u00a1Que nunca las ma\u00f1as pierdan\u2026 ni la gasolina!<\/p>\n<p style=\"text-align: center\"><a href=\"https:\/\/elcotarro.com\/wp-content\/uploads\/2018\/06\/FOTO-2.-JOSE\u0301-MIGUEL-BA\u0301EZ.jpeg\"><img loading=\"lazy\" decoding=\"async\" class=\"alignnone size-full wp-image-5551\" src=\"https:\/\/elcotarro.com\/wp-content\/uploads\/2018\/06\/FOTO-2.-JOSE\u0301-MIGUEL-BA\u0301EZ.jpeg\" alt=\"FOTO 2.- JOSE\u0301 MIGUEL BA\u0301EZ\" width=\"640\" height=\"472\" srcset=\"https:\/\/elcotarro.com\/wp-content\/uploads\/2018\/06\/FOTO-2.-JOSE\u0301-MIGUEL-BA\u0301EZ.jpeg 640w, https:\/\/elcotarro.com\/wp-content\/uploads\/2018\/06\/FOTO-2.-JOSE\u0301-MIGUEL-BA\u0301EZ-300x221.jpeg 300w\" sizes=\"auto, (max-width: 640px) 100vw, 640px\" \/><\/a><\/p>\n<p style=\"text-align: center\"><em>Jos\u00e9 Miguel B\u00e1ez en una de sus primeras carreras con un Fiat<\/em><\/p>\n","protected":false},"excerpt":{"rendered":"<p>Si aprecian la foto exclusiva que les pongo arriba, pueden ver de pie, de izquierda a derecha a: Enrique L\u00f3pez Cano (con puro en mano, como siempre), Jos\u00e9 Miguel B\u00e1ez Calvo (el m\u00e1s \u201cveterano\u201d y \u201cDios\u201d de las autoescuelas en Espa\u00f1a), Tom\u00e1s \u201cTommy\u201d Gimeno Bello, Fernando \u201cCopi\u201d Capdevila, Margarita Cortecero, Eduardo \u201cTeddy\u201d \u00c1lvarez Hamilton, Miguel &#8230; <a class=\"read-more\" href=\"https:\/\/elcotarro.com\/?p=5550\">Read more<\/a><\/p>\n","protected":false},"author":2,"featured_media":0,"comment_status":"open","ping_status":"open","sticky":false,"template":"","format":"standard","meta":{"_jetpack_memberships_contains_paid_content":false,"footnotes":""},"categories":[1],"tags":[],"class_list":["post-5550","post","type-post","status-publish","format-standard","hentry","category-sin-categoria"],"yoast_head":"<!-- This site is optimized with the Yoast SEO plugin v27.0 - https:\/\/yoast.com\/product\/yoast-seo-wordpress\/ -->\n<title>VETERANOS DEL MOTOR HACEN REGI\u00d3N - El Cotarro<\/title>\n<meta name=\"robots\" content=\"index, follow, max-snippet:-1, max-image-preview:large, max-video-preview:-1\" \/>\n<link rel=\"canonical\" href=\"https:\/\/elcotarro.com\/?p=5550\" \/>\n<meta property=\"og:locale\" content=\"es_ES\" \/>\n<meta property=\"og:type\" content=\"article\" \/>\n<meta property=\"og:title\" content=\"VETERANOS DEL MOTOR HACEN REGI\u00d3N - El Cotarro\" \/>\n<meta property=\"og:description\" content=\"Si aprecian la foto exclusiva que les pongo arriba, pueden ver de pie, de izquierda a derecha a: Enrique L\u00f3pez Cano (con puro en mano, como siempre), Jos\u00e9 Miguel B\u00e1ez Calvo (el m\u00e1s \u201cveterano\u201d y \u201cDios\u201d de las autoescuelas en Espa\u00f1a), Tom\u00e1s \u201cTommy\u201d Gimeno Bello, Fernando \u201cCopi\u201d Capdevila, Margarita Cortecero, Eduardo \u201cTeddy\u201d \u00c1lvarez Hamilton, Miguel ... Read more\" \/>\n<meta property=\"og:url\" content=\"https:\/\/elcotarro.com\/?p=5550\" \/>\n<meta property=\"og:site_name\" content=\"El Cotarro\" \/>\n<meta property=\"article:publisher\" content=\"https:\/\/www.facebook.com\/ElCotarro.Tenerife\" \/>\n<meta property=\"article:published_time\" content=\"2018-06-17T10:06:31+00:00\" \/>\n<meta name=\"author\" content=\"Jos\u00e9 Carlos Marrero Gonz\u00e1lez\" \/>\n<meta name=\"twitter:label1\" content=\"Escrito por\" \/>\n\t<meta name=\"twitter:data1\" content=\"Jos\u00e9 Carlos Marrero Gonz\u00e1lez\" \/>\n\t<meta name=\"twitter:label2\" content=\"Tiempo de lectura\" \/>\n\t<meta name=\"twitter:data2\" content=\"1 minuto\" \/>\n<script type=\"application\/ld+json\" class=\"yoast-schema-graph\">{\"@context\":\"https:\/\/schema.org\",\"@graph\":[{\"@type\":\"Article\",\"@id\":\"https:\/\/elcotarro.com\/?p=5550#article\",\"isPartOf\":{\"@id\":\"https:\/\/elcotarro.com\/?p=5550\"},\"author\":{\"name\":\"Jos\u00e9 Carlos Marrero Gonz\u00e1lez\",\"@id\":\"https:\/\/elcotarro.com\/#\/schema\/person\/af537ee7d60d15984c7e0affcd8a918b\"},\"headline\":\"VETERANOS DEL MOTOR HACEN REGI\u00d3N\",\"datePublished\":\"2018-06-17T10:06:31+00:00\",\"mainEntityOfPage\":{\"@id\":\"https:\/\/elcotarro.com\/?p=5550\"},\"wordCount\":227,\"commentCount\":0,\"publisher\":{\"@id\":\"https:\/\/elcotarro.com\/#organization\"},\"inLanguage\":\"es\",\"potentialAction\":[{\"@type\":\"CommentAction\",\"name\":\"Comment\",\"target\":[\"https:\/\/elcotarro.com\/?p=5550#respond\"]}]},{\"@type\":\"WebPage\",\"@id\":\"https:\/\/elcotarro.com\/?p=5550\",\"url\":\"https:\/\/elcotarro.com\/?p=5550\",\"name\":\"VETERANOS DEL MOTOR HACEN REGI\u00d3N - El Cotarro\",\"isPartOf\":{\"@id\":\"https:\/\/elcotarro.com\/#website\"},\"datePublished\":\"2018-06-17T10:06:31+00:00\",\"breadcrumb\":{\"@id\":\"https:\/\/elcotarro.com\/?p=5550#breadcrumb\"},\"inLanguage\":\"es\",\"potentialAction\":[{\"@type\":\"ReadAction\",\"target\":[\"https:\/\/elcotarro.com\/?p=5550\"]}]},{\"@type\":\"BreadcrumbList\",\"@id\":\"https:\/\/elcotarro.com\/?p=5550#breadcrumb\",\"itemListElement\":[{\"@type\":\"ListItem\",\"position\":1,\"name\":\"Portada\",\"item\":\"https:\/\/elcotarro.com\/\"},{\"@type\":\"ListItem\",\"position\":2,\"name\":\"VETERANOS DEL MOTOR HACEN REGI\u00d3N\"}]},{\"@type\":\"WebSite\",\"@id\":\"https:\/\/elcotarro.com\/#website\",\"url\":\"https:\/\/elcotarro.com\/\",\"name\":\"El Cotarro\",\"description\":\"Peri\u00f3dico Digital Independiente dirigido por Jos\u00e9 Carlos Marrero\",\"publisher\":{\"@id\":\"https:\/\/elcotarro.com\/#organization\"},\"potentialAction\":[{\"@type\":\"SearchAction\",\"target\":{\"@type\":\"EntryPoint\",\"urlTemplate\":\"https:\/\/elcotarro.com\/?s={search_term_string}\"},\"query-input\":{\"@type\":\"PropertyValueSpecification\",\"valueRequired\":true,\"valueName\":\"search_term_string\"}}],\"inLanguage\":\"es\"},{\"@type\":\"Organization\",\"@id\":\"https:\/\/elcotarro.com\/#organization\",\"name\":\"El Cotarro\",\"url\":\"https:\/\/elcotarro.com\/\",\"logo\":{\"@type\":\"ImageObject\",\"inLanguage\":\"es\",\"@id\":\"https:\/\/elcotarro.com\/#\/schema\/logo\/image\/\",\"url\":\"https:\/\/elcotarro.com\/wp-content\/uploads\/2014\/09\/Cabecera_El_Cotarro_v2.jpg\",\"contentUrl\":\"https:\/\/elcotarro.com\/wp-content\/uploads\/2014\/09\/Cabecera_El_Cotarro_v2.jpg\",\"width\":3540,\"height\":441,\"caption\":\"El Cotarro\"},\"image\":{\"@id\":\"https:\/\/elcotarro.com\/#\/schema\/logo\/image\/\"},\"sameAs\":[\"https:\/\/www.facebook.com\/ElCotarro.Tenerife\"]},{\"@type\":\"Person\",\"@id\":\"https:\/\/elcotarro.com\/#\/schema\/person\/af537ee7d60d15984c7e0affcd8a918b\",\"name\":\"Jos\u00e9 Carlos Marrero Gonz\u00e1lez\",\"image\":{\"@type\":\"ImageObject\",\"inLanguage\":\"es\",\"@id\":\"https:\/\/elcotarro.com\/#\/schema\/person\/image\/\",\"url\":\"https:\/\/secure.gravatar.com\/avatar\/def4da036efb5d32c74d49c351f6dccc064dd69ad9f3aadc295c5a9a5391ca01?s=96&d=mm&r=g\",\"contentUrl\":\"https:\/\/secure.gravatar.com\/avatar\/def4da036efb5d32c74d49c351f6dccc064dd69ad9f3aadc295c5a9a5391ca01?s=96&d=mm&r=g\",\"caption\":\"Jos\u00e9 Carlos Marrero Gonz\u00e1lez\"},\"sameAs\":[\"https:\/\/elcotarro.com\"],\"url\":\"https:\/\/elcotarro.com\/?author=2\"}]}<\/script>\n<!-- \/ Yoast SEO plugin. -->","yoast_head_json":{"title":"VETERANOS DEL MOTOR HACEN REGI\u00d3N - El Cotarro","robots":{"index":"index","follow":"follow","max-snippet":"max-snippet:-1","max-image-preview":"max-image-preview:large","max-video-preview":"max-video-preview:-1"},"canonical":"https:\/\/elcotarro.com\/?p=5550","og_locale":"es_ES","og_type":"article","og_title":"VETERANOS DEL MOTOR HACEN REGI\u00d3N - El Cotarro","og_description":"Si aprecian la foto exclusiva que les pongo arriba, pueden ver de pie, de izquierda a derecha a: Enrique L\u00f3pez Cano (con puro en mano, como siempre), Jos\u00e9 Miguel B\u00e1ez Calvo (el m\u00e1s \u201cveterano\u201d y \u201cDios\u201d de las autoescuelas en Espa\u00f1a), Tom\u00e1s \u201cTommy\u201d Gimeno Bello, Fernando \u201cCopi\u201d Capdevila, Margarita Cortecero, Eduardo \u201cTeddy\u201d \u00c1lvarez Hamilton, Miguel ... Read more","og_url":"https:\/\/elcotarro.com\/?p=5550","og_site_name":"El Cotarro","article_publisher":"https:\/\/www.facebook.com\/ElCotarro.Tenerife","article_published_time":"2018-06-17T10:06:31+00:00","author":"Jos\u00e9 Carlos Marrero Gonz\u00e1lez","twitter_misc":{"Escrito por":"Jos\u00e9 Carlos Marrero Gonz\u00e1lez","Tiempo de lectura":"1 minuto"},"schema":{"@context":"https:\/\/schema.org","@graph":[{"@type":"Article","@id":"https:\/\/elcotarro.com\/?p=5550#article","isPartOf":{"@id":"https:\/\/elcotarro.com\/?p=5550"},"author":{"name":"Jos\u00e9 Carlos Marrero Gonz\u00e1lez","@id":"https:\/\/elcotarro.com\/#\/schema\/person\/af537ee7d60d15984c7e0affcd8a918b"},"headline":"VETERANOS DEL MOTOR HACEN REGI\u00d3N","datePublished":"2018-06-17T10:06:31+00:00","mainEntityOfPage":{"@id":"https:\/\/elcotarro.com\/?p=5550"},"wordCount":227,"commentCount":0,"publisher":{"@id":"https:\/\/elcotarro.com\/#organization"},"inLanguage":"es","potentialAction":[{"@type":"CommentAction","name":"Comment","target":["https:\/\/elcotarro.com\/?p=5550#respond"]}]},{"@type":"WebPage","@id":"https:\/\/elcotarro.com\/?p=5550","url":"https:\/\/elcotarro.com\/?p=5550","name":"VETERANOS DEL MOTOR HACEN REGI\u00d3N - El Cotarro","isPartOf":{"@id":"https:\/\/elcotarro.com\/#website"},"datePublished":"2018-06-17T10:06:31+00:00","breadcrumb":{"@id":"https:\/\/elcotarro.com\/?p=5550#breadcrumb"},"inLanguage":"es","potentialAction":[{"@type":"ReadAction","target":["https:\/\/elcotarro.com\/?p=5550"]}]},{"@type":"BreadcrumbList","@id":"https:\/\/elcotarro.com\/?p=5550#breadcrumb","itemListElement":[{"@type":"ListItem","position":1,"name":"Portada","item":"https:\/\/elcotarro.com\/"},{"@type":"ListItem","position":2,"name":"VETERANOS DEL MOTOR HACEN REGI\u00d3N"}]},{"@type":"WebSite","@id":"https:\/\/elcotarro.com\/#website","url":"https:\/\/elcotarro.com\/","name":"El Cotarro","description":"Peri\u00f3dico Digital Independiente dirigido por Jos\u00e9 Carlos Marrero","publisher":{"@id":"https:\/\/elcotarro.com\/#organization"},"potentialAction":[{"@type":"SearchAction","target":{"@type":"EntryPoint","urlTemplate":"https:\/\/elcotarro.com\/?s={search_term_string}"},"query-input":{"@type":"PropertyValueSpecification","valueRequired":true,"valueName":"search_term_string"}}],"inLanguage":"es"},{"@type":"Organization","@id":"https:\/\/elcotarro.com\/#organization","name":"El Cotarro","url":"https:\/\/elcotarro.com\/","logo":{"@type":"ImageObject","inLanguage":"es","@id":"https:\/\/elcotarro.com\/#\/schema\/logo\/image\/","url":"https:\/\/elcotarro.com\/wp-content\/uploads\/2014\/09\/Cabecera_El_Cotarro_v2.jpg","contentUrl":"https:\/\/elcotarro.com\/wp-content\/uploads\/2014\/09\/Cabecera_El_Cotarro_v2.jpg","width":3540,"height":441,"caption":"El Cotarro"},"image":{"@id":"https:\/\/elcotarro.com\/#\/schema\/logo\/image\/"},"sameAs":["https:\/\/www.facebook.com\/ElCotarro.Tenerife"]},{"@type":"Person","@id":"https:\/\/elcotarro.com\/#\/schema\/person\/af537ee7d60d15984c7e0affcd8a918b","name":"Jos\u00e9 Carlos Marrero Gonz\u00e1lez","image":{"@type":"ImageObject","inLanguage":"es","@id":"https:\/\/elcotarro.com\/#\/schema\/person\/image\/","url":"https:\/\/secure.gravatar.com\/avatar\/def4da036efb5d32c74d49c351f6dccc064dd69ad9f3aadc295c5a9a5391ca01?s=96&d=mm&r=g","contentUrl":"https:\/\/secure.gravatar.com\/avatar\/def4da036efb5d32c74d49c351f6dccc064dd69ad9f3aadc295c5a9a5391ca01?s=96&d=mm&r=g","caption":"Jos\u00e9 Carlos Marrero Gonz\u00e1lez"},"sameAs":["https:\/\/elcotarro.com"],"url":"https:\/\/elcotarro.com\/?author=2"}]}},"jetpack_featured_media_url":"","jetpack_sharing_enabled":true,"_links":{"self":[{"href":"https:\/\/elcotarro.com\/index.php?rest_route=\/wp\/v2\/posts\/5550","targetHints":{"allow":["GET"]}}],"collection":[{"href":"https:\/\/elcotarro.com\/index.php?rest_route=\/wp\/v2\/posts"}],"about":[{"href":"https:\/\/elcotarro.com\/index.php?rest_route=\/wp\/v2\/types\/post"}],"author":[{"embeddable":true,"href":"https:\/\/elcotarro.com\/index.php?rest_route=\/wp\/v2\/users\/2"}],"replies":[{"embeddable":true,"href":"https:\/\/elcotarro.com\/index.php?rest_route=%2Fwp%2Fv2%2Fcomments&post=5550"}],"version-history":[{"count":1,"href":"https:\/\/elcotarro.com\/index.php?rest_route=\/wp\/v2\/posts\/5550\/revisions"}],"predecessor-version":[{"id":5552,"href":"https:\/\/elcotarro.com\/index.php?rest_route=\/wp\/v2\/posts\/5550\/revisions\/5552"}],"wp:attachment":[{"href":"https:\/\/elcotarro.com\/index.php?rest_route=%2Fwp%2Fv2%2Fmedia&parent=5550"}],"wp:term":[{"taxonomy":"category","embeddable":true,"href":"https:\/\/elcotarro.com\/index.php?rest_route=%2Fwp%2Fv2%2Fcategories&post=5550"},{"taxonomy":"post_tag","embeddable":true,"href":"https:\/\/elcotarro.com\/index.php?rest_route=%2Fwp%2Fv2%2Ftags&post=5550"}],"curies":[{"name":"wp","href":"https:\/\/api.w.org\/{rel}","templated":true}]}}