{"id":5559,"date":"2018-06-17T11:03:56","date_gmt":"2018-06-17T10:03:56","guid":{"rendered":"https:\/\/elcotarro.com\/?p=5559"},"modified":"2018-06-17T09:14:20","modified_gmt":"2018-06-17T08:14:20","slug":"ovejas-y-lana-en-el-salon-de-plenos","status":"publish","type":"post","link":"https:\/\/elcotarro.com\/?p=5559","title":{"rendered":"OVEJAS Y LANA EN EL SAL\u00d3N DE PLENOS"},"content":{"rendered":"<p>A lo largo de mi vida profesional he visto cosas curiosas en los salones de plenos de unos cuantos ayuntamientos. He visto una huelga de hambre en el de La Laguna con <strong>Pedro Gonz\u00e1lez<\/strong> de alcalde. En el de Arona he visto cinco alcaldes en tres meses, siendo el \u00faltimo <strong>Manuel Barrios<\/strong>. Lo que no hab\u00eda visto nunca era un trio de ovejas (aunque sean de co\u00f1a) con cuatro hombres tejiendo con agujas de estambre. Y eso, precisamente, es lo que se vio hace un par de d\u00edas en el sal\u00f3n de plenos del ayuntamiento de La Orotava, con el alcalde <strong>Francisco Linares<\/strong> acompa\u00f1ando al desinquieto <strong>Efra\u00edn Medina<\/strong> (vicepresidente del Cabildo), <strong>Alexis Pacheco<\/strong> (concejal de Agricultura), <strong>Delia Escobar<\/strong> (concejala de Fiestas y Turismo) y <strong>Lola Reyes<\/strong> (presidenta de \u201cLa Ranilla\u201d espacio artesano)<\/p>\n<p style=\"text-align: center\"><a href=\"https:\/\/elcotarro.com\/wp-content\/uploads\/2018\/06\/FOTO-5.-LANA-CANARIA.jpeg\"><img loading=\"lazy\" decoding=\"async\" class=\"alignnone size-full wp-image-5560\" src=\"https:\/\/elcotarro.com\/wp-content\/uploads\/2018\/06\/FOTO-5.-LANA-CANARIA.jpeg\" alt=\"FOTO 5.- LANA CANARIA\" width=\"1200\" height=\"1600\" srcset=\"https:\/\/elcotarro.com\/wp-content\/uploads\/2018\/06\/FOTO-5.-LANA-CANARIA.jpeg 1200w, https:\/\/elcotarro.com\/wp-content\/uploads\/2018\/06\/FOTO-5.-LANA-CANARIA-225x300.jpeg 225w, https:\/\/elcotarro.com\/wp-content\/uploads\/2018\/06\/FOTO-5.-LANA-CANARIA-768x1024.jpeg 768w\" sizes=\"auto, (max-width: 1200px) 100vw, 1200px\" \/><\/a><\/p>\n<p style=\"text-align: center\"><em>Detr\u00e1s, de Izda. a Dcha.: Alexis Pacheco, Efra\u00edn Medina, Paco Linares, Delia Escobar y Lola Reyes. Delante, los tejedores de lana y sus \u201covejas\u201d.<\/em><\/p>\n","protected":false},"excerpt":{"rendered":"<p>A lo largo de mi vida profesional he visto cosas curiosas en los salones de plenos de unos cuantos ayuntamientos. He visto una huelga de hambre en el de La Laguna con Pedro Gonz\u00e1lez de alcalde. En el de Arona he visto cinco alcaldes en tres meses, siendo el \u00faltimo Manuel Barrios. Lo que no &#8230; <a class=\"read-more\" href=\"https:\/\/elcotarro.com\/?p=5559\">Read more<\/a><\/p>\n","protected":false},"author":2,"featured_media":0,"comment_status":"open","ping_status":"open","sticky":false,"template":"","format":"standard","meta":{"_jetpack_memberships_contains_paid_content":false,"footnotes":""},"categories":[1],"tags":[],"class_list":["post-5559","post","type-post","status-publish","format-standard","hentry","category-sin-categoria"],"yoast_head":"<!-- This site is optimized with the Yoast SEO plugin v27.0 - https:\/\/yoast.com\/product\/yoast-seo-wordpress\/ -->\n<title>OVEJAS Y LANA EN EL SAL\u00d3N DE PLENOS - El Cotarro<\/title>\n<meta name=\"robots\" content=\"index, follow, max-snippet:-1, max-image-preview:large, max-video-preview:-1\" \/>\n<link rel=\"canonical\" href=\"https:\/\/elcotarro.com\/?p=5559\" \/>\n<meta property=\"og:locale\" content=\"es_ES\" \/>\n<meta property=\"og:type\" content=\"article\" \/>\n<meta property=\"og:title\" content=\"OVEJAS Y LANA EN EL SAL\u00d3N DE PLENOS - El Cotarro\" \/>\n<meta property=\"og:description\" content=\"A lo largo de mi vida profesional he visto cosas curiosas en los salones de plenos de unos cuantos ayuntamientos. He visto una huelga de hambre en el de La Laguna con Pedro Gonz\u00e1lez de alcalde. En el de Arona he visto cinco alcaldes en tres meses, siendo el \u00faltimo Manuel Barrios. Lo que no ... Read more\" \/>\n<meta property=\"og:url\" content=\"https:\/\/elcotarro.com\/?p=5559\" \/>\n<meta property=\"og:site_name\" content=\"El Cotarro\" \/>\n<meta property=\"article:publisher\" content=\"https:\/\/www.facebook.com\/ElCotarro.Tenerife\" \/>\n<meta property=\"article:published_time\" content=\"2018-06-17T10:03:56+00:00\" \/>\n<meta property=\"og:image\" content=\"https:\/\/elcotarro.com\/wp-content\/uploads\/2018\/06\/FOTO-5.-LANA-CANARIA.jpeg\" \/>\n<meta name=\"author\" content=\"Jos\u00e9 Carlos Marrero Gonz\u00e1lez\" \/>\n<meta name=\"twitter:label1\" content=\"Escrito por\" \/>\n\t<meta name=\"twitter:data1\" content=\"Jos\u00e9 Carlos Marrero Gonz\u00e1lez\" \/>\n\t<meta name=\"twitter:label2\" content=\"Tiempo de lectura\" \/>\n\t<meta name=\"twitter:data2\" content=\"1 minuto\" \/>\n<script type=\"application\/ld+json\" class=\"yoast-schema-graph\">{\"@context\":\"https:\/\/schema.org\",\"@graph\":[{\"@type\":\"Article\",\"@id\":\"https:\/\/elcotarro.com\/?p=5559#article\",\"isPartOf\":{\"@id\":\"https:\/\/elcotarro.com\/?p=5559\"},\"author\":{\"name\":\"Jos\u00e9 Carlos Marrero Gonz\u00e1lez\",\"@id\":\"https:\/\/elcotarro.com\/#\/schema\/person\/af537ee7d60d15984c7e0affcd8a918b\"},\"headline\":\"OVEJAS Y LANA EN EL SAL\u00d3N DE PLENOS\",\"datePublished\":\"2018-06-17T10:03:56+00:00\",\"mainEntityOfPage\":{\"@id\":\"https:\/\/elcotarro.com\/?p=5559\"},\"wordCount\":174,\"commentCount\":0,\"publisher\":{\"@id\":\"https:\/\/elcotarro.com\/#organization\"},\"image\":{\"@id\":\"https:\/\/elcotarro.com\/?p=5559#primaryimage\"},\"thumbnailUrl\":\"https:\/\/elcotarro.com\/wp-content\/uploads\/2018\/06\/FOTO-5.-LANA-CANARIA.jpeg\",\"inLanguage\":\"es\",\"potentialAction\":[{\"@type\":\"CommentAction\",\"name\":\"Comment\",\"target\":[\"https:\/\/elcotarro.com\/?p=5559#respond\"]}]},{\"@type\":\"WebPage\",\"@id\":\"https:\/\/elcotarro.com\/?p=5559\",\"url\":\"https:\/\/elcotarro.com\/?p=5559\",\"name\":\"OVEJAS Y LANA EN EL SAL\u00d3N DE PLENOS - El Cotarro\",\"isPartOf\":{\"@id\":\"https:\/\/elcotarro.com\/#website\"},\"primaryImageOfPage\":{\"@id\":\"https:\/\/elcotarro.com\/?p=5559#primaryimage\"},\"image\":{\"@id\":\"https:\/\/elcotarro.com\/?p=5559#primaryimage\"},\"thumbnailUrl\":\"https:\/\/elcotarro.com\/wp-content\/uploads\/2018\/06\/FOTO-5.-LANA-CANARIA.jpeg\",\"datePublished\":\"2018-06-17T10:03:56+00:00\",\"breadcrumb\":{\"@id\":\"https:\/\/elcotarro.com\/?p=5559#breadcrumb\"},\"inLanguage\":\"es\",\"potentialAction\":[{\"@type\":\"ReadAction\",\"target\":[\"https:\/\/elcotarro.com\/?p=5559\"]}]},{\"@type\":\"ImageObject\",\"inLanguage\":\"es\",\"@id\":\"https:\/\/elcotarro.com\/?p=5559#primaryimage\",\"url\":\"https:\/\/elcotarro.com\/wp-content\/uploads\/2018\/06\/FOTO-5.-LANA-CANARIA.jpeg\",\"contentUrl\":\"https:\/\/elcotarro.com\/wp-content\/uploads\/2018\/06\/FOTO-5.-LANA-CANARIA.jpeg\",\"width\":1200,\"height\":1600},{\"@type\":\"BreadcrumbList\",\"@id\":\"https:\/\/elcotarro.com\/?p=5559#breadcrumb\",\"itemListElement\":[{\"@type\":\"ListItem\",\"position\":1,\"name\":\"Portada\",\"item\":\"https:\/\/elcotarro.com\/\"},{\"@type\":\"ListItem\",\"position\":2,\"name\":\"OVEJAS Y LANA EN EL SAL\u00d3N DE PLENOS\"}]},{\"@type\":\"WebSite\",\"@id\":\"https:\/\/elcotarro.com\/#website\",\"url\":\"https:\/\/elcotarro.com\/\",\"name\":\"El Cotarro\",\"description\":\"Peri\u00f3dico Digital Independiente dirigido por Jos\u00e9 Carlos Marrero\",\"publisher\":{\"@id\":\"https:\/\/elcotarro.com\/#organization\"},\"potentialAction\":[{\"@type\":\"SearchAction\",\"target\":{\"@type\":\"EntryPoint\",\"urlTemplate\":\"https:\/\/elcotarro.com\/?s={search_term_string}\"},\"query-input\":{\"@type\":\"PropertyValueSpecification\",\"valueRequired\":true,\"valueName\":\"search_term_string\"}}],\"inLanguage\":\"es\"},{\"@type\":\"Organization\",\"@id\":\"https:\/\/elcotarro.com\/#organization\",\"name\":\"El Cotarro\",\"url\":\"https:\/\/elcotarro.com\/\",\"logo\":{\"@type\":\"ImageObject\",\"inLanguage\":\"es\",\"@id\":\"https:\/\/elcotarro.com\/#\/schema\/logo\/image\/\",\"url\":\"https:\/\/elcotarro.com\/wp-content\/uploads\/2014\/09\/Cabecera_El_Cotarro_v2.jpg\",\"contentUrl\":\"https:\/\/elcotarro.com\/wp-content\/uploads\/2014\/09\/Cabecera_El_Cotarro_v2.jpg\",\"width\":3540,\"height\":441,\"caption\":\"El Cotarro\"},\"image\":{\"@id\":\"https:\/\/elcotarro.com\/#\/schema\/logo\/image\/\"},\"sameAs\":[\"https:\/\/www.facebook.com\/ElCotarro.Tenerife\"]},{\"@type\":\"Person\",\"@id\":\"https:\/\/elcotarro.com\/#\/schema\/person\/af537ee7d60d15984c7e0affcd8a918b\",\"name\":\"Jos\u00e9 Carlos Marrero Gonz\u00e1lez\",\"image\":{\"@type\":\"ImageObject\",\"inLanguage\":\"es\",\"@id\":\"https:\/\/elcotarro.com\/#\/schema\/person\/image\/\",\"url\":\"https:\/\/secure.gravatar.com\/avatar\/def4da036efb5d32c74d49c351f6dccc064dd69ad9f3aadc295c5a9a5391ca01?s=96&d=mm&r=g\",\"contentUrl\":\"https:\/\/secure.gravatar.com\/avatar\/def4da036efb5d32c74d49c351f6dccc064dd69ad9f3aadc295c5a9a5391ca01?s=96&d=mm&r=g\",\"caption\":\"Jos\u00e9 Carlos Marrero Gonz\u00e1lez\"},\"sameAs\":[\"https:\/\/elcotarro.com\"],\"url\":\"https:\/\/elcotarro.com\/?author=2\"}]}<\/script>\n<!-- \/ Yoast SEO plugin. -->","yoast_head_json":{"title":"OVEJAS Y LANA EN EL SAL\u00d3N DE PLENOS - El Cotarro","robots":{"index":"index","follow":"follow","max-snippet":"max-snippet:-1","max-image-preview":"max-image-preview:large","max-video-preview":"max-video-preview:-1"},"canonical":"https:\/\/elcotarro.com\/?p=5559","og_locale":"es_ES","og_type":"article","og_title":"OVEJAS Y LANA EN EL SAL\u00d3N DE PLENOS - El Cotarro","og_description":"A lo largo de mi vida profesional he visto cosas curiosas en los salones de plenos de unos cuantos ayuntamientos. He visto una huelga de hambre en el de La Laguna con Pedro Gonz\u00e1lez de alcalde. En el de Arona he visto cinco alcaldes en tres meses, siendo el \u00faltimo Manuel Barrios. Lo que no ... Read more","og_url":"https:\/\/elcotarro.com\/?p=5559","og_site_name":"El Cotarro","article_publisher":"https:\/\/www.facebook.com\/ElCotarro.Tenerife","article_published_time":"2018-06-17T10:03:56+00:00","og_image":[{"url":"https:\/\/elcotarro.com\/wp-content\/uploads\/2018\/06\/FOTO-5.-LANA-CANARIA.jpeg","type":"","width":"","height":""}],"author":"Jos\u00e9 Carlos Marrero Gonz\u00e1lez","twitter_misc":{"Escrito por":"Jos\u00e9 Carlos Marrero Gonz\u00e1lez","Tiempo de lectura":"1 minuto"},"schema":{"@context":"https:\/\/schema.org","@graph":[{"@type":"Article","@id":"https:\/\/elcotarro.com\/?p=5559#article","isPartOf":{"@id":"https:\/\/elcotarro.com\/?p=5559"},"author":{"name":"Jos\u00e9 Carlos Marrero Gonz\u00e1lez","@id":"https:\/\/elcotarro.com\/#\/schema\/person\/af537ee7d60d15984c7e0affcd8a918b"},"headline":"OVEJAS Y LANA EN EL SAL\u00d3N DE PLENOS","datePublished":"2018-06-17T10:03:56+00:00","mainEntityOfPage":{"@id":"https:\/\/elcotarro.com\/?p=5559"},"wordCount":174,"commentCount":0,"publisher":{"@id":"https:\/\/elcotarro.com\/#organization"},"image":{"@id":"https:\/\/elcotarro.com\/?p=5559#primaryimage"},"thumbnailUrl":"https:\/\/elcotarro.com\/wp-content\/uploads\/2018\/06\/FOTO-5.-LANA-CANARIA.jpeg","inLanguage":"es","potentialAction":[{"@type":"CommentAction","name":"Comment","target":["https:\/\/elcotarro.com\/?p=5559#respond"]}]},{"@type":"WebPage","@id":"https:\/\/elcotarro.com\/?p=5559","url":"https:\/\/elcotarro.com\/?p=5559","name":"OVEJAS Y LANA EN EL SAL\u00d3N DE PLENOS - El Cotarro","isPartOf":{"@id":"https:\/\/elcotarro.com\/#website"},"primaryImageOfPage":{"@id":"https:\/\/elcotarro.com\/?p=5559#primaryimage"},"image":{"@id":"https:\/\/elcotarro.com\/?p=5559#primaryimage"},"thumbnailUrl":"https:\/\/elcotarro.com\/wp-content\/uploads\/2018\/06\/FOTO-5.-LANA-CANARIA.jpeg","datePublished":"2018-06-17T10:03:56+00:00","breadcrumb":{"@id":"https:\/\/elcotarro.com\/?p=5559#breadcrumb"},"inLanguage":"es","potentialAction":[{"@type":"ReadAction","target":["https:\/\/elcotarro.com\/?p=5559"]}]},{"@type":"ImageObject","inLanguage":"es","@id":"https:\/\/elcotarro.com\/?p=5559#primaryimage","url":"https:\/\/elcotarro.com\/wp-content\/uploads\/2018\/06\/FOTO-5.-LANA-CANARIA.jpeg","contentUrl":"https:\/\/elcotarro.com\/wp-content\/uploads\/2018\/06\/FOTO-5.-LANA-CANARIA.jpeg","width":1200,"height":1600},{"@type":"BreadcrumbList","@id":"https:\/\/elcotarro.com\/?p=5559#breadcrumb","itemListElement":[{"@type":"ListItem","position":1,"name":"Portada","item":"https:\/\/elcotarro.com\/"},{"@type":"ListItem","position":2,"name":"OVEJAS Y LANA EN EL SAL\u00d3N DE PLENOS"}]},{"@type":"WebSite","@id":"https:\/\/elcotarro.com\/#website","url":"https:\/\/elcotarro.com\/","name":"El Cotarro","description":"Peri\u00f3dico Digital Independiente dirigido por Jos\u00e9 Carlos Marrero","publisher":{"@id":"https:\/\/elcotarro.com\/#organization"},"potentialAction":[{"@type":"SearchAction","target":{"@type":"EntryPoint","urlTemplate":"https:\/\/elcotarro.com\/?s={search_term_string}"},"query-input":{"@type":"PropertyValueSpecification","valueRequired":true,"valueName":"search_term_string"}}],"inLanguage":"es"},{"@type":"Organization","@id":"https:\/\/elcotarro.com\/#organization","name":"El Cotarro","url":"https:\/\/elcotarro.com\/","logo":{"@type":"ImageObject","inLanguage":"es","@id":"https:\/\/elcotarro.com\/#\/schema\/logo\/image\/","url":"https:\/\/elcotarro.com\/wp-content\/uploads\/2014\/09\/Cabecera_El_Cotarro_v2.jpg","contentUrl":"https:\/\/elcotarro.com\/wp-content\/uploads\/2014\/09\/Cabecera_El_Cotarro_v2.jpg","width":3540,"height":441,"caption":"El Cotarro"},"image":{"@id":"https:\/\/elcotarro.com\/#\/schema\/logo\/image\/"},"sameAs":["https:\/\/www.facebook.com\/ElCotarro.Tenerife"]},{"@type":"Person","@id":"https:\/\/elcotarro.com\/#\/schema\/person\/af537ee7d60d15984c7e0affcd8a918b","name":"Jos\u00e9 Carlos Marrero Gonz\u00e1lez","image":{"@type":"ImageObject","inLanguage":"es","@id":"https:\/\/elcotarro.com\/#\/schema\/person\/image\/","url":"https:\/\/secure.gravatar.com\/avatar\/def4da036efb5d32c74d49c351f6dccc064dd69ad9f3aadc295c5a9a5391ca01?s=96&d=mm&r=g","contentUrl":"https:\/\/secure.gravatar.com\/avatar\/def4da036efb5d32c74d49c351f6dccc064dd69ad9f3aadc295c5a9a5391ca01?s=96&d=mm&r=g","caption":"Jos\u00e9 Carlos Marrero Gonz\u00e1lez"},"sameAs":["https:\/\/elcotarro.com"],"url":"https:\/\/elcotarro.com\/?author=2"}]}},"jetpack_featured_media_url":"","jetpack_sharing_enabled":true,"_links":{"self":[{"href":"https:\/\/elcotarro.com\/index.php?rest_route=\/wp\/v2\/posts\/5559","targetHints":{"allow":["GET"]}}],"collection":[{"href":"https:\/\/elcotarro.com\/index.php?rest_route=\/wp\/v2\/posts"}],"about":[{"href":"https:\/\/elcotarro.com\/index.php?rest_route=\/wp\/v2\/types\/post"}],"author":[{"embeddable":true,"href":"https:\/\/elcotarro.com\/index.php?rest_route=\/wp\/v2\/users\/2"}],"replies":[{"embeddable":true,"href":"https:\/\/elcotarro.com\/index.php?rest_route=%2Fwp%2Fv2%2Fcomments&post=5559"}],"version-history":[{"count":1,"href":"https:\/\/elcotarro.com\/index.php?rest_route=\/wp\/v2\/posts\/5559\/revisions"}],"predecessor-version":[{"id":5561,"href":"https:\/\/elcotarro.com\/index.php?rest_route=\/wp\/v2\/posts\/5559\/revisions\/5561"}],"wp:attachment":[{"href":"https:\/\/elcotarro.com\/index.php?rest_route=%2Fwp%2Fv2%2Fmedia&parent=5559"}],"wp:term":[{"taxonomy":"category","embeddable":true,"href":"https:\/\/elcotarro.com\/index.php?rest_route=%2Fwp%2Fv2%2Fcategories&post=5559"},{"taxonomy":"post_tag","embeddable":true,"href":"https:\/\/elcotarro.com\/index.php?rest_route=%2Fwp%2Fv2%2Ftags&post=5559"}],"curies":[{"name":"wp","href":"https:\/\/api.w.org\/{rel}","templated":true}]}}