{"id":5585,"date":"2018-06-24T11:03:28","date_gmt":"2018-06-24T10:03:28","guid":{"rendered":"https:\/\/elcotarro.com\/?p=5585"},"modified":"2018-06-23T22:54:08","modified_gmt":"2018-06-23T21:54:08","slug":"gesto-a-elogiar-de-ignacio-badenas","status":"publish","type":"post","link":"https:\/\/elcotarro.com\/?p=5585","title":{"rendered":"GESTO A ELOGIAR DE IGNACIO BADENAS"},"content":{"rendered":"<p>En el mencionado acto estuvo presente el comisario jefe provincial del Cuerpo Nacional de Polic\u00eda en Santa Cruz de Tenerife, <strong>Ignacio Badenas Gil de Rebole\u00f1o<\/strong>, quien, por cierto, horas despu\u00e9s, fue protagonista y v\u00edctima de un lamentable incidente. Y es que el domingo pasado, <strong>Ignacio Badenas<\/strong> se identific\u00f3 como polic\u00eda y recrimin\u00f3 a un se\u00f1or que iba por las ramblas con un perro potencialmente peligroso, sin que el animal fuese con correa. El due\u00f1o del perro respondi\u00f3 de mala manera, se pas\u00f3 por el \u201carco del triunfo\u201d las indicaciones y sigui\u00f3 como si nada. <strong>Ignacio Badenas<\/strong> activ\u00f3 a una patrulla de la Polic\u00eda Nacional y, cuando \u00e9sta lleg\u00f3, el individuo ech\u00f3 a correr empujando al propio <strong>Ignacio Badenas<\/strong> quien cay\u00f3 mal y se fractur\u00f3 un brazo, por lo que tuvo que ser intervenido quir\u00fargicamente. El due\u00f1o del perro (m\u00e1s animal que el can) fue oportunamente detenido y denunciado, mientras que <strong>Ignacio Badenas<\/strong> se recupera de una inc\u00f3moda y dolorosa fractura y posterior operaci\u00f3n. Buen servicio el de la Polic\u00eda y mejor gesto el de <strong>Ignacio Badenas<\/strong>, a quien deseamos una r\u00e1pida y total recuperaci\u00f3n.<\/p>\n<p style=\"text-align: center\"><a href=\"https:\/\/elcotarro.com\/wp-content\/uploads\/2018\/06\/FOTO-5.-IGNACIO-Y-GUILLERMO.jpeg\"><img loading=\"lazy\" decoding=\"async\" class=\"alignnone size-full wp-image-5586\" src=\"https:\/\/elcotarro.com\/wp-content\/uploads\/2018\/06\/FOTO-5.-IGNACIO-Y-GUILLERMO.jpeg\" alt=\"FOTO 5.- IGNACIO Y GUILLERMO\" width=\"1152\" height=\"1600\" srcset=\"https:\/\/elcotarro.com\/wp-content\/uploads\/2018\/06\/FOTO-5.-IGNACIO-Y-GUILLERMO.jpeg 1152w, https:\/\/elcotarro.com\/wp-content\/uploads\/2018\/06\/FOTO-5.-IGNACIO-Y-GUILLERMO-216x300.jpeg 216w, https:\/\/elcotarro.com\/wp-content\/uploads\/2018\/06\/FOTO-5.-IGNACIO-Y-GUILLERMO-737x1024.jpeg 737w\" sizes=\"auto, (max-width: 1152px) 100vw, 1152px\" \/><\/a><\/p>\n<p style=\"text-align: center\"><em>El comisario jefe, Ignacio Badenas (i) junto al subdelegado, Guillermo D\u00edaz Guerra.<\/em><\/p>\n","protected":false},"excerpt":{"rendered":"<p>En el mencionado acto estuvo presente el comisario jefe provincial del Cuerpo Nacional de Polic\u00eda en Santa Cruz de Tenerife, Ignacio Badenas Gil de Rebole\u00f1o, quien, por cierto, horas despu\u00e9s, fue protagonista y v\u00edctima de un lamentable incidente. Y es que el domingo pasado, Ignacio Badenas se identific\u00f3 como polic\u00eda y recrimin\u00f3 a un se\u00f1or &#8230; <a class=\"read-more\" href=\"https:\/\/elcotarro.com\/?p=5585\">Read more<\/a><\/p>\n","protected":false},"author":2,"featured_media":0,"comment_status":"open","ping_status":"open","sticky":false,"template":"","format":"standard","meta":{"_jetpack_memberships_contains_paid_content":false,"footnotes":""},"categories":[1],"tags":[],"class_list":["post-5585","post","type-post","status-publish","format-standard","hentry","category-sin-categoria"],"yoast_head":"<!-- This site is optimized with the Yoast SEO plugin v27.0 - https:\/\/yoast.com\/product\/yoast-seo-wordpress\/ -->\n<title>GESTO A ELOGIAR DE IGNACIO BADENAS - El Cotarro<\/title>\n<meta name=\"robots\" content=\"index, follow, max-snippet:-1, max-image-preview:large, max-video-preview:-1\" \/>\n<link rel=\"canonical\" href=\"https:\/\/elcotarro.com\/?p=5585\" \/>\n<meta property=\"og:locale\" content=\"es_ES\" \/>\n<meta property=\"og:type\" content=\"article\" \/>\n<meta property=\"og:title\" content=\"GESTO A ELOGIAR DE IGNACIO BADENAS - El Cotarro\" \/>\n<meta property=\"og:description\" content=\"En el mencionado acto estuvo presente el comisario jefe provincial del Cuerpo Nacional de Polic\u00eda en Santa Cruz de Tenerife, Ignacio Badenas Gil de Rebole\u00f1o, quien, por cierto, horas despu\u00e9s, fue protagonista y v\u00edctima de un lamentable incidente. Y es que el domingo pasado, Ignacio Badenas se identific\u00f3 como polic\u00eda y recrimin\u00f3 a un se\u00f1or ... Read more\" \/>\n<meta property=\"og:url\" content=\"https:\/\/elcotarro.com\/?p=5585\" \/>\n<meta property=\"og:site_name\" content=\"El Cotarro\" \/>\n<meta property=\"article:publisher\" content=\"https:\/\/www.facebook.com\/ElCotarro.Tenerife\" \/>\n<meta property=\"article:published_time\" content=\"2018-06-24T10:03:28+00:00\" \/>\n<meta property=\"og:image\" content=\"https:\/\/elcotarro.com\/wp-content\/uploads\/2018\/06\/FOTO-5.-IGNACIO-Y-GUILLERMO.jpeg\" \/>\n<meta name=\"author\" content=\"Jos\u00e9 Carlos Marrero Gonz\u00e1lez\" \/>\n<meta name=\"twitter:label1\" content=\"Escrito por\" \/>\n\t<meta name=\"twitter:data1\" content=\"Jos\u00e9 Carlos Marrero Gonz\u00e1lez\" \/>\n\t<meta name=\"twitter:label2\" content=\"Tiempo de lectura\" \/>\n\t<meta name=\"twitter:data2\" content=\"1 minuto\" \/>\n<script type=\"application\/ld+json\" class=\"yoast-schema-graph\">{\"@context\":\"https:\/\/schema.org\",\"@graph\":[{\"@type\":\"Article\",\"@id\":\"https:\/\/elcotarro.com\/?p=5585#article\",\"isPartOf\":{\"@id\":\"https:\/\/elcotarro.com\/?p=5585\"},\"author\":{\"name\":\"Jos\u00e9 Carlos Marrero Gonz\u00e1lez\",\"@id\":\"https:\/\/elcotarro.com\/#\/schema\/person\/af537ee7d60d15984c7e0affcd8a918b\"},\"headline\":\"GESTO A ELOGIAR DE IGNACIO BADENAS\",\"datePublished\":\"2018-06-24T10:03:28+00:00\",\"mainEntityOfPage\":{\"@id\":\"https:\/\/elcotarro.com\/?p=5585\"},\"wordCount\":219,\"commentCount\":0,\"publisher\":{\"@id\":\"https:\/\/elcotarro.com\/#organization\"},\"image\":{\"@id\":\"https:\/\/elcotarro.com\/?p=5585#primaryimage\"},\"thumbnailUrl\":\"https:\/\/elcotarro.com\/wp-content\/uploads\/2018\/06\/FOTO-5.-IGNACIO-Y-GUILLERMO.jpeg\",\"inLanguage\":\"es\",\"potentialAction\":[{\"@type\":\"CommentAction\",\"name\":\"Comment\",\"target\":[\"https:\/\/elcotarro.com\/?p=5585#respond\"]}]},{\"@type\":\"WebPage\",\"@id\":\"https:\/\/elcotarro.com\/?p=5585\",\"url\":\"https:\/\/elcotarro.com\/?p=5585\",\"name\":\"GESTO A ELOGIAR DE IGNACIO BADENAS - El Cotarro\",\"isPartOf\":{\"@id\":\"https:\/\/elcotarro.com\/#website\"},\"primaryImageOfPage\":{\"@id\":\"https:\/\/elcotarro.com\/?p=5585#primaryimage\"},\"image\":{\"@id\":\"https:\/\/elcotarro.com\/?p=5585#primaryimage\"},\"thumbnailUrl\":\"https:\/\/elcotarro.com\/wp-content\/uploads\/2018\/06\/FOTO-5.-IGNACIO-Y-GUILLERMO.jpeg\",\"datePublished\":\"2018-06-24T10:03:28+00:00\",\"breadcrumb\":{\"@id\":\"https:\/\/elcotarro.com\/?p=5585#breadcrumb\"},\"inLanguage\":\"es\",\"potentialAction\":[{\"@type\":\"ReadAction\",\"target\":[\"https:\/\/elcotarro.com\/?p=5585\"]}]},{\"@type\":\"ImageObject\",\"inLanguage\":\"es\",\"@id\":\"https:\/\/elcotarro.com\/?p=5585#primaryimage\",\"url\":\"https:\/\/elcotarro.com\/wp-content\/uploads\/2018\/06\/FOTO-5.-IGNACIO-Y-GUILLERMO.jpeg\",\"contentUrl\":\"https:\/\/elcotarro.com\/wp-content\/uploads\/2018\/06\/FOTO-5.-IGNACIO-Y-GUILLERMO.jpeg\",\"width\":1152,\"height\":1600},{\"@type\":\"BreadcrumbList\",\"@id\":\"https:\/\/elcotarro.com\/?p=5585#breadcrumb\",\"itemListElement\":[{\"@type\":\"ListItem\",\"position\":1,\"name\":\"Portada\",\"item\":\"https:\/\/elcotarro.com\/\"},{\"@type\":\"ListItem\",\"position\":2,\"name\":\"GESTO A ELOGIAR DE IGNACIO BADENAS\"}]},{\"@type\":\"WebSite\",\"@id\":\"https:\/\/elcotarro.com\/#website\",\"url\":\"https:\/\/elcotarro.com\/\",\"name\":\"El Cotarro\",\"description\":\"Peri\u00f3dico Digital Independiente dirigido por Jos\u00e9 Carlos Marrero\",\"publisher\":{\"@id\":\"https:\/\/elcotarro.com\/#organization\"},\"potentialAction\":[{\"@type\":\"SearchAction\",\"target\":{\"@type\":\"EntryPoint\",\"urlTemplate\":\"https:\/\/elcotarro.com\/?s={search_term_string}\"},\"query-input\":{\"@type\":\"PropertyValueSpecification\",\"valueRequired\":true,\"valueName\":\"search_term_string\"}}],\"inLanguage\":\"es\"},{\"@type\":\"Organization\",\"@id\":\"https:\/\/elcotarro.com\/#organization\",\"name\":\"El Cotarro\",\"url\":\"https:\/\/elcotarro.com\/\",\"logo\":{\"@type\":\"ImageObject\",\"inLanguage\":\"es\",\"@id\":\"https:\/\/elcotarro.com\/#\/schema\/logo\/image\/\",\"url\":\"https:\/\/elcotarro.com\/wp-content\/uploads\/2014\/09\/Cabecera_El_Cotarro_v2.jpg\",\"contentUrl\":\"https:\/\/elcotarro.com\/wp-content\/uploads\/2014\/09\/Cabecera_El_Cotarro_v2.jpg\",\"width\":3540,\"height\":441,\"caption\":\"El Cotarro\"},\"image\":{\"@id\":\"https:\/\/elcotarro.com\/#\/schema\/logo\/image\/\"},\"sameAs\":[\"https:\/\/www.facebook.com\/ElCotarro.Tenerife\"]},{\"@type\":\"Person\",\"@id\":\"https:\/\/elcotarro.com\/#\/schema\/person\/af537ee7d60d15984c7e0affcd8a918b\",\"name\":\"Jos\u00e9 Carlos Marrero Gonz\u00e1lez\",\"image\":{\"@type\":\"ImageObject\",\"inLanguage\":\"es\",\"@id\":\"https:\/\/elcotarro.com\/#\/schema\/person\/image\/\",\"url\":\"https:\/\/secure.gravatar.com\/avatar\/def4da036efb5d32c74d49c351f6dccc064dd69ad9f3aadc295c5a9a5391ca01?s=96&d=mm&r=g\",\"contentUrl\":\"https:\/\/secure.gravatar.com\/avatar\/def4da036efb5d32c74d49c351f6dccc064dd69ad9f3aadc295c5a9a5391ca01?s=96&d=mm&r=g\",\"caption\":\"Jos\u00e9 Carlos Marrero Gonz\u00e1lez\"},\"sameAs\":[\"https:\/\/elcotarro.com\"],\"url\":\"https:\/\/elcotarro.com\/?author=2\"}]}<\/script>\n<!-- \/ Yoast SEO plugin. -->","yoast_head_json":{"title":"GESTO A ELOGIAR DE IGNACIO BADENAS - El Cotarro","robots":{"index":"index","follow":"follow","max-snippet":"max-snippet:-1","max-image-preview":"max-image-preview:large","max-video-preview":"max-video-preview:-1"},"canonical":"https:\/\/elcotarro.com\/?p=5585","og_locale":"es_ES","og_type":"article","og_title":"GESTO A ELOGIAR DE IGNACIO BADENAS - El Cotarro","og_description":"En el mencionado acto estuvo presente el comisario jefe provincial del Cuerpo Nacional de Polic\u00eda en Santa Cruz de Tenerife, Ignacio Badenas Gil de Rebole\u00f1o, quien, por cierto, horas despu\u00e9s, fue protagonista y v\u00edctima de un lamentable incidente. Y es que el domingo pasado, Ignacio Badenas se identific\u00f3 como polic\u00eda y recrimin\u00f3 a un se\u00f1or ... Read more","og_url":"https:\/\/elcotarro.com\/?p=5585","og_site_name":"El Cotarro","article_publisher":"https:\/\/www.facebook.com\/ElCotarro.Tenerife","article_published_time":"2018-06-24T10:03:28+00:00","og_image":[{"url":"https:\/\/elcotarro.com\/wp-content\/uploads\/2018\/06\/FOTO-5.-IGNACIO-Y-GUILLERMO.jpeg","type":"","width":"","height":""}],"author":"Jos\u00e9 Carlos Marrero Gonz\u00e1lez","twitter_misc":{"Escrito por":"Jos\u00e9 Carlos Marrero Gonz\u00e1lez","Tiempo de lectura":"1 minuto"},"schema":{"@context":"https:\/\/schema.org","@graph":[{"@type":"Article","@id":"https:\/\/elcotarro.com\/?p=5585#article","isPartOf":{"@id":"https:\/\/elcotarro.com\/?p=5585"},"author":{"name":"Jos\u00e9 Carlos Marrero Gonz\u00e1lez","@id":"https:\/\/elcotarro.com\/#\/schema\/person\/af537ee7d60d15984c7e0affcd8a918b"},"headline":"GESTO A ELOGIAR DE IGNACIO BADENAS","datePublished":"2018-06-24T10:03:28+00:00","mainEntityOfPage":{"@id":"https:\/\/elcotarro.com\/?p=5585"},"wordCount":219,"commentCount":0,"publisher":{"@id":"https:\/\/elcotarro.com\/#organization"},"image":{"@id":"https:\/\/elcotarro.com\/?p=5585#primaryimage"},"thumbnailUrl":"https:\/\/elcotarro.com\/wp-content\/uploads\/2018\/06\/FOTO-5.-IGNACIO-Y-GUILLERMO.jpeg","inLanguage":"es","potentialAction":[{"@type":"CommentAction","name":"Comment","target":["https:\/\/elcotarro.com\/?p=5585#respond"]}]},{"@type":"WebPage","@id":"https:\/\/elcotarro.com\/?p=5585","url":"https:\/\/elcotarro.com\/?p=5585","name":"GESTO A ELOGIAR DE IGNACIO BADENAS - El Cotarro","isPartOf":{"@id":"https:\/\/elcotarro.com\/#website"},"primaryImageOfPage":{"@id":"https:\/\/elcotarro.com\/?p=5585#primaryimage"},"image":{"@id":"https:\/\/elcotarro.com\/?p=5585#primaryimage"},"thumbnailUrl":"https:\/\/elcotarro.com\/wp-content\/uploads\/2018\/06\/FOTO-5.-IGNACIO-Y-GUILLERMO.jpeg","datePublished":"2018-06-24T10:03:28+00:00","breadcrumb":{"@id":"https:\/\/elcotarro.com\/?p=5585#breadcrumb"},"inLanguage":"es","potentialAction":[{"@type":"ReadAction","target":["https:\/\/elcotarro.com\/?p=5585"]}]},{"@type":"ImageObject","inLanguage":"es","@id":"https:\/\/elcotarro.com\/?p=5585#primaryimage","url":"https:\/\/elcotarro.com\/wp-content\/uploads\/2018\/06\/FOTO-5.-IGNACIO-Y-GUILLERMO.jpeg","contentUrl":"https:\/\/elcotarro.com\/wp-content\/uploads\/2018\/06\/FOTO-5.-IGNACIO-Y-GUILLERMO.jpeg","width":1152,"height":1600},{"@type":"BreadcrumbList","@id":"https:\/\/elcotarro.com\/?p=5585#breadcrumb","itemListElement":[{"@type":"ListItem","position":1,"name":"Portada","item":"https:\/\/elcotarro.com\/"},{"@type":"ListItem","position":2,"name":"GESTO A ELOGIAR DE IGNACIO BADENAS"}]},{"@type":"WebSite","@id":"https:\/\/elcotarro.com\/#website","url":"https:\/\/elcotarro.com\/","name":"El Cotarro","description":"Peri\u00f3dico Digital Independiente dirigido por Jos\u00e9 Carlos Marrero","publisher":{"@id":"https:\/\/elcotarro.com\/#organization"},"potentialAction":[{"@type":"SearchAction","target":{"@type":"EntryPoint","urlTemplate":"https:\/\/elcotarro.com\/?s={search_term_string}"},"query-input":{"@type":"PropertyValueSpecification","valueRequired":true,"valueName":"search_term_string"}}],"inLanguage":"es"},{"@type":"Organization","@id":"https:\/\/elcotarro.com\/#organization","name":"El Cotarro","url":"https:\/\/elcotarro.com\/","logo":{"@type":"ImageObject","inLanguage":"es","@id":"https:\/\/elcotarro.com\/#\/schema\/logo\/image\/","url":"https:\/\/elcotarro.com\/wp-content\/uploads\/2014\/09\/Cabecera_El_Cotarro_v2.jpg","contentUrl":"https:\/\/elcotarro.com\/wp-content\/uploads\/2014\/09\/Cabecera_El_Cotarro_v2.jpg","width":3540,"height":441,"caption":"El Cotarro"},"image":{"@id":"https:\/\/elcotarro.com\/#\/schema\/logo\/image\/"},"sameAs":["https:\/\/www.facebook.com\/ElCotarro.Tenerife"]},{"@type":"Person","@id":"https:\/\/elcotarro.com\/#\/schema\/person\/af537ee7d60d15984c7e0affcd8a918b","name":"Jos\u00e9 Carlos Marrero Gonz\u00e1lez","image":{"@type":"ImageObject","inLanguage":"es","@id":"https:\/\/elcotarro.com\/#\/schema\/person\/image\/","url":"https:\/\/secure.gravatar.com\/avatar\/def4da036efb5d32c74d49c351f6dccc064dd69ad9f3aadc295c5a9a5391ca01?s=96&d=mm&r=g","contentUrl":"https:\/\/secure.gravatar.com\/avatar\/def4da036efb5d32c74d49c351f6dccc064dd69ad9f3aadc295c5a9a5391ca01?s=96&d=mm&r=g","caption":"Jos\u00e9 Carlos Marrero Gonz\u00e1lez"},"sameAs":["https:\/\/elcotarro.com"],"url":"https:\/\/elcotarro.com\/?author=2"}]}},"jetpack_featured_media_url":"","jetpack_sharing_enabled":true,"_links":{"self":[{"href":"https:\/\/elcotarro.com\/index.php?rest_route=\/wp\/v2\/posts\/5585","targetHints":{"allow":["GET"]}}],"collection":[{"href":"https:\/\/elcotarro.com\/index.php?rest_route=\/wp\/v2\/posts"}],"about":[{"href":"https:\/\/elcotarro.com\/index.php?rest_route=\/wp\/v2\/types\/post"}],"author":[{"embeddable":true,"href":"https:\/\/elcotarro.com\/index.php?rest_route=\/wp\/v2\/users\/2"}],"replies":[{"embeddable":true,"href":"https:\/\/elcotarro.com\/index.php?rest_route=%2Fwp%2Fv2%2Fcomments&post=5585"}],"version-history":[{"count":1,"href":"https:\/\/elcotarro.com\/index.php?rest_route=\/wp\/v2\/posts\/5585\/revisions"}],"predecessor-version":[{"id":5587,"href":"https:\/\/elcotarro.com\/index.php?rest_route=\/wp\/v2\/posts\/5585\/revisions\/5587"}],"wp:attachment":[{"href":"https:\/\/elcotarro.com\/index.php?rest_route=%2Fwp%2Fv2%2Fmedia&parent=5585"}],"wp:term":[{"taxonomy":"category","embeddable":true,"href":"https:\/\/elcotarro.com\/index.php?rest_route=%2Fwp%2Fv2%2Fcategories&post=5585"},{"taxonomy":"post_tag","embeddable":true,"href":"https:\/\/elcotarro.com\/index.php?rest_route=%2Fwp%2Fv2%2Ftags&post=5585"}],"curies":[{"name":"wp","href":"https:\/\/api.w.org\/{rel}","templated":true}]}}