{"id":5588,"date":"2018-06-24T11:02:42","date_gmt":"2018-06-24T10:02:42","guid":{"rendered":"https:\/\/elcotarro.com\/?p=5588"},"modified":"2018-06-23T22:59:00","modified_gmt":"2018-06-23T21:59:00","slug":"la-verdad-de-un-ascenso-y-un-reto","status":"publish","type":"post","link":"https:\/\/elcotarro.com\/?p=5588","title":{"rendered":"LA VERDAD DE UN ASCENSO&#8230; Y UN RETO"},"content":{"rendered":"<p>Termino dici\u00e9ndoles que el gran <strong>Jonathan Santos P\u00e9rez<\/strong>, (<strong>Johnny<\/strong> para los amigos) hasta hace unas semanas jefe de Protocolo del Ayuntamiento de La Laguna, no ha dimitido, ni lo ha cesado el alcalde, ni se ha marchado de mala manera. Todo lo contrario. El pasado mes de febrero, durante los actos de presentaci\u00f3n de la pr\u00f3xima Copa del Mundo de Baloncesto Femenino &#8211; FIBA 2018, a celebrar el pr\u00f3ximo mes de septiembre en La Laguna, el presidente de la Federaci\u00f3n Espa\u00f1ola de Baloncesto, <strong>Jorge Garbajosa<\/strong>, su vicepresidente, <strong>Antonio Montero<\/strong>, y muchos miembros la FEB, se percataron de la profesionalidad y el buen hacer de <strong>Jonathan Santos<\/strong> en el muchas veces complicado y delicado oficio del dirigir el protocolo.<\/p>\n<p style=\"text-align: center\"><a href=\"https:\/\/elcotarro.com\/wp-content\/uploads\/2018\/06\/FOTO-6.-JONATHAN-SANTOS.jpg\"><img loading=\"lazy\" decoding=\"async\" class=\"alignnone size-full wp-image-5589\" src=\"https:\/\/elcotarro.com\/wp-content\/uploads\/2018\/06\/FOTO-6.-JONATHAN-SANTOS.jpg\" alt=\"FOTO 6.- JONATHAN SANTOS\" width=\"574\" height=\"737\" srcset=\"https:\/\/elcotarro.com\/wp-content\/uploads\/2018\/06\/FOTO-6.-JONATHAN-SANTOS.jpg 574w, https:\/\/elcotarro.com\/wp-content\/uploads\/2018\/06\/FOTO-6.-JONATHAN-SANTOS-234x300.jpg 234w\" sizes=\"auto, (max-width: 574px) 100vw, 574px\" \/><\/a><\/p>\n<p style=\"text-align: center\"><em>Jonathan Santos P\u00e9rez, en la sede central de la F.E.B.<\/em><\/p>\n","protected":false},"excerpt":{"rendered":"<p>Termino dici\u00e9ndoles que el gran Jonathan Santos P\u00e9rez, (Johnny para los amigos) hasta hace unas semanas jefe de Protocolo del Ayuntamiento de La Laguna, no ha dimitido, ni lo ha cesado el alcalde, ni se ha marchado de mala manera. Todo lo contrario. El pasado mes de febrero, durante los actos de presentaci\u00f3n de la &#8230; <a class=\"read-more\" href=\"https:\/\/elcotarro.com\/?p=5588\">Read more<\/a><\/p>\n","protected":false},"author":2,"featured_media":0,"comment_status":"open","ping_status":"open","sticky":false,"template":"","format":"standard","meta":{"_jetpack_memberships_contains_paid_content":false,"footnotes":""},"categories":[1],"tags":[],"class_list":["post-5588","post","type-post","status-publish","format-standard","hentry","category-sin-categoria"],"yoast_head":"<!-- This site is optimized with the Yoast SEO plugin v27.0 - https:\/\/yoast.com\/product\/yoast-seo-wordpress\/ -->\n<title>LA VERDAD DE UN ASCENSO... Y UN RETO - El Cotarro<\/title>\n<meta name=\"robots\" content=\"index, follow, max-snippet:-1, max-image-preview:large, max-video-preview:-1\" \/>\n<link rel=\"canonical\" href=\"https:\/\/elcotarro.com\/?p=5588\" \/>\n<meta property=\"og:locale\" content=\"es_ES\" \/>\n<meta property=\"og:type\" content=\"article\" \/>\n<meta property=\"og:title\" content=\"LA VERDAD DE UN ASCENSO... Y UN RETO - El Cotarro\" \/>\n<meta property=\"og:description\" content=\"Termino dici\u00e9ndoles que el gran Jonathan Santos P\u00e9rez, (Johnny para los amigos) hasta hace unas semanas jefe de Protocolo del Ayuntamiento de La Laguna, no ha dimitido, ni lo ha cesado el alcalde, ni se ha marchado de mala manera. Todo lo contrario. El pasado mes de febrero, durante los actos de presentaci\u00f3n de la ... Read more\" \/>\n<meta property=\"og:url\" content=\"https:\/\/elcotarro.com\/?p=5588\" \/>\n<meta property=\"og:site_name\" content=\"El Cotarro\" \/>\n<meta property=\"article:publisher\" content=\"https:\/\/www.facebook.com\/ElCotarro.Tenerife\" \/>\n<meta property=\"article:published_time\" content=\"2018-06-24T10:02:42+00:00\" \/>\n<meta property=\"og:image\" content=\"https:\/\/elcotarro.com\/wp-content\/uploads\/2018\/06\/FOTO-6.-JONATHAN-SANTOS.jpg\" \/>\n<meta name=\"author\" content=\"Jos\u00e9 Carlos Marrero Gonz\u00e1lez\" \/>\n<meta name=\"twitter:label1\" content=\"Escrito por\" \/>\n\t<meta name=\"twitter:data1\" content=\"Jos\u00e9 Carlos Marrero Gonz\u00e1lez\" \/>\n\t<meta name=\"twitter:label2\" content=\"Tiempo de lectura\" \/>\n\t<meta name=\"twitter:data2\" content=\"1 minuto\" \/>\n<script type=\"application\/ld+json\" class=\"yoast-schema-graph\">{\"@context\":\"https:\/\/schema.org\",\"@graph\":[{\"@type\":\"Article\",\"@id\":\"https:\/\/elcotarro.com\/?p=5588#article\",\"isPartOf\":{\"@id\":\"https:\/\/elcotarro.com\/?p=5588\"},\"author\":{\"name\":\"Jos\u00e9 Carlos Marrero Gonz\u00e1lez\",\"@id\":\"https:\/\/elcotarro.com\/#\/schema\/person\/af537ee7d60d15984c7e0affcd8a918b\"},\"headline\":\"LA VERDAD DE UN ASCENSO&#8230; Y UN RETO\",\"datePublished\":\"2018-06-24T10:02:42+00:00\",\"mainEntityOfPage\":{\"@id\":\"https:\/\/elcotarro.com\/?p=5588\"},\"wordCount\":145,\"commentCount\":1,\"publisher\":{\"@id\":\"https:\/\/elcotarro.com\/#organization\"},\"image\":{\"@id\":\"https:\/\/elcotarro.com\/?p=5588#primaryimage\"},\"thumbnailUrl\":\"https:\/\/elcotarro.com\/wp-content\/uploads\/2018\/06\/FOTO-6.-JONATHAN-SANTOS.jpg\",\"inLanguage\":\"es\",\"potentialAction\":[{\"@type\":\"CommentAction\",\"name\":\"Comment\",\"target\":[\"https:\/\/elcotarro.com\/?p=5588#respond\"]}]},{\"@type\":\"WebPage\",\"@id\":\"https:\/\/elcotarro.com\/?p=5588\",\"url\":\"https:\/\/elcotarro.com\/?p=5588\",\"name\":\"LA VERDAD DE UN ASCENSO... Y UN RETO - El Cotarro\",\"isPartOf\":{\"@id\":\"https:\/\/elcotarro.com\/#website\"},\"primaryImageOfPage\":{\"@id\":\"https:\/\/elcotarro.com\/?p=5588#primaryimage\"},\"image\":{\"@id\":\"https:\/\/elcotarro.com\/?p=5588#primaryimage\"},\"thumbnailUrl\":\"https:\/\/elcotarro.com\/wp-content\/uploads\/2018\/06\/FOTO-6.-JONATHAN-SANTOS.jpg\",\"datePublished\":\"2018-06-24T10:02:42+00:00\",\"breadcrumb\":{\"@id\":\"https:\/\/elcotarro.com\/?p=5588#breadcrumb\"},\"inLanguage\":\"es\",\"potentialAction\":[{\"@type\":\"ReadAction\",\"target\":[\"https:\/\/elcotarro.com\/?p=5588\"]}]},{\"@type\":\"ImageObject\",\"inLanguage\":\"es\",\"@id\":\"https:\/\/elcotarro.com\/?p=5588#primaryimage\",\"url\":\"https:\/\/elcotarro.com\/wp-content\/uploads\/2018\/06\/FOTO-6.-JONATHAN-SANTOS.jpg\",\"contentUrl\":\"https:\/\/elcotarro.com\/wp-content\/uploads\/2018\/06\/FOTO-6.-JONATHAN-SANTOS.jpg\",\"width\":574,\"height\":737},{\"@type\":\"BreadcrumbList\",\"@id\":\"https:\/\/elcotarro.com\/?p=5588#breadcrumb\",\"itemListElement\":[{\"@type\":\"ListItem\",\"position\":1,\"name\":\"Portada\",\"item\":\"https:\/\/elcotarro.com\/\"},{\"@type\":\"ListItem\",\"position\":2,\"name\":\"LA VERDAD DE UN ASCENSO&#8230; Y UN RETO\"}]},{\"@type\":\"WebSite\",\"@id\":\"https:\/\/elcotarro.com\/#website\",\"url\":\"https:\/\/elcotarro.com\/\",\"name\":\"El Cotarro\",\"description\":\"Peri\u00f3dico Digital Independiente dirigido por Jos\u00e9 Carlos Marrero\",\"publisher\":{\"@id\":\"https:\/\/elcotarro.com\/#organization\"},\"potentialAction\":[{\"@type\":\"SearchAction\",\"target\":{\"@type\":\"EntryPoint\",\"urlTemplate\":\"https:\/\/elcotarro.com\/?s={search_term_string}\"},\"query-input\":{\"@type\":\"PropertyValueSpecification\",\"valueRequired\":true,\"valueName\":\"search_term_string\"}}],\"inLanguage\":\"es\"},{\"@type\":\"Organization\",\"@id\":\"https:\/\/elcotarro.com\/#organization\",\"name\":\"El Cotarro\",\"url\":\"https:\/\/elcotarro.com\/\",\"logo\":{\"@type\":\"ImageObject\",\"inLanguage\":\"es\",\"@id\":\"https:\/\/elcotarro.com\/#\/schema\/logo\/image\/\",\"url\":\"https:\/\/elcotarro.com\/wp-content\/uploads\/2014\/09\/Cabecera_El_Cotarro_v2.jpg\",\"contentUrl\":\"https:\/\/elcotarro.com\/wp-content\/uploads\/2014\/09\/Cabecera_El_Cotarro_v2.jpg\",\"width\":3540,\"height\":441,\"caption\":\"El Cotarro\"},\"image\":{\"@id\":\"https:\/\/elcotarro.com\/#\/schema\/logo\/image\/\"},\"sameAs\":[\"https:\/\/www.facebook.com\/ElCotarro.Tenerife\"]},{\"@type\":\"Person\",\"@id\":\"https:\/\/elcotarro.com\/#\/schema\/person\/af537ee7d60d15984c7e0affcd8a918b\",\"name\":\"Jos\u00e9 Carlos Marrero Gonz\u00e1lez\",\"image\":{\"@type\":\"ImageObject\",\"inLanguage\":\"es\",\"@id\":\"https:\/\/elcotarro.com\/#\/schema\/person\/image\/\",\"url\":\"https:\/\/secure.gravatar.com\/avatar\/def4da036efb5d32c74d49c351f6dccc064dd69ad9f3aadc295c5a9a5391ca01?s=96&d=mm&r=g\",\"contentUrl\":\"https:\/\/secure.gravatar.com\/avatar\/def4da036efb5d32c74d49c351f6dccc064dd69ad9f3aadc295c5a9a5391ca01?s=96&d=mm&r=g\",\"caption\":\"Jos\u00e9 Carlos Marrero Gonz\u00e1lez\"},\"sameAs\":[\"https:\/\/elcotarro.com\"],\"url\":\"https:\/\/elcotarro.com\/?author=2\"}]}<\/script>\n<!-- \/ Yoast SEO plugin. -->","yoast_head_json":{"title":"LA VERDAD DE UN ASCENSO... Y UN RETO - El Cotarro","robots":{"index":"index","follow":"follow","max-snippet":"max-snippet:-1","max-image-preview":"max-image-preview:large","max-video-preview":"max-video-preview:-1"},"canonical":"https:\/\/elcotarro.com\/?p=5588","og_locale":"es_ES","og_type":"article","og_title":"LA VERDAD DE UN ASCENSO... Y UN RETO - El Cotarro","og_description":"Termino dici\u00e9ndoles que el gran Jonathan Santos P\u00e9rez, (Johnny para los amigos) hasta hace unas semanas jefe de Protocolo del Ayuntamiento de La Laguna, no ha dimitido, ni lo ha cesado el alcalde, ni se ha marchado de mala manera. Todo lo contrario. El pasado mes de febrero, durante los actos de presentaci\u00f3n de la ... Read more","og_url":"https:\/\/elcotarro.com\/?p=5588","og_site_name":"El Cotarro","article_publisher":"https:\/\/www.facebook.com\/ElCotarro.Tenerife","article_published_time":"2018-06-24T10:02:42+00:00","og_image":[{"url":"https:\/\/elcotarro.com\/wp-content\/uploads\/2018\/06\/FOTO-6.-JONATHAN-SANTOS.jpg","type":"","width":"","height":""}],"author":"Jos\u00e9 Carlos Marrero Gonz\u00e1lez","twitter_misc":{"Escrito por":"Jos\u00e9 Carlos Marrero Gonz\u00e1lez","Tiempo de lectura":"1 minuto"},"schema":{"@context":"https:\/\/schema.org","@graph":[{"@type":"Article","@id":"https:\/\/elcotarro.com\/?p=5588#article","isPartOf":{"@id":"https:\/\/elcotarro.com\/?p=5588"},"author":{"name":"Jos\u00e9 Carlos Marrero Gonz\u00e1lez","@id":"https:\/\/elcotarro.com\/#\/schema\/person\/af537ee7d60d15984c7e0affcd8a918b"},"headline":"LA VERDAD DE UN ASCENSO&#8230; Y UN RETO","datePublished":"2018-06-24T10:02:42+00:00","mainEntityOfPage":{"@id":"https:\/\/elcotarro.com\/?p=5588"},"wordCount":145,"commentCount":1,"publisher":{"@id":"https:\/\/elcotarro.com\/#organization"},"image":{"@id":"https:\/\/elcotarro.com\/?p=5588#primaryimage"},"thumbnailUrl":"https:\/\/elcotarro.com\/wp-content\/uploads\/2018\/06\/FOTO-6.-JONATHAN-SANTOS.jpg","inLanguage":"es","potentialAction":[{"@type":"CommentAction","name":"Comment","target":["https:\/\/elcotarro.com\/?p=5588#respond"]}]},{"@type":"WebPage","@id":"https:\/\/elcotarro.com\/?p=5588","url":"https:\/\/elcotarro.com\/?p=5588","name":"LA VERDAD DE UN ASCENSO... Y UN RETO - El Cotarro","isPartOf":{"@id":"https:\/\/elcotarro.com\/#website"},"primaryImageOfPage":{"@id":"https:\/\/elcotarro.com\/?p=5588#primaryimage"},"image":{"@id":"https:\/\/elcotarro.com\/?p=5588#primaryimage"},"thumbnailUrl":"https:\/\/elcotarro.com\/wp-content\/uploads\/2018\/06\/FOTO-6.-JONATHAN-SANTOS.jpg","datePublished":"2018-06-24T10:02:42+00:00","breadcrumb":{"@id":"https:\/\/elcotarro.com\/?p=5588#breadcrumb"},"inLanguage":"es","potentialAction":[{"@type":"ReadAction","target":["https:\/\/elcotarro.com\/?p=5588"]}]},{"@type":"ImageObject","inLanguage":"es","@id":"https:\/\/elcotarro.com\/?p=5588#primaryimage","url":"https:\/\/elcotarro.com\/wp-content\/uploads\/2018\/06\/FOTO-6.-JONATHAN-SANTOS.jpg","contentUrl":"https:\/\/elcotarro.com\/wp-content\/uploads\/2018\/06\/FOTO-6.-JONATHAN-SANTOS.jpg","width":574,"height":737},{"@type":"BreadcrumbList","@id":"https:\/\/elcotarro.com\/?p=5588#breadcrumb","itemListElement":[{"@type":"ListItem","position":1,"name":"Portada","item":"https:\/\/elcotarro.com\/"},{"@type":"ListItem","position":2,"name":"LA VERDAD DE UN ASCENSO&#8230; Y UN RETO"}]},{"@type":"WebSite","@id":"https:\/\/elcotarro.com\/#website","url":"https:\/\/elcotarro.com\/","name":"El Cotarro","description":"Peri\u00f3dico Digital Independiente dirigido por Jos\u00e9 Carlos Marrero","publisher":{"@id":"https:\/\/elcotarro.com\/#organization"},"potentialAction":[{"@type":"SearchAction","target":{"@type":"EntryPoint","urlTemplate":"https:\/\/elcotarro.com\/?s={search_term_string}"},"query-input":{"@type":"PropertyValueSpecification","valueRequired":true,"valueName":"search_term_string"}}],"inLanguage":"es"},{"@type":"Organization","@id":"https:\/\/elcotarro.com\/#organization","name":"El Cotarro","url":"https:\/\/elcotarro.com\/","logo":{"@type":"ImageObject","inLanguage":"es","@id":"https:\/\/elcotarro.com\/#\/schema\/logo\/image\/","url":"https:\/\/elcotarro.com\/wp-content\/uploads\/2014\/09\/Cabecera_El_Cotarro_v2.jpg","contentUrl":"https:\/\/elcotarro.com\/wp-content\/uploads\/2014\/09\/Cabecera_El_Cotarro_v2.jpg","width":3540,"height":441,"caption":"El Cotarro"},"image":{"@id":"https:\/\/elcotarro.com\/#\/schema\/logo\/image\/"},"sameAs":["https:\/\/www.facebook.com\/ElCotarro.Tenerife"]},{"@type":"Person","@id":"https:\/\/elcotarro.com\/#\/schema\/person\/af537ee7d60d15984c7e0affcd8a918b","name":"Jos\u00e9 Carlos Marrero Gonz\u00e1lez","image":{"@type":"ImageObject","inLanguage":"es","@id":"https:\/\/elcotarro.com\/#\/schema\/person\/image\/","url":"https:\/\/secure.gravatar.com\/avatar\/def4da036efb5d32c74d49c351f6dccc064dd69ad9f3aadc295c5a9a5391ca01?s=96&d=mm&r=g","contentUrl":"https:\/\/secure.gravatar.com\/avatar\/def4da036efb5d32c74d49c351f6dccc064dd69ad9f3aadc295c5a9a5391ca01?s=96&d=mm&r=g","caption":"Jos\u00e9 Carlos Marrero Gonz\u00e1lez"},"sameAs":["https:\/\/elcotarro.com"],"url":"https:\/\/elcotarro.com\/?author=2"}]}},"jetpack_featured_media_url":"","jetpack_sharing_enabled":true,"_links":{"self":[{"href":"https:\/\/elcotarro.com\/index.php?rest_route=\/wp\/v2\/posts\/5588","targetHints":{"allow":["GET"]}}],"collection":[{"href":"https:\/\/elcotarro.com\/index.php?rest_route=\/wp\/v2\/posts"}],"about":[{"href":"https:\/\/elcotarro.com\/index.php?rest_route=\/wp\/v2\/types\/post"}],"author":[{"embeddable":true,"href":"https:\/\/elcotarro.com\/index.php?rest_route=\/wp\/v2\/users\/2"}],"replies":[{"embeddable":true,"href":"https:\/\/elcotarro.com\/index.php?rest_route=%2Fwp%2Fv2%2Fcomments&post=5588"}],"version-history":[{"count":1,"href":"https:\/\/elcotarro.com\/index.php?rest_route=\/wp\/v2\/posts\/5588\/revisions"}],"predecessor-version":[{"id":5590,"href":"https:\/\/elcotarro.com\/index.php?rest_route=\/wp\/v2\/posts\/5588\/revisions\/5590"}],"wp:attachment":[{"href":"https:\/\/elcotarro.com\/index.php?rest_route=%2Fwp%2Fv2%2Fmedia&parent=5588"}],"wp:term":[{"taxonomy":"category","embeddable":true,"href":"https:\/\/elcotarro.com\/index.php?rest_route=%2Fwp%2Fv2%2Fcategories&post=5588"},{"taxonomy":"post_tag","embeddable":true,"href":"https:\/\/elcotarro.com\/index.php?rest_route=%2Fwp%2Fv2%2Ftags&post=5588"}],"curies":[{"name":"wp","href":"https:\/\/api.w.org\/{rel}","templated":true}]}}