{"id":5591,"date":"2018-06-24T11:01:08","date_gmt":"2018-06-24T10:01:08","guid":{"rendered":"https:\/\/elcotarro.com\/?p=5591"},"modified":"2018-06-23T23:02:37","modified_gmt":"2018-06-23T22:02:37","slug":"johnny-jefe-de-protocolo-de-la-feb","status":"publish","type":"post","link":"https:\/\/elcotarro.com\/?p=5591","title":{"rendered":"JOHNNY, JEFE DE PROTOCOLO DE LA FEB"},"content":{"rendered":"<p>Tanto les gust\u00f3 el trabajo del bueno de <strong>Jonathan Santos<\/strong> que (no s\u00e9 si a trav\u00e9s de <strong>F\u00e9lix Hern\u00e1ndez<\/strong>, presidente del C.B. Canarias) hicieron llegar a <strong>Johnny<\/strong> una propuesta para que se fuera a trabajar a los \u201cmadriles\u201d, nada m\u00e1s y nada menos que de jefe de Protocolo de la FEB. En un doble gesto de lealtad y generosidad que le honra, <strong>Johnny<\/strong> coment\u00f3 con <strong>Jos\u00e9 Alberto D\u00edaz<\/strong> la oferta recibida y le dijo al alcalde que, si \u00e9l no le daba permiso, rechazar\u00eda la oferta. <strong>Jos\u00e9 Alberto<\/strong> vio que el reto era importante y bueno para <strong>Jonathan<\/strong> y le anim\u00f3 a que pidiera una excedencia. En estos momentos <strong>Johnny<\/strong> est\u00e1 ya en la FEB y su puesto en La Laguna ahora lo ocupa <strong>Rosa Hern\u00e1ndez Alberto<\/strong>, a quien damos la bienvenida y le deseamos mucha paciencia y toda la suerte del mundo.<\/p>\n<p style=\"text-align: center\"><a href=\"http:\/\/www.careca.es\/\" target=\"_blank\"><img loading=\"lazy\" decoding=\"async\" class=\"size-full wp-image-2216 aligncenter\" src=\"https:\/\/elcotarro.com\/wp-content\/uploads\/2016\/07\/InsulacafeElCotarro.jpg\" alt=\"Bnn_Careca\" width=\"750\" height=\"150\" \/><\/a><\/p>\n","protected":false},"excerpt":{"rendered":"<p>Tanto les gust\u00f3 el trabajo del bueno de Jonathan Santos que (no s\u00e9 si a trav\u00e9s de F\u00e9lix Hern\u00e1ndez, presidente del C.B. Canarias) hicieron llegar a Johnny una propuesta para que se fuera a trabajar a los \u201cmadriles\u201d, nada m\u00e1s y nada menos que de jefe de Protocolo de la FEB. En un doble gesto &#8230; <a class=\"read-more\" href=\"https:\/\/elcotarro.com\/?p=5591\">Read more<\/a><\/p>\n","protected":false},"author":2,"featured_media":0,"comment_status":"open","ping_status":"open","sticky":false,"template":"","format":"standard","meta":{"_jetpack_memberships_contains_paid_content":false,"footnotes":""},"categories":[1],"tags":[],"class_list":["post-5591","post","type-post","status-publish","format-standard","hentry","category-sin-categoria"],"yoast_head":"<!-- This site is optimized with the Yoast SEO plugin v27.0 - https:\/\/yoast.com\/product\/yoast-seo-wordpress\/ -->\n<title>JOHNNY, JEFE DE PROTOCOLO DE LA FEB - El Cotarro<\/title>\n<meta name=\"robots\" content=\"index, follow, max-snippet:-1, max-image-preview:large, max-video-preview:-1\" \/>\n<link rel=\"canonical\" href=\"https:\/\/elcotarro.com\/?p=5591\" \/>\n<meta property=\"og:locale\" content=\"es_ES\" \/>\n<meta property=\"og:type\" content=\"article\" \/>\n<meta property=\"og:title\" content=\"JOHNNY, JEFE DE PROTOCOLO DE LA FEB - El Cotarro\" \/>\n<meta property=\"og:description\" content=\"Tanto les gust\u00f3 el trabajo del bueno de Jonathan Santos que (no s\u00e9 si a trav\u00e9s de F\u00e9lix Hern\u00e1ndez, presidente del C.B. Canarias) hicieron llegar a Johnny una propuesta para que se fuera a trabajar a los \u201cmadriles\u201d, nada m\u00e1s y nada menos que de jefe de Protocolo de la FEB. En un doble gesto ... Read more\" \/>\n<meta property=\"og:url\" content=\"https:\/\/elcotarro.com\/?p=5591\" \/>\n<meta property=\"og:site_name\" content=\"El Cotarro\" \/>\n<meta property=\"article:publisher\" content=\"https:\/\/www.facebook.com\/ElCotarro.Tenerife\" \/>\n<meta property=\"article:published_time\" content=\"2018-06-24T10:01:08+00:00\" \/>\n<meta property=\"og:image\" content=\"https:\/\/elcotarro.com\/wp-content\/uploads\/2016\/07\/InsulacafeElCotarro.jpg\" \/>\n<meta name=\"author\" content=\"Jos\u00e9 Carlos Marrero Gonz\u00e1lez\" \/>\n<meta name=\"twitter:label1\" content=\"Escrito por\" \/>\n\t<meta name=\"twitter:data1\" content=\"Jos\u00e9 Carlos Marrero Gonz\u00e1lez\" \/>\n\t<meta name=\"twitter:label2\" content=\"Tiempo de lectura\" \/>\n\t<meta name=\"twitter:data2\" content=\"1 minuto\" \/>\n<script type=\"application\/ld+json\" class=\"yoast-schema-graph\">{\"@context\":\"https:\/\/schema.org\",\"@graph\":[{\"@type\":\"Article\",\"@id\":\"https:\/\/elcotarro.com\/?p=5591#article\",\"isPartOf\":{\"@id\":\"https:\/\/elcotarro.com\/?p=5591\"},\"author\":{\"name\":\"Jos\u00e9 Carlos Marrero Gonz\u00e1lez\",\"@id\":\"https:\/\/elcotarro.com\/#\/schema\/person\/af537ee7d60d15984c7e0affcd8a918b\"},\"headline\":\"JOHNNY, JEFE DE PROTOCOLO DE LA FEB\",\"datePublished\":\"2018-06-24T10:01:08+00:00\",\"mainEntityOfPage\":{\"@id\":\"https:\/\/elcotarro.com\/?p=5591\"},\"wordCount\":158,\"commentCount\":0,\"publisher\":{\"@id\":\"https:\/\/elcotarro.com\/#organization\"},\"image\":{\"@id\":\"https:\/\/elcotarro.com\/?p=5591#primaryimage\"},\"thumbnailUrl\":\"https:\/\/elcotarro.com\/wp-content\/uploads\/2016\/07\/InsulacafeElCotarro.jpg\",\"inLanguage\":\"es\",\"potentialAction\":[{\"@type\":\"CommentAction\",\"name\":\"Comment\",\"target\":[\"https:\/\/elcotarro.com\/?p=5591#respond\"]}]},{\"@type\":\"WebPage\",\"@id\":\"https:\/\/elcotarro.com\/?p=5591\",\"url\":\"https:\/\/elcotarro.com\/?p=5591\",\"name\":\"JOHNNY, JEFE DE PROTOCOLO DE LA FEB - El Cotarro\",\"isPartOf\":{\"@id\":\"https:\/\/elcotarro.com\/#website\"},\"primaryImageOfPage\":{\"@id\":\"https:\/\/elcotarro.com\/?p=5591#primaryimage\"},\"image\":{\"@id\":\"https:\/\/elcotarro.com\/?p=5591#primaryimage\"},\"thumbnailUrl\":\"https:\/\/elcotarro.com\/wp-content\/uploads\/2016\/07\/InsulacafeElCotarro.jpg\",\"datePublished\":\"2018-06-24T10:01:08+00:00\",\"breadcrumb\":{\"@id\":\"https:\/\/elcotarro.com\/?p=5591#breadcrumb\"},\"inLanguage\":\"es\",\"potentialAction\":[{\"@type\":\"ReadAction\",\"target\":[\"https:\/\/elcotarro.com\/?p=5591\"]}]},{\"@type\":\"ImageObject\",\"inLanguage\":\"es\",\"@id\":\"https:\/\/elcotarro.com\/?p=5591#primaryimage\",\"url\":\"https:\/\/elcotarro.com\/wp-content\/uploads\/2016\/07\/InsulacafeElCotarro.jpg\",\"contentUrl\":\"https:\/\/elcotarro.com\/wp-content\/uploads\/2016\/07\/InsulacafeElCotarro.jpg\",\"width\":750,\"height\":153},{\"@type\":\"BreadcrumbList\",\"@id\":\"https:\/\/elcotarro.com\/?p=5591#breadcrumb\",\"itemListElement\":[{\"@type\":\"ListItem\",\"position\":1,\"name\":\"Portada\",\"item\":\"https:\/\/elcotarro.com\/\"},{\"@type\":\"ListItem\",\"position\":2,\"name\":\"JOHNNY, JEFE DE PROTOCOLO DE LA FEB\"}]},{\"@type\":\"WebSite\",\"@id\":\"https:\/\/elcotarro.com\/#website\",\"url\":\"https:\/\/elcotarro.com\/\",\"name\":\"El Cotarro\",\"description\":\"Peri\u00f3dico Digital Independiente dirigido por Jos\u00e9 Carlos Marrero\",\"publisher\":{\"@id\":\"https:\/\/elcotarro.com\/#organization\"},\"potentialAction\":[{\"@type\":\"SearchAction\",\"target\":{\"@type\":\"EntryPoint\",\"urlTemplate\":\"https:\/\/elcotarro.com\/?s={search_term_string}\"},\"query-input\":{\"@type\":\"PropertyValueSpecification\",\"valueRequired\":true,\"valueName\":\"search_term_string\"}}],\"inLanguage\":\"es\"},{\"@type\":\"Organization\",\"@id\":\"https:\/\/elcotarro.com\/#organization\",\"name\":\"El Cotarro\",\"url\":\"https:\/\/elcotarro.com\/\",\"logo\":{\"@type\":\"ImageObject\",\"inLanguage\":\"es\",\"@id\":\"https:\/\/elcotarro.com\/#\/schema\/logo\/image\/\",\"url\":\"https:\/\/elcotarro.com\/wp-content\/uploads\/2014\/09\/Cabecera_El_Cotarro_v2.jpg\",\"contentUrl\":\"https:\/\/elcotarro.com\/wp-content\/uploads\/2014\/09\/Cabecera_El_Cotarro_v2.jpg\",\"width\":3540,\"height\":441,\"caption\":\"El Cotarro\"},\"image\":{\"@id\":\"https:\/\/elcotarro.com\/#\/schema\/logo\/image\/\"},\"sameAs\":[\"https:\/\/www.facebook.com\/ElCotarro.Tenerife\"]},{\"@type\":\"Person\",\"@id\":\"https:\/\/elcotarro.com\/#\/schema\/person\/af537ee7d60d15984c7e0affcd8a918b\",\"name\":\"Jos\u00e9 Carlos Marrero Gonz\u00e1lez\",\"image\":{\"@type\":\"ImageObject\",\"inLanguage\":\"es\",\"@id\":\"https:\/\/elcotarro.com\/#\/schema\/person\/image\/\",\"url\":\"https:\/\/secure.gravatar.com\/avatar\/def4da036efb5d32c74d49c351f6dccc064dd69ad9f3aadc295c5a9a5391ca01?s=96&d=mm&r=g\",\"contentUrl\":\"https:\/\/secure.gravatar.com\/avatar\/def4da036efb5d32c74d49c351f6dccc064dd69ad9f3aadc295c5a9a5391ca01?s=96&d=mm&r=g\",\"caption\":\"Jos\u00e9 Carlos Marrero Gonz\u00e1lez\"},\"sameAs\":[\"https:\/\/elcotarro.com\"],\"url\":\"https:\/\/elcotarro.com\/?author=2\"}]}<\/script>\n<!-- \/ Yoast SEO plugin. -->","yoast_head_json":{"title":"JOHNNY, JEFE DE PROTOCOLO DE LA FEB - El Cotarro","robots":{"index":"index","follow":"follow","max-snippet":"max-snippet:-1","max-image-preview":"max-image-preview:large","max-video-preview":"max-video-preview:-1"},"canonical":"https:\/\/elcotarro.com\/?p=5591","og_locale":"es_ES","og_type":"article","og_title":"JOHNNY, JEFE DE PROTOCOLO DE LA FEB - El Cotarro","og_description":"Tanto les gust\u00f3 el trabajo del bueno de Jonathan Santos que (no s\u00e9 si a trav\u00e9s de F\u00e9lix Hern\u00e1ndez, presidente del C.B. Canarias) hicieron llegar a Johnny una propuesta para que se fuera a trabajar a los \u201cmadriles\u201d, nada m\u00e1s y nada menos que de jefe de Protocolo de la FEB. En un doble gesto ... Read more","og_url":"https:\/\/elcotarro.com\/?p=5591","og_site_name":"El Cotarro","article_publisher":"https:\/\/www.facebook.com\/ElCotarro.Tenerife","article_published_time":"2018-06-24T10:01:08+00:00","og_image":[{"url":"https:\/\/elcotarro.com\/wp-content\/uploads\/2016\/07\/InsulacafeElCotarro.jpg","type":"","width":"","height":""}],"author":"Jos\u00e9 Carlos Marrero Gonz\u00e1lez","twitter_misc":{"Escrito por":"Jos\u00e9 Carlos Marrero Gonz\u00e1lez","Tiempo de lectura":"1 minuto"},"schema":{"@context":"https:\/\/schema.org","@graph":[{"@type":"Article","@id":"https:\/\/elcotarro.com\/?p=5591#article","isPartOf":{"@id":"https:\/\/elcotarro.com\/?p=5591"},"author":{"name":"Jos\u00e9 Carlos Marrero Gonz\u00e1lez","@id":"https:\/\/elcotarro.com\/#\/schema\/person\/af537ee7d60d15984c7e0affcd8a918b"},"headline":"JOHNNY, JEFE DE PROTOCOLO DE LA FEB","datePublished":"2018-06-24T10:01:08+00:00","mainEntityOfPage":{"@id":"https:\/\/elcotarro.com\/?p=5591"},"wordCount":158,"commentCount":0,"publisher":{"@id":"https:\/\/elcotarro.com\/#organization"},"image":{"@id":"https:\/\/elcotarro.com\/?p=5591#primaryimage"},"thumbnailUrl":"https:\/\/elcotarro.com\/wp-content\/uploads\/2016\/07\/InsulacafeElCotarro.jpg","inLanguage":"es","potentialAction":[{"@type":"CommentAction","name":"Comment","target":["https:\/\/elcotarro.com\/?p=5591#respond"]}]},{"@type":"WebPage","@id":"https:\/\/elcotarro.com\/?p=5591","url":"https:\/\/elcotarro.com\/?p=5591","name":"JOHNNY, JEFE DE PROTOCOLO DE LA FEB - El Cotarro","isPartOf":{"@id":"https:\/\/elcotarro.com\/#website"},"primaryImageOfPage":{"@id":"https:\/\/elcotarro.com\/?p=5591#primaryimage"},"image":{"@id":"https:\/\/elcotarro.com\/?p=5591#primaryimage"},"thumbnailUrl":"https:\/\/elcotarro.com\/wp-content\/uploads\/2016\/07\/InsulacafeElCotarro.jpg","datePublished":"2018-06-24T10:01:08+00:00","breadcrumb":{"@id":"https:\/\/elcotarro.com\/?p=5591#breadcrumb"},"inLanguage":"es","potentialAction":[{"@type":"ReadAction","target":["https:\/\/elcotarro.com\/?p=5591"]}]},{"@type":"ImageObject","inLanguage":"es","@id":"https:\/\/elcotarro.com\/?p=5591#primaryimage","url":"https:\/\/elcotarro.com\/wp-content\/uploads\/2016\/07\/InsulacafeElCotarro.jpg","contentUrl":"https:\/\/elcotarro.com\/wp-content\/uploads\/2016\/07\/InsulacafeElCotarro.jpg","width":750,"height":153},{"@type":"BreadcrumbList","@id":"https:\/\/elcotarro.com\/?p=5591#breadcrumb","itemListElement":[{"@type":"ListItem","position":1,"name":"Portada","item":"https:\/\/elcotarro.com\/"},{"@type":"ListItem","position":2,"name":"JOHNNY, JEFE DE PROTOCOLO DE LA FEB"}]},{"@type":"WebSite","@id":"https:\/\/elcotarro.com\/#website","url":"https:\/\/elcotarro.com\/","name":"El Cotarro","description":"Peri\u00f3dico Digital Independiente dirigido por Jos\u00e9 Carlos Marrero","publisher":{"@id":"https:\/\/elcotarro.com\/#organization"},"potentialAction":[{"@type":"SearchAction","target":{"@type":"EntryPoint","urlTemplate":"https:\/\/elcotarro.com\/?s={search_term_string}"},"query-input":{"@type":"PropertyValueSpecification","valueRequired":true,"valueName":"search_term_string"}}],"inLanguage":"es"},{"@type":"Organization","@id":"https:\/\/elcotarro.com\/#organization","name":"El Cotarro","url":"https:\/\/elcotarro.com\/","logo":{"@type":"ImageObject","inLanguage":"es","@id":"https:\/\/elcotarro.com\/#\/schema\/logo\/image\/","url":"https:\/\/elcotarro.com\/wp-content\/uploads\/2014\/09\/Cabecera_El_Cotarro_v2.jpg","contentUrl":"https:\/\/elcotarro.com\/wp-content\/uploads\/2014\/09\/Cabecera_El_Cotarro_v2.jpg","width":3540,"height":441,"caption":"El Cotarro"},"image":{"@id":"https:\/\/elcotarro.com\/#\/schema\/logo\/image\/"},"sameAs":["https:\/\/www.facebook.com\/ElCotarro.Tenerife"]},{"@type":"Person","@id":"https:\/\/elcotarro.com\/#\/schema\/person\/af537ee7d60d15984c7e0affcd8a918b","name":"Jos\u00e9 Carlos Marrero Gonz\u00e1lez","image":{"@type":"ImageObject","inLanguage":"es","@id":"https:\/\/elcotarro.com\/#\/schema\/person\/image\/","url":"https:\/\/secure.gravatar.com\/avatar\/def4da036efb5d32c74d49c351f6dccc064dd69ad9f3aadc295c5a9a5391ca01?s=96&d=mm&r=g","contentUrl":"https:\/\/secure.gravatar.com\/avatar\/def4da036efb5d32c74d49c351f6dccc064dd69ad9f3aadc295c5a9a5391ca01?s=96&d=mm&r=g","caption":"Jos\u00e9 Carlos Marrero Gonz\u00e1lez"},"sameAs":["https:\/\/elcotarro.com"],"url":"https:\/\/elcotarro.com\/?author=2"}]}},"jetpack_featured_media_url":"","jetpack_sharing_enabled":true,"_links":{"self":[{"href":"https:\/\/elcotarro.com\/index.php?rest_route=\/wp\/v2\/posts\/5591","targetHints":{"allow":["GET"]}}],"collection":[{"href":"https:\/\/elcotarro.com\/index.php?rest_route=\/wp\/v2\/posts"}],"about":[{"href":"https:\/\/elcotarro.com\/index.php?rest_route=\/wp\/v2\/types\/post"}],"author":[{"embeddable":true,"href":"https:\/\/elcotarro.com\/index.php?rest_route=\/wp\/v2\/users\/2"}],"replies":[{"embeddable":true,"href":"https:\/\/elcotarro.com\/index.php?rest_route=%2Fwp%2Fv2%2Fcomments&post=5591"}],"version-history":[{"count":1,"href":"https:\/\/elcotarro.com\/index.php?rest_route=\/wp\/v2\/posts\/5591\/revisions"}],"predecessor-version":[{"id":5592,"href":"https:\/\/elcotarro.com\/index.php?rest_route=\/wp\/v2\/posts\/5591\/revisions\/5592"}],"wp:attachment":[{"href":"https:\/\/elcotarro.com\/index.php?rest_route=%2Fwp%2Fv2%2Fmedia&parent=5591"}],"wp:term":[{"taxonomy":"category","embeddable":true,"href":"https:\/\/elcotarro.com\/index.php?rest_route=%2Fwp%2Fv2%2Fcategories&post=5591"},{"taxonomy":"post_tag","embeddable":true,"href":"https:\/\/elcotarro.com\/index.php?rest_route=%2Fwp%2Fv2%2Ftags&post=5591"}],"curies":[{"name":"wp","href":"https:\/\/api.w.org\/{rel}","templated":true}]}}