{"id":5603,"date":"2018-07-01T11:04:22","date_gmt":"2018-07-01T10:04:22","guid":{"rendered":"https:\/\/elcotarro.com\/?p=5603"},"modified":"2018-06-30T22:33:08","modified_gmt":"2018-06-30T21:33:08","slug":"amid-padrino-de-la-promocion-esm","status":"publish","type":"post","link":"https:\/\/elcotarro.com\/?p=5603","title":{"rendered":"AMID, PADRINO DE LA PROMOCI\u00d3N ESM"},"content":{"rendered":"<p>Cuando un empresario de \u00e9xito se convierte en ejemplo para los dem\u00e1s, lo es mucho m\u00e1s para los alumnas y alumnas que culminan su carrera en el \u00e1mbito de la empresa y la emprendedur\u00eda. Este es el caso del gran empresario <strong>Amid Ach\u00ed Fadul<\/strong>, presidente del Grupo N\u00ba1, quien ha sido invitado a ser padrino de la 24\u00aa\u2008Promoci\u00f3n en Administraci\u00f3n y Direcci\u00f3n de empresas de la reconocida European School of Management (ESM) de Tenerife, fundada en 1992. En un emotivo acto celebrado en el sal\u00f3n de actos de la Mutua de Accidentes de Canarias (MAC), <strong>Amid Ach\u00ed <\/strong>habl\u00f3, felicit\u00f3 y entreg\u00f3 sus diplomas de graduaci\u00f3n a 11 j\u00f3venes (chicos y chicas) que han culminado su formaci\u00f3n empresarial en este curso y entre los que, por cierto, estaba <strong>Juan Manuel Fern\u00e1ndez Rodr\u00edguez<\/strong>, (primero por la izquierda en la foto) hijo de la editora\/directora del Grupo de Comunicaci\u00f3n <strong>EL\u2008D\u00cdA, Mercedes Rodr\u00edguez Rodr\u00edguez<\/strong>, a quienes felicitamos por ello. La mesa presidencial del acto, en el que tambi\u00e9n se entregaron los diplomas de emprendedur\u00eda ESM-CEOE\u2008Tenerife, estuvo conformada (de izquierda a derecha) por <strong>Emilio Ati\u00e9nzar Armas<\/strong> (viceconsejero de Empleo y Emprendedur\u00eda del Gobierno de Canarias), <strong>Bernard Lonis<\/strong> (presidente de ESM-Vesilen-Adonis), <strong>Amid Ach\u00ed Fadul<\/strong> y <strong>Mar\u00eda Teresa Gonz\u00e1lez de Ech\u00e1varri<\/strong> (directora de ESM)<\/p>\n<p style=\"text-align: center\"><a href=\"https:\/\/elcotarro.com\/wp-content\/uploads\/2018\/06\/FOTO-3.-GRADUACIO\u0301N-ESM.jpg\"><img loading=\"lazy\" decoding=\"async\" class=\"alignnone size-full wp-image-5604\" src=\"https:\/\/elcotarro.com\/wp-content\/uploads\/2018\/06\/FOTO-3.-GRADUACIO\u0301N-ESM.jpg\" alt=\"FOTO 3.- GRADUACIO\u0301N ESM\" width=\"2000\" height=\"1335\" srcset=\"https:\/\/elcotarro.com\/wp-content\/uploads\/2018\/06\/FOTO-3.-GRADUACIO\u0301N-ESM.jpg 2000w, https:\/\/elcotarro.com\/wp-content\/uploads\/2018\/06\/FOTO-3.-GRADUACIO\u0301N-ESM-300x200.jpg 300w, https:\/\/elcotarro.com\/wp-content\/uploads\/2018\/06\/FOTO-3.-GRADUACIO\u0301N-ESM-1024x684.jpg 1024w\" sizes=\"auto, (max-width: 2000px) 100vw, 2000px\" \/><\/a><\/p>\n<p style=\"text-align: center\"><em>Foto de la 24\u00aa Promoci\u00f3n ESM. En la mesa, de Izda. a Dcha.: Emilio Ati\u00e9nzar (viceconsejero de Empleo), Bernard Lonis (presidente de ESM), Amid Ach\u00ed (padrino de la promoci\u00f3n) y Teresa Glez. de Ch\u00e1varri (directora de ESM)<\/em><\/p>\n","protected":false},"excerpt":{"rendered":"<p>Cuando un empresario de \u00e9xito se convierte en ejemplo para los dem\u00e1s, lo es mucho m\u00e1s para los alumnas y alumnas que culminan su carrera en el \u00e1mbito de la empresa y la emprendedur\u00eda. Este es el caso del gran empresario Amid Ach\u00ed Fadul, presidente del Grupo N\u00ba1, quien ha sido invitado a ser padrino &#8230; <a class=\"read-more\" href=\"https:\/\/elcotarro.com\/?p=5603\">Read more<\/a><\/p>\n","protected":false},"author":2,"featured_media":0,"comment_status":"open","ping_status":"open","sticky":false,"template":"","format":"standard","meta":{"_jetpack_memberships_contains_paid_content":false,"footnotes":""},"categories":[1],"tags":[],"class_list":["post-5603","post","type-post","status-publish","format-standard","hentry","category-sin-categoria"],"yoast_head":"<!-- This site is optimized with the Yoast SEO plugin v27.0 - https:\/\/yoast.com\/product\/yoast-seo-wordpress\/ -->\n<title>AMID, PADRINO DE LA PROMOCI\u00d3N ESM - El Cotarro<\/title>\n<meta name=\"robots\" content=\"index, follow, max-snippet:-1, max-image-preview:large, max-video-preview:-1\" \/>\n<link rel=\"canonical\" href=\"https:\/\/elcotarro.com\/?p=5603\" \/>\n<meta property=\"og:locale\" content=\"es_ES\" \/>\n<meta property=\"og:type\" content=\"article\" \/>\n<meta property=\"og:title\" content=\"AMID, PADRINO DE LA PROMOCI\u00d3N ESM - El Cotarro\" \/>\n<meta property=\"og:description\" content=\"Cuando un empresario de \u00e9xito se convierte en ejemplo para los dem\u00e1s, lo es mucho m\u00e1s para los alumnas y alumnas que culminan su carrera en el \u00e1mbito de la empresa y la emprendedur\u00eda. Este es el caso del gran empresario Amid Ach\u00ed Fadul, presidente del Grupo N\u00ba1, quien ha sido invitado a ser padrino ... Read more\" \/>\n<meta property=\"og:url\" content=\"https:\/\/elcotarro.com\/?p=5603\" \/>\n<meta property=\"og:site_name\" content=\"El Cotarro\" \/>\n<meta property=\"article:publisher\" content=\"https:\/\/www.facebook.com\/ElCotarro.Tenerife\" \/>\n<meta property=\"article:published_time\" content=\"2018-07-01T10:04:22+00:00\" \/>\n<meta name=\"author\" content=\"Jos\u00e9 Carlos Marrero Gonz\u00e1lez\" \/>\n<meta name=\"twitter:label1\" content=\"Escrito por\" \/>\n\t<meta name=\"twitter:data1\" content=\"Jos\u00e9 Carlos Marrero Gonz\u00e1lez\" \/>\n\t<meta name=\"twitter:label2\" content=\"Tiempo de lectura\" \/>\n\t<meta name=\"twitter:data2\" content=\"1 minuto\" \/>\n<script type=\"application\/ld+json\" class=\"yoast-schema-graph\">{\"@context\":\"https:\/\/schema.org\",\"@graph\":[{\"@type\":\"Article\",\"@id\":\"https:\/\/elcotarro.com\/?p=5603#article\",\"isPartOf\":{\"@id\":\"https:\/\/elcotarro.com\/?p=5603\"},\"author\":{\"name\":\"Jos\u00e9 Carlos Marrero Gonz\u00e1lez\",\"@id\":\"https:\/\/elcotarro.com\/#\/schema\/person\/af537ee7d60d15984c7e0affcd8a918b\"},\"headline\":\"AMID, PADRINO DE LA PROMOCI\u00d3N ESM\",\"datePublished\":\"2018-07-01T10:04:22+00:00\",\"mainEntityOfPage\":{\"@id\":\"https:\/\/elcotarro.com\/?p=5603\"},\"wordCount\":278,\"commentCount\":0,\"publisher\":{\"@id\":\"https:\/\/elcotarro.com\/#organization\"},\"inLanguage\":\"es\",\"potentialAction\":[{\"@type\":\"CommentAction\",\"name\":\"Comment\",\"target\":[\"https:\/\/elcotarro.com\/?p=5603#respond\"]}]},{\"@type\":\"WebPage\",\"@id\":\"https:\/\/elcotarro.com\/?p=5603\",\"url\":\"https:\/\/elcotarro.com\/?p=5603\",\"name\":\"AMID, PADRINO DE LA PROMOCI\u00d3N ESM - El Cotarro\",\"isPartOf\":{\"@id\":\"https:\/\/elcotarro.com\/#website\"},\"datePublished\":\"2018-07-01T10:04:22+00:00\",\"breadcrumb\":{\"@id\":\"https:\/\/elcotarro.com\/?p=5603#breadcrumb\"},\"inLanguage\":\"es\",\"potentialAction\":[{\"@type\":\"ReadAction\",\"target\":[\"https:\/\/elcotarro.com\/?p=5603\"]}]},{\"@type\":\"BreadcrumbList\",\"@id\":\"https:\/\/elcotarro.com\/?p=5603#breadcrumb\",\"itemListElement\":[{\"@type\":\"ListItem\",\"position\":1,\"name\":\"Portada\",\"item\":\"https:\/\/elcotarro.com\/\"},{\"@type\":\"ListItem\",\"position\":2,\"name\":\"AMID, PADRINO DE LA PROMOCI\u00d3N ESM\"}]},{\"@type\":\"WebSite\",\"@id\":\"https:\/\/elcotarro.com\/#website\",\"url\":\"https:\/\/elcotarro.com\/\",\"name\":\"El Cotarro\",\"description\":\"Peri\u00f3dico Digital Independiente dirigido por Jos\u00e9 Carlos Marrero\",\"publisher\":{\"@id\":\"https:\/\/elcotarro.com\/#organization\"},\"potentialAction\":[{\"@type\":\"SearchAction\",\"target\":{\"@type\":\"EntryPoint\",\"urlTemplate\":\"https:\/\/elcotarro.com\/?s={search_term_string}\"},\"query-input\":{\"@type\":\"PropertyValueSpecification\",\"valueRequired\":true,\"valueName\":\"search_term_string\"}}],\"inLanguage\":\"es\"},{\"@type\":\"Organization\",\"@id\":\"https:\/\/elcotarro.com\/#organization\",\"name\":\"El Cotarro\",\"url\":\"https:\/\/elcotarro.com\/\",\"logo\":{\"@type\":\"ImageObject\",\"inLanguage\":\"es\",\"@id\":\"https:\/\/elcotarro.com\/#\/schema\/logo\/image\/\",\"url\":\"https:\/\/elcotarro.com\/wp-content\/uploads\/2014\/09\/Cabecera_El_Cotarro_v2.jpg\",\"contentUrl\":\"https:\/\/elcotarro.com\/wp-content\/uploads\/2014\/09\/Cabecera_El_Cotarro_v2.jpg\",\"width\":3540,\"height\":441,\"caption\":\"El Cotarro\"},\"image\":{\"@id\":\"https:\/\/elcotarro.com\/#\/schema\/logo\/image\/\"},\"sameAs\":[\"https:\/\/www.facebook.com\/ElCotarro.Tenerife\"]},{\"@type\":\"Person\",\"@id\":\"https:\/\/elcotarro.com\/#\/schema\/person\/af537ee7d60d15984c7e0affcd8a918b\",\"name\":\"Jos\u00e9 Carlos Marrero Gonz\u00e1lez\",\"image\":{\"@type\":\"ImageObject\",\"inLanguage\":\"es\",\"@id\":\"https:\/\/elcotarro.com\/#\/schema\/person\/image\/\",\"url\":\"https:\/\/secure.gravatar.com\/avatar\/def4da036efb5d32c74d49c351f6dccc064dd69ad9f3aadc295c5a9a5391ca01?s=96&d=mm&r=g\",\"contentUrl\":\"https:\/\/secure.gravatar.com\/avatar\/def4da036efb5d32c74d49c351f6dccc064dd69ad9f3aadc295c5a9a5391ca01?s=96&d=mm&r=g\",\"caption\":\"Jos\u00e9 Carlos Marrero Gonz\u00e1lez\"},\"sameAs\":[\"https:\/\/elcotarro.com\"],\"url\":\"https:\/\/elcotarro.com\/?author=2\"}]}<\/script>\n<!-- \/ Yoast SEO plugin. -->","yoast_head_json":{"title":"AMID, PADRINO DE LA PROMOCI\u00d3N ESM - El Cotarro","robots":{"index":"index","follow":"follow","max-snippet":"max-snippet:-1","max-image-preview":"max-image-preview:large","max-video-preview":"max-video-preview:-1"},"canonical":"https:\/\/elcotarro.com\/?p=5603","og_locale":"es_ES","og_type":"article","og_title":"AMID, PADRINO DE LA PROMOCI\u00d3N ESM - El Cotarro","og_description":"Cuando un empresario de \u00e9xito se convierte en ejemplo para los dem\u00e1s, lo es mucho m\u00e1s para los alumnas y alumnas que culminan su carrera en el \u00e1mbito de la empresa y la emprendedur\u00eda. Este es el caso del gran empresario Amid Ach\u00ed Fadul, presidente del Grupo N\u00ba1, quien ha sido invitado a ser padrino ... Read more","og_url":"https:\/\/elcotarro.com\/?p=5603","og_site_name":"El Cotarro","article_publisher":"https:\/\/www.facebook.com\/ElCotarro.Tenerife","article_published_time":"2018-07-01T10:04:22+00:00","author":"Jos\u00e9 Carlos Marrero Gonz\u00e1lez","twitter_misc":{"Escrito por":"Jos\u00e9 Carlos Marrero Gonz\u00e1lez","Tiempo de lectura":"1 minuto"},"schema":{"@context":"https:\/\/schema.org","@graph":[{"@type":"Article","@id":"https:\/\/elcotarro.com\/?p=5603#article","isPartOf":{"@id":"https:\/\/elcotarro.com\/?p=5603"},"author":{"name":"Jos\u00e9 Carlos Marrero Gonz\u00e1lez","@id":"https:\/\/elcotarro.com\/#\/schema\/person\/af537ee7d60d15984c7e0affcd8a918b"},"headline":"AMID, PADRINO DE LA PROMOCI\u00d3N ESM","datePublished":"2018-07-01T10:04:22+00:00","mainEntityOfPage":{"@id":"https:\/\/elcotarro.com\/?p=5603"},"wordCount":278,"commentCount":0,"publisher":{"@id":"https:\/\/elcotarro.com\/#organization"},"inLanguage":"es","potentialAction":[{"@type":"CommentAction","name":"Comment","target":["https:\/\/elcotarro.com\/?p=5603#respond"]}]},{"@type":"WebPage","@id":"https:\/\/elcotarro.com\/?p=5603","url":"https:\/\/elcotarro.com\/?p=5603","name":"AMID, PADRINO DE LA PROMOCI\u00d3N ESM - El Cotarro","isPartOf":{"@id":"https:\/\/elcotarro.com\/#website"},"datePublished":"2018-07-01T10:04:22+00:00","breadcrumb":{"@id":"https:\/\/elcotarro.com\/?p=5603#breadcrumb"},"inLanguage":"es","potentialAction":[{"@type":"ReadAction","target":["https:\/\/elcotarro.com\/?p=5603"]}]},{"@type":"BreadcrumbList","@id":"https:\/\/elcotarro.com\/?p=5603#breadcrumb","itemListElement":[{"@type":"ListItem","position":1,"name":"Portada","item":"https:\/\/elcotarro.com\/"},{"@type":"ListItem","position":2,"name":"AMID, PADRINO DE LA PROMOCI\u00d3N ESM"}]},{"@type":"WebSite","@id":"https:\/\/elcotarro.com\/#website","url":"https:\/\/elcotarro.com\/","name":"El Cotarro","description":"Peri\u00f3dico Digital Independiente dirigido por Jos\u00e9 Carlos Marrero","publisher":{"@id":"https:\/\/elcotarro.com\/#organization"},"potentialAction":[{"@type":"SearchAction","target":{"@type":"EntryPoint","urlTemplate":"https:\/\/elcotarro.com\/?s={search_term_string}"},"query-input":{"@type":"PropertyValueSpecification","valueRequired":true,"valueName":"search_term_string"}}],"inLanguage":"es"},{"@type":"Organization","@id":"https:\/\/elcotarro.com\/#organization","name":"El Cotarro","url":"https:\/\/elcotarro.com\/","logo":{"@type":"ImageObject","inLanguage":"es","@id":"https:\/\/elcotarro.com\/#\/schema\/logo\/image\/","url":"https:\/\/elcotarro.com\/wp-content\/uploads\/2014\/09\/Cabecera_El_Cotarro_v2.jpg","contentUrl":"https:\/\/elcotarro.com\/wp-content\/uploads\/2014\/09\/Cabecera_El_Cotarro_v2.jpg","width":3540,"height":441,"caption":"El Cotarro"},"image":{"@id":"https:\/\/elcotarro.com\/#\/schema\/logo\/image\/"},"sameAs":["https:\/\/www.facebook.com\/ElCotarro.Tenerife"]},{"@type":"Person","@id":"https:\/\/elcotarro.com\/#\/schema\/person\/af537ee7d60d15984c7e0affcd8a918b","name":"Jos\u00e9 Carlos Marrero Gonz\u00e1lez","image":{"@type":"ImageObject","inLanguage":"es","@id":"https:\/\/elcotarro.com\/#\/schema\/person\/image\/","url":"https:\/\/secure.gravatar.com\/avatar\/def4da036efb5d32c74d49c351f6dccc064dd69ad9f3aadc295c5a9a5391ca01?s=96&d=mm&r=g","contentUrl":"https:\/\/secure.gravatar.com\/avatar\/def4da036efb5d32c74d49c351f6dccc064dd69ad9f3aadc295c5a9a5391ca01?s=96&d=mm&r=g","caption":"Jos\u00e9 Carlos Marrero Gonz\u00e1lez"},"sameAs":["https:\/\/elcotarro.com"],"url":"https:\/\/elcotarro.com\/?author=2"}]}},"jetpack_featured_media_url":"","jetpack_sharing_enabled":true,"_links":{"self":[{"href":"https:\/\/elcotarro.com\/index.php?rest_route=\/wp\/v2\/posts\/5603","targetHints":{"allow":["GET"]}}],"collection":[{"href":"https:\/\/elcotarro.com\/index.php?rest_route=\/wp\/v2\/posts"}],"about":[{"href":"https:\/\/elcotarro.com\/index.php?rest_route=\/wp\/v2\/types\/post"}],"author":[{"embeddable":true,"href":"https:\/\/elcotarro.com\/index.php?rest_route=\/wp\/v2\/users\/2"}],"replies":[{"embeddable":true,"href":"https:\/\/elcotarro.com\/index.php?rest_route=%2Fwp%2Fv2%2Fcomments&post=5603"}],"version-history":[{"count":1,"href":"https:\/\/elcotarro.com\/index.php?rest_route=\/wp\/v2\/posts\/5603\/revisions"}],"predecessor-version":[{"id":5605,"href":"https:\/\/elcotarro.com\/index.php?rest_route=\/wp\/v2\/posts\/5603\/revisions\/5605"}],"wp:attachment":[{"href":"https:\/\/elcotarro.com\/index.php?rest_route=%2Fwp%2Fv2%2Fmedia&parent=5603"}],"wp:term":[{"taxonomy":"category","embeddable":true,"href":"https:\/\/elcotarro.com\/index.php?rest_route=%2Fwp%2Fv2%2Fcategories&post=5603"},{"taxonomy":"post_tag","embeddable":true,"href":"https:\/\/elcotarro.com\/index.php?rest_route=%2Fwp%2Fv2%2Ftags&post=5603"}],"curies":[{"name":"wp","href":"https:\/\/api.w.org\/{rel}","templated":true}]}}