{"id":5606,"date":"2018-07-01T11:03:12","date_gmt":"2018-07-01T10:03:12","guid":{"rendered":"https:\/\/elcotarro.com\/?p=5606"},"modified":"2018-06-30T22:37:25","modified_gmt":"2018-06-30T21:37:25","slug":"jesus-vallejo-sabrosea-en-tenerife","status":"publish","type":"post","link":"https:\/\/elcotarro.com\/?p=5606","title":{"rendered":"JES\u00daS VALLEJO SABROSEA EN TENERIFE"},"content":{"rendered":"<p>Mientras el Mundial de Rusia 2018 sigue su camino, los futbolistas de \u00e9lite espa\u00f1oles disfrutan de sus vacaciones de la mejor manera. Este es el caso del jugador del Real Madrid, <strong>Jes\u00fas Vallejo<\/strong>, quien, junto a su encantadora novia, <strong>Mar\u00eda Delgado<\/strong>, eligi\u00f3 para descansar nuestra isla de Tenerife. M\u00e1s concretamente, el defensa madridista eligi\u00f3 para alojarse el Gran Hotel Bot\u00e1nico del Puerto de la Cruz y, en el apartado gastron\u00f3mico, <strong>Jes\u00fas Vallejo<\/strong> y su novia decidieron disfrutar de una rom\u00e1ntica y sabrosa cena en el Brunelli\u2019s Steak-House. Tanto el hotel Bot\u00e1nico como el Brunelli\u2019s, pertenecen al grupo Loro Parque-Siam Park, que preside el empresario <strong>Wolfgang Kiessling<\/strong>.<\/p>\n<p style=\"text-align: center\"><a href=\"https:\/\/elcotarro.com\/wp-content\/uploads\/2018\/06\/FOTO-4.-VALLEJO-EN-BRUNELLIS.jpeg\"><img loading=\"lazy\" decoding=\"async\" class=\"alignnone size-full wp-image-5607\" src=\"https:\/\/elcotarro.com\/wp-content\/uploads\/2018\/06\/FOTO-4.-VALLEJO-EN-BRUNELLIS.jpeg\" alt=\"FOTO 4.- VALLEJO EN BRUNELLI'S\" width=\"1328\" height=\"747\" srcset=\"https:\/\/elcotarro.com\/wp-content\/uploads\/2018\/06\/FOTO-4.-VALLEJO-EN-BRUNELLIS.jpeg 1328w, https:\/\/elcotarro.com\/wp-content\/uploads\/2018\/06\/FOTO-4.-VALLEJO-EN-BRUNELLIS-300x169.jpeg 300w, https:\/\/elcotarro.com\/wp-content\/uploads\/2018\/06\/FOTO-4.-VALLEJO-EN-BRUNELLIS-1024x576.jpeg 1024w\" sizes=\"auto, (max-width: 1328px) 100vw, 1328px\" \/><\/a><\/p>\n<p style=\"text-align: center\"><em>Jes\u00fas Vallejo (2\u00ba por la izquierda) junto a su novia Carmen (d) posando con parte del equipo del Brunelli\u2019s. En el centro el chef Juan Carlos Hern\u00e1ndez y justo detr\u00e1s de \u00e9l, Elena Mart\u00ednez Ortiz, encargada y jefa de Sala.<\/em><\/p>\n","protected":false},"excerpt":{"rendered":"<p>Mientras el Mundial de Rusia 2018 sigue su camino, los futbolistas de \u00e9lite espa\u00f1oles disfrutan de sus vacaciones de la mejor manera. Este es el caso del jugador del Real Madrid, Jes\u00fas Vallejo, quien, junto a su encantadora novia, Mar\u00eda Delgado, eligi\u00f3 para descansar nuestra isla de Tenerife. M\u00e1s concretamente, el defensa madridista eligi\u00f3 para &#8230; <a class=\"read-more\" href=\"https:\/\/elcotarro.com\/?p=5606\">Read more<\/a><\/p>\n","protected":false},"author":2,"featured_media":0,"comment_status":"open","ping_status":"open","sticky":false,"template":"","format":"standard","meta":{"_jetpack_memberships_contains_paid_content":false,"footnotes":""},"categories":[1],"tags":[],"class_list":["post-5606","post","type-post","status-publish","format-standard","hentry","category-sin-categoria"],"yoast_head":"<!-- This site is optimized with the Yoast SEO plugin v27.0 - https:\/\/yoast.com\/product\/yoast-seo-wordpress\/ -->\n<title>JES\u00daS VALLEJO SABROSEA EN TENERIFE - El Cotarro<\/title>\n<meta name=\"robots\" content=\"index, follow, max-snippet:-1, max-image-preview:large, max-video-preview:-1\" \/>\n<link rel=\"canonical\" href=\"https:\/\/elcotarro.com\/?p=5606\" \/>\n<meta property=\"og:locale\" content=\"es_ES\" \/>\n<meta property=\"og:type\" content=\"article\" \/>\n<meta property=\"og:title\" content=\"JES\u00daS VALLEJO SABROSEA EN TENERIFE - El Cotarro\" \/>\n<meta property=\"og:description\" content=\"Mientras el Mundial de Rusia 2018 sigue su camino, los futbolistas de \u00e9lite espa\u00f1oles disfrutan de sus vacaciones de la mejor manera. Este es el caso del jugador del Real Madrid, Jes\u00fas Vallejo, quien, junto a su encantadora novia, Mar\u00eda Delgado, eligi\u00f3 para descansar nuestra isla de Tenerife. M\u00e1s concretamente, el defensa madridista eligi\u00f3 para ... Read more\" \/>\n<meta property=\"og:url\" content=\"https:\/\/elcotarro.com\/?p=5606\" \/>\n<meta property=\"og:site_name\" content=\"El Cotarro\" \/>\n<meta property=\"article:publisher\" content=\"https:\/\/www.facebook.com\/ElCotarro.Tenerife\" \/>\n<meta property=\"article:published_time\" content=\"2018-07-01T10:03:12+00:00\" \/>\n<meta property=\"og:image\" content=\"https:\/\/elcotarro.com\/wp-content\/uploads\/2018\/06\/FOTO-4.-VALLEJO-EN-BRUNELLIS.jpeg\" \/>\n<meta name=\"author\" content=\"Jos\u00e9 Carlos Marrero Gonz\u00e1lez\" \/>\n<meta name=\"twitter:label1\" content=\"Escrito por\" \/>\n\t<meta name=\"twitter:data1\" content=\"Jos\u00e9 Carlos Marrero Gonz\u00e1lez\" \/>\n\t<meta name=\"twitter:label2\" content=\"Tiempo de lectura\" \/>\n\t<meta name=\"twitter:data2\" content=\"1 minuto\" \/>\n<script type=\"application\/ld+json\" class=\"yoast-schema-graph\">{\"@context\":\"https:\/\/schema.org\",\"@graph\":[{\"@type\":\"Article\",\"@id\":\"https:\/\/elcotarro.com\/?p=5606#article\",\"isPartOf\":{\"@id\":\"https:\/\/elcotarro.com\/?p=5606\"},\"author\":{\"name\":\"Jos\u00e9 Carlos Marrero Gonz\u00e1lez\",\"@id\":\"https:\/\/elcotarro.com\/#\/schema\/person\/af537ee7d60d15984c7e0affcd8a918b\"},\"headline\":\"JES\u00daS VALLEJO SABROSEA EN TENERIFE\",\"datePublished\":\"2018-07-01T10:03:12+00:00\",\"mainEntityOfPage\":{\"@id\":\"https:\/\/elcotarro.com\/?p=5606\"},\"wordCount\":166,\"commentCount\":0,\"publisher\":{\"@id\":\"https:\/\/elcotarro.com\/#organization\"},\"image\":{\"@id\":\"https:\/\/elcotarro.com\/?p=5606#primaryimage\"},\"thumbnailUrl\":\"https:\/\/elcotarro.com\/wp-content\/uploads\/2018\/06\/FOTO-4.-VALLEJO-EN-BRUNELLIS.jpeg\",\"inLanguage\":\"es\",\"potentialAction\":[{\"@type\":\"CommentAction\",\"name\":\"Comment\",\"target\":[\"https:\/\/elcotarro.com\/?p=5606#respond\"]}]},{\"@type\":\"WebPage\",\"@id\":\"https:\/\/elcotarro.com\/?p=5606\",\"url\":\"https:\/\/elcotarro.com\/?p=5606\",\"name\":\"JES\u00daS VALLEJO SABROSEA EN TENERIFE - El Cotarro\",\"isPartOf\":{\"@id\":\"https:\/\/elcotarro.com\/#website\"},\"primaryImageOfPage\":{\"@id\":\"https:\/\/elcotarro.com\/?p=5606#primaryimage\"},\"image\":{\"@id\":\"https:\/\/elcotarro.com\/?p=5606#primaryimage\"},\"thumbnailUrl\":\"https:\/\/elcotarro.com\/wp-content\/uploads\/2018\/06\/FOTO-4.-VALLEJO-EN-BRUNELLIS.jpeg\",\"datePublished\":\"2018-07-01T10:03:12+00:00\",\"breadcrumb\":{\"@id\":\"https:\/\/elcotarro.com\/?p=5606#breadcrumb\"},\"inLanguage\":\"es\",\"potentialAction\":[{\"@type\":\"ReadAction\",\"target\":[\"https:\/\/elcotarro.com\/?p=5606\"]}]},{\"@type\":\"ImageObject\",\"inLanguage\":\"es\",\"@id\":\"https:\/\/elcotarro.com\/?p=5606#primaryimage\",\"url\":\"https:\/\/elcotarro.com\/wp-content\/uploads\/2018\/06\/FOTO-4.-VALLEJO-EN-BRUNELLIS.jpeg\",\"contentUrl\":\"https:\/\/elcotarro.com\/wp-content\/uploads\/2018\/06\/FOTO-4.-VALLEJO-EN-BRUNELLIS.jpeg\",\"width\":1328,\"height\":747},{\"@type\":\"BreadcrumbList\",\"@id\":\"https:\/\/elcotarro.com\/?p=5606#breadcrumb\",\"itemListElement\":[{\"@type\":\"ListItem\",\"position\":1,\"name\":\"Portada\",\"item\":\"https:\/\/elcotarro.com\/\"},{\"@type\":\"ListItem\",\"position\":2,\"name\":\"JES\u00daS VALLEJO SABROSEA EN TENERIFE\"}]},{\"@type\":\"WebSite\",\"@id\":\"https:\/\/elcotarro.com\/#website\",\"url\":\"https:\/\/elcotarro.com\/\",\"name\":\"El Cotarro\",\"description\":\"Peri\u00f3dico Digital Independiente dirigido por Jos\u00e9 Carlos Marrero\",\"publisher\":{\"@id\":\"https:\/\/elcotarro.com\/#organization\"},\"potentialAction\":[{\"@type\":\"SearchAction\",\"target\":{\"@type\":\"EntryPoint\",\"urlTemplate\":\"https:\/\/elcotarro.com\/?s={search_term_string}\"},\"query-input\":{\"@type\":\"PropertyValueSpecification\",\"valueRequired\":true,\"valueName\":\"search_term_string\"}}],\"inLanguage\":\"es\"},{\"@type\":\"Organization\",\"@id\":\"https:\/\/elcotarro.com\/#organization\",\"name\":\"El Cotarro\",\"url\":\"https:\/\/elcotarro.com\/\",\"logo\":{\"@type\":\"ImageObject\",\"inLanguage\":\"es\",\"@id\":\"https:\/\/elcotarro.com\/#\/schema\/logo\/image\/\",\"url\":\"https:\/\/elcotarro.com\/wp-content\/uploads\/2014\/09\/Cabecera_El_Cotarro_v2.jpg\",\"contentUrl\":\"https:\/\/elcotarro.com\/wp-content\/uploads\/2014\/09\/Cabecera_El_Cotarro_v2.jpg\",\"width\":3540,\"height\":441,\"caption\":\"El Cotarro\"},\"image\":{\"@id\":\"https:\/\/elcotarro.com\/#\/schema\/logo\/image\/\"},\"sameAs\":[\"https:\/\/www.facebook.com\/ElCotarro.Tenerife\"]},{\"@type\":\"Person\",\"@id\":\"https:\/\/elcotarro.com\/#\/schema\/person\/af537ee7d60d15984c7e0affcd8a918b\",\"name\":\"Jos\u00e9 Carlos Marrero Gonz\u00e1lez\",\"image\":{\"@type\":\"ImageObject\",\"inLanguage\":\"es\",\"@id\":\"https:\/\/elcotarro.com\/#\/schema\/person\/image\/\",\"url\":\"https:\/\/secure.gravatar.com\/avatar\/def4da036efb5d32c74d49c351f6dccc064dd69ad9f3aadc295c5a9a5391ca01?s=96&d=mm&r=g\",\"contentUrl\":\"https:\/\/secure.gravatar.com\/avatar\/def4da036efb5d32c74d49c351f6dccc064dd69ad9f3aadc295c5a9a5391ca01?s=96&d=mm&r=g\",\"caption\":\"Jos\u00e9 Carlos Marrero Gonz\u00e1lez\"},\"sameAs\":[\"https:\/\/elcotarro.com\"],\"url\":\"https:\/\/elcotarro.com\/?author=2\"}]}<\/script>\n<!-- \/ Yoast SEO plugin. -->","yoast_head_json":{"title":"JES\u00daS VALLEJO SABROSEA EN TENERIFE - El Cotarro","robots":{"index":"index","follow":"follow","max-snippet":"max-snippet:-1","max-image-preview":"max-image-preview:large","max-video-preview":"max-video-preview:-1"},"canonical":"https:\/\/elcotarro.com\/?p=5606","og_locale":"es_ES","og_type":"article","og_title":"JES\u00daS VALLEJO SABROSEA EN TENERIFE - El Cotarro","og_description":"Mientras el Mundial de Rusia 2018 sigue su camino, los futbolistas de \u00e9lite espa\u00f1oles disfrutan de sus vacaciones de la mejor manera. Este es el caso del jugador del Real Madrid, Jes\u00fas Vallejo, quien, junto a su encantadora novia, Mar\u00eda Delgado, eligi\u00f3 para descansar nuestra isla de Tenerife. M\u00e1s concretamente, el defensa madridista eligi\u00f3 para ... Read more","og_url":"https:\/\/elcotarro.com\/?p=5606","og_site_name":"El Cotarro","article_publisher":"https:\/\/www.facebook.com\/ElCotarro.Tenerife","article_published_time":"2018-07-01T10:03:12+00:00","og_image":[{"url":"https:\/\/elcotarro.com\/wp-content\/uploads\/2018\/06\/FOTO-4.-VALLEJO-EN-BRUNELLIS.jpeg","type":"","width":"","height":""}],"author":"Jos\u00e9 Carlos Marrero Gonz\u00e1lez","twitter_misc":{"Escrito por":"Jos\u00e9 Carlos Marrero Gonz\u00e1lez","Tiempo de lectura":"1 minuto"},"schema":{"@context":"https:\/\/schema.org","@graph":[{"@type":"Article","@id":"https:\/\/elcotarro.com\/?p=5606#article","isPartOf":{"@id":"https:\/\/elcotarro.com\/?p=5606"},"author":{"name":"Jos\u00e9 Carlos Marrero Gonz\u00e1lez","@id":"https:\/\/elcotarro.com\/#\/schema\/person\/af537ee7d60d15984c7e0affcd8a918b"},"headline":"JES\u00daS VALLEJO SABROSEA EN TENERIFE","datePublished":"2018-07-01T10:03:12+00:00","mainEntityOfPage":{"@id":"https:\/\/elcotarro.com\/?p=5606"},"wordCount":166,"commentCount":0,"publisher":{"@id":"https:\/\/elcotarro.com\/#organization"},"image":{"@id":"https:\/\/elcotarro.com\/?p=5606#primaryimage"},"thumbnailUrl":"https:\/\/elcotarro.com\/wp-content\/uploads\/2018\/06\/FOTO-4.-VALLEJO-EN-BRUNELLIS.jpeg","inLanguage":"es","potentialAction":[{"@type":"CommentAction","name":"Comment","target":["https:\/\/elcotarro.com\/?p=5606#respond"]}]},{"@type":"WebPage","@id":"https:\/\/elcotarro.com\/?p=5606","url":"https:\/\/elcotarro.com\/?p=5606","name":"JES\u00daS VALLEJO SABROSEA EN TENERIFE - El Cotarro","isPartOf":{"@id":"https:\/\/elcotarro.com\/#website"},"primaryImageOfPage":{"@id":"https:\/\/elcotarro.com\/?p=5606#primaryimage"},"image":{"@id":"https:\/\/elcotarro.com\/?p=5606#primaryimage"},"thumbnailUrl":"https:\/\/elcotarro.com\/wp-content\/uploads\/2018\/06\/FOTO-4.-VALLEJO-EN-BRUNELLIS.jpeg","datePublished":"2018-07-01T10:03:12+00:00","breadcrumb":{"@id":"https:\/\/elcotarro.com\/?p=5606#breadcrumb"},"inLanguage":"es","potentialAction":[{"@type":"ReadAction","target":["https:\/\/elcotarro.com\/?p=5606"]}]},{"@type":"ImageObject","inLanguage":"es","@id":"https:\/\/elcotarro.com\/?p=5606#primaryimage","url":"https:\/\/elcotarro.com\/wp-content\/uploads\/2018\/06\/FOTO-4.-VALLEJO-EN-BRUNELLIS.jpeg","contentUrl":"https:\/\/elcotarro.com\/wp-content\/uploads\/2018\/06\/FOTO-4.-VALLEJO-EN-BRUNELLIS.jpeg","width":1328,"height":747},{"@type":"BreadcrumbList","@id":"https:\/\/elcotarro.com\/?p=5606#breadcrumb","itemListElement":[{"@type":"ListItem","position":1,"name":"Portada","item":"https:\/\/elcotarro.com\/"},{"@type":"ListItem","position":2,"name":"JES\u00daS VALLEJO SABROSEA EN TENERIFE"}]},{"@type":"WebSite","@id":"https:\/\/elcotarro.com\/#website","url":"https:\/\/elcotarro.com\/","name":"El Cotarro","description":"Peri\u00f3dico Digital Independiente dirigido por Jos\u00e9 Carlos Marrero","publisher":{"@id":"https:\/\/elcotarro.com\/#organization"},"potentialAction":[{"@type":"SearchAction","target":{"@type":"EntryPoint","urlTemplate":"https:\/\/elcotarro.com\/?s={search_term_string}"},"query-input":{"@type":"PropertyValueSpecification","valueRequired":true,"valueName":"search_term_string"}}],"inLanguage":"es"},{"@type":"Organization","@id":"https:\/\/elcotarro.com\/#organization","name":"El Cotarro","url":"https:\/\/elcotarro.com\/","logo":{"@type":"ImageObject","inLanguage":"es","@id":"https:\/\/elcotarro.com\/#\/schema\/logo\/image\/","url":"https:\/\/elcotarro.com\/wp-content\/uploads\/2014\/09\/Cabecera_El_Cotarro_v2.jpg","contentUrl":"https:\/\/elcotarro.com\/wp-content\/uploads\/2014\/09\/Cabecera_El_Cotarro_v2.jpg","width":3540,"height":441,"caption":"El Cotarro"},"image":{"@id":"https:\/\/elcotarro.com\/#\/schema\/logo\/image\/"},"sameAs":["https:\/\/www.facebook.com\/ElCotarro.Tenerife"]},{"@type":"Person","@id":"https:\/\/elcotarro.com\/#\/schema\/person\/af537ee7d60d15984c7e0affcd8a918b","name":"Jos\u00e9 Carlos Marrero Gonz\u00e1lez","image":{"@type":"ImageObject","inLanguage":"es","@id":"https:\/\/elcotarro.com\/#\/schema\/person\/image\/","url":"https:\/\/secure.gravatar.com\/avatar\/def4da036efb5d32c74d49c351f6dccc064dd69ad9f3aadc295c5a9a5391ca01?s=96&d=mm&r=g","contentUrl":"https:\/\/secure.gravatar.com\/avatar\/def4da036efb5d32c74d49c351f6dccc064dd69ad9f3aadc295c5a9a5391ca01?s=96&d=mm&r=g","caption":"Jos\u00e9 Carlos Marrero Gonz\u00e1lez"},"sameAs":["https:\/\/elcotarro.com"],"url":"https:\/\/elcotarro.com\/?author=2"}]}},"jetpack_featured_media_url":"","jetpack_sharing_enabled":true,"_links":{"self":[{"href":"https:\/\/elcotarro.com\/index.php?rest_route=\/wp\/v2\/posts\/5606","targetHints":{"allow":["GET"]}}],"collection":[{"href":"https:\/\/elcotarro.com\/index.php?rest_route=\/wp\/v2\/posts"}],"about":[{"href":"https:\/\/elcotarro.com\/index.php?rest_route=\/wp\/v2\/types\/post"}],"author":[{"embeddable":true,"href":"https:\/\/elcotarro.com\/index.php?rest_route=\/wp\/v2\/users\/2"}],"replies":[{"embeddable":true,"href":"https:\/\/elcotarro.com\/index.php?rest_route=%2Fwp%2Fv2%2Fcomments&post=5606"}],"version-history":[{"count":1,"href":"https:\/\/elcotarro.com\/index.php?rest_route=\/wp\/v2\/posts\/5606\/revisions"}],"predecessor-version":[{"id":5608,"href":"https:\/\/elcotarro.com\/index.php?rest_route=\/wp\/v2\/posts\/5606\/revisions\/5608"}],"wp:attachment":[{"href":"https:\/\/elcotarro.com\/index.php?rest_route=%2Fwp%2Fv2%2Fmedia&parent=5606"}],"wp:term":[{"taxonomy":"category","embeddable":true,"href":"https:\/\/elcotarro.com\/index.php?rest_route=%2Fwp%2Fv2%2Fcategories&post=5606"},{"taxonomy":"post_tag","embeddable":true,"href":"https:\/\/elcotarro.com\/index.php?rest_route=%2Fwp%2Fv2%2Ftags&post=5606"}],"curies":[{"name":"wp","href":"https:\/\/api.w.org\/{rel}","templated":true}]}}