{"id":5609,"date":"2018-07-01T11:02:37","date_gmt":"2018-07-01T10:02:37","guid":{"rendered":"https:\/\/elcotarro.com\/?p=5609"},"modified":"2018-06-30T22:41:58","modified_gmt":"2018-06-30T21:41:58","slug":"el-brunellis-no1-segun-tripadvisor","status":"publish","type":"post","link":"https:\/\/elcotarro.com\/?p=5609","title":{"rendered":"EL BRUNELLI\u2019S N\u00ba1 SEG\u00daN TRIPADVISOR"},"content":{"rendered":"<p>Hay que rese\u00f1ar, por cierto, que esta pasada semana el restaurante Brunelli\u2019s acaba de ser calificado por el portal TripAdvisor como \u201cel mejor restaurante de carnes de Tenerife\u201d. El defensa del Real Madrid, <strong>Jes\u00fas Vallejo<\/strong> lo pudo comprobar. Debidamente asesorado por la encargada y gran jefa de sala del Brunelli\u2019s, <strong>Elena Mart\u00ednez Ortiz<\/strong>, el madridista <strong>Jes\u00fas Vallejo<\/strong> y <strong>Mar\u00eda Delgado<\/strong> decidieron degustar como plato principal un espectacular solomillo de ternera rubia gallega, madurado 40 d\u00edas, que el jefe de cocina del restaurante, <strong>Juan Carlos Hern\u00e1ndez,<\/strong> les prepar\u00f3 al punto. Una velada para no olvidar, con impresionantes vistas al mar.<\/p>\n<p style=\"text-align: center\"><a href=\"https:\/\/elcotarro.com\/wp-content\/uploads\/2018\/06\/FOTO-5.-BRUNELLIS-COMEDOR.jpg\"><img loading=\"lazy\" decoding=\"async\" class=\"alignnone size-full wp-image-5610\" src=\"https:\/\/elcotarro.com\/wp-content\/uploads\/2018\/06\/FOTO-5.-BRUNELLIS-COMEDOR.jpg\" alt=\"FOTO 5.- BRUNELLI'S COMEDOR\" width=\"1280\" height=\"853\" srcset=\"https:\/\/elcotarro.com\/wp-content\/uploads\/2018\/06\/FOTO-5.-BRUNELLIS-COMEDOR.jpg 1280w, https:\/\/elcotarro.com\/wp-content\/uploads\/2018\/06\/FOTO-5.-BRUNELLIS-COMEDOR-300x200.jpg 300w, https:\/\/elcotarro.com\/wp-content\/uploads\/2018\/06\/FOTO-5.-BRUNELLIS-COMEDOR-1024x682.jpg 1024w\" sizes=\"auto, (max-width: 1280px) 100vw, 1280px\" \/><\/a><\/p>\n<p style=\"text-align: center\"><em>Panor\u00e1mica del comedor del Brunelli\u2019s con la impresionante cristalera al fondo, que ofrece a la clientela unas espectaculares vistas al mar del norte de Tenerife.<\/em><\/p>\n","protected":false},"excerpt":{"rendered":"<p>Hay que rese\u00f1ar, por cierto, que esta pasada semana el restaurante Brunelli\u2019s acaba de ser calificado por el portal TripAdvisor como \u201cel mejor restaurante de carnes de Tenerife\u201d. El defensa del Real Madrid, Jes\u00fas Vallejo lo pudo comprobar. Debidamente asesorado por la encargada y gran jefa de sala del Brunelli\u2019s, Elena Mart\u00ednez Ortiz, el madridista &#8230; <a class=\"read-more\" href=\"https:\/\/elcotarro.com\/?p=5609\">Read more<\/a><\/p>\n","protected":false},"author":2,"featured_media":0,"comment_status":"open","ping_status":"open","sticky":false,"template":"","format":"standard","meta":{"_jetpack_memberships_contains_paid_content":false,"footnotes":""},"categories":[1],"tags":[],"class_list":["post-5609","post","type-post","status-publish","format-standard","hentry","category-sin-categoria"],"yoast_head":"<!-- This site is optimized with the Yoast SEO plugin v27.0 - https:\/\/yoast.com\/product\/yoast-seo-wordpress\/ -->\n<title>EL BRUNELLI\u2019S N\u00ba1 SEG\u00daN TRIPADVISOR - El Cotarro<\/title>\n<meta name=\"robots\" content=\"index, follow, max-snippet:-1, max-image-preview:large, max-video-preview:-1\" \/>\n<link rel=\"canonical\" href=\"https:\/\/elcotarro.com\/?p=5609\" \/>\n<meta property=\"og:locale\" content=\"es_ES\" \/>\n<meta property=\"og:type\" content=\"article\" \/>\n<meta property=\"og:title\" content=\"EL BRUNELLI\u2019S N\u00ba1 SEG\u00daN TRIPADVISOR - El Cotarro\" \/>\n<meta property=\"og:description\" content=\"Hay que rese\u00f1ar, por cierto, que esta pasada semana el restaurante Brunelli\u2019s acaba de ser calificado por el portal TripAdvisor como \u201cel mejor restaurante de carnes de Tenerife\u201d. El defensa del Real Madrid, Jes\u00fas Vallejo lo pudo comprobar. Debidamente asesorado por la encargada y gran jefa de sala del Brunelli\u2019s, Elena Mart\u00ednez Ortiz, el madridista ... Read more\" \/>\n<meta property=\"og:url\" content=\"https:\/\/elcotarro.com\/?p=5609\" \/>\n<meta property=\"og:site_name\" content=\"El Cotarro\" \/>\n<meta property=\"article:publisher\" content=\"https:\/\/www.facebook.com\/ElCotarro.Tenerife\" \/>\n<meta property=\"article:published_time\" content=\"2018-07-01T10:02:37+00:00\" \/>\n<meta property=\"og:image\" content=\"https:\/\/elcotarro.com\/wp-content\/uploads\/2018\/06\/FOTO-5.-BRUNELLIS-COMEDOR.jpg\" \/>\n<meta name=\"author\" content=\"Jos\u00e9 Carlos Marrero Gonz\u00e1lez\" \/>\n<meta name=\"twitter:label1\" content=\"Escrito por\" \/>\n\t<meta name=\"twitter:data1\" content=\"Jos\u00e9 Carlos Marrero Gonz\u00e1lez\" \/>\n\t<meta name=\"twitter:label2\" content=\"Tiempo de lectura\" \/>\n\t<meta name=\"twitter:data2\" content=\"1 minuto\" \/>\n<script type=\"application\/ld+json\" class=\"yoast-schema-graph\">{\"@context\":\"https:\/\/schema.org\",\"@graph\":[{\"@type\":\"Article\",\"@id\":\"https:\/\/elcotarro.com\/?p=5609#article\",\"isPartOf\":{\"@id\":\"https:\/\/elcotarro.com\/?p=5609\"},\"author\":{\"name\":\"Jos\u00e9 Carlos Marrero Gonz\u00e1lez\",\"@id\":\"https:\/\/elcotarro.com\/#\/schema\/person\/af537ee7d60d15984c7e0affcd8a918b\"},\"headline\":\"EL BRUNELLI\u2019S N\u00ba1 SEG\u00daN TRIPADVISOR\",\"datePublished\":\"2018-07-01T10:02:37+00:00\",\"mainEntityOfPage\":{\"@id\":\"https:\/\/elcotarro.com\/?p=5609\"},\"wordCount\":141,\"commentCount\":0,\"publisher\":{\"@id\":\"https:\/\/elcotarro.com\/#organization\"},\"image\":{\"@id\":\"https:\/\/elcotarro.com\/?p=5609#primaryimage\"},\"thumbnailUrl\":\"https:\/\/elcotarro.com\/wp-content\/uploads\/2018\/06\/FOTO-5.-BRUNELLIS-COMEDOR.jpg\",\"inLanguage\":\"es\",\"potentialAction\":[{\"@type\":\"CommentAction\",\"name\":\"Comment\",\"target\":[\"https:\/\/elcotarro.com\/?p=5609#respond\"]}]},{\"@type\":\"WebPage\",\"@id\":\"https:\/\/elcotarro.com\/?p=5609\",\"url\":\"https:\/\/elcotarro.com\/?p=5609\",\"name\":\"EL BRUNELLI\u2019S N\u00ba1 SEG\u00daN TRIPADVISOR - El Cotarro\",\"isPartOf\":{\"@id\":\"https:\/\/elcotarro.com\/#website\"},\"primaryImageOfPage\":{\"@id\":\"https:\/\/elcotarro.com\/?p=5609#primaryimage\"},\"image\":{\"@id\":\"https:\/\/elcotarro.com\/?p=5609#primaryimage\"},\"thumbnailUrl\":\"https:\/\/elcotarro.com\/wp-content\/uploads\/2018\/06\/FOTO-5.-BRUNELLIS-COMEDOR.jpg\",\"datePublished\":\"2018-07-01T10:02:37+00:00\",\"breadcrumb\":{\"@id\":\"https:\/\/elcotarro.com\/?p=5609#breadcrumb\"},\"inLanguage\":\"es\",\"potentialAction\":[{\"@type\":\"ReadAction\",\"target\":[\"https:\/\/elcotarro.com\/?p=5609\"]}]},{\"@type\":\"ImageObject\",\"inLanguage\":\"es\",\"@id\":\"https:\/\/elcotarro.com\/?p=5609#primaryimage\",\"url\":\"https:\/\/elcotarro.com\/wp-content\/uploads\/2018\/06\/FOTO-5.-BRUNELLIS-COMEDOR.jpg\",\"contentUrl\":\"https:\/\/elcotarro.com\/wp-content\/uploads\/2018\/06\/FOTO-5.-BRUNELLIS-COMEDOR.jpg\",\"width\":1280,\"height\":853},{\"@type\":\"BreadcrumbList\",\"@id\":\"https:\/\/elcotarro.com\/?p=5609#breadcrumb\",\"itemListElement\":[{\"@type\":\"ListItem\",\"position\":1,\"name\":\"Portada\",\"item\":\"https:\/\/elcotarro.com\/\"},{\"@type\":\"ListItem\",\"position\":2,\"name\":\"EL BRUNELLI\u2019S N\u00ba1 SEG\u00daN TRIPADVISOR\"}]},{\"@type\":\"WebSite\",\"@id\":\"https:\/\/elcotarro.com\/#website\",\"url\":\"https:\/\/elcotarro.com\/\",\"name\":\"El Cotarro\",\"description\":\"Peri\u00f3dico Digital Independiente dirigido por Jos\u00e9 Carlos Marrero\",\"publisher\":{\"@id\":\"https:\/\/elcotarro.com\/#organization\"},\"potentialAction\":[{\"@type\":\"SearchAction\",\"target\":{\"@type\":\"EntryPoint\",\"urlTemplate\":\"https:\/\/elcotarro.com\/?s={search_term_string}\"},\"query-input\":{\"@type\":\"PropertyValueSpecification\",\"valueRequired\":true,\"valueName\":\"search_term_string\"}}],\"inLanguage\":\"es\"},{\"@type\":\"Organization\",\"@id\":\"https:\/\/elcotarro.com\/#organization\",\"name\":\"El Cotarro\",\"url\":\"https:\/\/elcotarro.com\/\",\"logo\":{\"@type\":\"ImageObject\",\"inLanguage\":\"es\",\"@id\":\"https:\/\/elcotarro.com\/#\/schema\/logo\/image\/\",\"url\":\"https:\/\/elcotarro.com\/wp-content\/uploads\/2014\/09\/Cabecera_El_Cotarro_v2.jpg\",\"contentUrl\":\"https:\/\/elcotarro.com\/wp-content\/uploads\/2014\/09\/Cabecera_El_Cotarro_v2.jpg\",\"width\":3540,\"height\":441,\"caption\":\"El Cotarro\"},\"image\":{\"@id\":\"https:\/\/elcotarro.com\/#\/schema\/logo\/image\/\"},\"sameAs\":[\"https:\/\/www.facebook.com\/ElCotarro.Tenerife\"]},{\"@type\":\"Person\",\"@id\":\"https:\/\/elcotarro.com\/#\/schema\/person\/af537ee7d60d15984c7e0affcd8a918b\",\"name\":\"Jos\u00e9 Carlos Marrero Gonz\u00e1lez\",\"image\":{\"@type\":\"ImageObject\",\"inLanguage\":\"es\",\"@id\":\"https:\/\/elcotarro.com\/#\/schema\/person\/image\/\",\"url\":\"https:\/\/secure.gravatar.com\/avatar\/def4da036efb5d32c74d49c351f6dccc064dd69ad9f3aadc295c5a9a5391ca01?s=96&d=mm&r=g\",\"contentUrl\":\"https:\/\/secure.gravatar.com\/avatar\/def4da036efb5d32c74d49c351f6dccc064dd69ad9f3aadc295c5a9a5391ca01?s=96&d=mm&r=g\",\"caption\":\"Jos\u00e9 Carlos Marrero Gonz\u00e1lez\"},\"sameAs\":[\"https:\/\/elcotarro.com\"],\"url\":\"https:\/\/elcotarro.com\/?author=2\"}]}<\/script>\n<!-- \/ Yoast SEO plugin. -->","yoast_head_json":{"title":"EL BRUNELLI\u2019S N\u00ba1 SEG\u00daN TRIPADVISOR - El Cotarro","robots":{"index":"index","follow":"follow","max-snippet":"max-snippet:-1","max-image-preview":"max-image-preview:large","max-video-preview":"max-video-preview:-1"},"canonical":"https:\/\/elcotarro.com\/?p=5609","og_locale":"es_ES","og_type":"article","og_title":"EL BRUNELLI\u2019S N\u00ba1 SEG\u00daN TRIPADVISOR - El Cotarro","og_description":"Hay que rese\u00f1ar, por cierto, que esta pasada semana el restaurante Brunelli\u2019s acaba de ser calificado por el portal TripAdvisor como \u201cel mejor restaurante de carnes de Tenerife\u201d. El defensa del Real Madrid, Jes\u00fas Vallejo lo pudo comprobar. Debidamente asesorado por la encargada y gran jefa de sala del Brunelli\u2019s, Elena Mart\u00ednez Ortiz, el madridista ... Read more","og_url":"https:\/\/elcotarro.com\/?p=5609","og_site_name":"El Cotarro","article_publisher":"https:\/\/www.facebook.com\/ElCotarro.Tenerife","article_published_time":"2018-07-01T10:02:37+00:00","og_image":[{"url":"https:\/\/elcotarro.com\/wp-content\/uploads\/2018\/06\/FOTO-5.-BRUNELLIS-COMEDOR.jpg","type":"","width":"","height":""}],"author":"Jos\u00e9 Carlos Marrero Gonz\u00e1lez","twitter_misc":{"Escrito por":"Jos\u00e9 Carlos Marrero Gonz\u00e1lez","Tiempo de lectura":"1 minuto"},"schema":{"@context":"https:\/\/schema.org","@graph":[{"@type":"Article","@id":"https:\/\/elcotarro.com\/?p=5609#article","isPartOf":{"@id":"https:\/\/elcotarro.com\/?p=5609"},"author":{"name":"Jos\u00e9 Carlos Marrero Gonz\u00e1lez","@id":"https:\/\/elcotarro.com\/#\/schema\/person\/af537ee7d60d15984c7e0affcd8a918b"},"headline":"EL BRUNELLI\u2019S N\u00ba1 SEG\u00daN TRIPADVISOR","datePublished":"2018-07-01T10:02:37+00:00","mainEntityOfPage":{"@id":"https:\/\/elcotarro.com\/?p=5609"},"wordCount":141,"commentCount":0,"publisher":{"@id":"https:\/\/elcotarro.com\/#organization"},"image":{"@id":"https:\/\/elcotarro.com\/?p=5609#primaryimage"},"thumbnailUrl":"https:\/\/elcotarro.com\/wp-content\/uploads\/2018\/06\/FOTO-5.-BRUNELLIS-COMEDOR.jpg","inLanguage":"es","potentialAction":[{"@type":"CommentAction","name":"Comment","target":["https:\/\/elcotarro.com\/?p=5609#respond"]}]},{"@type":"WebPage","@id":"https:\/\/elcotarro.com\/?p=5609","url":"https:\/\/elcotarro.com\/?p=5609","name":"EL BRUNELLI\u2019S N\u00ba1 SEG\u00daN TRIPADVISOR - El Cotarro","isPartOf":{"@id":"https:\/\/elcotarro.com\/#website"},"primaryImageOfPage":{"@id":"https:\/\/elcotarro.com\/?p=5609#primaryimage"},"image":{"@id":"https:\/\/elcotarro.com\/?p=5609#primaryimage"},"thumbnailUrl":"https:\/\/elcotarro.com\/wp-content\/uploads\/2018\/06\/FOTO-5.-BRUNELLIS-COMEDOR.jpg","datePublished":"2018-07-01T10:02:37+00:00","breadcrumb":{"@id":"https:\/\/elcotarro.com\/?p=5609#breadcrumb"},"inLanguage":"es","potentialAction":[{"@type":"ReadAction","target":["https:\/\/elcotarro.com\/?p=5609"]}]},{"@type":"ImageObject","inLanguage":"es","@id":"https:\/\/elcotarro.com\/?p=5609#primaryimage","url":"https:\/\/elcotarro.com\/wp-content\/uploads\/2018\/06\/FOTO-5.-BRUNELLIS-COMEDOR.jpg","contentUrl":"https:\/\/elcotarro.com\/wp-content\/uploads\/2018\/06\/FOTO-5.-BRUNELLIS-COMEDOR.jpg","width":1280,"height":853},{"@type":"BreadcrumbList","@id":"https:\/\/elcotarro.com\/?p=5609#breadcrumb","itemListElement":[{"@type":"ListItem","position":1,"name":"Portada","item":"https:\/\/elcotarro.com\/"},{"@type":"ListItem","position":2,"name":"EL BRUNELLI\u2019S N\u00ba1 SEG\u00daN TRIPADVISOR"}]},{"@type":"WebSite","@id":"https:\/\/elcotarro.com\/#website","url":"https:\/\/elcotarro.com\/","name":"El Cotarro","description":"Peri\u00f3dico Digital Independiente dirigido por Jos\u00e9 Carlos Marrero","publisher":{"@id":"https:\/\/elcotarro.com\/#organization"},"potentialAction":[{"@type":"SearchAction","target":{"@type":"EntryPoint","urlTemplate":"https:\/\/elcotarro.com\/?s={search_term_string}"},"query-input":{"@type":"PropertyValueSpecification","valueRequired":true,"valueName":"search_term_string"}}],"inLanguage":"es"},{"@type":"Organization","@id":"https:\/\/elcotarro.com\/#organization","name":"El Cotarro","url":"https:\/\/elcotarro.com\/","logo":{"@type":"ImageObject","inLanguage":"es","@id":"https:\/\/elcotarro.com\/#\/schema\/logo\/image\/","url":"https:\/\/elcotarro.com\/wp-content\/uploads\/2014\/09\/Cabecera_El_Cotarro_v2.jpg","contentUrl":"https:\/\/elcotarro.com\/wp-content\/uploads\/2014\/09\/Cabecera_El_Cotarro_v2.jpg","width":3540,"height":441,"caption":"El Cotarro"},"image":{"@id":"https:\/\/elcotarro.com\/#\/schema\/logo\/image\/"},"sameAs":["https:\/\/www.facebook.com\/ElCotarro.Tenerife"]},{"@type":"Person","@id":"https:\/\/elcotarro.com\/#\/schema\/person\/af537ee7d60d15984c7e0affcd8a918b","name":"Jos\u00e9 Carlos Marrero Gonz\u00e1lez","image":{"@type":"ImageObject","inLanguage":"es","@id":"https:\/\/elcotarro.com\/#\/schema\/person\/image\/","url":"https:\/\/secure.gravatar.com\/avatar\/def4da036efb5d32c74d49c351f6dccc064dd69ad9f3aadc295c5a9a5391ca01?s=96&d=mm&r=g","contentUrl":"https:\/\/secure.gravatar.com\/avatar\/def4da036efb5d32c74d49c351f6dccc064dd69ad9f3aadc295c5a9a5391ca01?s=96&d=mm&r=g","caption":"Jos\u00e9 Carlos Marrero Gonz\u00e1lez"},"sameAs":["https:\/\/elcotarro.com"],"url":"https:\/\/elcotarro.com\/?author=2"}]}},"jetpack_featured_media_url":"","jetpack_sharing_enabled":true,"_links":{"self":[{"href":"https:\/\/elcotarro.com\/index.php?rest_route=\/wp\/v2\/posts\/5609","targetHints":{"allow":["GET"]}}],"collection":[{"href":"https:\/\/elcotarro.com\/index.php?rest_route=\/wp\/v2\/posts"}],"about":[{"href":"https:\/\/elcotarro.com\/index.php?rest_route=\/wp\/v2\/types\/post"}],"author":[{"embeddable":true,"href":"https:\/\/elcotarro.com\/index.php?rest_route=\/wp\/v2\/users\/2"}],"replies":[{"embeddable":true,"href":"https:\/\/elcotarro.com\/index.php?rest_route=%2Fwp%2Fv2%2Fcomments&post=5609"}],"version-history":[{"count":1,"href":"https:\/\/elcotarro.com\/index.php?rest_route=\/wp\/v2\/posts\/5609\/revisions"}],"predecessor-version":[{"id":5611,"href":"https:\/\/elcotarro.com\/index.php?rest_route=\/wp\/v2\/posts\/5609\/revisions\/5611"}],"wp:attachment":[{"href":"https:\/\/elcotarro.com\/index.php?rest_route=%2Fwp%2Fv2%2Fmedia&parent=5609"}],"wp:term":[{"taxonomy":"category","embeddable":true,"href":"https:\/\/elcotarro.com\/index.php?rest_route=%2Fwp%2Fv2%2Fcategories&post=5609"},{"taxonomy":"post_tag","embeddable":true,"href":"https:\/\/elcotarro.com\/index.php?rest_route=%2Fwp%2Fv2%2Ftags&post=5609"}],"curies":[{"name":"wp","href":"https:\/\/api.w.org\/{rel}","templated":true}]}}