{"id":5612,"date":"2018-07-01T11:01:02","date_gmt":"2018-07-01T10:01:02","guid":{"rendered":"https:\/\/elcotarro.com\/?p=5612"},"modified":"2018-06-30T22:48:58","modified_gmt":"2018-06-30T21:48:58","slug":"hoy-pedro-molina-hijo-predilecto","status":"publish","type":"post","link":"https:\/\/elcotarro.com\/?p=5612","title":{"rendered":"HOY, PEDRO MOLINA, \u00abHIJO PREDILECTO\u00bb"},"content":{"rendered":"<p>Es de bien nacidos el ser agradecidos y hay que cumplir con lo otorgado. Por ello, esta tarde, a partir de las 19:00 horas, en el lagunero teatro Leal, el alcalde <strong>Jos\u00e9 Alberto D\u00edaz<\/strong> entregar\u00e1 el t\u00edtulo de \u201cHijo Predilecto\u201d de La Laguna al querido y recordado <strong>Pedro Molina Ramos<\/strong>. El pergamino acreditativo de tan merecido nombramiento lo recoger\u00e1 su viuda, <strong>Nena D\u00edaz<\/strong> junto con su hijo <strong>Pedro Molina D\u00edaz<\/strong>. Posteriormente y en el mismo teatro Leal, tendr\u00e1 lugar un encuentro de solistas en memoria del gran <strong>Pedro Molina<\/strong>, en el que intervendr\u00e1n y cantar\u00e1n acreditados artistas como <strong>Elena Gonz\u00e1lez<\/strong>, <strong>H\u00e9ctor Gonz\u00e1lez<\/strong>, <strong>Vicky L\u00f3pez<\/strong>, <strong>Miriam Jim\u00e9nez<\/strong>, <strong>Iv\u00e1n Quintana<\/strong> y <strong>Besay P\u00e9rez<\/strong>, quienes interpretar\u00e1n distintos temas musicales que, seguro, ser\u00e1n una delicia. Nos vemos esta tarde en el teatro Leal, con <strong>Pedro Molina<\/strong> siempre en la memoria. Am\u00e9n.<\/p>\n<p style=\"text-align: center\"><a href=\"https:\/\/elcotarro.com\/wp-content\/uploads\/2018\/06\/FOTO-6.-PEDRO-MOLINA.jpg\"><img loading=\"lazy\" decoding=\"async\" class=\"alignnone size-full wp-image-5613\" src=\"https:\/\/elcotarro.com\/wp-content\/uploads\/2018\/06\/FOTO-6.-PEDRO-MOLINA.jpg\" alt=\"FOTO 6.- PEDRO MOLINA\" width=\"4256\" height=\"2832\" srcset=\"https:\/\/elcotarro.com\/wp-content\/uploads\/2018\/06\/FOTO-6.-PEDRO-MOLINA.jpg 4256w, https:\/\/elcotarro.com\/wp-content\/uploads\/2018\/06\/FOTO-6.-PEDRO-MOLINA-300x200.jpg 300w, https:\/\/elcotarro.com\/wp-content\/uploads\/2018\/06\/FOTO-6.-PEDRO-MOLINA-1024x681.jpg 1024w\" sizes=\"auto, (max-width: 4256px) 100vw, 4256px\" \/><\/a><\/p>\n<p style=\"text-align: center\"><em>La familia del recordado Pedro Molina Ramos recibir\u00e1 esta tarde en el lagunero Teatro Leal su t\u00edtulo como \u201cHijo Predilecto\u201d de La Laguna.<\/em><\/p>\n<p style=\"text-align: center\"><a href=\"http:\/\/www.careca.es\/\" target=\"_blank\"><img loading=\"lazy\" decoding=\"async\" class=\"size-full wp-image-2216 aligncenter\" src=\"https:\/\/elcotarro.com\/wp-content\/uploads\/2016\/07\/InsulacafeElCotarro.jpg\" alt=\"Bnn_Careca\" width=\"750\" height=\"150\" \/><\/a><\/p>\n","protected":false},"excerpt":{"rendered":"<p>Es de bien nacidos el ser agradecidos y hay que cumplir con lo otorgado. Por ello, esta tarde, a partir de las 19:00 horas, en el lagunero teatro Leal, el alcalde Jos\u00e9 Alberto D\u00edaz entregar\u00e1 el t\u00edtulo de \u201cHijo Predilecto\u201d de La Laguna al querido y recordado Pedro Molina Ramos. El pergamino acreditativo de tan &#8230; <a class=\"read-more\" href=\"https:\/\/elcotarro.com\/?p=5612\">Read more<\/a><\/p>\n","protected":false},"author":2,"featured_media":0,"comment_status":"open","ping_status":"open","sticky":false,"template":"","format":"standard","meta":{"_jetpack_memberships_contains_paid_content":false,"footnotes":""},"categories":[1],"tags":[],"class_list":["post-5612","post","type-post","status-publish","format-standard","hentry","category-sin-categoria"],"yoast_head":"<!-- This site is optimized with the Yoast SEO plugin v27.0 - https:\/\/yoast.com\/product\/yoast-seo-wordpress\/ -->\n<title>HOY, PEDRO MOLINA, &quot;HIJO PREDILECTO&quot; - El Cotarro<\/title>\n<meta name=\"robots\" content=\"index, follow, max-snippet:-1, max-image-preview:large, max-video-preview:-1\" \/>\n<link rel=\"canonical\" href=\"https:\/\/elcotarro.com\/?p=5612\" \/>\n<meta property=\"og:locale\" content=\"es_ES\" \/>\n<meta property=\"og:type\" content=\"article\" \/>\n<meta property=\"og:title\" content=\"HOY, PEDRO MOLINA, &quot;HIJO PREDILECTO&quot; - El Cotarro\" \/>\n<meta property=\"og:description\" content=\"Es de bien nacidos el ser agradecidos y hay que cumplir con lo otorgado. Por ello, esta tarde, a partir de las 19:00 horas, en el lagunero teatro Leal, el alcalde Jos\u00e9 Alberto D\u00edaz entregar\u00e1 el t\u00edtulo de \u201cHijo Predilecto\u201d de La Laguna al querido y recordado Pedro Molina Ramos. El pergamino acreditativo de tan ... Read more\" \/>\n<meta property=\"og:url\" content=\"https:\/\/elcotarro.com\/?p=5612\" \/>\n<meta property=\"og:site_name\" content=\"El Cotarro\" \/>\n<meta property=\"article:publisher\" content=\"https:\/\/www.facebook.com\/ElCotarro.Tenerife\" \/>\n<meta property=\"article:published_time\" content=\"2018-07-01T10:01:02+00:00\" \/>\n<meta property=\"og:image\" content=\"https:\/\/elcotarro.com\/wp-content\/uploads\/2018\/06\/FOTO-6.-PEDRO-MOLINA.jpg\" \/>\n<meta name=\"author\" content=\"Jos\u00e9 Carlos Marrero Gonz\u00e1lez\" \/>\n<meta name=\"twitter:label1\" content=\"Escrito por\" \/>\n\t<meta name=\"twitter:data1\" content=\"Jos\u00e9 Carlos Marrero Gonz\u00e1lez\" \/>\n\t<meta name=\"twitter:label2\" content=\"Tiempo de lectura\" \/>\n\t<meta name=\"twitter:data2\" content=\"1 minuto\" \/>\n<script type=\"application\/ld+json\" class=\"yoast-schema-graph\">{\"@context\":\"https:\/\/schema.org\",\"@graph\":[{\"@type\":\"Article\",\"@id\":\"https:\/\/elcotarro.com\/?p=5612#article\",\"isPartOf\":{\"@id\":\"https:\/\/elcotarro.com\/?p=5612\"},\"author\":{\"name\":\"Jos\u00e9 Carlos Marrero Gonz\u00e1lez\",\"@id\":\"https:\/\/elcotarro.com\/#\/schema\/person\/af537ee7d60d15984c7e0affcd8a918b\"},\"headline\":\"HOY, PEDRO MOLINA, \u00abHIJO PREDILECTO\u00bb\",\"datePublished\":\"2018-07-01T10:01:02+00:00\",\"mainEntityOfPage\":{\"@id\":\"https:\/\/elcotarro.com\/?p=5612\"},\"wordCount\":181,\"commentCount\":0,\"publisher\":{\"@id\":\"https:\/\/elcotarro.com\/#organization\"},\"image\":{\"@id\":\"https:\/\/elcotarro.com\/?p=5612#primaryimage\"},\"thumbnailUrl\":\"https:\/\/elcotarro.com\/wp-content\/uploads\/2018\/06\/FOTO-6.-PEDRO-MOLINA.jpg\",\"inLanguage\":\"es\",\"potentialAction\":[{\"@type\":\"CommentAction\",\"name\":\"Comment\",\"target\":[\"https:\/\/elcotarro.com\/?p=5612#respond\"]}]},{\"@type\":\"WebPage\",\"@id\":\"https:\/\/elcotarro.com\/?p=5612\",\"url\":\"https:\/\/elcotarro.com\/?p=5612\",\"name\":\"HOY, PEDRO MOLINA, \\\"HIJO PREDILECTO\\\" - El Cotarro\",\"isPartOf\":{\"@id\":\"https:\/\/elcotarro.com\/#website\"},\"primaryImageOfPage\":{\"@id\":\"https:\/\/elcotarro.com\/?p=5612#primaryimage\"},\"image\":{\"@id\":\"https:\/\/elcotarro.com\/?p=5612#primaryimage\"},\"thumbnailUrl\":\"https:\/\/elcotarro.com\/wp-content\/uploads\/2018\/06\/FOTO-6.-PEDRO-MOLINA.jpg\",\"datePublished\":\"2018-07-01T10:01:02+00:00\",\"breadcrumb\":{\"@id\":\"https:\/\/elcotarro.com\/?p=5612#breadcrumb\"},\"inLanguage\":\"es\",\"potentialAction\":[{\"@type\":\"ReadAction\",\"target\":[\"https:\/\/elcotarro.com\/?p=5612\"]}]},{\"@type\":\"ImageObject\",\"inLanguage\":\"es\",\"@id\":\"https:\/\/elcotarro.com\/?p=5612#primaryimage\",\"url\":\"https:\/\/elcotarro.com\/wp-content\/uploads\/2018\/06\/FOTO-6.-PEDRO-MOLINA.jpg\",\"contentUrl\":\"https:\/\/elcotarro.com\/wp-content\/uploads\/2018\/06\/FOTO-6.-PEDRO-MOLINA.jpg\",\"width\":4256,\"height\":2832},{\"@type\":\"BreadcrumbList\",\"@id\":\"https:\/\/elcotarro.com\/?p=5612#breadcrumb\",\"itemListElement\":[{\"@type\":\"ListItem\",\"position\":1,\"name\":\"Portada\",\"item\":\"https:\/\/elcotarro.com\/\"},{\"@type\":\"ListItem\",\"position\":2,\"name\":\"HOY, PEDRO MOLINA, \u00abHIJO PREDILECTO\u00bb\"}]},{\"@type\":\"WebSite\",\"@id\":\"https:\/\/elcotarro.com\/#website\",\"url\":\"https:\/\/elcotarro.com\/\",\"name\":\"El Cotarro\",\"description\":\"Peri\u00f3dico Digital Independiente dirigido por Jos\u00e9 Carlos Marrero\",\"publisher\":{\"@id\":\"https:\/\/elcotarro.com\/#organization\"},\"potentialAction\":[{\"@type\":\"SearchAction\",\"target\":{\"@type\":\"EntryPoint\",\"urlTemplate\":\"https:\/\/elcotarro.com\/?s={search_term_string}\"},\"query-input\":{\"@type\":\"PropertyValueSpecification\",\"valueRequired\":true,\"valueName\":\"search_term_string\"}}],\"inLanguage\":\"es\"},{\"@type\":\"Organization\",\"@id\":\"https:\/\/elcotarro.com\/#organization\",\"name\":\"El Cotarro\",\"url\":\"https:\/\/elcotarro.com\/\",\"logo\":{\"@type\":\"ImageObject\",\"inLanguage\":\"es\",\"@id\":\"https:\/\/elcotarro.com\/#\/schema\/logo\/image\/\",\"url\":\"https:\/\/elcotarro.com\/wp-content\/uploads\/2014\/09\/Cabecera_El_Cotarro_v2.jpg\",\"contentUrl\":\"https:\/\/elcotarro.com\/wp-content\/uploads\/2014\/09\/Cabecera_El_Cotarro_v2.jpg\",\"width\":3540,\"height\":441,\"caption\":\"El Cotarro\"},\"image\":{\"@id\":\"https:\/\/elcotarro.com\/#\/schema\/logo\/image\/\"},\"sameAs\":[\"https:\/\/www.facebook.com\/ElCotarro.Tenerife\"]},{\"@type\":\"Person\",\"@id\":\"https:\/\/elcotarro.com\/#\/schema\/person\/af537ee7d60d15984c7e0affcd8a918b\",\"name\":\"Jos\u00e9 Carlos Marrero Gonz\u00e1lez\",\"image\":{\"@type\":\"ImageObject\",\"inLanguage\":\"es\",\"@id\":\"https:\/\/elcotarro.com\/#\/schema\/person\/image\/\",\"url\":\"https:\/\/secure.gravatar.com\/avatar\/def4da036efb5d32c74d49c351f6dccc064dd69ad9f3aadc295c5a9a5391ca01?s=96&d=mm&r=g\",\"contentUrl\":\"https:\/\/secure.gravatar.com\/avatar\/def4da036efb5d32c74d49c351f6dccc064dd69ad9f3aadc295c5a9a5391ca01?s=96&d=mm&r=g\",\"caption\":\"Jos\u00e9 Carlos Marrero Gonz\u00e1lez\"},\"sameAs\":[\"https:\/\/elcotarro.com\"],\"url\":\"https:\/\/elcotarro.com\/?author=2\"}]}<\/script>\n<!-- \/ Yoast SEO plugin. -->","yoast_head_json":{"title":"HOY, PEDRO MOLINA, \"HIJO PREDILECTO\" - El Cotarro","robots":{"index":"index","follow":"follow","max-snippet":"max-snippet:-1","max-image-preview":"max-image-preview:large","max-video-preview":"max-video-preview:-1"},"canonical":"https:\/\/elcotarro.com\/?p=5612","og_locale":"es_ES","og_type":"article","og_title":"HOY, PEDRO MOLINA, \"HIJO PREDILECTO\" - El Cotarro","og_description":"Es de bien nacidos el ser agradecidos y hay que cumplir con lo otorgado. Por ello, esta tarde, a partir de las 19:00 horas, en el lagunero teatro Leal, el alcalde Jos\u00e9 Alberto D\u00edaz entregar\u00e1 el t\u00edtulo de \u201cHijo Predilecto\u201d de La Laguna al querido y recordado Pedro Molina Ramos. El pergamino acreditativo de tan ... Read more","og_url":"https:\/\/elcotarro.com\/?p=5612","og_site_name":"El Cotarro","article_publisher":"https:\/\/www.facebook.com\/ElCotarro.Tenerife","article_published_time":"2018-07-01T10:01:02+00:00","og_image":[{"url":"https:\/\/elcotarro.com\/wp-content\/uploads\/2018\/06\/FOTO-6.-PEDRO-MOLINA.jpg","type":"","width":"","height":""}],"author":"Jos\u00e9 Carlos Marrero Gonz\u00e1lez","twitter_misc":{"Escrito por":"Jos\u00e9 Carlos Marrero Gonz\u00e1lez","Tiempo de lectura":"1 minuto"},"schema":{"@context":"https:\/\/schema.org","@graph":[{"@type":"Article","@id":"https:\/\/elcotarro.com\/?p=5612#article","isPartOf":{"@id":"https:\/\/elcotarro.com\/?p=5612"},"author":{"name":"Jos\u00e9 Carlos Marrero Gonz\u00e1lez","@id":"https:\/\/elcotarro.com\/#\/schema\/person\/af537ee7d60d15984c7e0affcd8a918b"},"headline":"HOY, PEDRO MOLINA, \u00abHIJO PREDILECTO\u00bb","datePublished":"2018-07-01T10:01:02+00:00","mainEntityOfPage":{"@id":"https:\/\/elcotarro.com\/?p=5612"},"wordCount":181,"commentCount":0,"publisher":{"@id":"https:\/\/elcotarro.com\/#organization"},"image":{"@id":"https:\/\/elcotarro.com\/?p=5612#primaryimage"},"thumbnailUrl":"https:\/\/elcotarro.com\/wp-content\/uploads\/2018\/06\/FOTO-6.-PEDRO-MOLINA.jpg","inLanguage":"es","potentialAction":[{"@type":"CommentAction","name":"Comment","target":["https:\/\/elcotarro.com\/?p=5612#respond"]}]},{"@type":"WebPage","@id":"https:\/\/elcotarro.com\/?p=5612","url":"https:\/\/elcotarro.com\/?p=5612","name":"HOY, PEDRO MOLINA, \"HIJO PREDILECTO\" - El Cotarro","isPartOf":{"@id":"https:\/\/elcotarro.com\/#website"},"primaryImageOfPage":{"@id":"https:\/\/elcotarro.com\/?p=5612#primaryimage"},"image":{"@id":"https:\/\/elcotarro.com\/?p=5612#primaryimage"},"thumbnailUrl":"https:\/\/elcotarro.com\/wp-content\/uploads\/2018\/06\/FOTO-6.-PEDRO-MOLINA.jpg","datePublished":"2018-07-01T10:01:02+00:00","breadcrumb":{"@id":"https:\/\/elcotarro.com\/?p=5612#breadcrumb"},"inLanguage":"es","potentialAction":[{"@type":"ReadAction","target":["https:\/\/elcotarro.com\/?p=5612"]}]},{"@type":"ImageObject","inLanguage":"es","@id":"https:\/\/elcotarro.com\/?p=5612#primaryimage","url":"https:\/\/elcotarro.com\/wp-content\/uploads\/2018\/06\/FOTO-6.-PEDRO-MOLINA.jpg","contentUrl":"https:\/\/elcotarro.com\/wp-content\/uploads\/2018\/06\/FOTO-6.-PEDRO-MOLINA.jpg","width":4256,"height":2832},{"@type":"BreadcrumbList","@id":"https:\/\/elcotarro.com\/?p=5612#breadcrumb","itemListElement":[{"@type":"ListItem","position":1,"name":"Portada","item":"https:\/\/elcotarro.com\/"},{"@type":"ListItem","position":2,"name":"HOY, PEDRO MOLINA, \u00abHIJO PREDILECTO\u00bb"}]},{"@type":"WebSite","@id":"https:\/\/elcotarro.com\/#website","url":"https:\/\/elcotarro.com\/","name":"El Cotarro","description":"Peri\u00f3dico Digital Independiente dirigido por Jos\u00e9 Carlos Marrero","publisher":{"@id":"https:\/\/elcotarro.com\/#organization"},"potentialAction":[{"@type":"SearchAction","target":{"@type":"EntryPoint","urlTemplate":"https:\/\/elcotarro.com\/?s={search_term_string}"},"query-input":{"@type":"PropertyValueSpecification","valueRequired":true,"valueName":"search_term_string"}}],"inLanguage":"es"},{"@type":"Organization","@id":"https:\/\/elcotarro.com\/#organization","name":"El Cotarro","url":"https:\/\/elcotarro.com\/","logo":{"@type":"ImageObject","inLanguage":"es","@id":"https:\/\/elcotarro.com\/#\/schema\/logo\/image\/","url":"https:\/\/elcotarro.com\/wp-content\/uploads\/2014\/09\/Cabecera_El_Cotarro_v2.jpg","contentUrl":"https:\/\/elcotarro.com\/wp-content\/uploads\/2014\/09\/Cabecera_El_Cotarro_v2.jpg","width":3540,"height":441,"caption":"El Cotarro"},"image":{"@id":"https:\/\/elcotarro.com\/#\/schema\/logo\/image\/"},"sameAs":["https:\/\/www.facebook.com\/ElCotarro.Tenerife"]},{"@type":"Person","@id":"https:\/\/elcotarro.com\/#\/schema\/person\/af537ee7d60d15984c7e0affcd8a918b","name":"Jos\u00e9 Carlos Marrero Gonz\u00e1lez","image":{"@type":"ImageObject","inLanguage":"es","@id":"https:\/\/elcotarro.com\/#\/schema\/person\/image\/","url":"https:\/\/secure.gravatar.com\/avatar\/def4da036efb5d32c74d49c351f6dccc064dd69ad9f3aadc295c5a9a5391ca01?s=96&d=mm&r=g","contentUrl":"https:\/\/secure.gravatar.com\/avatar\/def4da036efb5d32c74d49c351f6dccc064dd69ad9f3aadc295c5a9a5391ca01?s=96&d=mm&r=g","caption":"Jos\u00e9 Carlos Marrero Gonz\u00e1lez"},"sameAs":["https:\/\/elcotarro.com"],"url":"https:\/\/elcotarro.com\/?author=2"}]}},"jetpack_featured_media_url":"","jetpack_sharing_enabled":true,"_links":{"self":[{"href":"https:\/\/elcotarro.com\/index.php?rest_route=\/wp\/v2\/posts\/5612","targetHints":{"allow":["GET"]}}],"collection":[{"href":"https:\/\/elcotarro.com\/index.php?rest_route=\/wp\/v2\/posts"}],"about":[{"href":"https:\/\/elcotarro.com\/index.php?rest_route=\/wp\/v2\/types\/post"}],"author":[{"embeddable":true,"href":"https:\/\/elcotarro.com\/index.php?rest_route=\/wp\/v2\/users\/2"}],"replies":[{"embeddable":true,"href":"https:\/\/elcotarro.com\/index.php?rest_route=%2Fwp%2Fv2%2Fcomments&post=5612"}],"version-history":[{"count":1,"href":"https:\/\/elcotarro.com\/index.php?rest_route=\/wp\/v2\/posts\/5612\/revisions"}],"predecessor-version":[{"id":5614,"href":"https:\/\/elcotarro.com\/index.php?rest_route=\/wp\/v2\/posts\/5612\/revisions\/5614"}],"wp:attachment":[{"href":"https:\/\/elcotarro.com\/index.php?rest_route=%2Fwp%2Fv2%2Fmedia&parent=5612"}],"wp:term":[{"taxonomy":"category","embeddable":true,"href":"https:\/\/elcotarro.com\/index.php?rest_route=%2Fwp%2Fv2%2Fcategories&post=5612"},{"taxonomy":"post_tag","embeddable":true,"href":"https:\/\/elcotarro.com\/index.php?rest_route=%2Fwp%2Fv2%2Ftags&post=5612"}],"curies":[{"name":"wp","href":"https:\/\/api.w.org\/{rel}","templated":true}]}}