{"id":5621,"date":"2018-07-08T11:05:05","date_gmt":"2018-07-08T10:05:05","guid":{"rendered":"https:\/\/elcotarro.com\/?p=5621"},"modified":"2018-07-08T10:07:24","modified_gmt":"2018-07-08T09:07:24","slug":"200-numeros-de-el-cotarro-digital","status":"publish","type":"post","link":"https:\/\/elcotarro.com\/?p=5621","title":{"rendered":"\u00a1 200 N\u00daMEROS DE \u201cEL COTARRO\u201d DIGITAL !"},"content":{"rendered":"<p>Hoy debo comenzar esta edici\u00f3n de <strong><em>\u201cEl Cotarro\u201d\u00a0<\/em><\/strong>Digital agradeciendo sincera y profundamente a todas las lectoras y lectores su inestimable fidelidad a este apasionante proyecto period\u00edstico, que comenz\u00f3 el domingo 14 de septiembre del a\u00f1o 2014. Como quien no quiere la cosa, han pasado ya casi 4 a\u00f1os de presencia ininterrumpida cada domingo (\u00a1sin faltar ni uno solo!) y han sido <strong>200 n\u00fameros\u00a0<\/strong>que, deseo y espero, hayan sido de su agrado. Un agradecimiento muy especial a la firma <strong>CARECA<\/strong>, con <strong>Juli\u00e1n S\u00e1enz Cort\u00e9s\u00a0<\/strong>al frente, que, CON SU acreditada marca <strong><em>\u00cdnsula Caf\u00e9\u00a0<\/em><\/strong>apost\u00f3 desde el primer n\u00famero por este proyecto y nos ha acompa\u00f1ado desde el principio como patrocinador exclusivo de la edici\u00f3n digital de <strong><em>\u201cEl Cotarro\u201d<\/em><\/strong>, en la web <strong>elcotarro.com<\/strong>. Si Dios quiere y la salud me acompa\u00f1a, seguir\u00e9 acompa\u00f1\u00e1ndolos cada domingo con \u201cel cotarrito\u201d dominical, para seguir contando cosas distendidas, con un poco de humor, con alguna denuncia sin malicia y, siempre, siempre, en positivo y sin acritud. Mil gracias a todo el mundo y, como dec\u00eda <strong>Norberto \u201cZen\u00f3n\u201d,\u00a0<\/strong>el recordado y popular fot\u00f3grafo lagunero, <em>\u201csi en alg\u00fan momento les he ofendido, ruego hagan caso omiso a eso\u201d<\/em><\/p>\n<p style=\"text-align: center\">\n<p style=\"text-align: center\"><a href=\"https:\/\/elcotarro.com\/wp-content\/uploads\/2018\/07\/FOTO-1.-LOGOTIPO-CARECA1.jpg\"><img loading=\"lazy\" decoding=\"async\" class=\"alignnone size-full wp-image-5623\" src=\"https:\/\/elcotarro.com\/wp-content\/uploads\/2018\/07\/FOTO-1.-LOGOTIPO-CARECA1.jpg\" alt=\"FOTO-1.--LOGOTIPO-CARECA\" width=\"800\" height=\"256\" srcset=\"https:\/\/elcotarro.com\/wp-content\/uploads\/2018\/07\/FOTO-1.-LOGOTIPO-CARECA1.jpg 800w, https:\/\/elcotarro.com\/wp-content\/uploads\/2018\/07\/FOTO-1.-LOGOTIPO-CARECA1-300x96.jpg 300w\" sizes=\"auto, (max-width: 800px) 100vw, 800px\" \/><\/a><\/p>\n<p style=\"text-align: center\"><em>Logotipo oficial del grupo CARECA y de su marca \u00cdnsula Caf\u00e9<\/em><\/p>\n","protected":false},"excerpt":{"rendered":"<p>Hoy debo comenzar esta edici\u00f3n de \u201cEl Cotarro\u201d\u00a0Digital agradeciendo sincera y profundamente a todas las lectoras y lectores su inestimable fidelidad a este apasionante proyecto period\u00edstico, que comenz\u00f3 el domingo 14 de septiembre del a\u00f1o 2014. Como quien no quiere la cosa, han pasado ya casi 4 a\u00f1os de presencia ininterrumpida cada domingo (\u00a1sin faltar &#8230; <a class=\"read-more\" href=\"https:\/\/elcotarro.com\/?p=5621\">Read more<\/a><\/p>\n","protected":false},"author":2,"featured_media":0,"comment_status":"open","ping_status":"open","sticky":false,"template":"","format":"standard","meta":{"_jetpack_memberships_contains_paid_content":false,"footnotes":""},"categories":[1],"tags":[],"class_list":["post-5621","post","type-post","status-publish","format-standard","hentry","category-sin-categoria"],"yoast_head":"<!-- This site is optimized with the Yoast SEO plugin v27.0 - https:\/\/yoast.com\/product\/yoast-seo-wordpress\/ -->\n<title>\u00a1 200 N\u00daMEROS DE \u201cEL COTARRO\u201d DIGITAL ! - El Cotarro<\/title>\n<meta name=\"robots\" content=\"index, follow, max-snippet:-1, max-image-preview:large, max-video-preview:-1\" \/>\n<link rel=\"canonical\" href=\"https:\/\/elcotarro.com\/?p=5621\" \/>\n<meta property=\"og:locale\" content=\"es_ES\" \/>\n<meta property=\"og:type\" content=\"article\" \/>\n<meta property=\"og:title\" content=\"\u00a1 200 N\u00daMEROS DE \u201cEL COTARRO\u201d DIGITAL ! - El Cotarro\" \/>\n<meta property=\"og:description\" content=\"Hoy debo comenzar esta edici\u00f3n de \u201cEl Cotarro\u201d\u00a0Digital agradeciendo sincera y profundamente a todas las lectoras y lectores su inestimable fidelidad a este apasionante proyecto period\u00edstico, que comenz\u00f3 el domingo 14 de septiembre del a\u00f1o 2014. Como quien no quiere la cosa, han pasado ya casi 4 a\u00f1os de presencia ininterrumpida cada domingo (\u00a1sin faltar ... Read more\" \/>\n<meta property=\"og:url\" content=\"https:\/\/elcotarro.com\/?p=5621\" \/>\n<meta property=\"og:site_name\" content=\"El Cotarro\" \/>\n<meta property=\"article:publisher\" content=\"https:\/\/www.facebook.com\/ElCotarro.Tenerife\" \/>\n<meta property=\"article:published_time\" content=\"2018-07-08T10:05:05+00:00\" \/>\n<meta property=\"og:image\" content=\"https:\/\/elcotarro.com\/wp-content\/uploads\/2018\/07\/FOTO-1.-LOGOTIPO-CARECA1.jpg\" \/>\n<meta name=\"author\" content=\"Jos\u00e9 Carlos Marrero Gonz\u00e1lez\" \/>\n<meta name=\"twitter:label1\" content=\"Escrito por\" \/>\n\t<meta name=\"twitter:data1\" content=\"Jos\u00e9 Carlos Marrero Gonz\u00e1lez\" \/>\n\t<meta name=\"twitter:label2\" content=\"Tiempo de lectura\" \/>\n\t<meta name=\"twitter:data2\" content=\"1 minuto\" \/>\n<script type=\"application\/ld+json\" class=\"yoast-schema-graph\">{\"@context\":\"https:\/\/schema.org\",\"@graph\":[{\"@type\":\"Article\",\"@id\":\"https:\/\/elcotarro.com\/?p=5621#article\",\"isPartOf\":{\"@id\":\"https:\/\/elcotarro.com\/?p=5621\"},\"author\":{\"name\":\"Jos\u00e9 Carlos Marrero Gonz\u00e1lez\",\"@id\":\"https:\/\/elcotarro.com\/#\/schema\/person\/af537ee7d60d15984c7e0affcd8a918b\"},\"headline\":\"\u00a1 200 N\u00daMEROS DE \u201cEL COTARRO\u201d DIGITAL !\",\"datePublished\":\"2018-07-08T10:05:05+00:00\",\"mainEntityOfPage\":{\"@id\":\"https:\/\/elcotarro.com\/?p=5621\"},\"wordCount\":223,\"commentCount\":0,\"publisher\":{\"@id\":\"https:\/\/elcotarro.com\/#organization\"},\"image\":{\"@id\":\"https:\/\/elcotarro.com\/?p=5621#primaryimage\"},\"thumbnailUrl\":\"https:\/\/elcotarro.com\/wp-content\/uploads\/2018\/07\/FOTO-1.-LOGOTIPO-CARECA1.jpg\",\"inLanguage\":\"es\",\"potentialAction\":[{\"@type\":\"CommentAction\",\"name\":\"Comment\",\"target\":[\"https:\/\/elcotarro.com\/?p=5621#respond\"]}]},{\"@type\":\"WebPage\",\"@id\":\"https:\/\/elcotarro.com\/?p=5621\",\"url\":\"https:\/\/elcotarro.com\/?p=5621\",\"name\":\"\u00a1 200 N\u00daMEROS DE \u201cEL COTARRO\u201d DIGITAL ! - El Cotarro\",\"isPartOf\":{\"@id\":\"https:\/\/elcotarro.com\/#website\"},\"primaryImageOfPage\":{\"@id\":\"https:\/\/elcotarro.com\/?p=5621#primaryimage\"},\"image\":{\"@id\":\"https:\/\/elcotarro.com\/?p=5621#primaryimage\"},\"thumbnailUrl\":\"https:\/\/elcotarro.com\/wp-content\/uploads\/2018\/07\/FOTO-1.-LOGOTIPO-CARECA1.jpg\",\"datePublished\":\"2018-07-08T10:05:05+00:00\",\"breadcrumb\":{\"@id\":\"https:\/\/elcotarro.com\/?p=5621#breadcrumb\"},\"inLanguage\":\"es\",\"potentialAction\":[{\"@type\":\"ReadAction\",\"target\":[\"https:\/\/elcotarro.com\/?p=5621\"]}]},{\"@type\":\"ImageObject\",\"inLanguage\":\"es\",\"@id\":\"https:\/\/elcotarro.com\/?p=5621#primaryimage\",\"url\":\"https:\/\/elcotarro.com\/wp-content\/uploads\/2018\/07\/FOTO-1.-LOGOTIPO-CARECA1.jpg\",\"contentUrl\":\"https:\/\/elcotarro.com\/wp-content\/uploads\/2018\/07\/FOTO-1.-LOGOTIPO-CARECA1.jpg\",\"width\":800,\"height\":256},{\"@type\":\"BreadcrumbList\",\"@id\":\"https:\/\/elcotarro.com\/?p=5621#breadcrumb\",\"itemListElement\":[{\"@type\":\"ListItem\",\"position\":1,\"name\":\"Portada\",\"item\":\"https:\/\/elcotarro.com\/\"},{\"@type\":\"ListItem\",\"position\":2,\"name\":\"\u00a1 200 N\u00daMEROS DE \u201cEL COTARRO\u201d DIGITAL !\"}]},{\"@type\":\"WebSite\",\"@id\":\"https:\/\/elcotarro.com\/#website\",\"url\":\"https:\/\/elcotarro.com\/\",\"name\":\"El Cotarro\",\"description\":\"Peri\u00f3dico Digital Independiente dirigido por Jos\u00e9 Carlos Marrero\",\"publisher\":{\"@id\":\"https:\/\/elcotarro.com\/#organization\"},\"potentialAction\":[{\"@type\":\"SearchAction\",\"target\":{\"@type\":\"EntryPoint\",\"urlTemplate\":\"https:\/\/elcotarro.com\/?s={search_term_string}\"},\"query-input\":{\"@type\":\"PropertyValueSpecification\",\"valueRequired\":true,\"valueName\":\"search_term_string\"}}],\"inLanguage\":\"es\"},{\"@type\":\"Organization\",\"@id\":\"https:\/\/elcotarro.com\/#organization\",\"name\":\"El Cotarro\",\"url\":\"https:\/\/elcotarro.com\/\",\"logo\":{\"@type\":\"ImageObject\",\"inLanguage\":\"es\",\"@id\":\"https:\/\/elcotarro.com\/#\/schema\/logo\/image\/\",\"url\":\"https:\/\/elcotarro.com\/wp-content\/uploads\/2014\/09\/Cabecera_El_Cotarro_v2.jpg\",\"contentUrl\":\"https:\/\/elcotarro.com\/wp-content\/uploads\/2014\/09\/Cabecera_El_Cotarro_v2.jpg\",\"width\":3540,\"height\":441,\"caption\":\"El Cotarro\"},\"image\":{\"@id\":\"https:\/\/elcotarro.com\/#\/schema\/logo\/image\/\"},\"sameAs\":[\"https:\/\/www.facebook.com\/ElCotarro.Tenerife\"]},{\"@type\":\"Person\",\"@id\":\"https:\/\/elcotarro.com\/#\/schema\/person\/af537ee7d60d15984c7e0affcd8a918b\",\"name\":\"Jos\u00e9 Carlos Marrero Gonz\u00e1lez\",\"image\":{\"@type\":\"ImageObject\",\"inLanguage\":\"es\",\"@id\":\"https:\/\/elcotarro.com\/#\/schema\/person\/image\/\",\"url\":\"https:\/\/secure.gravatar.com\/avatar\/def4da036efb5d32c74d49c351f6dccc064dd69ad9f3aadc295c5a9a5391ca01?s=96&d=mm&r=g\",\"contentUrl\":\"https:\/\/secure.gravatar.com\/avatar\/def4da036efb5d32c74d49c351f6dccc064dd69ad9f3aadc295c5a9a5391ca01?s=96&d=mm&r=g\",\"caption\":\"Jos\u00e9 Carlos Marrero Gonz\u00e1lez\"},\"sameAs\":[\"https:\/\/elcotarro.com\"],\"url\":\"https:\/\/elcotarro.com\/?author=2\"}]}<\/script>\n<!-- \/ Yoast SEO plugin. -->","yoast_head_json":{"title":"\u00a1 200 N\u00daMEROS DE \u201cEL COTARRO\u201d DIGITAL ! - El Cotarro","robots":{"index":"index","follow":"follow","max-snippet":"max-snippet:-1","max-image-preview":"max-image-preview:large","max-video-preview":"max-video-preview:-1"},"canonical":"https:\/\/elcotarro.com\/?p=5621","og_locale":"es_ES","og_type":"article","og_title":"\u00a1 200 N\u00daMEROS DE \u201cEL COTARRO\u201d DIGITAL ! - El Cotarro","og_description":"Hoy debo comenzar esta edici\u00f3n de \u201cEl Cotarro\u201d\u00a0Digital agradeciendo sincera y profundamente a todas las lectoras y lectores su inestimable fidelidad a este apasionante proyecto period\u00edstico, que comenz\u00f3 el domingo 14 de septiembre del a\u00f1o 2014. Como quien no quiere la cosa, han pasado ya casi 4 a\u00f1os de presencia ininterrumpida cada domingo (\u00a1sin faltar ... Read more","og_url":"https:\/\/elcotarro.com\/?p=5621","og_site_name":"El Cotarro","article_publisher":"https:\/\/www.facebook.com\/ElCotarro.Tenerife","article_published_time":"2018-07-08T10:05:05+00:00","og_image":[{"url":"https:\/\/elcotarro.com\/wp-content\/uploads\/2018\/07\/FOTO-1.-LOGOTIPO-CARECA1.jpg","type":"","width":"","height":""}],"author":"Jos\u00e9 Carlos Marrero Gonz\u00e1lez","twitter_misc":{"Escrito por":"Jos\u00e9 Carlos Marrero Gonz\u00e1lez","Tiempo de lectura":"1 minuto"},"schema":{"@context":"https:\/\/schema.org","@graph":[{"@type":"Article","@id":"https:\/\/elcotarro.com\/?p=5621#article","isPartOf":{"@id":"https:\/\/elcotarro.com\/?p=5621"},"author":{"name":"Jos\u00e9 Carlos Marrero Gonz\u00e1lez","@id":"https:\/\/elcotarro.com\/#\/schema\/person\/af537ee7d60d15984c7e0affcd8a918b"},"headline":"\u00a1 200 N\u00daMEROS DE \u201cEL COTARRO\u201d DIGITAL !","datePublished":"2018-07-08T10:05:05+00:00","mainEntityOfPage":{"@id":"https:\/\/elcotarro.com\/?p=5621"},"wordCount":223,"commentCount":0,"publisher":{"@id":"https:\/\/elcotarro.com\/#organization"},"image":{"@id":"https:\/\/elcotarro.com\/?p=5621#primaryimage"},"thumbnailUrl":"https:\/\/elcotarro.com\/wp-content\/uploads\/2018\/07\/FOTO-1.-LOGOTIPO-CARECA1.jpg","inLanguage":"es","potentialAction":[{"@type":"CommentAction","name":"Comment","target":["https:\/\/elcotarro.com\/?p=5621#respond"]}]},{"@type":"WebPage","@id":"https:\/\/elcotarro.com\/?p=5621","url":"https:\/\/elcotarro.com\/?p=5621","name":"\u00a1 200 N\u00daMEROS DE \u201cEL COTARRO\u201d DIGITAL ! - El Cotarro","isPartOf":{"@id":"https:\/\/elcotarro.com\/#website"},"primaryImageOfPage":{"@id":"https:\/\/elcotarro.com\/?p=5621#primaryimage"},"image":{"@id":"https:\/\/elcotarro.com\/?p=5621#primaryimage"},"thumbnailUrl":"https:\/\/elcotarro.com\/wp-content\/uploads\/2018\/07\/FOTO-1.-LOGOTIPO-CARECA1.jpg","datePublished":"2018-07-08T10:05:05+00:00","breadcrumb":{"@id":"https:\/\/elcotarro.com\/?p=5621#breadcrumb"},"inLanguage":"es","potentialAction":[{"@type":"ReadAction","target":["https:\/\/elcotarro.com\/?p=5621"]}]},{"@type":"ImageObject","inLanguage":"es","@id":"https:\/\/elcotarro.com\/?p=5621#primaryimage","url":"https:\/\/elcotarro.com\/wp-content\/uploads\/2018\/07\/FOTO-1.-LOGOTIPO-CARECA1.jpg","contentUrl":"https:\/\/elcotarro.com\/wp-content\/uploads\/2018\/07\/FOTO-1.-LOGOTIPO-CARECA1.jpg","width":800,"height":256},{"@type":"BreadcrumbList","@id":"https:\/\/elcotarro.com\/?p=5621#breadcrumb","itemListElement":[{"@type":"ListItem","position":1,"name":"Portada","item":"https:\/\/elcotarro.com\/"},{"@type":"ListItem","position":2,"name":"\u00a1 200 N\u00daMEROS DE \u201cEL COTARRO\u201d DIGITAL !"}]},{"@type":"WebSite","@id":"https:\/\/elcotarro.com\/#website","url":"https:\/\/elcotarro.com\/","name":"El Cotarro","description":"Peri\u00f3dico Digital Independiente dirigido por Jos\u00e9 Carlos Marrero","publisher":{"@id":"https:\/\/elcotarro.com\/#organization"},"potentialAction":[{"@type":"SearchAction","target":{"@type":"EntryPoint","urlTemplate":"https:\/\/elcotarro.com\/?s={search_term_string}"},"query-input":{"@type":"PropertyValueSpecification","valueRequired":true,"valueName":"search_term_string"}}],"inLanguage":"es"},{"@type":"Organization","@id":"https:\/\/elcotarro.com\/#organization","name":"El Cotarro","url":"https:\/\/elcotarro.com\/","logo":{"@type":"ImageObject","inLanguage":"es","@id":"https:\/\/elcotarro.com\/#\/schema\/logo\/image\/","url":"https:\/\/elcotarro.com\/wp-content\/uploads\/2014\/09\/Cabecera_El_Cotarro_v2.jpg","contentUrl":"https:\/\/elcotarro.com\/wp-content\/uploads\/2014\/09\/Cabecera_El_Cotarro_v2.jpg","width":3540,"height":441,"caption":"El Cotarro"},"image":{"@id":"https:\/\/elcotarro.com\/#\/schema\/logo\/image\/"},"sameAs":["https:\/\/www.facebook.com\/ElCotarro.Tenerife"]},{"@type":"Person","@id":"https:\/\/elcotarro.com\/#\/schema\/person\/af537ee7d60d15984c7e0affcd8a918b","name":"Jos\u00e9 Carlos Marrero Gonz\u00e1lez","image":{"@type":"ImageObject","inLanguage":"es","@id":"https:\/\/elcotarro.com\/#\/schema\/person\/image\/","url":"https:\/\/secure.gravatar.com\/avatar\/def4da036efb5d32c74d49c351f6dccc064dd69ad9f3aadc295c5a9a5391ca01?s=96&d=mm&r=g","contentUrl":"https:\/\/secure.gravatar.com\/avatar\/def4da036efb5d32c74d49c351f6dccc064dd69ad9f3aadc295c5a9a5391ca01?s=96&d=mm&r=g","caption":"Jos\u00e9 Carlos Marrero Gonz\u00e1lez"},"sameAs":["https:\/\/elcotarro.com"],"url":"https:\/\/elcotarro.com\/?author=2"}]}},"jetpack_featured_media_url":"","jetpack_sharing_enabled":true,"_links":{"self":[{"href":"https:\/\/elcotarro.com\/index.php?rest_route=\/wp\/v2\/posts\/5621","targetHints":{"allow":["GET"]}}],"collection":[{"href":"https:\/\/elcotarro.com\/index.php?rest_route=\/wp\/v2\/posts"}],"about":[{"href":"https:\/\/elcotarro.com\/index.php?rest_route=\/wp\/v2\/types\/post"}],"author":[{"embeddable":true,"href":"https:\/\/elcotarro.com\/index.php?rest_route=\/wp\/v2\/users\/2"}],"replies":[{"embeddable":true,"href":"https:\/\/elcotarro.com\/index.php?rest_route=%2Fwp%2Fv2%2Fcomments&post=5621"}],"version-history":[{"count":1,"href":"https:\/\/elcotarro.com\/index.php?rest_route=\/wp\/v2\/posts\/5621\/revisions"}],"predecessor-version":[{"id":5624,"href":"https:\/\/elcotarro.com\/index.php?rest_route=\/wp\/v2\/posts\/5621\/revisions\/5624"}],"wp:attachment":[{"href":"https:\/\/elcotarro.com\/index.php?rest_route=%2Fwp%2Fv2%2Fmedia&parent=5621"}],"wp:term":[{"taxonomy":"category","embeddable":true,"href":"https:\/\/elcotarro.com\/index.php?rest_route=%2Fwp%2Fv2%2Fcategories&post=5621"},{"taxonomy":"post_tag","embeddable":true,"href":"https:\/\/elcotarro.com\/index.php?rest_route=%2Fwp%2Fv2%2Ftags&post=5621"}],"curies":[{"name":"wp","href":"https:\/\/api.w.org\/{rel}","templated":true}]}}