{"id":5625,"date":"2018-07-08T11:04:30","date_gmt":"2018-07-08T10:04:30","guid":{"rendered":"https:\/\/elcotarro.com\/?p=5625"},"modified":"2018-07-08T10:08:08","modified_gmt":"2018-07-08T09:08:08","slug":"gran-noche-palmera-en-el-teatro-leal","status":"publish","type":"post","link":"https:\/\/elcotarro.com\/?p=5625","title":{"rendered":"GRAN NOCHE PALMERA EN EL TEATRO LEAL"},"content":{"rendered":"<p>Los tinerfe\u00f1os y tinerfe\u00f1as, as\u00ed como la colonia palmera residente en Tenerife y, m\u00e1s concretamente, todos los seguidores de la m\u00fasica canario-cubana, tendr\u00e1n una cita ineludible este pr\u00f3ximo s\u00e1bado, d\u00eda 14 de julio, a las 21:00 horas, en el Teatro Leal de La Laguna, con \u201cLos Viejos\u201d de La Palma. El veterano y emblem\u00e1tico grupo musical, fundado en la capital palmera el a\u00f1o 1966 y con m\u00e1s de medio siglo de impecable trayectoria musical por Canarias y el mundo, llega a La Laguna dirigido por <strong>Jes\u00fas Mart\u00edn Fern\u00e1ndez<\/strong>, para presentar su nuevo disco con el espect\u00e1culo \u201cEl \u00faltimo adi\u00f3s\u201d. Justo un d\u00eda antes, el viernes 13, lo har\u00e1 en el convento de San Francisco de la capital palmera. Pero ya se comenta que el s\u00e1bado ser\u00e1 una m\u00e1gica noche palmera en el Teatro Leal de La Laguna, con un espect\u00e1culo con muchas canciones y sorpresas.<\/p>\n<p style=\"text-align: center\"><a href=\"https:\/\/elcotarro.com\/wp-content\/uploads\/2018\/07\/FOTO-3.-LOS-VIEJOS.jpg\"><img loading=\"lazy\" decoding=\"async\" class=\"alignnone size-full wp-image-5626\" src=\"https:\/\/elcotarro.com\/wp-content\/uploads\/2018\/07\/FOTO-3.-LOS-VIEJOS.jpg\" alt=\"FOTO 3.- LOS VIEJOS\" width=\"4925\" height=\"3284\" srcset=\"https:\/\/elcotarro.com\/wp-content\/uploads\/2018\/07\/FOTO-3.-LOS-VIEJOS.jpg 4925w, https:\/\/elcotarro.com\/wp-content\/uploads\/2018\/07\/FOTO-3.-LOS-VIEJOS-300x200.jpg 300w, https:\/\/elcotarro.com\/wp-content\/uploads\/2018\/07\/FOTO-3.-LOS-VIEJOS-1024x683.jpg 1024w\" sizes=\"auto, (max-width: 4925px) 100vw, 4925px\" \/><\/a><\/p>\n<p style=\"text-align: center\"><em>\u201cLos Viejos\u201d de La Palma se preparan para dos conciertos hist\u00f3ricos: el viernes en Santa Cruz de La Palma y el s\u00e1bado en el teatro Leal de La Laguna<\/em><\/p>\n","protected":false},"excerpt":{"rendered":"<p>Los tinerfe\u00f1os y tinerfe\u00f1as, as\u00ed como la colonia palmera residente en Tenerife y, m\u00e1s concretamente, todos los seguidores de la m\u00fasica canario-cubana, tendr\u00e1n una cita ineludible este pr\u00f3ximo s\u00e1bado, d\u00eda 14 de julio, a las 21:00 horas, en el Teatro Leal de La Laguna, con \u201cLos Viejos\u201d de La Palma. El veterano y emblem\u00e1tico grupo &#8230; <a class=\"read-more\" href=\"https:\/\/elcotarro.com\/?p=5625\">Read more<\/a><\/p>\n","protected":false},"author":2,"featured_media":0,"comment_status":"open","ping_status":"open","sticky":false,"template":"","format":"standard","meta":{"_jetpack_memberships_contains_paid_content":false,"footnotes":""},"categories":[1],"tags":[],"class_list":["post-5625","post","type-post","status-publish","format-standard","hentry","category-sin-categoria"],"yoast_head":"<!-- This site is optimized with the Yoast SEO plugin v27.0 - https:\/\/yoast.com\/product\/yoast-seo-wordpress\/ -->\n<title>GRAN NOCHE PALMERA EN EL TEATRO LEAL - El Cotarro<\/title>\n<meta name=\"robots\" content=\"index, follow, max-snippet:-1, max-image-preview:large, max-video-preview:-1\" \/>\n<link rel=\"canonical\" href=\"https:\/\/elcotarro.com\/?p=5625\" \/>\n<meta property=\"og:locale\" content=\"es_ES\" \/>\n<meta property=\"og:type\" content=\"article\" \/>\n<meta property=\"og:title\" content=\"GRAN NOCHE PALMERA EN EL TEATRO LEAL - El Cotarro\" \/>\n<meta property=\"og:description\" content=\"Los tinerfe\u00f1os y tinerfe\u00f1as, as\u00ed como la colonia palmera residente en Tenerife y, m\u00e1s concretamente, todos los seguidores de la m\u00fasica canario-cubana, tendr\u00e1n una cita ineludible este pr\u00f3ximo s\u00e1bado, d\u00eda 14 de julio, a las 21:00 horas, en el Teatro Leal de La Laguna, con \u201cLos Viejos\u201d de La Palma. El veterano y emblem\u00e1tico grupo ... Read more\" \/>\n<meta property=\"og:url\" content=\"https:\/\/elcotarro.com\/?p=5625\" \/>\n<meta property=\"og:site_name\" content=\"El Cotarro\" \/>\n<meta property=\"article:publisher\" content=\"https:\/\/www.facebook.com\/ElCotarro.Tenerife\" \/>\n<meta property=\"article:published_time\" content=\"2018-07-08T10:04:30+00:00\" \/>\n<meta property=\"og:image\" content=\"https:\/\/elcotarro.com\/wp-content\/uploads\/2018\/07\/FOTO-3.-LOS-VIEJOS.jpg\" \/>\n<meta name=\"author\" content=\"Jos\u00e9 Carlos Marrero Gonz\u00e1lez\" \/>\n<meta name=\"twitter:label1\" content=\"Escrito por\" \/>\n\t<meta name=\"twitter:data1\" content=\"Jos\u00e9 Carlos Marrero Gonz\u00e1lez\" \/>\n\t<meta name=\"twitter:label2\" content=\"Tiempo de lectura\" \/>\n\t<meta name=\"twitter:data2\" content=\"1 minuto\" \/>\n<script type=\"application\/ld+json\" class=\"yoast-schema-graph\">{\"@context\":\"https:\/\/schema.org\",\"@graph\":[{\"@type\":\"Article\",\"@id\":\"https:\/\/elcotarro.com\/?p=5625#article\",\"isPartOf\":{\"@id\":\"https:\/\/elcotarro.com\/?p=5625\"},\"author\":{\"name\":\"Jos\u00e9 Carlos Marrero Gonz\u00e1lez\",\"@id\":\"https:\/\/elcotarro.com\/#\/schema\/person\/af537ee7d60d15984c7e0affcd8a918b\"},\"headline\":\"GRAN NOCHE PALMERA EN EL TEATRO LEAL\",\"datePublished\":\"2018-07-08T10:04:30+00:00\",\"mainEntityOfPage\":{\"@id\":\"https:\/\/elcotarro.com\/?p=5625\"},\"wordCount\":199,\"commentCount\":0,\"publisher\":{\"@id\":\"https:\/\/elcotarro.com\/#organization\"},\"image\":{\"@id\":\"https:\/\/elcotarro.com\/?p=5625#primaryimage\"},\"thumbnailUrl\":\"https:\/\/elcotarro.com\/wp-content\/uploads\/2018\/07\/FOTO-3.-LOS-VIEJOS.jpg\",\"inLanguage\":\"es\",\"potentialAction\":[{\"@type\":\"CommentAction\",\"name\":\"Comment\",\"target\":[\"https:\/\/elcotarro.com\/?p=5625#respond\"]}]},{\"@type\":\"WebPage\",\"@id\":\"https:\/\/elcotarro.com\/?p=5625\",\"url\":\"https:\/\/elcotarro.com\/?p=5625\",\"name\":\"GRAN NOCHE PALMERA EN EL TEATRO LEAL - El Cotarro\",\"isPartOf\":{\"@id\":\"https:\/\/elcotarro.com\/#website\"},\"primaryImageOfPage\":{\"@id\":\"https:\/\/elcotarro.com\/?p=5625#primaryimage\"},\"image\":{\"@id\":\"https:\/\/elcotarro.com\/?p=5625#primaryimage\"},\"thumbnailUrl\":\"https:\/\/elcotarro.com\/wp-content\/uploads\/2018\/07\/FOTO-3.-LOS-VIEJOS.jpg\",\"datePublished\":\"2018-07-08T10:04:30+00:00\",\"breadcrumb\":{\"@id\":\"https:\/\/elcotarro.com\/?p=5625#breadcrumb\"},\"inLanguage\":\"es\",\"potentialAction\":[{\"@type\":\"ReadAction\",\"target\":[\"https:\/\/elcotarro.com\/?p=5625\"]}]},{\"@type\":\"ImageObject\",\"inLanguage\":\"es\",\"@id\":\"https:\/\/elcotarro.com\/?p=5625#primaryimage\",\"url\":\"https:\/\/elcotarro.com\/wp-content\/uploads\/2018\/07\/FOTO-3.-LOS-VIEJOS.jpg\",\"contentUrl\":\"https:\/\/elcotarro.com\/wp-content\/uploads\/2018\/07\/FOTO-3.-LOS-VIEJOS.jpg\",\"width\":4925,\"height\":3284},{\"@type\":\"BreadcrumbList\",\"@id\":\"https:\/\/elcotarro.com\/?p=5625#breadcrumb\",\"itemListElement\":[{\"@type\":\"ListItem\",\"position\":1,\"name\":\"Portada\",\"item\":\"https:\/\/elcotarro.com\/\"},{\"@type\":\"ListItem\",\"position\":2,\"name\":\"GRAN NOCHE PALMERA EN EL TEATRO LEAL\"}]},{\"@type\":\"WebSite\",\"@id\":\"https:\/\/elcotarro.com\/#website\",\"url\":\"https:\/\/elcotarro.com\/\",\"name\":\"El Cotarro\",\"description\":\"Peri\u00f3dico Digital Independiente dirigido por Jos\u00e9 Carlos Marrero\",\"publisher\":{\"@id\":\"https:\/\/elcotarro.com\/#organization\"},\"potentialAction\":[{\"@type\":\"SearchAction\",\"target\":{\"@type\":\"EntryPoint\",\"urlTemplate\":\"https:\/\/elcotarro.com\/?s={search_term_string}\"},\"query-input\":{\"@type\":\"PropertyValueSpecification\",\"valueRequired\":true,\"valueName\":\"search_term_string\"}}],\"inLanguage\":\"es\"},{\"@type\":\"Organization\",\"@id\":\"https:\/\/elcotarro.com\/#organization\",\"name\":\"El Cotarro\",\"url\":\"https:\/\/elcotarro.com\/\",\"logo\":{\"@type\":\"ImageObject\",\"inLanguage\":\"es\",\"@id\":\"https:\/\/elcotarro.com\/#\/schema\/logo\/image\/\",\"url\":\"https:\/\/elcotarro.com\/wp-content\/uploads\/2014\/09\/Cabecera_El_Cotarro_v2.jpg\",\"contentUrl\":\"https:\/\/elcotarro.com\/wp-content\/uploads\/2014\/09\/Cabecera_El_Cotarro_v2.jpg\",\"width\":3540,\"height\":441,\"caption\":\"El Cotarro\"},\"image\":{\"@id\":\"https:\/\/elcotarro.com\/#\/schema\/logo\/image\/\"},\"sameAs\":[\"https:\/\/www.facebook.com\/ElCotarro.Tenerife\"]},{\"@type\":\"Person\",\"@id\":\"https:\/\/elcotarro.com\/#\/schema\/person\/af537ee7d60d15984c7e0affcd8a918b\",\"name\":\"Jos\u00e9 Carlos Marrero Gonz\u00e1lez\",\"image\":{\"@type\":\"ImageObject\",\"inLanguage\":\"es\",\"@id\":\"https:\/\/elcotarro.com\/#\/schema\/person\/image\/\",\"url\":\"https:\/\/secure.gravatar.com\/avatar\/def4da036efb5d32c74d49c351f6dccc064dd69ad9f3aadc295c5a9a5391ca01?s=96&d=mm&r=g\",\"contentUrl\":\"https:\/\/secure.gravatar.com\/avatar\/def4da036efb5d32c74d49c351f6dccc064dd69ad9f3aadc295c5a9a5391ca01?s=96&d=mm&r=g\",\"caption\":\"Jos\u00e9 Carlos Marrero Gonz\u00e1lez\"},\"sameAs\":[\"https:\/\/elcotarro.com\"],\"url\":\"https:\/\/elcotarro.com\/?author=2\"}]}<\/script>\n<!-- \/ Yoast SEO plugin. -->","yoast_head_json":{"title":"GRAN NOCHE PALMERA EN EL TEATRO LEAL - El Cotarro","robots":{"index":"index","follow":"follow","max-snippet":"max-snippet:-1","max-image-preview":"max-image-preview:large","max-video-preview":"max-video-preview:-1"},"canonical":"https:\/\/elcotarro.com\/?p=5625","og_locale":"es_ES","og_type":"article","og_title":"GRAN NOCHE PALMERA EN EL TEATRO LEAL - El Cotarro","og_description":"Los tinerfe\u00f1os y tinerfe\u00f1as, as\u00ed como la colonia palmera residente en Tenerife y, m\u00e1s concretamente, todos los seguidores de la m\u00fasica canario-cubana, tendr\u00e1n una cita ineludible este pr\u00f3ximo s\u00e1bado, d\u00eda 14 de julio, a las 21:00 horas, en el Teatro Leal de La Laguna, con \u201cLos Viejos\u201d de La Palma. El veterano y emblem\u00e1tico grupo ... Read more","og_url":"https:\/\/elcotarro.com\/?p=5625","og_site_name":"El Cotarro","article_publisher":"https:\/\/www.facebook.com\/ElCotarro.Tenerife","article_published_time":"2018-07-08T10:04:30+00:00","og_image":[{"url":"https:\/\/elcotarro.com\/wp-content\/uploads\/2018\/07\/FOTO-3.-LOS-VIEJOS.jpg","type":"","width":"","height":""}],"author":"Jos\u00e9 Carlos Marrero Gonz\u00e1lez","twitter_misc":{"Escrito por":"Jos\u00e9 Carlos Marrero Gonz\u00e1lez","Tiempo de lectura":"1 minuto"},"schema":{"@context":"https:\/\/schema.org","@graph":[{"@type":"Article","@id":"https:\/\/elcotarro.com\/?p=5625#article","isPartOf":{"@id":"https:\/\/elcotarro.com\/?p=5625"},"author":{"name":"Jos\u00e9 Carlos Marrero Gonz\u00e1lez","@id":"https:\/\/elcotarro.com\/#\/schema\/person\/af537ee7d60d15984c7e0affcd8a918b"},"headline":"GRAN NOCHE PALMERA EN EL TEATRO LEAL","datePublished":"2018-07-08T10:04:30+00:00","mainEntityOfPage":{"@id":"https:\/\/elcotarro.com\/?p=5625"},"wordCount":199,"commentCount":0,"publisher":{"@id":"https:\/\/elcotarro.com\/#organization"},"image":{"@id":"https:\/\/elcotarro.com\/?p=5625#primaryimage"},"thumbnailUrl":"https:\/\/elcotarro.com\/wp-content\/uploads\/2018\/07\/FOTO-3.-LOS-VIEJOS.jpg","inLanguage":"es","potentialAction":[{"@type":"CommentAction","name":"Comment","target":["https:\/\/elcotarro.com\/?p=5625#respond"]}]},{"@type":"WebPage","@id":"https:\/\/elcotarro.com\/?p=5625","url":"https:\/\/elcotarro.com\/?p=5625","name":"GRAN NOCHE PALMERA EN EL TEATRO LEAL - El Cotarro","isPartOf":{"@id":"https:\/\/elcotarro.com\/#website"},"primaryImageOfPage":{"@id":"https:\/\/elcotarro.com\/?p=5625#primaryimage"},"image":{"@id":"https:\/\/elcotarro.com\/?p=5625#primaryimage"},"thumbnailUrl":"https:\/\/elcotarro.com\/wp-content\/uploads\/2018\/07\/FOTO-3.-LOS-VIEJOS.jpg","datePublished":"2018-07-08T10:04:30+00:00","breadcrumb":{"@id":"https:\/\/elcotarro.com\/?p=5625#breadcrumb"},"inLanguage":"es","potentialAction":[{"@type":"ReadAction","target":["https:\/\/elcotarro.com\/?p=5625"]}]},{"@type":"ImageObject","inLanguage":"es","@id":"https:\/\/elcotarro.com\/?p=5625#primaryimage","url":"https:\/\/elcotarro.com\/wp-content\/uploads\/2018\/07\/FOTO-3.-LOS-VIEJOS.jpg","contentUrl":"https:\/\/elcotarro.com\/wp-content\/uploads\/2018\/07\/FOTO-3.-LOS-VIEJOS.jpg","width":4925,"height":3284},{"@type":"BreadcrumbList","@id":"https:\/\/elcotarro.com\/?p=5625#breadcrumb","itemListElement":[{"@type":"ListItem","position":1,"name":"Portada","item":"https:\/\/elcotarro.com\/"},{"@type":"ListItem","position":2,"name":"GRAN NOCHE PALMERA EN EL TEATRO LEAL"}]},{"@type":"WebSite","@id":"https:\/\/elcotarro.com\/#website","url":"https:\/\/elcotarro.com\/","name":"El Cotarro","description":"Peri\u00f3dico Digital Independiente dirigido por Jos\u00e9 Carlos Marrero","publisher":{"@id":"https:\/\/elcotarro.com\/#organization"},"potentialAction":[{"@type":"SearchAction","target":{"@type":"EntryPoint","urlTemplate":"https:\/\/elcotarro.com\/?s={search_term_string}"},"query-input":{"@type":"PropertyValueSpecification","valueRequired":true,"valueName":"search_term_string"}}],"inLanguage":"es"},{"@type":"Organization","@id":"https:\/\/elcotarro.com\/#organization","name":"El Cotarro","url":"https:\/\/elcotarro.com\/","logo":{"@type":"ImageObject","inLanguage":"es","@id":"https:\/\/elcotarro.com\/#\/schema\/logo\/image\/","url":"https:\/\/elcotarro.com\/wp-content\/uploads\/2014\/09\/Cabecera_El_Cotarro_v2.jpg","contentUrl":"https:\/\/elcotarro.com\/wp-content\/uploads\/2014\/09\/Cabecera_El_Cotarro_v2.jpg","width":3540,"height":441,"caption":"El Cotarro"},"image":{"@id":"https:\/\/elcotarro.com\/#\/schema\/logo\/image\/"},"sameAs":["https:\/\/www.facebook.com\/ElCotarro.Tenerife"]},{"@type":"Person","@id":"https:\/\/elcotarro.com\/#\/schema\/person\/af537ee7d60d15984c7e0affcd8a918b","name":"Jos\u00e9 Carlos Marrero Gonz\u00e1lez","image":{"@type":"ImageObject","inLanguage":"es","@id":"https:\/\/elcotarro.com\/#\/schema\/person\/image\/","url":"https:\/\/secure.gravatar.com\/avatar\/def4da036efb5d32c74d49c351f6dccc064dd69ad9f3aadc295c5a9a5391ca01?s=96&d=mm&r=g","contentUrl":"https:\/\/secure.gravatar.com\/avatar\/def4da036efb5d32c74d49c351f6dccc064dd69ad9f3aadc295c5a9a5391ca01?s=96&d=mm&r=g","caption":"Jos\u00e9 Carlos Marrero Gonz\u00e1lez"},"sameAs":["https:\/\/elcotarro.com"],"url":"https:\/\/elcotarro.com\/?author=2"}]}},"jetpack_featured_media_url":"","jetpack_sharing_enabled":true,"_links":{"self":[{"href":"https:\/\/elcotarro.com\/index.php?rest_route=\/wp\/v2\/posts\/5625","targetHints":{"allow":["GET"]}}],"collection":[{"href":"https:\/\/elcotarro.com\/index.php?rest_route=\/wp\/v2\/posts"}],"about":[{"href":"https:\/\/elcotarro.com\/index.php?rest_route=\/wp\/v2\/types\/post"}],"author":[{"embeddable":true,"href":"https:\/\/elcotarro.com\/index.php?rest_route=\/wp\/v2\/users\/2"}],"replies":[{"embeddable":true,"href":"https:\/\/elcotarro.com\/index.php?rest_route=%2Fwp%2Fv2%2Fcomments&post=5625"}],"version-history":[{"count":1,"href":"https:\/\/elcotarro.com\/index.php?rest_route=\/wp\/v2\/posts\/5625\/revisions"}],"predecessor-version":[{"id":5627,"href":"https:\/\/elcotarro.com\/index.php?rest_route=\/wp\/v2\/posts\/5625\/revisions\/5627"}],"wp:attachment":[{"href":"https:\/\/elcotarro.com\/index.php?rest_route=%2Fwp%2Fv2%2Fmedia&parent=5625"}],"wp:term":[{"taxonomy":"category","embeddable":true,"href":"https:\/\/elcotarro.com\/index.php?rest_route=%2Fwp%2Fv2%2Fcategories&post=5625"},{"taxonomy":"post_tag","embeddable":true,"href":"https:\/\/elcotarro.com\/index.php?rest_route=%2Fwp%2Fv2%2Ftags&post=5625"}],"curies":[{"name":"wp","href":"https:\/\/api.w.org\/{rel}","templated":true}]}}