{"id":5628,"date":"2018-07-08T11:03:16","date_gmt":"2018-07-08T10:03:16","guid":{"rendered":"https:\/\/elcotarro.com\/?p=5628"},"modified":"2018-07-08T10:09:05","modified_gmt":"2018-07-08T09:09:05","slug":"embajadores-musicales-de-la-palma","status":"publish","type":"post","link":"https:\/\/elcotarro.com\/?p=5628","title":{"rendered":"EMBAJADORES MUSICALES DE LA PALMA"},"content":{"rendered":"<p>El grupo naci\u00f3 en el seno de la familia Fern\u00e1ndez Castillo, reconocida en el \u00e1mbito m\u00fasico-cultural de la Isla Bonita, comenzando con la direcci\u00f3n de <strong>Felipe Santiago Fern\u00e1ndez Castillo <em>\u201cEl Rubio\u201d<\/em><\/strong>, siguiendo con la de <strong>Jos\u00e9 Antonio Fern\u00e1ndez Castillo <em>\u201cPepepe\u201d<\/em><\/strong>, \u00a0y ahora con su sobrino, el joven compositor y timplista <strong>Jes\u00fas Mart\u00edn Fern\u00e1ndez<\/strong>, quien ha trabajado con algunas de las figuras m\u00e1s importantes de la m\u00fasica latinoamericana, como <strong>Marc Anthony, Juan Luis Guerra<\/strong>y <strong>Adalgisa Pantale\u00f3n<\/strong>. quien, precisamente, vendr\u00e1 especialmente desde Rep\u00fablica Dominicana para estos conciertos como gran artista invitada. \u201cLos Viejos\u201d de La Palma han cumplido 52 a\u00f1os en la m\u00fasica, durante los cuales han compartido escenario con <strong>El\u00edades Ochoa, Mar\u00eda Ochoa, Maite Hontel\u00e9<\/strong>, Los Panchos, <strong>Mar\u00eda Teresa Vera, <\/strong>Morena Son<strong>, Carlos Puebla\u00a0<\/strong>y Los Tradicionales, Los Sabande\u00f1os, Los Gofiones, Troveros de Asieta, <strong>Domingo <em>\u201cEl Colorado\u201d<\/em><\/strong>, <strong>Benito Cabrera,<\/strong> Asimismo, han participado en distintos programas de radio y televisi\u00f3n como Tenderete, Taifa y Candil, La Bodega de Juli\u00e1n, 300 millones y Noche de Taifas.<\/p>\n<p style=\"text-align: center\"><a href=\"https:\/\/elcotarro.com\/wp-content\/uploads\/2018\/07\/FOTO-4.-ADALGISA-PANTALEON.jpg\"><img loading=\"lazy\" decoding=\"async\" class=\"alignnone size-full wp-image-5629\" src=\"https:\/\/elcotarro.com\/wp-content\/uploads\/2018\/07\/FOTO-4.-ADALGISA-PANTALEON.jpg\" alt=\"122910_4417\" width=\"640\" height=\"427\" srcset=\"https:\/\/elcotarro.com\/wp-content\/uploads\/2018\/07\/FOTO-4.-ADALGISA-PANTALEON.jpg 640w, https:\/\/elcotarro.com\/wp-content\/uploads\/2018\/07\/FOTO-4.-ADALGISA-PANTALEON-300x200.jpg 300w\" sizes=\"auto, (max-width: 640px) 100vw, 640px\" \/><\/a><\/p>\n<p style=\"text-align: center\"><em>La gran cantante Adalgisa Pantale\u00f3n actuar\u00e1 como artista invitada<\/em><\/p>\n","protected":false},"excerpt":{"rendered":"<p>El grupo naci\u00f3 en el seno de la familia Fern\u00e1ndez Castillo, reconocida en el \u00e1mbito m\u00fasico-cultural de la Isla Bonita, comenzando con la direcci\u00f3n de Felipe Santiago Fern\u00e1ndez Castillo \u201cEl Rubio\u201d, siguiendo con la de Jos\u00e9 Antonio Fern\u00e1ndez Castillo \u201cPepepe\u201d, \u00a0y ahora con su sobrino, el joven compositor y timplista Jes\u00fas Mart\u00edn Fern\u00e1ndez, quien ha &#8230; <a class=\"read-more\" href=\"https:\/\/elcotarro.com\/?p=5628\">Read more<\/a><\/p>\n","protected":false},"author":2,"featured_media":0,"comment_status":"open","ping_status":"open","sticky":false,"template":"","format":"standard","meta":{"_jetpack_memberships_contains_paid_content":false,"footnotes":""},"categories":[1],"tags":[],"class_list":["post-5628","post","type-post","status-publish","format-standard","hentry","category-sin-categoria"],"yoast_head":"<!-- This site is optimized with the Yoast SEO plugin v27.0 - https:\/\/yoast.com\/product\/yoast-seo-wordpress\/ -->\n<title>EMBAJADORES MUSICALES DE LA PALMA - El Cotarro<\/title>\n<meta name=\"robots\" content=\"index, follow, max-snippet:-1, max-image-preview:large, max-video-preview:-1\" \/>\n<link rel=\"canonical\" href=\"https:\/\/elcotarro.com\/?p=5628\" \/>\n<meta property=\"og:locale\" content=\"es_ES\" \/>\n<meta property=\"og:type\" content=\"article\" \/>\n<meta property=\"og:title\" content=\"EMBAJADORES MUSICALES DE LA PALMA - El Cotarro\" \/>\n<meta property=\"og:description\" content=\"El grupo naci\u00f3 en el seno de la familia Fern\u00e1ndez Castillo, reconocida en el \u00e1mbito m\u00fasico-cultural de la Isla Bonita, comenzando con la direcci\u00f3n de Felipe Santiago Fern\u00e1ndez Castillo \u201cEl Rubio\u201d, siguiendo con la de Jos\u00e9 Antonio Fern\u00e1ndez Castillo \u201cPepepe\u201d, \u00a0y ahora con su sobrino, el joven compositor y timplista Jes\u00fas Mart\u00edn Fern\u00e1ndez, quien ha ... Read more\" \/>\n<meta property=\"og:url\" content=\"https:\/\/elcotarro.com\/?p=5628\" \/>\n<meta property=\"og:site_name\" content=\"El Cotarro\" \/>\n<meta property=\"article:publisher\" content=\"https:\/\/www.facebook.com\/ElCotarro.Tenerife\" \/>\n<meta property=\"article:published_time\" content=\"2018-07-08T10:03:16+00:00\" \/>\n<meta property=\"og:image\" content=\"https:\/\/elcotarro.com\/wp-content\/uploads\/2018\/07\/FOTO-4.-ADALGISA-PANTALEON.jpg\" \/>\n<meta name=\"author\" content=\"Jos\u00e9 Carlos Marrero Gonz\u00e1lez\" \/>\n<meta name=\"twitter:label1\" content=\"Escrito por\" \/>\n\t<meta name=\"twitter:data1\" content=\"Jos\u00e9 Carlos Marrero Gonz\u00e1lez\" \/>\n\t<meta name=\"twitter:label2\" content=\"Tiempo de lectura\" \/>\n\t<meta name=\"twitter:data2\" content=\"1 minuto\" \/>\n<script type=\"application\/ld+json\" class=\"yoast-schema-graph\">{\"@context\":\"https:\/\/schema.org\",\"@graph\":[{\"@type\":\"Article\",\"@id\":\"https:\/\/elcotarro.com\/?p=5628#article\",\"isPartOf\":{\"@id\":\"https:\/\/elcotarro.com\/?p=5628\"},\"author\":{\"name\":\"Jos\u00e9 Carlos Marrero Gonz\u00e1lez\",\"@id\":\"https:\/\/elcotarro.com\/#\/schema\/person\/af537ee7d60d15984c7e0affcd8a918b\"},\"headline\":\"EMBAJADORES MUSICALES DE LA PALMA\",\"datePublished\":\"2018-07-08T10:03:16+00:00\",\"mainEntityOfPage\":{\"@id\":\"https:\/\/elcotarro.com\/?p=5628\"},\"wordCount\":196,\"commentCount\":0,\"publisher\":{\"@id\":\"https:\/\/elcotarro.com\/#organization\"},\"image\":{\"@id\":\"https:\/\/elcotarro.com\/?p=5628#primaryimage\"},\"thumbnailUrl\":\"https:\/\/elcotarro.com\/wp-content\/uploads\/2018\/07\/FOTO-4.-ADALGISA-PANTALEON.jpg\",\"inLanguage\":\"es\",\"potentialAction\":[{\"@type\":\"CommentAction\",\"name\":\"Comment\",\"target\":[\"https:\/\/elcotarro.com\/?p=5628#respond\"]}]},{\"@type\":\"WebPage\",\"@id\":\"https:\/\/elcotarro.com\/?p=5628\",\"url\":\"https:\/\/elcotarro.com\/?p=5628\",\"name\":\"EMBAJADORES MUSICALES DE LA PALMA - El Cotarro\",\"isPartOf\":{\"@id\":\"https:\/\/elcotarro.com\/#website\"},\"primaryImageOfPage\":{\"@id\":\"https:\/\/elcotarro.com\/?p=5628#primaryimage\"},\"image\":{\"@id\":\"https:\/\/elcotarro.com\/?p=5628#primaryimage\"},\"thumbnailUrl\":\"https:\/\/elcotarro.com\/wp-content\/uploads\/2018\/07\/FOTO-4.-ADALGISA-PANTALEON.jpg\",\"datePublished\":\"2018-07-08T10:03:16+00:00\",\"breadcrumb\":{\"@id\":\"https:\/\/elcotarro.com\/?p=5628#breadcrumb\"},\"inLanguage\":\"es\",\"potentialAction\":[{\"@type\":\"ReadAction\",\"target\":[\"https:\/\/elcotarro.com\/?p=5628\"]}]},{\"@type\":\"ImageObject\",\"inLanguage\":\"es\",\"@id\":\"https:\/\/elcotarro.com\/?p=5628#primaryimage\",\"url\":\"https:\/\/elcotarro.com\/wp-content\/uploads\/2018\/07\/FOTO-4.-ADALGISA-PANTALEON.jpg\",\"contentUrl\":\"https:\/\/elcotarro.com\/wp-content\/uploads\/2018\/07\/FOTO-4.-ADALGISA-PANTALEON.jpg\",\"width\":640,\"height\":427},{\"@type\":\"BreadcrumbList\",\"@id\":\"https:\/\/elcotarro.com\/?p=5628#breadcrumb\",\"itemListElement\":[{\"@type\":\"ListItem\",\"position\":1,\"name\":\"Portada\",\"item\":\"https:\/\/elcotarro.com\/\"},{\"@type\":\"ListItem\",\"position\":2,\"name\":\"EMBAJADORES MUSICALES DE LA PALMA\"}]},{\"@type\":\"WebSite\",\"@id\":\"https:\/\/elcotarro.com\/#website\",\"url\":\"https:\/\/elcotarro.com\/\",\"name\":\"El Cotarro\",\"description\":\"Peri\u00f3dico Digital Independiente dirigido por Jos\u00e9 Carlos Marrero\",\"publisher\":{\"@id\":\"https:\/\/elcotarro.com\/#organization\"},\"potentialAction\":[{\"@type\":\"SearchAction\",\"target\":{\"@type\":\"EntryPoint\",\"urlTemplate\":\"https:\/\/elcotarro.com\/?s={search_term_string}\"},\"query-input\":{\"@type\":\"PropertyValueSpecification\",\"valueRequired\":true,\"valueName\":\"search_term_string\"}}],\"inLanguage\":\"es\"},{\"@type\":\"Organization\",\"@id\":\"https:\/\/elcotarro.com\/#organization\",\"name\":\"El Cotarro\",\"url\":\"https:\/\/elcotarro.com\/\",\"logo\":{\"@type\":\"ImageObject\",\"inLanguage\":\"es\",\"@id\":\"https:\/\/elcotarro.com\/#\/schema\/logo\/image\/\",\"url\":\"https:\/\/elcotarro.com\/wp-content\/uploads\/2014\/09\/Cabecera_El_Cotarro_v2.jpg\",\"contentUrl\":\"https:\/\/elcotarro.com\/wp-content\/uploads\/2014\/09\/Cabecera_El_Cotarro_v2.jpg\",\"width\":3540,\"height\":441,\"caption\":\"El Cotarro\"},\"image\":{\"@id\":\"https:\/\/elcotarro.com\/#\/schema\/logo\/image\/\"},\"sameAs\":[\"https:\/\/www.facebook.com\/ElCotarro.Tenerife\"]},{\"@type\":\"Person\",\"@id\":\"https:\/\/elcotarro.com\/#\/schema\/person\/af537ee7d60d15984c7e0affcd8a918b\",\"name\":\"Jos\u00e9 Carlos Marrero Gonz\u00e1lez\",\"image\":{\"@type\":\"ImageObject\",\"inLanguage\":\"es\",\"@id\":\"https:\/\/elcotarro.com\/#\/schema\/person\/image\/\",\"url\":\"https:\/\/secure.gravatar.com\/avatar\/def4da036efb5d32c74d49c351f6dccc064dd69ad9f3aadc295c5a9a5391ca01?s=96&d=mm&r=g\",\"contentUrl\":\"https:\/\/secure.gravatar.com\/avatar\/def4da036efb5d32c74d49c351f6dccc064dd69ad9f3aadc295c5a9a5391ca01?s=96&d=mm&r=g\",\"caption\":\"Jos\u00e9 Carlos Marrero Gonz\u00e1lez\"},\"sameAs\":[\"https:\/\/elcotarro.com\"],\"url\":\"https:\/\/elcotarro.com\/?author=2\"}]}<\/script>\n<!-- \/ Yoast SEO plugin. -->","yoast_head_json":{"title":"EMBAJADORES MUSICALES DE LA PALMA - El Cotarro","robots":{"index":"index","follow":"follow","max-snippet":"max-snippet:-1","max-image-preview":"max-image-preview:large","max-video-preview":"max-video-preview:-1"},"canonical":"https:\/\/elcotarro.com\/?p=5628","og_locale":"es_ES","og_type":"article","og_title":"EMBAJADORES MUSICALES DE LA PALMA - El Cotarro","og_description":"El grupo naci\u00f3 en el seno de la familia Fern\u00e1ndez Castillo, reconocida en el \u00e1mbito m\u00fasico-cultural de la Isla Bonita, comenzando con la direcci\u00f3n de Felipe Santiago Fern\u00e1ndez Castillo \u201cEl Rubio\u201d, siguiendo con la de Jos\u00e9 Antonio Fern\u00e1ndez Castillo \u201cPepepe\u201d, \u00a0y ahora con su sobrino, el joven compositor y timplista Jes\u00fas Mart\u00edn Fern\u00e1ndez, quien ha ... Read more","og_url":"https:\/\/elcotarro.com\/?p=5628","og_site_name":"El Cotarro","article_publisher":"https:\/\/www.facebook.com\/ElCotarro.Tenerife","article_published_time":"2018-07-08T10:03:16+00:00","og_image":[{"url":"https:\/\/elcotarro.com\/wp-content\/uploads\/2018\/07\/FOTO-4.-ADALGISA-PANTALEON.jpg","type":"","width":"","height":""}],"author":"Jos\u00e9 Carlos Marrero Gonz\u00e1lez","twitter_misc":{"Escrito por":"Jos\u00e9 Carlos Marrero Gonz\u00e1lez","Tiempo de lectura":"1 minuto"},"schema":{"@context":"https:\/\/schema.org","@graph":[{"@type":"Article","@id":"https:\/\/elcotarro.com\/?p=5628#article","isPartOf":{"@id":"https:\/\/elcotarro.com\/?p=5628"},"author":{"name":"Jos\u00e9 Carlos Marrero Gonz\u00e1lez","@id":"https:\/\/elcotarro.com\/#\/schema\/person\/af537ee7d60d15984c7e0affcd8a918b"},"headline":"EMBAJADORES MUSICALES DE LA PALMA","datePublished":"2018-07-08T10:03:16+00:00","mainEntityOfPage":{"@id":"https:\/\/elcotarro.com\/?p=5628"},"wordCount":196,"commentCount":0,"publisher":{"@id":"https:\/\/elcotarro.com\/#organization"},"image":{"@id":"https:\/\/elcotarro.com\/?p=5628#primaryimage"},"thumbnailUrl":"https:\/\/elcotarro.com\/wp-content\/uploads\/2018\/07\/FOTO-4.-ADALGISA-PANTALEON.jpg","inLanguage":"es","potentialAction":[{"@type":"CommentAction","name":"Comment","target":["https:\/\/elcotarro.com\/?p=5628#respond"]}]},{"@type":"WebPage","@id":"https:\/\/elcotarro.com\/?p=5628","url":"https:\/\/elcotarro.com\/?p=5628","name":"EMBAJADORES MUSICALES DE LA PALMA - El Cotarro","isPartOf":{"@id":"https:\/\/elcotarro.com\/#website"},"primaryImageOfPage":{"@id":"https:\/\/elcotarro.com\/?p=5628#primaryimage"},"image":{"@id":"https:\/\/elcotarro.com\/?p=5628#primaryimage"},"thumbnailUrl":"https:\/\/elcotarro.com\/wp-content\/uploads\/2018\/07\/FOTO-4.-ADALGISA-PANTALEON.jpg","datePublished":"2018-07-08T10:03:16+00:00","breadcrumb":{"@id":"https:\/\/elcotarro.com\/?p=5628#breadcrumb"},"inLanguage":"es","potentialAction":[{"@type":"ReadAction","target":["https:\/\/elcotarro.com\/?p=5628"]}]},{"@type":"ImageObject","inLanguage":"es","@id":"https:\/\/elcotarro.com\/?p=5628#primaryimage","url":"https:\/\/elcotarro.com\/wp-content\/uploads\/2018\/07\/FOTO-4.-ADALGISA-PANTALEON.jpg","contentUrl":"https:\/\/elcotarro.com\/wp-content\/uploads\/2018\/07\/FOTO-4.-ADALGISA-PANTALEON.jpg","width":640,"height":427},{"@type":"BreadcrumbList","@id":"https:\/\/elcotarro.com\/?p=5628#breadcrumb","itemListElement":[{"@type":"ListItem","position":1,"name":"Portada","item":"https:\/\/elcotarro.com\/"},{"@type":"ListItem","position":2,"name":"EMBAJADORES MUSICALES DE LA PALMA"}]},{"@type":"WebSite","@id":"https:\/\/elcotarro.com\/#website","url":"https:\/\/elcotarro.com\/","name":"El Cotarro","description":"Peri\u00f3dico Digital Independiente dirigido por Jos\u00e9 Carlos Marrero","publisher":{"@id":"https:\/\/elcotarro.com\/#organization"},"potentialAction":[{"@type":"SearchAction","target":{"@type":"EntryPoint","urlTemplate":"https:\/\/elcotarro.com\/?s={search_term_string}"},"query-input":{"@type":"PropertyValueSpecification","valueRequired":true,"valueName":"search_term_string"}}],"inLanguage":"es"},{"@type":"Organization","@id":"https:\/\/elcotarro.com\/#organization","name":"El Cotarro","url":"https:\/\/elcotarro.com\/","logo":{"@type":"ImageObject","inLanguage":"es","@id":"https:\/\/elcotarro.com\/#\/schema\/logo\/image\/","url":"https:\/\/elcotarro.com\/wp-content\/uploads\/2014\/09\/Cabecera_El_Cotarro_v2.jpg","contentUrl":"https:\/\/elcotarro.com\/wp-content\/uploads\/2014\/09\/Cabecera_El_Cotarro_v2.jpg","width":3540,"height":441,"caption":"El Cotarro"},"image":{"@id":"https:\/\/elcotarro.com\/#\/schema\/logo\/image\/"},"sameAs":["https:\/\/www.facebook.com\/ElCotarro.Tenerife"]},{"@type":"Person","@id":"https:\/\/elcotarro.com\/#\/schema\/person\/af537ee7d60d15984c7e0affcd8a918b","name":"Jos\u00e9 Carlos Marrero Gonz\u00e1lez","image":{"@type":"ImageObject","inLanguage":"es","@id":"https:\/\/elcotarro.com\/#\/schema\/person\/image\/","url":"https:\/\/secure.gravatar.com\/avatar\/def4da036efb5d32c74d49c351f6dccc064dd69ad9f3aadc295c5a9a5391ca01?s=96&d=mm&r=g","contentUrl":"https:\/\/secure.gravatar.com\/avatar\/def4da036efb5d32c74d49c351f6dccc064dd69ad9f3aadc295c5a9a5391ca01?s=96&d=mm&r=g","caption":"Jos\u00e9 Carlos Marrero Gonz\u00e1lez"},"sameAs":["https:\/\/elcotarro.com"],"url":"https:\/\/elcotarro.com\/?author=2"}]}},"jetpack_featured_media_url":"","jetpack_sharing_enabled":true,"_links":{"self":[{"href":"https:\/\/elcotarro.com\/index.php?rest_route=\/wp\/v2\/posts\/5628","targetHints":{"allow":["GET"]}}],"collection":[{"href":"https:\/\/elcotarro.com\/index.php?rest_route=\/wp\/v2\/posts"}],"about":[{"href":"https:\/\/elcotarro.com\/index.php?rest_route=\/wp\/v2\/types\/post"}],"author":[{"embeddable":true,"href":"https:\/\/elcotarro.com\/index.php?rest_route=\/wp\/v2\/users\/2"}],"replies":[{"embeddable":true,"href":"https:\/\/elcotarro.com\/index.php?rest_route=%2Fwp%2Fv2%2Fcomments&post=5628"}],"version-history":[{"count":1,"href":"https:\/\/elcotarro.com\/index.php?rest_route=\/wp\/v2\/posts\/5628\/revisions"}],"predecessor-version":[{"id":5630,"href":"https:\/\/elcotarro.com\/index.php?rest_route=\/wp\/v2\/posts\/5628\/revisions\/5630"}],"wp:attachment":[{"href":"https:\/\/elcotarro.com\/index.php?rest_route=%2Fwp%2Fv2%2Fmedia&parent=5628"}],"wp:term":[{"taxonomy":"category","embeddable":true,"href":"https:\/\/elcotarro.com\/index.php?rest_route=%2Fwp%2Fv2%2Fcategories&post=5628"},{"taxonomy":"post_tag","embeddable":true,"href":"https:\/\/elcotarro.com\/index.php?rest_route=%2Fwp%2Fv2%2Ftags&post=5628"}],"curies":[{"name":"wp","href":"https:\/\/api.w.org\/{rel}","templated":true}]}}