{"id":5631,"date":"2018-07-08T11:02:10","date_gmt":"2018-07-08T10:02:10","guid":{"rendered":"https:\/\/elcotarro.com\/?p=5631"},"modified":"2018-07-08T10:09:59","modified_gmt":"2018-07-08T09:09:59","slug":"ultimo-adios-de-los-viejos-de-la-palma","status":"publish","type":"post","link":"https:\/\/elcotarro.com\/?p=5631","title":{"rendered":"\u00daLTIMO ADI\u00d3S DE LOS VIEJOS DE LA PALMA"},"content":{"rendered":"<p>Cuando <strong>Jes\u00fas Mart\u00edn\u00a0<\/strong>comenzaba la aventura de ser director de \u201cLos Viejos\u201d de La Palma, hace ahora cinco a\u00f1os, se dio cuenta de que el grupo conformaba la banda sonora de su vida y el legado de toda una familia dedicada a la m\u00fasica y embriagada por relaciones y transferencias entre La Palma y Cuba. <strong>Jos\u00e9 Antonio Fern\u00e1ndez<\/strong>, su t\u00edo <strong><em>\u201cPepepe\u201d\u00a0<\/em><\/strong>enferm\u00f3 y, tal como le dec\u00eda desde que <strong>Jes\u00fas Mart\u00edn\u00a0<\/strong>ten\u00eda uso de raz\u00f3n&#8230; <em>\u201ccuando yo no pueda, ser\u00e1s quien lleve el barco de Los Viejos\u201d<\/em>. En los \u00faltimos d\u00edas de <strong><em>\u201cPepepe\u201d,\u00a0<\/em><\/strong>Jes\u00fas<strong>Mart\u00edn\u00a0<\/strong>le prometi\u00f3 que iba a sacar el grupo hacia adelante y que iba a emplear su tiempo y absolutamente todas sus fuerzas, en llevar a \u201cLos Viejos\u201d a algo m\u00e1s, a continuar y mantener su esp\u00edritu de siempre, pero elevando su m\u00fasica y llev\u00e1ndola un poco m\u00e1s all\u00e1&#8230; Cuando <strong><em>\u201cPepepe\u201d\u00a0<\/em><\/strong>se iba apagando, <strong>Jes\u00fas Mart\u00edn\u00a0<\/strong>escribi\u00f3 y compuso un tema para timple y piano, titulado \u201cEl \u00faltimo adi\u00f3s\u201d\u2026 y de ah\u00ed naci\u00f3 el nuevo disco de \u201cLos Viejos\u201d y el proyecto musical que lleva el mismo nombre y que se presentar\u00e1 este pr\u00f3ximo fin de semana. Las entradas ya est\u00e1n a la venta a trav\u00e9s de internet, en www.entrees.es, as\u00ed como en la taquilla del propio teatro Leal. No se lo pierdan. El que avisa no es traidor.<\/p>\n<p style=\"text-align: center\"><a href=\"https:\/\/elcotarro.com\/wp-content\/uploads\/2018\/07\/FOTO-5.-JES\u00daS-Y-MAITE.jpg\"><img loading=\"lazy\" decoding=\"async\" class=\"alignnone size-full wp-image-5632\" src=\"https:\/\/elcotarro.com\/wp-content\/uploads\/2018\/07\/FOTO-5.-JES\u00daS-Y-MAITE.jpg\" alt=\"FOTO 5.- JES\u00daS Y MAITE\" width=\"547\" height=\"390\" srcset=\"https:\/\/elcotarro.com\/wp-content\/uploads\/2018\/07\/FOTO-5.-JES\u00daS-Y-MAITE.jpg 547w, https:\/\/elcotarro.com\/wp-content\/uploads\/2018\/07\/FOTO-5.-JES\u00daS-Y-MAITE-300x214.jpg 300w\" sizes=\"auto, (max-width: 547px) 100vw, 547px\" \/><\/a><\/p>\n<p style=\"text-align: center\"><em>Jes\u00fas Mart\u00edn Fern\u00e1ndez (director de \u201cLos Viejos\u201d) y la trompetista Maite Hontel\u00e9<\/em><\/p>\n","protected":false},"excerpt":{"rendered":"<p>Cuando Jes\u00fas Mart\u00edn\u00a0comenzaba la aventura de ser director de \u201cLos Viejos\u201d de La Palma, hace ahora cinco a\u00f1os, se dio cuenta de que el grupo conformaba la banda sonora de su vida y el legado de toda una familia dedicada a la m\u00fasica y embriagada por relaciones y transferencias entre La Palma y Cuba. Jos\u00e9 &#8230; <a class=\"read-more\" href=\"https:\/\/elcotarro.com\/?p=5631\">Read more<\/a><\/p>\n","protected":false},"author":2,"featured_media":0,"comment_status":"open","ping_status":"open","sticky":false,"template":"","format":"standard","meta":{"_jetpack_memberships_contains_paid_content":false,"footnotes":""},"categories":[1],"tags":[],"class_list":["post-5631","post","type-post","status-publish","format-standard","hentry","category-sin-categoria"],"yoast_head":"<!-- This site is optimized with the Yoast SEO plugin v27.0 - https:\/\/yoast.com\/product\/yoast-seo-wordpress\/ -->\n<title>\u00daLTIMO ADI\u00d3S DE LOS VIEJOS DE LA PALMA - El Cotarro<\/title>\n<meta name=\"robots\" content=\"index, follow, max-snippet:-1, max-image-preview:large, max-video-preview:-1\" \/>\n<link rel=\"canonical\" href=\"https:\/\/elcotarro.com\/?p=5631\" \/>\n<meta property=\"og:locale\" content=\"es_ES\" \/>\n<meta property=\"og:type\" content=\"article\" \/>\n<meta property=\"og:title\" content=\"\u00daLTIMO ADI\u00d3S DE LOS VIEJOS DE LA PALMA - El Cotarro\" \/>\n<meta property=\"og:description\" content=\"Cuando Jes\u00fas Mart\u00edn\u00a0comenzaba la aventura de ser director de \u201cLos Viejos\u201d de La Palma, hace ahora cinco a\u00f1os, se dio cuenta de que el grupo conformaba la banda sonora de su vida y el legado de toda una familia dedicada a la m\u00fasica y embriagada por relaciones y transferencias entre La Palma y Cuba. Jos\u00e9 ... Read more\" \/>\n<meta property=\"og:url\" content=\"https:\/\/elcotarro.com\/?p=5631\" \/>\n<meta property=\"og:site_name\" content=\"El Cotarro\" \/>\n<meta property=\"article:publisher\" content=\"https:\/\/www.facebook.com\/ElCotarro.Tenerife\" \/>\n<meta property=\"article:published_time\" content=\"2018-07-08T10:02:10+00:00\" \/>\n<meta name=\"author\" content=\"Jos\u00e9 Carlos Marrero Gonz\u00e1lez\" \/>\n<meta name=\"twitter:label1\" content=\"Escrito por\" \/>\n\t<meta name=\"twitter:data1\" content=\"Jos\u00e9 Carlos Marrero Gonz\u00e1lez\" \/>\n\t<meta name=\"twitter:label2\" content=\"Tiempo de lectura\" \/>\n\t<meta name=\"twitter:data2\" content=\"1 minuto\" \/>\n<script type=\"application\/ld+json\" class=\"yoast-schema-graph\">{\"@context\":\"https:\/\/schema.org\",\"@graph\":[{\"@type\":\"Article\",\"@id\":\"https:\/\/elcotarro.com\/?p=5631#article\",\"isPartOf\":{\"@id\":\"https:\/\/elcotarro.com\/?p=5631\"},\"author\":{\"name\":\"Jos\u00e9 Carlos Marrero Gonz\u00e1lez\",\"@id\":\"https:\/\/elcotarro.com\/#\/schema\/person\/af537ee7d60d15984c7e0affcd8a918b\"},\"headline\":\"\u00daLTIMO ADI\u00d3S DE LOS VIEJOS DE LA PALMA\",\"datePublished\":\"2018-07-08T10:02:10+00:00\",\"mainEntityOfPage\":{\"@id\":\"https:\/\/elcotarro.com\/?p=5631\"},\"wordCount\":274,\"commentCount\":0,\"publisher\":{\"@id\":\"https:\/\/elcotarro.com\/#organization\"},\"inLanguage\":\"es\",\"potentialAction\":[{\"@type\":\"CommentAction\",\"name\":\"Comment\",\"target\":[\"https:\/\/elcotarro.com\/?p=5631#respond\"]}]},{\"@type\":\"WebPage\",\"@id\":\"https:\/\/elcotarro.com\/?p=5631\",\"url\":\"https:\/\/elcotarro.com\/?p=5631\",\"name\":\"\u00daLTIMO ADI\u00d3S DE LOS VIEJOS DE LA PALMA - El Cotarro\",\"isPartOf\":{\"@id\":\"https:\/\/elcotarro.com\/#website\"},\"datePublished\":\"2018-07-08T10:02:10+00:00\",\"breadcrumb\":{\"@id\":\"https:\/\/elcotarro.com\/?p=5631#breadcrumb\"},\"inLanguage\":\"es\",\"potentialAction\":[{\"@type\":\"ReadAction\",\"target\":[\"https:\/\/elcotarro.com\/?p=5631\"]}]},{\"@type\":\"BreadcrumbList\",\"@id\":\"https:\/\/elcotarro.com\/?p=5631#breadcrumb\",\"itemListElement\":[{\"@type\":\"ListItem\",\"position\":1,\"name\":\"Portada\",\"item\":\"https:\/\/elcotarro.com\/\"},{\"@type\":\"ListItem\",\"position\":2,\"name\":\"\u00daLTIMO ADI\u00d3S DE LOS VIEJOS DE LA PALMA\"}]},{\"@type\":\"WebSite\",\"@id\":\"https:\/\/elcotarro.com\/#website\",\"url\":\"https:\/\/elcotarro.com\/\",\"name\":\"El Cotarro\",\"description\":\"Peri\u00f3dico Digital Independiente dirigido por Jos\u00e9 Carlos Marrero\",\"publisher\":{\"@id\":\"https:\/\/elcotarro.com\/#organization\"},\"potentialAction\":[{\"@type\":\"SearchAction\",\"target\":{\"@type\":\"EntryPoint\",\"urlTemplate\":\"https:\/\/elcotarro.com\/?s={search_term_string}\"},\"query-input\":{\"@type\":\"PropertyValueSpecification\",\"valueRequired\":true,\"valueName\":\"search_term_string\"}}],\"inLanguage\":\"es\"},{\"@type\":\"Organization\",\"@id\":\"https:\/\/elcotarro.com\/#organization\",\"name\":\"El Cotarro\",\"url\":\"https:\/\/elcotarro.com\/\",\"logo\":{\"@type\":\"ImageObject\",\"inLanguage\":\"es\",\"@id\":\"https:\/\/elcotarro.com\/#\/schema\/logo\/image\/\",\"url\":\"https:\/\/elcotarro.com\/wp-content\/uploads\/2014\/09\/Cabecera_El_Cotarro_v2.jpg\",\"contentUrl\":\"https:\/\/elcotarro.com\/wp-content\/uploads\/2014\/09\/Cabecera_El_Cotarro_v2.jpg\",\"width\":3540,\"height\":441,\"caption\":\"El Cotarro\"},\"image\":{\"@id\":\"https:\/\/elcotarro.com\/#\/schema\/logo\/image\/\"},\"sameAs\":[\"https:\/\/www.facebook.com\/ElCotarro.Tenerife\"]},{\"@type\":\"Person\",\"@id\":\"https:\/\/elcotarro.com\/#\/schema\/person\/af537ee7d60d15984c7e0affcd8a918b\",\"name\":\"Jos\u00e9 Carlos Marrero Gonz\u00e1lez\",\"image\":{\"@type\":\"ImageObject\",\"inLanguage\":\"es\",\"@id\":\"https:\/\/elcotarro.com\/#\/schema\/person\/image\/\",\"url\":\"https:\/\/secure.gravatar.com\/avatar\/def4da036efb5d32c74d49c351f6dccc064dd69ad9f3aadc295c5a9a5391ca01?s=96&d=mm&r=g\",\"contentUrl\":\"https:\/\/secure.gravatar.com\/avatar\/def4da036efb5d32c74d49c351f6dccc064dd69ad9f3aadc295c5a9a5391ca01?s=96&d=mm&r=g\",\"caption\":\"Jos\u00e9 Carlos Marrero Gonz\u00e1lez\"},\"sameAs\":[\"https:\/\/elcotarro.com\"],\"url\":\"https:\/\/elcotarro.com\/?author=2\"}]}<\/script>\n<!-- \/ Yoast SEO plugin. -->","yoast_head_json":{"title":"\u00daLTIMO ADI\u00d3S DE LOS VIEJOS DE LA PALMA - El Cotarro","robots":{"index":"index","follow":"follow","max-snippet":"max-snippet:-1","max-image-preview":"max-image-preview:large","max-video-preview":"max-video-preview:-1"},"canonical":"https:\/\/elcotarro.com\/?p=5631","og_locale":"es_ES","og_type":"article","og_title":"\u00daLTIMO ADI\u00d3S DE LOS VIEJOS DE LA PALMA - El Cotarro","og_description":"Cuando Jes\u00fas Mart\u00edn\u00a0comenzaba la aventura de ser director de \u201cLos Viejos\u201d de La Palma, hace ahora cinco a\u00f1os, se dio cuenta de que el grupo conformaba la banda sonora de su vida y el legado de toda una familia dedicada a la m\u00fasica y embriagada por relaciones y transferencias entre La Palma y Cuba. Jos\u00e9 ... Read more","og_url":"https:\/\/elcotarro.com\/?p=5631","og_site_name":"El Cotarro","article_publisher":"https:\/\/www.facebook.com\/ElCotarro.Tenerife","article_published_time":"2018-07-08T10:02:10+00:00","author":"Jos\u00e9 Carlos Marrero Gonz\u00e1lez","twitter_misc":{"Escrito por":"Jos\u00e9 Carlos Marrero Gonz\u00e1lez","Tiempo de lectura":"1 minuto"},"schema":{"@context":"https:\/\/schema.org","@graph":[{"@type":"Article","@id":"https:\/\/elcotarro.com\/?p=5631#article","isPartOf":{"@id":"https:\/\/elcotarro.com\/?p=5631"},"author":{"name":"Jos\u00e9 Carlos Marrero Gonz\u00e1lez","@id":"https:\/\/elcotarro.com\/#\/schema\/person\/af537ee7d60d15984c7e0affcd8a918b"},"headline":"\u00daLTIMO ADI\u00d3S DE LOS VIEJOS DE LA PALMA","datePublished":"2018-07-08T10:02:10+00:00","mainEntityOfPage":{"@id":"https:\/\/elcotarro.com\/?p=5631"},"wordCount":274,"commentCount":0,"publisher":{"@id":"https:\/\/elcotarro.com\/#organization"},"inLanguage":"es","potentialAction":[{"@type":"CommentAction","name":"Comment","target":["https:\/\/elcotarro.com\/?p=5631#respond"]}]},{"@type":"WebPage","@id":"https:\/\/elcotarro.com\/?p=5631","url":"https:\/\/elcotarro.com\/?p=5631","name":"\u00daLTIMO ADI\u00d3S DE LOS VIEJOS DE LA PALMA - El Cotarro","isPartOf":{"@id":"https:\/\/elcotarro.com\/#website"},"datePublished":"2018-07-08T10:02:10+00:00","breadcrumb":{"@id":"https:\/\/elcotarro.com\/?p=5631#breadcrumb"},"inLanguage":"es","potentialAction":[{"@type":"ReadAction","target":["https:\/\/elcotarro.com\/?p=5631"]}]},{"@type":"BreadcrumbList","@id":"https:\/\/elcotarro.com\/?p=5631#breadcrumb","itemListElement":[{"@type":"ListItem","position":1,"name":"Portada","item":"https:\/\/elcotarro.com\/"},{"@type":"ListItem","position":2,"name":"\u00daLTIMO ADI\u00d3S DE LOS VIEJOS DE LA PALMA"}]},{"@type":"WebSite","@id":"https:\/\/elcotarro.com\/#website","url":"https:\/\/elcotarro.com\/","name":"El Cotarro","description":"Peri\u00f3dico Digital Independiente dirigido por Jos\u00e9 Carlos Marrero","publisher":{"@id":"https:\/\/elcotarro.com\/#organization"},"potentialAction":[{"@type":"SearchAction","target":{"@type":"EntryPoint","urlTemplate":"https:\/\/elcotarro.com\/?s={search_term_string}"},"query-input":{"@type":"PropertyValueSpecification","valueRequired":true,"valueName":"search_term_string"}}],"inLanguage":"es"},{"@type":"Organization","@id":"https:\/\/elcotarro.com\/#organization","name":"El Cotarro","url":"https:\/\/elcotarro.com\/","logo":{"@type":"ImageObject","inLanguage":"es","@id":"https:\/\/elcotarro.com\/#\/schema\/logo\/image\/","url":"https:\/\/elcotarro.com\/wp-content\/uploads\/2014\/09\/Cabecera_El_Cotarro_v2.jpg","contentUrl":"https:\/\/elcotarro.com\/wp-content\/uploads\/2014\/09\/Cabecera_El_Cotarro_v2.jpg","width":3540,"height":441,"caption":"El Cotarro"},"image":{"@id":"https:\/\/elcotarro.com\/#\/schema\/logo\/image\/"},"sameAs":["https:\/\/www.facebook.com\/ElCotarro.Tenerife"]},{"@type":"Person","@id":"https:\/\/elcotarro.com\/#\/schema\/person\/af537ee7d60d15984c7e0affcd8a918b","name":"Jos\u00e9 Carlos Marrero Gonz\u00e1lez","image":{"@type":"ImageObject","inLanguage":"es","@id":"https:\/\/elcotarro.com\/#\/schema\/person\/image\/","url":"https:\/\/secure.gravatar.com\/avatar\/def4da036efb5d32c74d49c351f6dccc064dd69ad9f3aadc295c5a9a5391ca01?s=96&d=mm&r=g","contentUrl":"https:\/\/secure.gravatar.com\/avatar\/def4da036efb5d32c74d49c351f6dccc064dd69ad9f3aadc295c5a9a5391ca01?s=96&d=mm&r=g","caption":"Jos\u00e9 Carlos Marrero Gonz\u00e1lez"},"sameAs":["https:\/\/elcotarro.com"],"url":"https:\/\/elcotarro.com\/?author=2"}]}},"jetpack_featured_media_url":"","jetpack_sharing_enabled":true,"_links":{"self":[{"href":"https:\/\/elcotarro.com\/index.php?rest_route=\/wp\/v2\/posts\/5631","targetHints":{"allow":["GET"]}}],"collection":[{"href":"https:\/\/elcotarro.com\/index.php?rest_route=\/wp\/v2\/posts"}],"about":[{"href":"https:\/\/elcotarro.com\/index.php?rest_route=\/wp\/v2\/types\/post"}],"author":[{"embeddable":true,"href":"https:\/\/elcotarro.com\/index.php?rest_route=\/wp\/v2\/users\/2"}],"replies":[{"embeddable":true,"href":"https:\/\/elcotarro.com\/index.php?rest_route=%2Fwp%2Fv2%2Fcomments&post=5631"}],"version-history":[{"count":1,"href":"https:\/\/elcotarro.com\/index.php?rest_route=\/wp\/v2\/posts\/5631\/revisions"}],"predecessor-version":[{"id":5633,"href":"https:\/\/elcotarro.com\/index.php?rest_route=\/wp\/v2\/posts\/5631\/revisions\/5633"}],"wp:attachment":[{"href":"https:\/\/elcotarro.com\/index.php?rest_route=%2Fwp%2Fv2%2Fmedia&parent=5631"}],"wp:term":[{"taxonomy":"category","embeddable":true,"href":"https:\/\/elcotarro.com\/index.php?rest_route=%2Fwp%2Fv2%2Fcategories&post=5631"},{"taxonomy":"post_tag","embeddable":true,"href":"https:\/\/elcotarro.com\/index.php?rest_route=%2Fwp%2Fv2%2Ftags&post=5631"}],"curies":[{"name":"wp","href":"https:\/\/api.w.org\/{rel}","templated":true}]}}