{"id":5634,"date":"2018-07-08T11:01:04","date_gmt":"2018-07-08T10:01:04","guid":{"rendered":"https:\/\/elcotarro.com\/?p=5634"},"modified":"2018-07-08T10:10:48","modified_gmt":"2018-07-08T09:10:48","slug":"los-tollos-del-tollo-ivan-gonzalez","status":"publish","type":"post","link":"https:\/\/elcotarro.com\/?p=5634","title":{"rendered":"LOS TOLLOS DEL \u201cTOLLO\u201d IV\u00c1N GONZ\u00c1LEZ"},"content":{"rendered":"<p>La gente valora cada d\u00eda m\u00e1s la sencillez y campechan\u00eda de los pol\u00edticos que saben trabajar en pol\u00edtica (a\u00fan desde la oposici\u00f3n) y los que saben divertirse sanamente y con buen sentido del humor. Este es el caso de <strong>Iv\u00e1n Manuel Gonz\u00e1lez Riverol<\/strong>, concejal del PP en el ayuntamiento de La Laguna, ayuntamiento, por cierto, del que fue gran alcalde su recordado padre, <strong>Norberto Gonz\u00e1lez Abreu<\/strong>. El gran Iv\u00e1n, miembro de la lagunera Pe\u00f1a \u201cEl Gofio\u201d dijo que, como buen \u201ctollo\u201d pol\u00edtico que es (l\u00e9ase concejal) \u00e9l aportaba a la mesa de la pe\u00f1a en el pasado baile de magos un caldero de tollos, cocinados por \u00e9l mismo. No s\u00f3lo cumpli\u00f3 su promesa, sino que confes\u00f3 que \u00a1era la primera vez que los hac\u00eda!&#8230; Lo cierto es que estaban tan buenos y sabrosos, que fue el plato que triunf\u00f3 en la noche lagunera. <strong>Iv\u00e1n Gonz\u00e1lez\u00a0<\/strong>(con el permiso de <strong>Antonio Alarc\u00f3n<\/strong>) va caminito de encabezar la pr\u00f3xima lista del PP para las municipales del 2019 al ayuntamiento. Buen lagunero, buen concejal, buen cantante y buen cocinero. \u00bfQu\u00e9 m\u00e1s se puede pedir?<\/p>\n<p style=\"text-align: center\"><a href=\"https:\/\/elcotarro.com\/wp-content\/uploads\/2018\/07\/FOTO-6.-IV\u00c1N-GONZ\u00c1LEZ.jpg\"><img loading=\"lazy\" decoding=\"async\" class=\"alignnone size-full wp-image-5635\" src=\"https:\/\/elcotarro.com\/wp-content\/uploads\/2018\/07\/FOTO-6.-IV\u00c1N-GONZ\u00c1LEZ.jpg\" alt=\"FOTO 6.- IV\u00c1N GONZ\u00c1LEZ\" width=\"1512\" height=\"2016\" srcset=\"https:\/\/elcotarro.com\/wp-content\/uploads\/2018\/07\/FOTO-6.-IV\u00c1N-GONZ\u00c1LEZ.jpg 1512w, https:\/\/elcotarro.com\/wp-content\/uploads\/2018\/07\/FOTO-6.-IV\u00c1N-GONZ\u00c1LEZ-225x300.jpg 225w, https:\/\/elcotarro.com\/wp-content\/uploads\/2018\/07\/FOTO-6.-IV\u00c1N-GONZ\u00c1LEZ-768x1024.jpg 768w\" sizes=\"auto, (max-width: 1512px) 100vw, 1512px\" \/><\/a><\/p>\n<p style=\"text-align: center\"><em>El \u201ctollo\u201d Iv\u00e1n Gonz\u00e1lez sirviendo sus tremendos tollos, que triunfaron.<\/em><\/p>\n","protected":false},"excerpt":{"rendered":"<p>La gente valora cada d\u00eda m\u00e1s la sencillez y campechan\u00eda de los pol\u00edticos que saben trabajar en pol\u00edtica (a\u00fan desde la oposici\u00f3n) y los que saben divertirse sanamente y con buen sentido del humor. Este es el caso de Iv\u00e1n Manuel Gonz\u00e1lez Riverol, concejal del PP en el ayuntamiento de La Laguna, ayuntamiento, por cierto, &#8230; <a class=\"read-more\" href=\"https:\/\/elcotarro.com\/?p=5634\">Read more<\/a><\/p>\n","protected":false},"author":2,"featured_media":0,"comment_status":"open","ping_status":"open","sticky":false,"template":"","format":"standard","meta":{"_jetpack_memberships_contains_paid_content":false,"footnotes":""},"categories":[1],"tags":[],"class_list":["post-5634","post","type-post","status-publish","format-standard","hentry","category-sin-categoria"],"yoast_head":"<!-- This site is optimized with the Yoast SEO plugin v27.0 - https:\/\/yoast.com\/product\/yoast-seo-wordpress\/ -->\n<title>LOS TOLLOS DEL \u201cTOLLO\u201d IV\u00c1N GONZ\u00c1LEZ - El Cotarro<\/title>\n<meta name=\"robots\" content=\"index, follow, max-snippet:-1, max-image-preview:large, max-video-preview:-1\" \/>\n<link rel=\"canonical\" href=\"https:\/\/elcotarro.com\/?p=5634\" \/>\n<meta property=\"og:locale\" content=\"es_ES\" \/>\n<meta property=\"og:type\" content=\"article\" \/>\n<meta property=\"og:title\" content=\"LOS TOLLOS DEL \u201cTOLLO\u201d IV\u00c1N GONZ\u00c1LEZ - El Cotarro\" \/>\n<meta property=\"og:description\" content=\"La gente valora cada d\u00eda m\u00e1s la sencillez y campechan\u00eda de los pol\u00edticos que saben trabajar en pol\u00edtica (a\u00fan desde la oposici\u00f3n) y los que saben divertirse sanamente y con buen sentido del humor. Este es el caso de Iv\u00e1n Manuel Gonz\u00e1lez Riverol, concejal del PP en el ayuntamiento de La Laguna, ayuntamiento, por cierto, ... Read more\" \/>\n<meta property=\"og:url\" content=\"https:\/\/elcotarro.com\/?p=5634\" \/>\n<meta property=\"og:site_name\" content=\"El Cotarro\" \/>\n<meta property=\"article:publisher\" content=\"https:\/\/www.facebook.com\/ElCotarro.Tenerife\" \/>\n<meta property=\"article:published_time\" content=\"2018-07-08T10:01:04+00:00\" \/>\n<meta name=\"author\" content=\"Jos\u00e9 Carlos Marrero Gonz\u00e1lez\" \/>\n<meta name=\"twitter:label1\" content=\"Escrito por\" \/>\n\t<meta name=\"twitter:data1\" content=\"Jos\u00e9 Carlos Marrero Gonz\u00e1lez\" \/>\n\t<meta name=\"twitter:label2\" content=\"Tiempo de lectura\" \/>\n\t<meta name=\"twitter:data2\" content=\"1 minuto\" \/>\n<script type=\"application\/ld+json\" class=\"yoast-schema-graph\">{\"@context\":\"https:\/\/schema.org\",\"@graph\":[{\"@type\":\"Article\",\"@id\":\"https:\/\/elcotarro.com\/?p=5634#article\",\"isPartOf\":{\"@id\":\"https:\/\/elcotarro.com\/?p=5634\"},\"author\":{\"name\":\"Jos\u00e9 Carlos Marrero Gonz\u00e1lez\",\"@id\":\"https:\/\/elcotarro.com\/#\/schema\/person\/af537ee7d60d15984c7e0affcd8a918b\"},\"headline\":\"LOS TOLLOS DEL \u201cTOLLO\u201d IV\u00c1N GONZ\u00c1LEZ\",\"datePublished\":\"2018-07-08T10:01:04+00:00\",\"mainEntityOfPage\":{\"@id\":\"https:\/\/elcotarro.com\/?p=5634\"},\"wordCount\":222,\"commentCount\":0,\"publisher\":{\"@id\":\"https:\/\/elcotarro.com\/#organization\"},\"inLanguage\":\"es\",\"potentialAction\":[{\"@type\":\"CommentAction\",\"name\":\"Comment\",\"target\":[\"https:\/\/elcotarro.com\/?p=5634#respond\"]}]},{\"@type\":\"WebPage\",\"@id\":\"https:\/\/elcotarro.com\/?p=5634\",\"url\":\"https:\/\/elcotarro.com\/?p=5634\",\"name\":\"LOS TOLLOS DEL \u201cTOLLO\u201d IV\u00c1N GONZ\u00c1LEZ - El Cotarro\",\"isPartOf\":{\"@id\":\"https:\/\/elcotarro.com\/#website\"},\"datePublished\":\"2018-07-08T10:01:04+00:00\",\"breadcrumb\":{\"@id\":\"https:\/\/elcotarro.com\/?p=5634#breadcrumb\"},\"inLanguage\":\"es\",\"potentialAction\":[{\"@type\":\"ReadAction\",\"target\":[\"https:\/\/elcotarro.com\/?p=5634\"]}]},{\"@type\":\"BreadcrumbList\",\"@id\":\"https:\/\/elcotarro.com\/?p=5634#breadcrumb\",\"itemListElement\":[{\"@type\":\"ListItem\",\"position\":1,\"name\":\"Portada\",\"item\":\"https:\/\/elcotarro.com\/\"},{\"@type\":\"ListItem\",\"position\":2,\"name\":\"LOS TOLLOS DEL \u201cTOLLO\u201d IV\u00c1N GONZ\u00c1LEZ\"}]},{\"@type\":\"WebSite\",\"@id\":\"https:\/\/elcotarro.com\/#website\",\"url\":\"https:\/\/elcotarro.com\/\",\"name\":\"El Cotarro\",\"description\":\"Peri\u00f3dico Digital Independiente dirigido por Jos\u00e9 Carlos Marrero\",\"publisher\":{\"@id\":\"https:\/\/elcotarro.com\/#organization\"},\"potentialAction\":[{\"@type\":\"SearchAction\",\"target\":{\"@type\":\"EntryPoint\",\"urlTemplate\":\"https:\/\/elcotarro.com\/?s={search_term_string}\"},\"query-input\":{\"@type\":\"PropertyValueSpecification\",\"valueRequired\":true,\"valueName\":\"search_term_string\"}}],\"inLanguage\":\"es\"},{\"@type\":\"Organization\",\"@id\":\"https:\/\/elcotarro.com\/#organization\",\"name\":\"El Cotarro\",\"url\":\"https:\/\/elcotarro.com\/\",\"logo\":{\"@type\":\"ImageObject\",\"inLanguage\":\"es\",\"@id\":\"https:\/\/elcotarro.com\/#\/schema\/logo\/image\/\",\"url\":\"https:\/\/elcotarro.com\/wp-content\/uploads\/2014\/09\/Cabecera_El_Cotarro_v2.jpg\",\"contentUrl\":\"https:\/\/elcotarro.com\/wp-content\/uploads\/2014\/09\/Cabecera_El_Cotarro_v2.jpg\",\"width\":3540,\"height\":441,\"caption\":\"El Cotarro\"},\"image\":{\"@id\":\"https:\/\/elcotarro.com\/#\/schema\/logo\/image\/\"},\"sameAs\":[\"https:\/\/www.facebook.com\/ElCotarro.Tenerife\"]},{\"@type\":\"Person\",\"@id\":\"https:\/\/elcotarro.com\/#\/schema\/person\/af537ee7d60d15984c7e0affcd8a918b\",\"name\":\"Jos\u00e9 Carlos Marrero Gonz\u00e1lez\",\"image\":{\"@type\":\"ImageObject\",\"inLanguage\":\"es\",\"@id\":\"https:\/\/elcotarro.com\/#\/schema\/person\/image\/\",\"url\":\"https:\/\/secure.gravatar.com\/avatar\/def4da036efb5d32c74d49c351f6dccc064dd69ad9f3aadc295c5a9a5391ca01?s=96&d=mm&r=g\",\"contentUrl\":\"https:\/\/secure.gravatar.com\/avatar\/def4da036efb5d32c74d49c351f6dccc064dd69ad9f3aadc295c5a9a5391ca01?s=96&d=mm&r=g\",\"caption\":\"Jos\u00e9 Carlos Marrero Gonz\u00e1lez\"},\"sameAs\":[\"https:\/\/elcotarro.com\"],\"url\":\"https:\/\/elcotarro.com\/?author=2\"}]}<\/script>\n<!-- \/ Yoast SEO plugin. -->","yoast_head_json":{"title":"LOS TOLLOS DEL \u201cTOLLO\u201d IV\u00c1N GONZ\u00c1LEZ - El Cotarro","robots":{"index":"index","follow":"follow","max-snippet":"max-snippet:-1","max-image-preview":"max-image-preview:large","max-video-preview":"max-video-preview:-1"},"canonical":"https:\/\/elcotarro.com\/?p=5634","og_locale":"es_ES","og_type":"article","og_title":"LOS TOLLOS DEL \u201cTOLLO\u201d IV\u00c1N GONZ\u00c1LEZ - El Cotarro","og_description":"La gente valora cada d\u00eda m\u00e1s la sencillez y campechan\u00eda de los pol\u00edticos que saben trabajar en pol\u00edtica (a\u00fan desde la oposici\u00f3n) y los que saben divertirse sanamente y con buen sentido del humor. Este es el caso de Iv\u00e1n Manuel Gonz\u00e1lez Riverol, concejal del PP en el ayuntamiento de La Laguna, ayuntamiento, por cierto, ... Read more","og_url":"https:\/\/elcotarro.com\/?p=5634","og_site_name":"El Cotarro","article_publisher":"https:\/\/www.facebook.com\/ElCotarro.Tenerife","article_published_time":"2018-07-08T10:01:04+00:00","author":"Jos\u00e9 Carlos Marrero Gonz\u00e1lez","twitter_misc":{"Escrito por":"Jos\u00e9 Carlos Marrero Gonz\u00e1lez","Tiempo de lectura":"1 minuto"},"schema":{"@context":"https:\/\/schema.org","@graph":[{"@type":"Article","@id":"https:\/\/elcotarro.com\/?p=5634#article","isPartOf":{"@id":"https:\/\/elcotarro.com\/?p=5634"},"author":{"name":"Jos\u00e9 Carlos Marrero Gonz\u00e1lez","@id":"https:\/\/elcotarro.com\/#\/schema\/person\/af537ee7d60d15984c7e0affcd8a918b"},"headline":"LOS TOLLOS DEL \u201cTOLLO\u201d IV\u00c1N GONZ\u00c1LEZ","datePublished":"2018-07-08T10:01:04+00:00","mainEntityOfPage":{"@id":"https:\/\/elcotarro.com\/?p=5634"},"wordCount":222,"commentCount":0,"publisher":{"@id":"https:\/\/elcotarro.com\/#organization"},"inLanguage":"es","potentialAction":[{"@type":"CommentAction","name":"Comment","target":["https:\/\/elcotarro.com\/?p=5634#respond"]}]},{"@type":"WebPage","@id":"https:\/\/elcotarro.com\/?p=5634","url":"https:\/\/elcotarro.com\/?p=5634","name":"LOS TOLLOS DEL \u201cTOLLO\u201d IV\u00c1N GONZ\u00c1LEZ - El Cotarro","isPartOf":{"@id":"https:\/\/elcotarro.com\/#website"},"datePublished":"2018-07-08T10:01:04+00:00","breadcrumb":{"@id":"https:\/\/elcotarro.com\/?p=5634#breadcrumb"},"inLanguage":"es","potentialAction":[{"@type":"ReadAction","target":["https:\/\/elcotarro.com\/?p=5634"]}]},{"@type":"BreadcrumbList","@id":"https:\/\/elcotarro.com\/?p=5634#breadcrumb","itemListElement":[{"@type":"ListItem","position":1,"name":"Portada","item":"https:\/\/elcotarro.com\/"},{"@type":"ListItem","position":2,"name":"LOS TOLLOS DEL \u201cTOLLO\u201d IV\u00c1N GONZ\u00c1LEZ"}]},{"@type":"WebSite","@id":"https:\/\/elcotarro.com\/#website","url":"https:\/\/elcotarro.com\/","name":"El Cotarro","description":"Peri\u00f3dico Digital Independiente dirigido por Jos\u00e9 Carlos Marrero","publisher":{"@id":"https:\/\/elcotarro.com\/#organization"},"potentialAction":[{"@type":"SearchAction","target":{"@type":"EntryPoint","urlTemplate":"https:\/\/elcotarro.com\/?s={search_term_string}"},"query-input":{"@type":"PropertyValueSpecification","valueRequired":true,"valueName":"search_term_string"}}],"inLanguage":"es"},{"@type":"Organization","@id":"https:\/\/elcotarro.com\/#organization","name":"El Cotarro","url":"https:\/\/elcotarro.com\/","logo":{"@type":"ImageObject","inLanguage":"es","@id":"https:\/\/elcotarro.com\/#\/schema\/logo\/image\/","url":"https:\/\/elcotarro.com\/wp-content\/uploads\/2014\/09\/Cabecera_El_Cotarro_v2.jpg","contentUrl":"https:\/\/elcotarro.com\/wp-content\/uploads\/2014\/09\/Cabecera_El_Cotarro_v2.jpg","width":3540,"height":441,"caption":"El Cotarro"},"image":{"@id":"https:\/\/elcotarro.com\/#\/schema\/logo\/image\/"},"sameAs":["https:\/\/www.facebook.com\/ElCotarro.Tenerife"]},{"@type":"Person","@id":"https:\/\/elcotarro.com\/#\/schema\/person\/af537ee7d60d15984c7e0affcd8a918b","name":"Jos\u00e9 Carlos Marrero Gonz\u00e1lez","image":{"@type":"ImageObject","inLanguage":"es","@id":"https:\/\/elcotarro.com\/#\/schema\/person\/image\/","url":"https:\/\/secure.gravatar.com\/avatar\/def4da036efb5d32c74d49c351f6dccc064dd69ad9f3aadc295c5a9a5391ca01?s=96&d=mm&r=g","contentUrl":"https:\/\/secure.gravatar.com\/avatar\/def4da036efb5d32c74d49c351f6dccc064dd69ad9f3aadc295c5a9a5391ca01?s=96&d=mm&r=g","caption":"Jos\u00e9 Carlos Marrero Gonz\u00e1lez"},"sameAs":["https:\/\/elcotarro.com"],"url":"https:\/\/elcotarro.com\/?author=2"}]}},"jetpack_featured_media_url":"","jetpack_sharing_enabled":true,"_links":{"self":[{"href":"https:\/\/elcotarro.com\/index.php?rest_route=\/wp\/v2\/posts\/5634","targetHints":{"allow":["GET"]}}],"collection":[{"href":"https:\/\/elcotarro.com\/index.php?rest_route=\/wp\/v2\/posts"}],"about":[{"href":"https:\/\/elcotarro.com\/index.php?rest_route=\/wp\/v2\/types\/post"}],"author":[{"embeddable":true,"href":"https:\/\/elcotarro.com\/index.php?rest_route=\/wp\/v2\/users\/2"}],"replies":[{"embeddable":true,"href":"https:\/\/elcotarro.com\/index.php?rest_route=%2Fwp%2Fv2%2Fcomments&post=5634"}],"version-history":[{"count":1,"href":"https:\/\/elcotarro.com\/index.php?rest_route=\/wp\/v2\/posts\/5634\/revisions"}],"predecessor-version":[{"id":5636,"href":"https:\/\/elcotarro.com\/index.php?rest_route=\/wp\/v2\/posts\/5634\/revisions\/5636"}],"wp:attachment":[{"href":"https:\/\/elcotarro.com\/index.php?rest_route=%2Fwp%2Fv2%2Fmedia&parent=5634"}],"wp:term":[{"taxonomy":"category","embeddable":true,"href":"https:\/\/elcotarro.com\/index.php?rest_route=%2Fwp%2Fv2%2Fcategories&post=5634"},{"taxonomy":"post_tag","embeddable":true,"href":"https:\/\/elcotarro.com\/index.php?rest_route=%2Fwp%2Fv2%2Ftags&post=5634"}],"curies":[{"name":"wp","href":"https:\/\/api.w.org\/{rel}","templated":true}]}}