{"id":5643,"date":"2018-07-15T11:05:32","date_gmt":"2018-07-15T10:05:32","guid":{"rendered":"https:\/\/elcotarro.com\/?p=5643"},"modified":"2018-07-15T09:39:06","modified_gmt":"2018-07-15T08:39:06","slug":"gastronomia-formativa-y-solidaria","status":"publish","type":"post","link":"https:\/\/elcotarro.com\/?p=5643","title":{"rendered":"GASTRONOM\u00cdA FORMATIVA Y SOLIDARIA"},"content":{"rendered":"<p>Hace poco m\u00e1s de un a\u00f1o, abr\u00eda <strong><em>El Cotarro\u00a0<\/em><\/strong>dominguero con una gran fotograf\u00eda, similar a la que de nuevo hoy les pongo aqu\u00ed encima y en la que, en aquella ocasi\u00f3n, aparec\u00edan (m\u00e1s o menos) los mismos protagonistas. Este a\u00f1o, con inmensa satisfacci\u00f3n, orgullo y agradecimiento, la vuelvo a poner. El \u201csanto culpable\u201d de la iniciativa que da pie para la foto, no es otro que el sacerdote <strong>Jos\u00e9 Hern\u00e1ndez L\u00f3pez<\/strong>, m\u00e1s cari\u00f1osamente conocido por todos como <strong>Pepe<i>\u201cel cura de\u00a0A\u00f1ada\u201d\u00a0<\/i><\/strong>en su calidad de presidente de la Fundaci\u00f3n Canaria El Buen Samaritano, junto con el empresario <strong>Francisco Javier Zamorano<\/strong>, en su calidad de presidente del Grupo CIO (Compa\u00f1\u00eda de las Islas Occidentales) empresa propietaria del Gran Hotel Bah\u00eda del Duque.\u2008En esta ocasi\u00f3n, la noticia vuelve a protagonizarla un maravilloso evento, ejemplo de gastronom\u00eda formativa y solidaria.<\/p>\n<p style=\"text-align: center\"><a href=\"https:\/\/elcotarro.com\/wp-content\/uploads\/2018\/07\/FOTO-1.-A\u00d1AZA-CIO.jpg\"><img loading=\"lazy\" decoding=\"async\" class=\"alignnone size-full wp-image-5644\" src=\"https:\/\/elcotarro.com\/wp-content\/uploads\/2018\/07\/FOTO-1.-A\u00d1AZA-CIO.jpg\" alt=\"FOTO 1.- A\u00d1AZA - CIO\" width=\"1814\" height=\"769\" srcset=\"https:\/\/elcotarro.com\/wp-content\/uploads\/2018\/07\/FOTO-1.-A\u00d1AZA-CIO.jpg 1814w, https:\/\/elcotarro.com\/wp-content\/uploads\/2018\/07\/FOTO-1.-A\u00d1AZA-CIO-300x127.jpg 300w, https:\/\/elcotarro.com\/wp-content\/uploads\/2018\/07\/FOTO-1.-A\u00d1AZA-CIO-1024x434.jpg 1024w\" sizes=\"auto, (max-width: 1814px) 100vw, 1814px\" \/><\/a><\/p>\n<p style=\"text-align: center\"><em>Parte del alumnado del proyecto FOCA A\u00f1aza (con uniforme negro menos Laura Ferrero, de rojo) junto a Goretti Rodr\u00edguez (segunda por la derecha) y Pepe \u201cel cura de A\u00f1aza\u201d (cuarto por la derecha) as\u00ed como parte del equipo del Hotel Bah\u00eda del Duque, con los chefs Braulio Simancas (i) y Juanmi Cabrera (d), ambos detr\u00e1s de Laura Ferrero (de rojo), as\u00ed como el ma\u00eetre Lucas Leandro (con chaqueta a la derecha).<\/em><\/p>\n","protected":false},"excerpt":{"rendered":"<p>Hace poco m\u00e1s de un a\u00f1o, abr\u00eda El Cotarro\u00a0dominguero con una gran fotograf\u00eda, similar a la que de nuevo hoy les pongo aqu\u00ed encima y en la que, en aquella ocasi\u00f3n, aparec\u00edan (m\u00e1s o menos) los mismos protagonistas. Este a\u00f1o, con inmensa satisfacci\u00f3n, orgullo y agradecimiento, la vuelvo a poner. El \u201csanto culpable\u201d de la &#8230; <a class=\"read-more\" href=\"https:\/\/elcotarro.com\/?p=5643\">Read more<\/a><\/p>\n","protected":false},"author":2,"featured_media":0,"comment_status":"open","ping_status":"open","sticky":false,"template":"","format":"standard","meta":{"_jetpack_memberships_contains_paid_content":false,"footnotes":""},"categories":[1],"tags":[],"class_list":["post-5643","post","type-post","status-publish","format-standard","hentry","category-sin-categoria"],"yoast_head":"<!-- This site is optimized with the Yoast SEO plugin v27.0 - https:\/\/yoast.com\/product\/yoast-seo-wordpress\/ -->\n<title>GASTRONOM\u00cdA FORMATIVA Y SOLIDARIA - El Cotarro<\/title>\n<meta name=\"robots\" content=\"index, follow, max-snippet:-1, max-image-preview:large, max-video-preview:-1\" \/>\n<link rel=\"canonical\" href=\"https:\/\/elcotarro.com\/?p=5643\" \/>\n<meta property=\"og:locale\" content=\"es_ES\" \/>\n<meta property=\"og:type\" content=\"article\" \/>\n<meta property=\"og:title\" content=\"GASTRONOM\u00cdA FORMATIVA Y SOLIDARIA - El Cotarro\" \/>\n<meta property=\"og:description\" content=\"Hace poco m\u00e1s de un a\u00f1o, abr\u00eda El Cotarro\u00a0dominguero con una gran fotograf\u00eda, similar a la que de nuevo hoy les pongo aqu\u00ed encima y en la que, en aquella ocasi\u00f3n, aparec\u00edan (m\u00e1s o menos) los mismos protagonistas. Este a\u00f1o, con inmensa satisfacci\u00f3n, orgullo y agradecimiento, la vuelvo a poner. El \u201csanto culpable\u201d de la ... Read more\" \/>\n<meta property=\"og:url\" content=\"https:\/\/elcotarro.com\/?p=5643\" \/>\n<meta property=\"og:site_name\" content=\"El Cotarro\" \/>\n<meta property=\"article:publisher\" content=\"https:\/\/www.facebook.com\/ElCotarro.Tenerife\" \/>\n<meta property=\"article:published_time\" content=\"2018-07-15T10:05:32+00:00\" \/>\n<meta name=\"author\" content=\"Jos\u00e9 Carlos Marrero Gonz\u00e1lez\" \/>\n<meta name=\"twitter:label1\" content=\"Escrito por\" \/>\n\t<meta name=\"twitter:data1\" content=\"Jos\u00e9 Carlos Marrero Gonz\u00e1lez\" \/>\n\t<meta name=\"twitter:label2\" content=\"Tiempo de lectura\" \/>\n\t<meta name=\"twitter:data2\" content=\"1 minuto\" \/>\n<script type=\"application\/ld+json\" class=\"yoast-schema-graph\">{\"@context\":\"https:\/\/schema.org\",\"@graph\":[{\"@type\":\"Article\",\"@id\":\"https:\/\/elcotarro.com\/?p=5643#article\",\"isPartOf\":{\"@id\":\"https:\/\/elcotarro.com\/?p=5643\"},\"author\":{\"name\":\"Jos\u00e9 Carlos Marrero Gonz\u00e1lez\",\"@id\":\"https:\/\/elcotarro.com\/#\/schema\/person\/af537ee7d60d15984c7e0affcd8a918b\"},\"headline\":\"GASTRONOM\u00cdA FORMATIVA Y SOLIDARIA\",\"datePublished\":\"2018-07-15T10:05:32+00:00\",\"mainEntityOfPage\":{\"@id\":\"https:\/\/elcotarro.com\/?p=5643\"},\"wordCount\":241,\"commentCount\":0,\"publisher\":{\"@id\":\"https:\/\/elcotarro.com\/#organization\"},\"inLanguage\":\"es\",\"potentialAction\":[{\"@type\":\"CommentAction\",\"name\":\"Comment\",\"target\":[\"https:\/\/elcotarro.com\/?p=5643#respond\"]}]},{\"@type\":\"WebPage\",\"@id\":\"https:\/\/elcotarro.com\/?p=5643\",\"url\":\"https:\/\/elcotarro.com\/?p=5643\",\"name\":\"GASTRONOM\u00cdA FORMATIVA Y SOLIDARIA - El Cotarro\",\"isPartOf\":{\"@id\":\"https:\/\/elcotarro.com\/#website\"},\"datePublished\":\"2018-07-15T10:05:32+00:00\",\"breadcrumb\":{\"@id\":\"https:\/\/elcotarro.com\/?p=5643#breadcrumb\"},\"inLanguage\":\"es\",\"potentialAction\":[{\"@type\":\"ReadAction\",\"target\":[\"https:\/\/elcotarro.com\/?p=5643\"]}]},{\"@type\":\"BreadcrumbList\",\"@id\":\"https:\/\/elcotarro.com\/?p=5643#breadcrumb\",\"itemListElement\":[{\"@type\":\"ListItem\",\"position\":1,\"name\":\"Portada\",\"item\":\"https:\/\/elcotarro.com\/\"},{\"@type\":\"ListItem\",\"position\":2,\"name\":\"GASTRONOM\u00cdA FORMATIVA Y SOLIDARIA\"}]},{\"@type\":\"WebSite\",\"@id\":\"https:\/\/elcotarro.com\/#website\",\"url\":\"https:\/\/elcotarro.com\/\",\"name\":\"El Cotarro\",\"description\":\"Peri\u00f3dico Digital Independiente dirigido por Jos\u00e9 Carlos Marrero\",\"publisher\":{\"@id\":\"https:\/\/elcotarro.com\/#organization\"},\"potentialAction\":[{\"@type\":\"SearchAction\",\"target\":{\"@type\":\"EntryPoint\",\"urlTemplate\":\"https:\/\/elcotarro.com\/?s={search_term_string}\"},\"query-input\":{\"@type\":\"PropertyValueSpecification\",\"valueRequired\":true,\"valueName\":\"search_term_string\"}}],\"inLanguage\":\"es\"},{\"@type\":\"Organization\",\"@id\":\"https:\/\/elcotarro.com\/#organization\",\"name\":\"El Cotarro\",\"url\":\"https:\/\/elcotarro.com\/\",\"logo\":{\"@type\":\"ImageObject\",\"inLanguage\":\"es\",\"@id\":\"https:\/\/elcotarro.com\/#\/schema\/logo\/image\/\",\"url\":\"https:\/\/elcotarro.com\/wp-content\/uploads\/2014\/09\/Cabecera_El_Cotarro_v2.jpg\",\"contentUrl\":\"https:\/\/elcotarro.com\/wp-content\/uploads\/2014\/09\/Cabecera_El_Cotarro_v2.jpg\",\"width\":3540,\"height\":441,\"caption\":\"El Cotarro\"},\"image\":{\"@id\":\"https:\/\/elcotarro.com\/#\/schema\/logo\/image\/\"},\"sameAs\":[\"https:\/\/www.facebook.com\/ElCotarro.Tenerife\"]},{\"@type\":\"Person\",\"@id\":\"https:\/\/elcotarro.com\/#\/schema\/person\/af537ee7d60d15984c7e0affcd8a918b\",\"name\":\"Jos\u00e9 Carlos Marrero Gonz\u00e1lez\",\"image\":{\"@type\":\"ImageObject\",\"inLanguage\":\"es\",\"@id\":\"https:\/\/elcotarro.com\/#\/schema\/person\/image\/\",\"url\":\"https:\/\/secure.gravatar.com\/avatar\/def4da036efb5d32c74d49c351f6dccc064dd69ad9f3aadc295c5a9a5391ca01?s=96&d=mm&r=g\",\"contentUrl\":\"https:\/\/secure.gravatar.com\/avatar\/def4da036efb5d32c74d49c351f6dccc064dd69ad9f3aadc295c5a9a5391ca01?s=96&d=mm&r=g\",\"caption\":\"Jos\u00e9 Carlos Marrero Gonz\u00e1lez\"},\"sameAs\":[\"https:\/\/elcotarro.com\"],\"url\":\"https:\/\/elcotarro.com\/?author=2\"}]}<\/script>\n<!-- \/ Yoast SEO plugin. -->","yoast_head_json":{"title":"GASTRONOM\u00cdA FORMATIVA Y SOLIDARIA - El Cotarro","robots":{"index":"index","follow":"follow","max-snippet":"max-snippet:-1","max-image-preview":"max-image-preview:large","max-video-preview":"max-video-preview:-1"},"canonical":"https:\/\/elcotarro.com\/?p=5643","og_locale":"es_ES","og_type":"article","og_title":"GASTRONOM\u00cdA FORMATIVA Y SOLIDARIA - El Cotarro","og_description":"Hace poco m\u00e1s de un a\u00f1o, abr\u00eda El Cotarro\u00a0dominguero con una gran fotograf\u00eda, similar a la que de nuevo hoy les pongo aqu\u00ed encima y en la que, en aquella ocasi\u00f3n, aparec\u00edan (m\u00e1s o menos) los mismos protagonistas. Este a\u00f1o, con inmensa satisfacci\u00f3n, orgullo y agradecimiento, la vuelvo a poner. El \u201csanto culpable\u201d de la ... Read more","og_url":"https:\/\/elcotarro.com\/?p=5643","og_site_name":"El Cotarro","article_publisher":"https:\/\/www.facebook.com\/ElCotarro.Tenerife","article_published_time":"2018-07-15T10:05:32+00:00","author":"Jos\u00e9 Carlos Marrero Gonz\u00e1lez","twitter_misc":{"Escrito por":"Jos\u00e9 Carlos Marrero Gonz\u00e1lez","Tiempo de lectura":"1 minuto"},"schema":{"@context":"https:\/\/schema.org","@graph":[{"@type":"Article","@id":"https:\/\/elcotarro.com\/?p=5643#article","isPartOf":{"@id":"https:\/\/elcotarro.com\/?p=5643"},"author":{"name":"Jos\u00e9 Carlos Marrero Gonz\u00e1lez","@id":"https:\/\/elcotarro.com\/#\/schema\/person\/af537ee7d60d15984c7e0affcd8a918b"},"headline":"GASTRONOM\u00cdA FORMATIVA Y SOLIDARIA","datePublished":"2018-07-15T10:05:32+00:00","mainEntityOfPage":{"@id":"https:\/\/elcotarro.com\/?p=5643"},"wordCount":241,"commentCount":0,"publisher":{"@id":"https:\/\/elcotarro.com\/#organization"},"inLanguage":"es","potentialAction":[{"@type":"CommentAction","name":"Comment","target":["https:\/\/elcotarro.com\/?p=5643#respond"]}]},{"@type":"WebPage","@id":"https:\/\/elcotarro.com\/?p=5643","url":"https:\/\/elcotarro.com\/?p=5643","name":"GASTRONOM\u00cdA FORMATIVA Y SOLIDARIA - El Cotarro","isPartOf":{"@id":"https:\/\/elcotarro.com\/#website"},"datePublished":"2018-07-15T10:05:32+00:00","breadcrumb":{"@id":"https:\/\/elcotarro.com\/?p=5643#breadcrumb"},"inLanguage":"es","potentialAction":[{"@type":"ReadAction","target":["https:\/\/elcotarro.com\/?p=5643"]}]},{"@type":"BreadcrumbList","@id":"https:\/\/elcotarro.com\/?p=5643#breadcrumb","itemListElement":[{"@type":"ListItem","position":1,"name":"Portada","item":"https:\/\/elcotarro.com\/"},{"@type":"ListItem","position":2,"name":"GASTRONOM\u00cdA FORMATIVA Y SOLIDARIA"}]},{"@type":"WebSite","@id":"https:\/\/elcotarro.com\/#website","url":"https:\/\/elcotarro.com\/","name":"El Cotarro","description":"Peri\u00f3dico Digital Independiente dirigido por Jos\u00e9 Carlos Marrero","publisher":{"@id":"https:\/\/elcotarro.com\/#organization"},"potentialAction":[{"@type":"SearchAction","target":{"@type":"EntryPoint","urlTemplate":"https:\/\/elcotarro.com\/?s={search_term_string}"},"query-input":{"@type":"PropertyValueSpecification","valueRequired":true,"valueName":"search_term_string"}}],"inLanguage":"es"},{"@type":"Organization","@id":"https:\/\/elcotarro.com\/#organization","name":"El Cotarro","url":"https:\/\/elcotarro.com\/","logo":{"@type":"ImageObject","inLanguage":"es","@id":"https:\/\/elcotarro.com\/#\/schema\/logo\/image\/","url":"https:\/\/elcotarro.com\/wp-content\/uploads\/2014\/09\/Cabecera_El_Cotarro_v2.jpg","contentUrl":"https:\/\/elcotarro.com\/wp-content\/uploads\/2014\/09\/Cabecera_El_Cotarro_v2.jpg","width":3540,"height":441,"caption":"El Cotarro"},"image":{"@id":"https:\/\/elcotarro.com\/#\/schema\/logo\/image\/"},"sameAs":["https:\/\/www.facebook.com\/ElCotarro.Tenerife"]},{"@type":"Person","@id":"https:\/\/elcotarro.com\/#\/schema\/person\/af537ee7d60d15984c7e0affcd8a918b","name":"Jos\u00e9 Carlos Marrero Gonz\u00e1lez","image":{"@type":"ImageObject","inLanguage":"es","@id":"https:\/\/elcotarro.com\/#\/schema\/person\/image\/","url":"https:\/\/secure.gravatar.com\/avatar\/def4da036efb5d32c74d49c351f6dccc064dd69ad9f3aadc295c5a9a5391ca01?s=96&d=mm&r=g","contentUrl":"https:\/\/secure.gravatar.com\/avatar\/def4da036efb5d32c74d49c351f6dccc064dd69ad9f3aadc295c5a9a5391ca01?s=96&d=mm&r=g","caption":"Jos\u00e9 Carlos Marrero Gonz\u00e1lez"},"sameAs":["https:\/\/elcotarro.com"],"url":"https:\/\/elcotarro.com\/?author=2"}]}},"jetpack_featured_media_url":"","jetpack_sharing_enabled":true,"_links":{"self":[{"href":"https:\/\/elcotarro.com\/index.php?rest_route=\/wp\/v2\/posts\/5643","targetHints":{"allow":["GET"]}}],"collection":[{"href":"https:\/\/elcotarro.com\/index.php?rest_route=\/wp\/v2\/posts"}],"about":[{"href":"https:\/\/elcotarro.com\/index.php?rest_route=\/wp\/v2\/types\/post"}],"author":[{"embeddable":true,"href":"https:\/\/elcotarro.com\/index.php?rest_route=\/wp\/v2\/users\/2"}],"replies":[{"embeddable":true,"href":"https:\/\/elcotarro.com\/index.php?rest_route=%2Fwp%2Fv2%2Fcomments&post=5643"}],"version-history":[{"count":1,"href":"https:\/\/elcotarro.com\/index.php?rest_route=\/wp\/v2\/posts\/5643\/revisions"}],"predecessor-version":[{"id":5645,"href":"https:\/\/elcotarro.com\/index.php?rest_route=\/wp\/v2\/posts\/5643\/revisions\/5645"}],"wp:attachment":[{"href":"https:\/\/elcotarro.com\/index.php?rest_route=%2Fwp%2Fv2%2Fmedia&parent=5643"}],"wp:term":[{"taxonomy":"category","embeddable":true,"href":"https:\/\/elcotarro.com\/index.php?rest_route=%2Fwp%2Fv2%2Fcategories&post=5643"},{"taxonomy":"post_tag","embeddable":true,"href":"https:\/\/elcotarro.com\/index.php?rest_route=%2Fwp%2Fv2%2Ftags&post=5643"}],"curies":[{"name":"wp","href":"https:\/\/api.w.org\/{rel}","templated":true}]}}