{"id":5646,"date":"2018-07-15T11:04:38","date_gmt":"2018-07-15T10:04:38","guid":{"rendered":"https:\/\/elcotarro.com\/?p=5646"},"modified":"2018-07-15T09:42:00","modified_gmt":"2018-07-15T08:42:00","slug":"saborea-anaza-y-el-bahia-del-duque","status":"publish","type":"post","link":"https:\/\/elcotarro.com\/?p=5646","title":{"rendered":"SABOREA A\u00d1AZA Y EL BAH\u00cdA DEL DUQUE"},"content":{"rendered":"<p>La segunda edici\u00f3n del proyecto social y formativo \u201cSaborea A\u00f1aza\u201d se desarroll\u00f3 en el Centro de Adultos Hermano Pedro, que regenta la Fundaci\u00f3n Canaria Sagrada Familia, que lidera <strong>Inmaculada Ojeda<\/strong>, y reuni\u00f3 a 10 alumnos y alumnas de cocina de la Fundaci\u00f3n Canaria El Buen Samaritano en una clase magistral a cargo de parte del equipo de cocina del hotel Bah\u00eda del Duque. La iniciativa sigue teniendo como objetivo formar y facilitar el acceso al mercado laboral de los j\u00f3venes emprendedores de A\u00f1aza, que forman parte del catering APJ (A\u00f1aza por sus J\u00f3venes) promovido por C\u00e1ritas de A\u00f1aza, que lidera <strong>Goretti Rodr\u00edguez<\/strong>, as\u00ed como los alumnos del PIIL (Proyecto Integrado de Inserci\u00f3n Laboral) FOCA (Formaci\u00f3n en Cocina A\u00f1aza), del Certificado de Profesionalidad en Cocina subvencionado por el Servicio Canario de empleo y financiado por el Fondo Social Europeo y el Gobierno de Canarias.<\/p>\n<p style=\"text-align: center\"><a href=\"https:\/\/elcotarro.com\/wp-content\/uploads\/2018\/07\/FOTO-2.-A\u00d1AZA-PEPE.jpg\"><img loading=\"lazy\" decoding=\"async\" class=\"alignnone size-full wp-image-5649\" src=\"https:\/\/elcotarro.com\/wp-content\/uploads\/2018\/07\/FOTO-2.-A\u00d1AZA-PEPE.jpg\" alt=\"FOTO 2.- A\u00d1AZA - PEPE\" width=\"1330\" height=\"672\" srcset=\"https:\/\/elcotarro.com\/wp-content\/uploads\/2018\/07\/FOTO-2.-A\u00d1AZA-PEPE.jpg 1330w, https:\/\/elcotarro.com\/wp-content\/uploads\/2018\/07\/FOTO-2.-A\u00d1AZA-PEPE-300x152.jpg 300w, https:\/\/elcotarro.com\/wp-content\/uploads\/2018\/07\/FOTO-2.-A\u00d1AZA-PEPE-1024x517.jpg 1024w\" sizes=\"auto, (max-width: 1330px) 100vw, 1330px\" \/><\/a><\/p>\n<p style=\"text-align: center\"><em>Pepe \u201cel cura de A\u00f1aza\u201d (c) compartiendo almuerzo con algunas personas residentes en el Centro de Adultos Hermano Pedro.<\/em><\/p>\n<p style=\"text-align: center\">\n","protected":false},"excerpt":{"rendered":"<p>La segunda edici\u00f3n del proyecto social y formativo \u201cSaborea A\u00f1aza\u201d se desarroll\u00f3 en el Centro de Adultos Hermano Pedro, que regenta la Fundaci\u00f3n Canaria Sagrada Familia, que lidera Inmaculada Ojeda, y reuni\u00f3 a 10 alumnos y alumnas de cocina de la Fundaci\u00f3n Canaria El Buen Samaritano en una clase magistral a cargo de parte del &#8230; <a class=\"read-more\" href=\"https:\/\/elcotarro.com\/?p=5646\">Read more<\/a><\/p>\n","protected":false},"author":2,"featured_media":0,"comment_status":"open","ping_status":"open","sticky":false,"template":"","format":"standard","meta":{"_jetpack_memberships_contains_paid_content":false,"footnotes":""},"categories":[1],"tags":[],"class_list":["post-5646","post","type-post","status-publish","format-standard","hentry","category-sin-categoria"],"yoast_head":"<!-- This site is optimized with the Yoast SEO plugin v27.0 - https:\/\/yoast.com\/product\/yoast-seo-wordpress\/ -->\n<title>SABOREA A\u00d1AZA Y EL BAH\u00cdA DEL DUQUE - El Cotarro<\/title>\n<meta name=\"robots\" content=\"index, follow, max-snippet:-1, max-image-preview:large, max-video-preview:-1\" \/>\n<link rel=\"canonical\" href=\"https:\/\/elcotarro.com\/?p=5646\" \/>\n<meta property=\"og:locale\" content=\"es_ES\" \/>\n<meta property=\"og:type\" content=\"article\" \/>\n<meta property=\"og:title\" content=\"SABOREA A\u00d1AZA Y EL BAH\u00cdA DEL DUQUE - El Cotarro\" \/>\n<meta property=\"og:description\" content=\"La segunda edici\u00f3n del proyecto social y formativo \u201cSaborea A\u00f1aza\u201d se desarroll\u00f3 en el Centro de Adultos Hermano Pedro, que regenta la Fundaci\u00f3n Canaria Sagrada Familia, que lidera Inmaculada Ojeda, y reuni\u00f3 a 10 alumnos y alumnas de cocina de la Fundaci\u00f3n Canaria El Buen Samaritano en una clase magistral a cargo de parte del ... Read more\" \/>\n<meta property=\"og:url\" content=\"https:\/\/elcotarro.com\/?p=5646\" \/>\n<meta property=\"og:site_name\" content=\"El Cotarro\" \/>\n<meta property=\"article:publisher\" content=\"https:\/\/www.facebook.com\/ElCotarro.Tenerife\" \/>\n<meta property=\"article:published_time\" content=\"2018-07-15T10:04:38+00:00\" \/>\n<meta name=\"author\" content=\"Jos\u00e9 Carlos Marrero Gonz\u00e1lez\" \/>\n<meta name=\"twitter:label1\" content=\"Escrito por\" \/>\n\t<meta name=\"twitter:data1\" content=\"Jos\u00e9 Carlos Marrero Gonz\u00e1lez\" \/>\n\t<meta name=\"twitter:label2\" content=\"Tiempo de lectura\" \/>\n\t<meta name=\"twitter:data2\" content=\"1 minuto\" \/>\n<script type=\"application\/ld+json\" class=\"yoast-schema-graph\">{\"@context\":\"https:\/\/schema.org\",\"@graph\":[{\"@type\":\"Article\",\"@id\":\"https:\/\/elcotarro.com\/?p=5646#article\",\"isPartOf\":{\"@id\":\"https:\/\/elcotarro.com\/?p=5646\"},\"author\":{\"name\":\"Jos\u00e9 Carlos Marrero Gonz\u00e1lez\",\"@id\":\"https:\/\/elcotarro.com\/#\/schema\/person\/af537ee7d60d15984c7e0affcd8a918b\"},\"headline\":\"SABOREA A\u00d1AZA Y EL BAH\u00cdA DEL DUQUE\",\"datePublished\":\"2018-07-15T10:04:38+00:00\",\"mainEntityOfPage\":{\"@id\":\"https:\/\/elcotarro.com\/?p=5646\"},\"wordCount\":186,\"commentCount\":0,\"publisher\":{\"@id\":\"https:\/\/elcotarro.com\/#organization\"},\"inLanguage\":\"es\",\"potentialAction\":[{\"@type\":\"CommentAction\",\"name\":\"Comment\",\"target\":[\"https:\/\/elcotarro.com\/?p=5646#respond\"]}]},{\"@type\":\"WebPage\",\"@id\":\"https:\/\/elcotarro.com\/?p=5646\",\"url\":\"https:\/\/elcotarro.com\/?p=5646\",\"name\":\"SABOREA A\u00d1AZA Y EL BAH\u00cdA DEL DUQUE - El Cotarro\",\"isPartOf\":{\"@id\":\"https:\/\/elcotarro.com\/#website\"},\"datePublished\":\"2018-07-15T10:04:38+00:00\",\"breadcrumb\":{\"@id\":\"https:\/\/elcotarro.com\/?p=5646#breadcrumb\"},\"inLanguage\":\"es\",\"potentialAction\":[{\"@type\":\"ReadAction\",\"target\":[\"https:\/\/elcotarro.com\/?p=5646\"]}]},{\"@type\":\"BreadcrumbList\",\"@id\":\"https:\/\/elcotarro.com\/?p=5646#breadcrumb\",\"itemListElement\":[{\"@type\":\"ListItem\",\"position\":1,\"name\":\"Portada\",\"item\":\"https:\/\/elcotarro.com\/\"},{\"@type\":\"ListItem\",\"position\":2,\"name\":\"SABOREA A\u00d1AZA Y EL BAH\u00cdA DEL DUQUE\"}]},{\"@type\":\"WebSite\",\"@id\":\"https:\/\/elcotarro.com\/#website\",\"url\":\"https:\/\/elcotarro.com\/\",\"name\":\"El Cotarro\",\"description\":\"Peri\u00f3dico Digital Independiente dirigido por Jos\u00e9 Carlos Marrero\",\"publisher\":{\"@id\":\"https:\/\/elcotarro.com\/#organization\"},\"potentialAction\":[{\"@type\":\"SearchAction\",\"target\":{\"@type\":\"EntryPoint\",\"urlTemplate\":\"https:\/\/elcotarro.com\/?s={search_term_string}\"},\"query-input\":{\"@type\":\"PropertyValueSpecification\",\"valueRequired\":true,\"valueName\":\"search_term_string\"}}],\"inLanguage\":\"es\"},{\"@type\":\"Organization\",\"@id\":\"https:\/\/elcotarro.com\/#organization\",\"name\":\"El Cotarro\",\"url\":\"https:\/\/elcotarro.com\/\",\"logo\":{\"@type\":\"ImageObject\",\"inLanguage\":\"es\",\"@id\":\"https:\/\/elcotarro.com\/#\/schema\/logo\/image\/\",\"url\":\"https:\/\/elcotarro.com\/wp-content\/uploads\/2014\/09\/Cabecera_El_Cotarro_v2.jpg\",\"contentUrl\":\"https:\/\/elcotarro.com\/wp-content\/uploads\/2014\/09\/Cabecera_El_Cotarro_v2.jpg\",\"width\":3540,\"height\":441,\"caption\":\"El Cotarro\"},\"image\":{\"@id\":\"https:\/\/elcotarro.com\/#\/schema\/logo\/image\/\"},\"sameAs\":[\"https:\/\/www.facebook.com\/ElCotarro.Tenerife\"]},{\"@type\":\"Person\",\"@id\":\"https:\/\/elcotarro.com\/#\/schema\/person\/af537ee7d60d15984c7e0affcd8a918b\",\"name\":\"Jos\u00e9 Carlos Marrero Gonz\u00e1lez\",\"image\":{\"@type\":\"ImageObject\",\"inLanguage\":\"es\",\"@id\":\"https:\/\/elcotarro.com\/#\/schema\/person\/image\/\",\"url\":\"https:\/\/secure.gravatar.com\/avatar\/def4da036efb5d32c74d49c351f6dccc064dd69ad9f3aadc295c5a9a5391ca01?s=96&d=mm&r=g\",\"contentUrl\":\"https:\/\/secure.gravatar.com\/avatar\/def4da036efb5d32c74d49c351f6dccc064dd69ad9f3aadc295c5a9a5391ca01?s=96&d=mm&r=g\",\"caption\":\"Jos\u00e9 Carlos Marrero Gonz\u00e1lez\"},\"sameAs\":[\"https:\/\/elcotarro.com\"],\"url\":\"https:\/\/elcotarro.com\/?author=2\"}]}<\/script>\n<!-- \/ Yoast SEO plugin. -->","yoast_head_json":{"title":"SABOREA A\u00d1AZA Y EL BAH\u00cdA DEL DUQUE - El Cotarro","robots":{"index":"index","follow":"follow","max-snippet":"max-snippet:-1","max-image-preview":"max-image-preview:large","max-video-preview":"max-video-preview:-1"},"canonical":"https:\/\/elcotarro.com\/?p=5646","og_locale":"es_ES","og_type":"article","og_title":"SABOREA A\u00d1AZA Y EL BAH\u00cdA DEL DUQUE - El Cotarro","og_description":"La segunda edici\u00f3n del proyecto social y formativo \u201cSaborea A\u00f1aza\u201d se desarroll\u00f3 en el Centro de Adultos Hermano Pedro, que regenta la Fundaci\u00f3n Canaria Sagrada Familia, que lidera Inmaculada Ojeda, y reuni\u00f3 a 10 alumnos y alumnas de cocina de la Fundaci\u00f3n Canaria El Buen Samaritano en una clase magistral a cargo de parte del ... Read more","og_url":"https:\/\/elcotarro.com\/?p=5646","og_site_name":"El Cotarro","article_publisher":"https:\/\/www.facebook.com\/ElCotarro.Tenerife","article_published_time":"2018-07-15T10:04:38+00:00","author":"Jos\u00e9 Carlos Marrero Gonz\u00e1lez","twitter_misc":{"Escrito por":"Jos\u00e9 Carlos Marrero Gonz\u00e1lez","Tiempo de lectura":"1 minuto"},"schema":{"@context":"https:\/\/schema.org","@graph":[{"@type":"Article","@id":"https:\/\/elcotarro.com\/?p=5646#article","isPartOf":{"@id":"https:\/\/elcotarro.com\/?p=5646"},"author":{"name":"Jos\u00e9 Carlos Marrero Gonz\u00e1lez","@id":"https:\/\/elcotarro.com\/#\/schema\/person\/af537ee7d60d15984c7e0affcd8a918b"},"headline":"SABOREA A\u00d1AZA Y EL BAH\u00cdA DEL DUQUE","datePublished":"2018-07-15T10:04:38+00:00","mainEntityOfPage":{"@id":"https:\/\/elcotarro.com\/?p=5646"},"wordCount":186,"commentCount":0,"publisher":{"@id":"https:\/\/elcotarro.com\/#organization"},"inLanguage":"es","potentialAction":[{"@type":"CommentAction","name":"Comment","target":["https:\/\/elcotarro.com\/?p=5646#respond"]}]},{"@type":"WebPage","@id":"https:\/\/elcotarro.com\/?p=5646","url":"https:\/\/elcotarro.com\/?p=5646","name":"SABOREA A\u00d1AZA Y EL BAH\u00cdA DEL DUQUE - El Cotarro","isPartOf":{"@id":"https:\/\/elcotarro.com\/#website"},"datePublished":"2018-07-15T10:04:38+00:00","breadcrumb":{"@id":"https:\/\/elcotarro.com\/?p=5646#breadcrumb"},"inLanguage":"es","potentialAction":[{"@type":"ReadAction","target":["https:\/\/elcotarro.com\/?p=5646"]}]},{"@type":"BreadcrumbList","@id":"https:\/\/elcotarro.com\/?p=5646#breadcrumb","itemListElement":[{"@type":"ListItem","position":1,"name":"Portada","item":"https:\/\/elcotarro.com\/"},{"@type":"ListItem","position":2,"name":"SABOREA A\u00d1AZA Y EL BAH\u00cdA DEL DUQUE"}]},{"@type":"WebSite","@id":"https:\/\/elcotarro.com\/#website","url":"https:\/\/elcotarro.com\/","name":"El Cotarro","description":"Peri\u00f3dico Digital Independiente dirigido por Jos\u00e9 Carlos Marrero","publisher":{"@id":"https:\/\/elcotarro.com\/#organization"},"potentialAction":[{"@type":"SearchAction","target":{"@type":"EntryPoint","urlTemplate":"https:\/\/elcotarro.com\/?s={search_term_string}"},"query-input":{"@type":"PropertyValueSpecification","valueRequired":true,"valueName":"search_term_string"}}],"inLanguage":"es"},{"@type":"Organization","@id":"https:\/\/elcotarro.com\/#organization","name":"El Cotarro","url":"https:\/\/elcotarro.com\/","logo":{"@type":"ImageObject","inLanguage":"es","@id":"https:\/\/elcotarro.com\/#\/schema\/logo\/image\/","url":"https:\/\/elcotarro.com\/wp-content\/uploads\/2014\/09\/Cabecera_El_Cotarro_v2.jpg","contentUrl":"https:\/\/elcotarro.com\/wp-content\/uploads\/2014\/09\/Cabecera_El_Cotarro_v2.jpg","width":3540,"height":441,"caption":"El Cotarro"},"image":{"@id":"https:\/\/elcotarro.com\/#\/schema\/logo\/image\/"},"sameAs":["https:\/\/www.facebook.com\/ElCotarro.Tenerife"]},{"@type":"Person","@id":"https:\/\/elcotarro.com\/#\/schema\/person\/af537ee7d60d15984c7e0affcd8a918b","name":"Jos\u00e9 Carlos Marrero Gonz\u00e1lez","image":{"@type":"ImageObject","inLanguage":"es","@id":"https:\/\/elcotarro.com\/#\/schema\/person\/image\/","url":"https:\/\/secure.gravatar.com\/avatar\/def4da036efb5d32c74d49c351f6dccc064dd69ad9f3aadc295c5a9a5391ca01?s=96&d=mm&r=g","contentUrl":"https:\/\/secure.gravatar.com\/avatar\/def4da036efb5d32c74d49c351f6dccc064dd69ad9f3aadc295c5a9a5391ca01?s=96&d=mm&r=g","caption":"Jos\u00e9 Carlos Marrero Gonz\u00e1lez"},"sameAs":["https:\/\/elcotarro.com"],"url":"https:\/\/elcotarro.com\/?author=2"}]}},"jetpack_featured_media_url":"","jetpack_sharing_enabled":true,"_links":{"self":[{"href":"https:\/\/elcotarro.com\/index.php?rest_route=\/wp\/v2\/posts\/5646","targetHints":{"allow":["GET"]}}],"collection":[{"href":"https:\/\/elcotarro.com\/index.php?rest_route=\/wp\/v2\/posts"}],"about":[{"href":"https:\/\/elcotarro.com\/index.php?rest_route=\/wp\/v2\/types\/post"}],"author":[{"embeddable":true,"href":"https:\/\/elcotarro.com\/index.php?rest_route=\/wp\/v2\/users\/2"}],"replies":[{"embeddable":true,"href":"https:\/\/elcotarro.com\/index.php?rest_route=%2Fwp%2Fv2%2Fcomments&post=5646"}],"version-history":[{"count":1,"href":"https:\/\/elcotarro.com\/index.php?rest_route=\/wp\/v2\/posts\/5646\/revisions"}],"predecessor-version":[{"id":5650,"href":"https:\/\/elcotarro.com\/index.php?rest_route=\/wp\/v2\/posts\/5646\/revisions\/5650"}],"wp:attachment":[{"href":"https:\/\/elcotarro.com\/index.php?rest_route=%2Fwp%2Fv2%2Fmedia&parent=5646"}],"wp:term":[{"taxonomy":"category","embeddable":true,"href":"https:\/\/elcotarro.com\/index.php?rest_route=%2Fwp%2Fv2%2Fcategories&post=5646"},{"taxonomy":"post_tag","embeddable":true,"href":"https:\/\/elcotarro.com\/index.php?rest_route=%2Fwp%2Fv2%2Ftags&post=5646"}],"curies":[{"name":"wp","href":"https:\/\/api.w.org\/{rel}","templated":true}]}}