{"id":5655,"date":"2018-07-15T11:02:02","date_gmt":"2018-07-15T10:02:02","guid":{"rendered":"https:\/\/elcotarro.com\/?p=5655"},"modified":"2018-07-15T09:43:47","modified_gmt":"2018-07-15T08:43:47","slug":"los-flamboyanes-de-sergio-alonso","status":"publish","type":"post","link":"https:\/\/elcotarro.com\/?p=5655","title":{"rendered":"LOS FLAMBOYANES DE SERGIO ALONSO"},"content":{"rendered":"<p>Siempre he dicho que los pol\u00edticos deber\u00edan muchas veces dejar a un lado sus (por culpa de ellos) apretadas agendas, para bajar al nivel de los mortales y de la realidad cotidiana, disfrutar de sus familias y amigos y elevar el nivel de sano humor y vacil\u00f3n que \u00faltimamente estamos perdiendo en Canarias. Eso se consigue d\u00e1ndole valor a cosas que de verdad lo tienen, \u201cdesconectando\u201d de la negatividad y teniendo iniciativas como la que est\u00e1 llevando el director general del Servicio Canario de Empleo (SCE), <strong>Sergio Fernando Alonso Rodr\u00edguez<\/strong>, que se nos ha destapado como un gran defensor de nuestros emblem\u00e1ticos y populares flamboyanes (<em>Delonix Regia<\/em>), sobre todo los que, en estos meses de mayo a septiembre, florecen en Santa Cruz de Tenerife.<\/p>\n<p style=\"text-align: center\"><a href=\"https:\/\/elcotarro.com\/wp-content\/uploads\/2018\/07\/FOTO-4.-SERGIO-ALONSO.jpg\"><img loading=\"lazy\" decoding=\"async\" class=\"alignnone size-full wp-image-5656\" src=\"https:\/\/elcotarro.com\/wp-content\/uploads\/2018\/07\/FOTO-4.-SERGIO-ALONSO.jpg\" alt=\"FOTO 4.- SERGIO ALONSO\" width=\"282\" height=\"355\" srcset=\"https:\/\/elcotarro.com\/wp-content\/uploads\/2018\/07\/FOTO-4.-SERGIO-ALONSO.jpg 282w, https:\/\/elcotarro.com\/wp-content\/uploads\/2018\/07\/FOTO-4.-SERGIO-ALONSO-238x300.jpg 238w\" sizes=\"auto, (max-width: 282px) 100vw, 282px\" \/><\/a><\/p>\n<p style=\"text-align: center\"><em>Sergio Alonso Rodr\u00edguez, director general del SCE y amante de los flamboyanes<\/em><\/p>\n","protected":false},"excerpt":{"rendered":"<p>Siempre he dicho que los pol\u00edticos deber\u00edan muchas veces dejar a un lado sus (por culpa de ellos) apretadas agendas, para bajar al nivel de los mortales y de la realidad cotidiana, disfrutar de sus familias y amigos y elevar el nivel de sano humor y vacil\u00f3n que \u00faltimamente estamos perdiendo en Canarias. Eso se &#8230; <a class=\"read-more\" href=\"https:\/\/elcotarro.com\/?p=5655\">Read more<\/a><\/p>\n","protected":false},"author":2,"featured_media":0,"comment_status":"open","ping_status":"open","sticky":false,"template":"","format":"standard","meta":{"_jetpack_memberships_contains_paid_content":false,"footnotes":""},"categories":[1],"tags":[],"class_list":["post-5655","post","type-post","status-publish","format-standard","hentry","category-sin-categoria"],"yoast_head":"<!-- This site is optimized with the Yoast SEO plugin v27.0 - https:\/\/yoast.com\/product\/yoast-seo-wordpress\/ -->\n<title>LOS FLAMBOYANES DE SERGIO ALONSO - El Cotarro<\/title>\n<meta name=\"robots\" content=\"index, follow, max-snippet:-1, max-image-preview:large, max-video-preview:-1\" \/>\n<link rel=\"canonical\" href=\"https:\/\/elcotarro.com\/?p=5655\" \/>\n<meta property=\"og:locale\" content=\"es_ES\" \/>\n<meta property=\"og:type\" content=\"article\" \/>\n<meta property=\"og:title\" content=\"LOS FLAMBOYANES DE SERGIO ALONSO - El Cotarro\" \/>\n<meta property=\"og:description\" content=\"Siempre he dicho que los pol\u00edticos deber\u00edan muchas veces dejar a un lado sus (por culpa de ellos) apretadas agendas, para bajar al nivel de los mortales y de la realidad cotidiana, disfrutar de sus familias y amigos y elevar el nivel de sano humor y vacil\u00f3n que \u00faltimamente estamos perdiendo en Canarias. Eso se ... Read more\" \/>\n<meta property=\"og:url\" content=\"https:\/\/elcotarro.com\/?p=5655\" \/>\n<meta property=\"og:site_name\" content=\"El Cotarro\" \/>\n<meta property=\"article:publisher\" content=\"https:\/\/www.facebook.com\/ElCotarro.Tenerife\" \/>\n<meta property=\"article:published_time\" content=\"2018-07-15T10:02:02+00:00\" \/>\n<meta property=\"og:image\" content=\"https:\/\/elcotarro.com\/wp-content\/uploads\/2018\/07\/FOTO-4.-SERGIO-ALONSO.jpg\" \/>\n<meta name=\"author\" content=\"Jos\u00e9 Carlos Marrero Gonz\u00e1lez\" \/>\n<meta name=\"twitter:label1\" content=\"Escrito por\" \/>\n\t<meta name=\"twitter:data1\" content=\"Jos\u00e9 Carlos Marrero Gonz\u00e1lez\" \/>\n\t<meta name=\"twitter:label2\" content=\"Tiempo de lectura\" \/>\n\t<meta name=\"twitter:data2\" content=\"1 minuto\" \/>\n<script type=\"application\/ld+json\" class=\"yoast-schema-graph\">{\"@context\":\"https:\/\/schema.org\",\"@graph\":[{\"@type\":\"Article\",\"@id\":\"https:\/\/elcotarro.com\/?p=5655#article\",\"isPartOf\":{\"@id\":\"https:\/\/elcotarro.com\/?p=5655\"},\"author\":{\"name\":\"Jos\u00e9 Carlos Marrero Gonz\u00e1lez\",\"@id\":\"https:\/\/elcotarro.com\/#\/schema\/person\/af537ee7d60d15984c7e0affcd8a918b\"},\"headline\":\"LOS FLAMBOYANES DE SERGIO ALONSO\",\"datePublished\":\"2018-07-15T10:02:02+00:00\",\"mainEntityOfPage\":{\"@id\":\"https:\/\/elcotarro.com\/?p=5655\"},\"wordCount\":148,\"commentCount\":0,\"publisher\":{\"@id\":\"https:\/\/elcotarro.com\/#organization\"},\"image\":{\"@id\":\"https:\/\/elcotarro.com\/?p=5655#primaryimage\"},\"thumbnailUrl\":\"https:\/\/elcotarro.com\/wp-content\/uploads\/2018\/07\/FOTO-4.-SERGIO-ALONSO.jpg\",\"inLanguage\":\"es\",\"potentialAction\":[{\"@type\":\"CommentAction\",\"name\":\"Comment\",\"target\":[\"https:\/\/elcotarro.com\/?p=5655#respond\"]}]},{\"@type\":\"WebPage\",\"@id\":\"https:\/\/elcotarro.com\/?p=5655\",\"url\":\"https:\/\/elcotarro.com\/?p=5655\",\"name\":\"LOS FLAMBOYANES DE SERGIO ALONSO - El Cotarro\",\"isPartOf\":{\"@id\":\"https:\/\/elcotarro.com\/#website\"},\"primaryImageOfPage\":{\"@id\":\"https:\/\/elcotarro.com\/?p=5655#primaryimage\"},\"image\":{\"@id\":\"https:\/\/elcotarro.com\/?p=5655#primaryimage\"},\"thumbnailUrl\":\"https:\/\/elcotarro.com\/wp-content\/uploads\/2018\/07\/FOTO-4.-SERGIO-ALONSO.jpg\",\"datePublished\":\"2018-07-15T10:02:02+00:00\",\"breadcrumb\":{\"@id\":\"https:\/\/elcotarro.com\/?p=5655#breadcrumb\"},\"inLanguage\":\"es\",\"potentialAction\":[{\"@type\":\"ReadAction\",\"target\":[\"https:\/\/elcotarro.com\/?p=5655\"]}]},{\"@type\":\"ImageObject\",\"inLanguage\":\"es\",\"@id\":\"https:\/\/elcotarro.com\/?p=5655#primaryimage\",\"url\":\"https:\/\/elcotarro.com\/wp-content\/uploads\/2018\/07\/FOTO-4.-SERGIO-ALONSO.jpg\",\"contentUrl\":\"https:\/\/elcotarro.com\/wp-content\/uploads\/2018\/07\/FOTO-4.-SERGIO-ALONSO.jpg\",\"width\":282,\"height\":355},{\"@type\":\"BreadcrumbList\",\"@id\":\"https:\/\/elcotarro.com\/?p=5655#breadcrumb\",\"itemListElement\":[{\"@type\":\"ListItem\",\"position\":1,\"name\":\"Portada\",\"item\":\"https:\/\/elcotarro.com\/\"},{\"@type\":\"ListItem\",\"position\":2,\"name\":\"LOS FLAMBOYANES DE SERGIO ALONSO\"}]},{\"@type\":\"WebSite\",\"@id\":\"https:\/\/elcotarro.com\/#website\",\"url\":\"https:\/\/elcotarro.com\/\",\"name\":\"El Cotarro\",\"description\":\"Peri\u00f3dico Digital Independiente dirigido por Jos\u00e9 Carlos Marrero\",\"publisher\":{\"@id\":\"https:\/\/elcotarro.com\/#organization\"},\"potentialAction\":[{\"@type\":\"SearchAction\",\"target\":{\"@type\":\"EntryPoint\",\"urlTemplate\":\"https:\/\/elcotarro.com\/?s={search_term_string}\"},\"query-input\":{\"@type\":\"PropertyValueSpecification\",\"valueRequired\":true,\"valueName\":\"search_term_string\"}}],\"inLanguage\":\"es\"},{\"@type\":\"Organization\",\"@id\":\"https:\/\/elcotarro.com\/#organization\",\"name\":\"El Cotarro\",\"url\":\"https:\/\/elcotarro.com\/\",\"logo\":{\"@type\":\"ImageObject\",\"inLanguage\":\"es\",\"@id\":\"https:\/\/elcotarro.com\/#\/schema\/logo\/image\/\",\"url\":\"https:\/\/elcotarro.com\/wp-content\/uploads\/2014\/09\/Cabecera_El_Cotarro_v2.jpg\",\"contentUrl\":\"https:\/\/elcotarro.com\/wp-content\/uploads\/2014\/09\/Cabecera_El_Cotarro_v2.jpg\",\"width\":3540,\"height\":441,\"caption\":\"El Cotarro\"},\"image\":{\"@id\":\"https:\/\/elcotarro.com\/#\/schema\/logo\/image\/\"},\"sameAs\":[\"https:\/\/www.facebook.com\/ElCotarro.Tenerife\"]},{\"@type\":\"Person\",\"@id\":\"https:\/\/elcotarro.com\/#\/schema\/person\/af537ee7d60d15984c7e0affcd8a918b\",\"name\":\"Jos\u00e9 Carlos Marrero Gonz\u00e1lez\",\"image\":{\"@type\":\"ImageObject\",\"inLanguage\":\"es\",\"@id\":\"https:\/\/elcotarro.com\/#\/schema\/person\/image\/\",\"url\":\"https:\/\/secure.gravatar.com\/avatar\/def4da036efb5d32c74d49c351f6dccc064dd69ad9f3aadc295c5a9a5391ca01?s=96&d=mm&r=g\",\"contentUrl\":\"https:\/\/secure.gravatar.com\/avatar\/def4da036efb5d32c74d49c351f6dccc064dd69ad9f3aadc295c5a9a5391ca01?s=96&d=mm&r=g\",\"caption\":\"Jos\u00e9 Carlos Marrero Gonz\u00e1lez\"},\"sameAs\":[\"https:\/\/elcotarro.com\"],\"url\":\"https:\/\/elcotarro.com\/?author=2\"}]}<\/script>\n<!-- \/ Yoast SEO plugin. -->","yoast_head_json":{"title":"LOS FLAMBOYANES DE SERGIO ALONSO - El Cotarro","robots":{"index":"index","follow":"follow","max-snippet":"max-snippet:-1","max-image-preview":"max-image-preview:large","max-video-preview":"max-video-preview:-1"},"canonical":"https:\/\/elcotarro.com\/?p=5655","og_locale":"es_ES","og_type":"article","og_title":"LOS FLAMBOYANES DE SERGIO ALONSO - El Cotarro","og_description":"Siempre he dicho que los pol\u00edticos deber\u00edan muchas veces dejar a un lado sus (por culpa de ellos) apretadas agendas, para bajar al nivel de los mortales y de la realidad cotidiana, disfrutar de sus familias y amigos y elevar el nivel de sano humor y vacil\u00f3n que \u00faltimamente estamos perdiendo en Canarias. Eso se ... Read more","og_url":"https:\/\/elcotarro.com\/?p=5655","og_site_name":"El Cotarro","article_publisher":"https:\/\/www.facebook.com\/ElCotarro.Tenerife","article_published_time":"2018-07-15T10:02:02+00:00","og_image":[{"url":"https:\/\/elcotarro.com\/wp-content\/uploads\/2018\/07\/FOTO-4.-SERGIO-ALONSO.jpg","type":"","width":"","height":""}],"author":"Jos\u00e9 Carlos Marrero Gonz\u00e1lez","twitter_misc":{"Escrito por":"Jos\u00e9 Carlos Marrero Gonz\u00e1lez","Tiempo de lectura":"1 minuto"},"schema":{"@context":"https:\/\/schema.org","@graph":[{"@type":"Article","@id":"https:\/\/elcotarro.com\/?p=5655#article","isPartOf":{"@id":"https:\/\/elcotarro.com\/?p=5655"},"author":{"name":"Jos\u00e9 Carlos Marrero Gonz\u00e1lez","@id":"https:\/\/elcotarro.com\/#\/schema\/person\/af537ee7d60d15984c7e0affcd8a918b"},"headline":"LOS FLAMBOYANES DE SERGIO ALONSO","datePublished":"2018-07-15T10:02:02+00:00","mainEntityOfPage":{"@id":"https:\/\/elcotarro.com\/?p=5655"},"wordCount":148,"commentCount":0,"publisher":{"@id":"https:\/\/elcotarro.com\/#organization"},"image":{"@id":"https:\/\/elcotarro.com\/?p=5655#primaryimage"},"thumbnailUrl":"https:\/\/elcotarro.com\/wp-content\/uploads\/2018\/07\/FOTO-4.-SERGIO-ALONSO.jpg","inLanguage":"es","potentialAction":[{"@type":"CommentAction","name":"Comment","target":["https:\/\/elcotarro.com\/?p=5655#respond"]}]},{"@type":"WebPage","@id":"https:\/\/elcotarro.com\/?p=5655","url":"https:\/\/elcotarro.com\/?p=5655","name":"LOS FLAMBOYANES DE SERGIO ALONSO - El Cotarro","isPartOf":{"@id":"https:\/\/elcotarro.com\/#website"},"primaryImageOfPage":{"@id":"https:\/\/elcotarro.com\/?p=5655#primaryimage"},"image":{"@id":"https:\/\/elcotarro.com\/?p=5655#primaryimage"},"thumbnailUrl":"https:\/\/elcotarro.com\/wp-content\/uploads\/2018\/07\/FOTO-4.-SERGIO-ALONSO.jpg","datePublished":"2018-07-15T10:02:02+00:00","breadcrumb":{"@id":"https:\/\/elcotarro.com\/?p=5655#breadcrumb"},"inLanguage":"es","potentialAction":[{"@type":"ReadAction","target":["https:\/\/elcotarro.com\/?p=5655"]}]},{"@type":"ImageObject","inLanguage":"es","@id":"https:\/\/elcotarro.com\/?p=5655#primaryimage","url":"https:\/\/elcotarro.com\/wp-content\/uploads\/2018\/07\/FOTO-4.-SERGIO-ALONSO.jpg","contentUrl":"https:\/\/elcotarro.com\/wp-content\/uploads\/2018\/07\/FOTO-4.-SERGIO-ALONSO.jpg","width":282,"height":355},{"@type":"BreadcrumbList","@id":"https:\/\/elcotarro.com\/?p=5655#breadcrumb","itemListElement":[{"@type":"ListItem","position":1,"name":"Portada","item":"https:\/\/elcotarro.com\/"},{"@type":"ListItem","position":2,"name":"LOS FLAMBOYANES DE SERGIO ALONSO"}]},{"@type":"WebSite","@id":"https:\/\/elcotarro.com\/#website","url":"https:\/\/elcotarro.com\/","name":"El Cotarro","description":"Peri\u00f3dico Digital Independiente dirigido por Jos\u00e9 Carlos Marrero","publisher":{"@id":"https:\/\/elcotarro.com\/#organization"},"potentialAction":[{"@type":"SearchAction","target":{"@type":"EntryPoint","urlTemplate":"https:\/\/elcotarro.com\/?s={search_term_string}"},"query-input":{"@type":"PropertyValueSpecification","valueRequired":true,"valueName":"search_term_string"}}],"inLanguage":"es"},{"@type":"Organization","@id":"https:\/\/elcotarro.com\/#organization","name":"El Cotarro","url":"https:\/\/elcotarro.com\/","logo":{"@type":"ImageObject","inLanguage":"es","@id":"https:\/\/elcotarro.com\/#\/schema\/logo\/image\/","url":"https:\/\/elcotarro.com\/wp-content\/uploads\/2014\/09\/Cabecera_El_Cotarro_v2.jpg","contentUrl":"https:\/\/elcotarro.com\/wp-content\/uploads\/2014\/09\/Cabecera_El_Cotarro_v2.jpg","width":3540,"height":441,"caption":"El Cotarro"},"image":{"@id":"https:\/\/elcotarro.com\/#\/schema\/logo\/image\/"},"sameAs":["https:\/\/www.facebook.com\/ElCotarro.Tenerife"]},{"@type":"Person","@id":"https:\/\/elcotarro.com\/#\/schema\/person\/af537ee7d60d15984c7e0affcd8a918b","name":"Jos\u00e9 Carlos Marrero Gonz\u00e1lez","image":{"@type":"ImageObject","inLanguage":"es","@id":"https:\/\/elcotarro.com\/#\/schema\/person\/image\/","url":"https:\/\/secure.gravatar.com\/avatar\/def4da036efb5d32c74d49c351f6dccc064dd69ad9f3aadc295c5a9a5391ca01?s=96&d=mm&r=g","contentUrl":"https:\/\/secure.gravatar.com\/avatar\/def4da036efb5d32c74d49c351f6dccc064dd69ad9f3aadc295c5a9a5391ca01?s=96&d=mm&r=g","caption":"Jos\u00e9 Carlos Marrero Gonz\u00e1lez"},"sameAs":["https:\/\/elcotarro.com"],"url":"https:\/\/elcotarro.com\/?author=2"}]}},"jetpack_featured_media_url":"","jetpack_sharing_enabled":true,"_links":{"self":[{"href":"https:\/\/elcotarro.com\/index.php?rest_route=\/wp\/v2\/posts\/5655","targetHints":{"allow":["GET"]}}],"collection":[{"href":"https:\/\/elcotarro.com\/index.php?rest_route=\/wp\/v2\/posts"}],"about":[{"href":"https:\/\/elcotarro.com\/index.php?rest_route=\/wp\/v2\/types\/post"}],"author":[{"embeddable":true,"href":"https:\/\/elcotarro.com\/index.php?rest_route=\/wp\/v2\/users\/2"}],"replies":[{"embeddable":true,"href":"https:\/\/elcotarro.com\/index.php?rest_route=%2Fwp%2Fv2%2Fcomments&post=5655"}],"version-history":[{"count":1,"href":"https:\/\/elcotarro.com\/index.php?rest_route=\/wp\/v2\/posts\/5655\/revisions"}],"predecessor-version":[{"id":5657,"href":"https:\/\/elcotarro.com\/index.php?rest_route=\/wp\/v2\/posts\/5655\/revisions\/5657"}],"wp:attachment":[{"href":"https:\/\/elcotarro.com\/index.php?rest_route=%2Fwp%2Fv2%2Fmedia&parent=5655"}],"wp:term":[{"taxonomy":"category","embeddable":true,"href":"https:\/\/elcotarro.com\/index.php?rest_route=%2Fwp%2Fv2%2Fcategories&post=5655"},{"taxonomy":"post_tag","embeddable":true,"href":"https:\/\/elcotarro.com\/index.php?rest_route=%2Fwp%2Fv2%2Ftags&post=5655"}],"curies":[{"name":"wp","href":"https:\/\/api.w.org\/{rel}","templated":true}]}}