{"id":5658,"date":"2018-07-15T11:01:57","date_gmt":"2018-07-15T10:01:57","guid":{"rendered":"https:\/\/elcotarro.com\/?p=5658"},"modified":"2018-07-15T09:46:10","modified_gmt":"2018-07-15T08:46:10","slug":"en-el-hashtag-flamboyansantacruz","status":"publish","type":"post","link":"https:\/\/elcotarro.com\/?p=5658","title":{"rendered":"EN EL HASHTAG #FLAMBOYANSANTACRUZ"},"content":{"rendered":"<p>Al <em>desinquieto<\/em>de <strong>Sergio Alonso\u00a0<\/strong>se le ha ocurrido montar un concurso fotogr\u00e1fico para animar a los tinerfe\u00f1os en general y a los chicharreros en particular, para que admiren, valoren, reconozcan y cuiden sus espacios verdes y, de forma especial y m\u00e1s concreta, a sus flamboyanes. Seg\u00fan dice\u00a0<strong>Sergio Alonso<\/strong>, <em>\u201ceste a\u00f1o los flamboyanes est\u00e1n desatados\u201d<\/em>y hay que sacar a la luz los m\u00e1s escondidos. La idea es que todas las personas que libremente lo deseen, se animen a sacar fotos de estos flamboyanes del municipio santacrucero\u2008y las suban a su cuenta de Instagram con el hashtag #flamboyansantacruz, diciendo d\u00f3nde est\u00e1 el ejemplar fotografiado. El bueno de <strong>Sergio Alonso\u00a0<\/strong>nos da hasta el 31 de agosto para sacar y subir las fotos a Instagram. A partir de esa fecha, un jurado elegir\u00e1 a las 10 mejores y, de entre ellas, saldr\u00e1 la foto ganadora.\u2008El autor o autora de la misma se llevar\u00e1 de regalo una cena para dos personas en el restaurante <em>La Cuadra del Palmero<\/em>, cena que el mismo\u00a0<strong>Sergio Alonso\u00a0<\/strong>afirma y asegura que pagar\u00e1 de su propio bolsillo. Am\u00e9n.<\/p>\n<p style=\"text-align: center\"><a href=\"https:\/\/elcotarro.com\/wp-content\/uploads\/2018\/07\/FOTO-5.-FLAMBOY\u00c1N.jpg\"><img loading=\"lazy\" decoding=\"async\" class=\"alignnone size-full wp-image-5659\" src=\"https:\/\/elcotarro.com\/wp-content\/uploads\/2018\/07\/FOTO-5.-FLAMBOY\u00c1N.jpg\" alt=\"FOTO 5.- FLAMBOY\u00c1N\" width=\"1600\" height=\"1200\" srcset=\"https:\/\/elcotarro.com\/wp-content\/uploads\/2018\/07\/FOTO-5.-FLAMBOY\u00c1N.jpg 1600w, https:\/\/elcotarro.com\/wp-content\/uploads\/2018\/07\/FOTO-5.-FLAMBOY\u00c1N-300x225.jpg 300w, https:\/\/elcotarro.com\/wp-content\/uploads\/2018\/07\/FOTO-5.-FLAMBOY\u00c1N-1024x768.jpg 1024w\" sizes=\"auto, (max-width: 1600px) 100vw, 1600px\" \/><\/a><\/p>\n<p style=\"text-align: center\"><em>Uno de los flamboyanes chicharreros que Sergio Alonso quiere cuidar.<\/em><\/p>\n","protected":false},"excerpt":{"rendered":"<p>Al desinquietode Sergio Alonso\u00a0se le ha ocurrido montar un concurso fotogr\u00e1fico para animar a los tinerfe\u00f1os en general y a los chicharreros en particular, para que admiren, valoren, reconozcan y cuiden sus espacios verdes y, de forma especial y m\u00e1s concreta, a sus flamboyanes. Seg\u00fan dice\u00a0Sergio Alonso, \u201ceste a\u00f1o los flamboyanes est\u00e1n desatados\u201dy hay que &#8230; <a class=\"read-more\" href=\"https:\/\/elcotarro.com\/?p=5658\">Read more<\/a><\/p>\n","protected":false},"author":2,"featured_media":0,"comment_status":"open","ping_status":"open","sticky":false,"template":"","format":"standard","meta":{"_jetpack_memberships_contains_paid_content":false,"footnotes":""},"categories":[1],"tags":[],"class_list":["post-5658","post","type-post","status-publish","format-standard","hentry","category-sin-categoria"],"yoast_head":"<!-- This site is optimized with the Yoast SEO plugin v27.0 - https:\/\/yoast.com\/product\/yoast-seo-wordpress\/ -->\n<title>EN EL HASHTAG #FLAMBOYANSANTACRUZ - El Cotarro<\/title>\n<meta name=\"robots\" content=\"index, follow, max-snippet:-1, max-image-preview:large, max-video-preview:-1\" \/>\n<link rel=\"canonical\" href=\"https:\/\/elcotarro.com\/?p=5658\" \/>\n<meta property=\"og:locale\" content=\"es_ES\" \/>\n<meta property=\"og:type\" content=\"article\" \/>\n<meta property=\"og:title\" content=\"EN EL HASHTAG #FLAMBOYANSANTACRUZ - El Cotarro\" \/>\n<meta property=\"og:description\" content=\"Al desinquietode Sergio Alonso\u00a0se le ha ocurrido montar un concurso fotogr\u00e1fico para animar a los tinerfe\u00f1os en general y a los chicharreros en particular, para que admiren, valoren, reconozcan y cuiden sus espacios verdes y, de forma especial y m\u00e1s concreta, a sus flamboyanes. Seg\u00fan dice\u00a0Sergio Alonso, \u201ceste a\u00f1o los flamboyanes est\u00e1n desatados\u201dy hay que ... Read more\" \/>\n<meta property=\"og:url\" content=\"https:\/\/elcotarro.com\/?p=5658\" \/>\n<meta property=\"og:site_name\" content=\"El Cotarro\" \/>\n<meta property=\"article:publisher\" content=\"https:\/\/www.facebook.com\/ElCotarro.Tenerife\" \/>\n<meta property=\"article:published_time\" content=\"2018-07-15T10:01:57+00:00\" \/>\n<meta name=\"author\" content=\"Jos\u00e9 Carlos Marrero Gonz\u00e1lez\" \/>\n<meta name=\"twitter:label1\" content=\"Escrito por\" \/>\n\t<meta name=\"twitter:data1\" content=\"Jos\u00e9 Carlos Marrero Gonz\u00e1lez\" \/>\n\t<meta name=\"twitter:label2\" content=\"Tiempo de lectura\" \/>\n\t<meta name=\"twitter:data2\" content=\"1 minuto\" \/>\n<script type=\"application\/ld+json\" class=\"yoast-schema-graph\">{\"@context\":\"https:\/\/schema.org\",\"@graph\":[{\"@type\":\"Article\",\"@id\":\"https:\/\/elcotarro.com\/?p=5658#article\",\"isPartOf\":{\"@id\":\"https:\/\/elcotarro.com\/?p=5658\"},\"author\":{\"name\":\"Jos\u00e9 Carlos Marrero Gonz\u00e1lez\",\"@id\":\"https:\/\/elcotarro.com\/#\/schema\/person\/af537ee7d60d15984c7e0affcd8a918b\"},\"headline\":\"EN EL HASHTAG #FLAMBOYANSANTACRUZ\",\"datePublished\":\"2018-07-15T10:01:57+00:00\",\"mainEntityOfPage\":{\"@id\":\"https:\/\/elcotarro.com\/?p=5658\"},\"wordCount\":205,\"commentCount\":0,\"publisher\":{\"@id\":\"https:\/\/elcotarro.com\/#organization\"},\"inLanguage\":\"es\",\"potentialAction\":[{\"@type\":\"CommentAction\",\"name\":\"Comment\",\"target\":[\"https:\/\/elcotarro.com\/?p=5658#respond\"]}]},{\"@type\":\"WebPage\",\"@id\":\"https:\/\/elcotarro.com\/?p=5658\",\"url\":\"https:\/\/elcotarro.com\/?p=5658\",\"name\":\"EN EL HASHTAG #FLAMBOYANSANTACRUZ - El Cotarro\",\"isPartOf\":{\"@id\":\"https:\/\/elcotarro.com\/#website\"},\"datePublished\":\"2018-07-15T10:01:57+00:00\",\"breadcrumb\":{\"@id\":\"https:\/\/elcotarro.com\/?p=5658#breadcrumb\"},\"inLanguage\":\"es\",\"potentialAction\":[{\"@type\":\"ReadAction\",\"target\":[\"https:\/\/elcotarro.com\/?p=5658\"]}]},{\"@type\":\"BreadcrumbList\",\"@id\":\"https:\/\/elcotarro.com\/?p=5658#breadcrumb\",\"itemListElement\":[{\"@type\":\"ListItem\",\"position\":1,\"name\":\"Portada\",\"item\":\"https:\/\/elcotarro.com\/\"},{\"@type\":\"ListItem\",\"position\":2,\"name\":\"EN EL HASHTAG #FLAMBOYANSANTACRUZ\"}]},{\"@type\":\"WebSite\",\"@id\":\"https:\/\/elcotarro.com\/#website\",\"url\":\"https:\/\/elcotarro.com\/\",\"name\":\"El Cotarro\",\"description\":\"Peri\u00f3dico Digital Independiente dirigido por Jos\u00e9 Carlos Marrero\",\"publisher\":{\"@id\":\"https:\/\/elcotarro.com\/#organization\"},\"potentialAction\":[{\"@type\":\"SearchAction\",\"target\":{\"@type\":\"EntryPoint\",\"urlTemplate\":\"https:\/\/elcotarro.com\/?s={search_term_string}\"},\"query-input\":{\"@type\":\"PropertyValueSpecification\",\"valueRequired\":true,\"valueName\":\"search_term_string\"}}],\"inLanguage\":\"es\"},{\"@type\":\"Organization\",\"@id\":\"https:\/\/elcotarro.com\/#organization\",\"name\":\"El Cotarro\",\"url\":\"https:\/\/elcotarro.com\/\",\"logo\":{\"@type\":\"ImageObject\",\"inLanguage\":\"es\",\"@id\":\"https:\/\/elcotarro.com\/#\/schema\/logo\/image\/\",\"url\":\"https:\/\/elcotarro.com\/wp-content\/uploads\/2014\/09\/Cabecera_El_Cotarro_v2.jpg\",\"contentUrl\":\"https:\/\/elcotarro.com\/wp-content\/uploads\/2014\/09\/Cabecera_El_Cotarro_v2.jpg\",\"width\":3540,\"height\":441,\"caption\":\"El Cotarro\"},\"image\":{\"@id\":\"https:\/\/elcotarro.com\/#\/schema\/logo\/image\/\"},\"sameAs\":[\"https:\/\/www.facebook.com\/ElCotarro.Tenerife\"]},{\"@type\":\"Person\",\"@id\":\"https:\/\/elcotarro.com\/#\/schema\/person\/af537ee7d60d15984c7e0affcd8a918b\",\"name\":\"Jos\u00e9 Carlos Marrero Gonz\u00e1lez\",\"image\":{\"@type\":\"ImageObject\",\"inLanguage\":\"es\",\"@id\":\"https:\/\/elcotarro.com\/#\/schema\/person\/image\/\",\"url\":\"https:\/\/secure.gravatar.com\/avatar\/def4da036efb5d32c74d49c351f6dccc064dd69ad9f3aadc295c5a9a5391ca01?s=96&d=mm&r=g\",\"contentUrl\":\"https:\/\/secure.gravatar.com\/avatar\/def4da036efb5d32c74d49c351f6dccc064dd69ad9f3aadc295c5a9a5391ca01?s=96&d=mm&r=g\",\"caption\":\"Jos\u00e9 Carlos Marrero Gonz\u00e1lez\"},\"sameAs\":[\"https:\/\/elcotarro.com\"],\"url\":\"https:\/\/elcotarro.com\/?author=2\"}]}<\/script>\n<!-- \/ Yoast SEO plugin. -->","yoast_head_json":{"title":"EN EL HASHTAG #FLAMBOYANSANTACRUZ - El Cotarro","robots":{"index":"index","follow":"follow","max-snippet":"max-snippet:-1","max-image-preview":"max-image-preview:large","max-video-preview":"max-video-preview:-1"},"canonical":"https:\/\/elcotarro.com\/?p=5658","og_locale":"es_ES","og_type":"article","og_title":"EN EL HASHTAG #FLAMBOYANSANTACRUZ - El Cotarro","og_description":"Al desinquietode Sergio Alonso\u00a0se le ha ocurrido montar un concurso fotogr\u00e1fico para animar a los tinerfe\u00f1os en general y a los chicharreros en particular, para que admiren, valoren, reconozcan y cuiden sus espacios verdes y, de forma especial y m\u00e1s concreta, a sus flamboyanes. Seg\u00fan dice\u00a0Sergio Alonso, \u201ceste a\u00f1o los flamboyanes est\u00e1n desatados\u201dy hay que ... Read more","og_url":"https:\/\/elcotarro.com\/?p=5658","og_site_name":"El Cotarro","article_publisher":"https:\/\/www.facebook.com\/ElCotarro.Tenerife","article_published_time":"2018-07-15T10:01:57+00:00","author":"Jos\u00e9 Carlos Marrero Gonz\u00e1lez","twitter_misc":{"Escrito por":"Jos\u00e9 Carlos Marrero Gonz\u00e1lez","Tiempo de lectura":"1 minuto"},"schema":{"@context":"https:\/\/schema.org","@graph":[{"@type":"Article","@id":"https:\/\/elcotarro.com\/?p=5658#article","isPartOf":{"@id":"https:\/\/elcotarro.com\/?p=5658"},"author":{"name":"Jos\u00e9 Carlos Marrero Gonz\u00e1lez","@id":"https:\/\/elcotarro.com\/#\/schema\/person\/af537ee7d60d15984c7e0affcd8a918b"},"headline":"EN EL HASHTAG #FLAMBOYANSANTACRUZ","datePublished":"2018-07-15T10:01:57+00:00","mainEntityOfPage":{"@id":"https:\/\/elcotarro.com\/?p=5658"},"wordCount":205,"commentCount":0,"publisher":{"@id":"https:\/\/elcotarro.com\/#organization"},"inLanguage":"es","potentialAction":[{"@type":"CommentAction","name":"Comment","target":["https:\/\/elcotarro.com\/?p=5658#respond"]}]},{"@type":"WebPage","@id":"https:\/\/elcotarro.com\/?p=5658","url":"https:\/\/elcotarro.com\/?p=5658","name":"EN EL HASHTAG #FLAMBOYANSANTACRUZ - El Cotarro","isPartOf":{"@id":"https:\/\/elcotarro.com\/#website"},"datePublished":"2018-07-15T10:01:57+00:00","breadcrumb":{"@id":"https:\/\/elcotarro.com\/?p=5658#breadcrumb"},"inLanguage":"es","potentialAction":[{"@type":"ReadAction","target":["https:\/\/elcotarro.com\/?p=5658"]}]},{"@type":"BreadcrumbList","@id":"https:\/\/elcotarro.com\/?p=5658#breadcrumb","itemListElement":[{"@type":"ListItem","position":1,"name":"Portada","item":"https:\/\/elcotarro.com\/"},{"@type":"ListItem","position":2,"name":"EN EL HASHTAG #FLAMBOYANSANTACRUZ"}]},{"@type":"WebSite","@id":"https:\/\/elcotarro.com\/#website","url":"https:\/\/elcotarro.com\/","name":"El Cotarro","description":"Peri\u00f3dico Digital Independiente dirigido por Jos\u00e9 Carlos Marrero","publisher":{"@id":"https:\/\/elcotarro.com\/#organization"},"potentialAction":[{"@type":"SearchAction","target":{"@type":"EntryPoint","urlTemplate":"https:\/\/elcotarro.com\/?s={search_term_string}"},"query-input":{"@type":"PropertyValueSpecification","valueRequired":true,"valueName":"search_term_string"}}],"inLanguage":"es"},{"@type":"Organization","@id":"https:\/\/elcotarro.com\/#organization","name":"El Cotarro","url":"https:\/\/elcotarro.com\/","logo":{"@type":"ImageObject","inLanguage":"es","@id":"https:\/\/elcotarro.com\/#\/schema\/logo\/image\/","url":"https:\/\/elcotarro.com\/wp-content\/uploads\/2014\/09\/Cabecera_El_Cotarro_v2.jpg","contentUrl":"https:\/\/elcotarro.com\/wp-content\/uploads\/2014\/09\/Cabecera_El_Cotarro_v2.jpg","width":3540,"height":441,"caption":"El Cotarro"},"image":{"@id":"https:\/\/elcotarro.com\/#\/schema\/logo\/image\/"},"sameAs":["https:\/\/www.facebook.com\/ElCotarro.Tenerife"]},{"@type":"Person","@id":"https:\/\/elcotarro.com\/#\/schema\/person\/af537ee7d60d15984c7e0affcd8a918b","name":"Jos\u00e9 Carlos Marrero Gonz\u00e1lez","image":{"@type":"ImageObject","inLanguage":"es","@id":"https:\/\/elcotarro.com\/#\/schema\/person\/image\/","url":"https:\/\/secure.gravatar.com\/avatar\/def4da036efb5d32c74d49c351f6dccc064dd69ad9f3aadc295c5a9a5391ca01?s=96&d=mm&r=g","contentUrl":"https:\/\/secure.gravatar.com\/avatar\/def4da036efb5d32c74d49c351f6dccc064dd69ad9f3aadc295c5a9a5391ca01?s=96&d=mm&r=g","caption":"Jos\u00e9 Carlos Marrero Gonz\u00e1lez"},"sameAs":["https:\/\/elcotarro.com"],"url":"https:\/\/elcotarro.com\/?author=2"}]}},"jetpack_featured_media_url":"","jetpack_sharing_enabled":true,"_links":{"self":[{"href":"https:\/\/elcotarro.com\/index.php?rest_route=\/wp\/v2\/posts\/5658","targetHints":{"allow":["GET"]}}],"collection":[{"href":"https:\/\/elcotarro.com\/index.php?rest_route=\/wp\/v2\/posts"}],"about":[{"href":"https:\/\/elcotarro.com\/index.php?rest_route=\/wp\/v2\/types\/post"}],"author":[{"embeddable":true,"href":"https:\/\/elcotarro.com\/index.php?rest_route=\/wp\/v2\/users\/2"}],"replies":[{"embeddable":true,"href":"https:\/\/elcotarro.com\/index.php?rest_route=%2Fwp%2Fv2%2Fcomments&post=5658"}],"version-history":[{"count":2,"href":"https:\/\/elcotarro.com\/index.php?rest_route=\/wp\/v2\/posts\/5658\/revisions"}],"predecessor-version":[{"id":5662,"href":"https:\/\/elcotarro.com\/index.php?rest_route=\/wp\/v2\/posts\/5658\/revisions\/5662"}],"wp:attachment":[{"href":"https:\/\/elcotarro.com\/index.php?rest_route=%2Fwp%2Fv2%2Fmedia&parent=5658"}],"wp:term":[{"taxonomy":"category","embeddable":true,"href":"https:\/\/elcotarro.com\/index.php?rest_route=%2Fwp%2Fv2%2Fcategories&post=5658"},{"taxonomy":"post_tag","embeddable":true,"href":"https:\/\/elcotarro.com\/index.php?rest_route=%2Fwp%2Fv2%2Ftags&post=5658"}],"curies":[{"name":"wp","href":"https:\/\/api.w.org\/{rel}","templated":true}]}}