{"id":5672,"date":"2018-07-22T11:04:51","date_gmt":"2018-07-22T10:04:51","guid":{"rendered":"https:\/\/elcotarro.com\/?p=5672"},"modified":"2018-07-22T10:46:32","modified_gmt":"2018-07-22T09:46:32","slug":"mejor-relacion-y-mas-colaboracion","status":"publish","type":"post","link":"https:\/\/elcotarro.com\/?p=5672","title":{"rendered":"MEJOR RELACI\u00d3N Y M\u00c1S COLABORACI\u00d3N"},"content":{"rendered":"<p>Este a\u00f1o (merece destacarlo p\u00fablicamente) el embarque chicharrero mejor\u00f3 visiblemente gracias a una mejor colaboraci\u00f3n entre el ayuntamiento capitalino liderado por el alcalde <strong>Jos\u00e9 Manuel Berm\u00fadez\u00a0<\/strong>y la Autoridad Portuaria que preside <strong>Ricardo Melchior<\/strong>, junto con todo su equipo (polic\u00eda portuaria, amarradores, etc.). Tras esa colaboraci\u00f3n est\u00e1 el magn\u00edfico trabajo (siempre desde la discreci\u00f3n) de <strong>Jos\u00e9 Antonio \u201cPepe\u201d\u2008Marrero<\/strong>, jefe de Prensa, Protocolo y Relaciones Institucionales de la Autoridad Portuaria que, como \u00e9l mismo dice, lleva ya 22 a\u00f1os tomando el sol en el muelle. Junto a \u00e9l tambi\u00e9n pudimos ver colaborando a la diligente y siempre amable <strong>Angelines \u201cNines\u201d L\u00f3pez<\/strong>, secretaria de <strong>Ricardo Melchior<\/strong>.<\/p>\n<p style=\"text-align: center\"><a href=\"https:\/\/elcotarro.com\/wp-content\/uploads\/2018\/07\/FOTO-2.-EMBARQUE-VIRGEN.jpg\"><img loading=\"lazy\" decoding=\"async\" class=\"alignnone size-full wp-image-5673\" src=\"https:\/\/elcotarro.com\/wp-content\/uploads\/2018\/07\/FOTO-2.-EMBARQUE-VIRGEN.jpg\" alt=\"FOTO 2.- EMBARQUE - VIRGEN\" width=\"1331\" height=\"998\" srcset=\"https:\/\/elcotarro.com\/wp-content\/uploads\/2018\/07\/FOTO-2.-EMBARQUE-VIRGEN.jpg 1331w, https:\/\/elcotarro.com\/wp-content\/uploads\/2018\/07\/FOTO-2.-EMBARQUE-VIRGEN-300x225.jpg 300w, https:\/\/elcotarro.com\/wp-content\/uploads\/2018\/07\/FOTO-2.-EMBARQUE-VIRGEN-1024x768.jpg 1024w\" sizes=\"auto, (max-width: 1331px) 100vw, 1331px\" \/><\/a><\/p>\n<p style=\"text-align: center\"><em>La Virgen del Carmen, ya a bordo en el embarque chicharrero de 2018<\/em><\/p>\n","protected":false},"excerpt":{"rendered":"<p>Este a\u00f1o (merece destacarlo p\u00fablicamente) el embarque chicharrero mejor\u00f3 visiblemente gracias a una mejor colaboraci\u00f3n entre el ayuntamiento capitalino liderado por el alcalde Jos\u00e9 Manuel Berm\u00fadez\u00a0y la Autoridad Portuaria que preside Ricardo Melchior, junto con todo su equipo (polic\u00eda portuaria, amarradores, etc.). Tras esa colaboraci\u00f3n est\u00e1 el magn\u00edfico trabajo (siempre desde la discreci\u00f3n) de Jos\u00e9 &#8230; <a class=\"read-more\" href=\"https:\/\/elcotarro.com\/?p=5672\">Read more<\/a><\/p>\n","protected":false},"author":2,"featured_media":0,"comment_status":"open","ping_status":"open","sticky":false,"template":"","format":"standard","meta":{"_jetpack_memberships_contains_paid_content":false,"footnotes":""},"categories":[1],"tags":[],"class_list":["post-5672","post","type-post","status-publish","format-standard","hentry","category-sin-categoria"],"yoast_head":"<!-- This site is optimized with the Yoast SEO plugin v27.0 - https:\/\/yoast.com\/product\/yoast-seo-wordpress\/ -->\n<title>MEJOR RELACI\u00d3N Y M\u00c1S COLABORACI\u00d3N - El Cotarro<\/title>\n<meta name=\"robots\" content=\"index, follow, max-snippet:-1, max-image-preview:large, max-video-preview:-1\" \/>\n<link rel=\"canonical\" href=\"https:\/\/elcotarro.com\/?p=5672\" \/>\n<meta property=\"og:locale\" content=\"es_ES\" \/>\n<meta property=\"og:type\" content=\"article\" \/>\n<meta property=\"og:title\" content=\"MEJOR RELACI\u00d3N Y M\u00c1S COLABORACI\u00d3N - El Cotarro\" \/>\n<meta property=\"og:description\" content=\"Este a\u00f1o (merece destacarlo p\u00fablicamente) el embarque chicharrero mejor\u00f3 visiblemente gracias a una mejor colaboraci\u00f3n entre el ayuntamiento capitalino liderado por el alcalde Jos\u00e9 Manuel Berm\u00fadez\u00a0y la Autoridad Portuaria que preside Ricardo Melchior, junto con todo su equipo (polic\u00eda portuaria, amarradores, etc.). Tras esa colaboraci\u00f3n est\u00e1 el magn\u00edfico trabajo (siempre desde la discreci\u00f3n) de Jos\u00e9 ... Read more\" \/>\n<meta property=\"og:url\" content=\"https:\/\/elcotarro.com\/?p=5672\" \/>\n<meta property=\"og:site_name\" content=\"El Cotarro\" \/>\n<meta property=\"article:publisher\" content=\"https:\/\/www.facebook.com\/ElCotarro.Tenerife\" \/>\n<meta property=\"article:published_time\" content=\"2018-07-22T10:04:51+00:00\" \/>\n<meta property=\"og:image\" content=\"https:\/\/elcotarro.com\/wp-content\/uploads\/2018\/07\/FOTO-2.-EMBARQUE-VIRGEN.jpg\" \/>\n<meta name=\"author\" content=\"Jos\u00e9 Carlos Marrero Gonz\u00e1lez\" \/>\n<meta name=\"twitter:label1\" content=\"Escrito por\" \/>\n\t<meta name=\"twitter:data1\" content=\"Jos\u00e9 Carlos Marrero Gonz\u00e1lez\" \/>\n\t<meta name=\"twitter:label2\" content=\"Tiempo de lectura\" \/>\n\t<meta name=\"twitter:data2\" content=\"1 minuto\" \/>\n<script type=\"application\/ld+json\" class=\"yoast-schema-graph\">{\"@context\":\"https:\/\/schema.org\",\"@graph\":[{\"@type\":\"Article\",\"@id\":\"https:\/\/elcotarro.com\/?p=5672#article\",\"isPartOf\":{\"@id\":\"https:\/\/elcotarro.com\/?p=5672\"},\"author\":{\"name\":\"Jos\u00e9 Carlos Marrero Gonz\u00e1lez\",\"@id\":\"https:\/\/elcotarro.com\/#\/schema\/person\/af537ee7d60d15984c7e0affcd8a918b\"},\"headline\":\"MEJOR RELACI\u00d3N Y M\u00c1S COLABORACI\u00d3N\",\"datePublished\":\"2018-07-22T10:04:51+00:00\",\"mainEntityOfPage\":{\"@id\":\"https:\/\/elcotarro.com\/?p=5672\"},\"wordCount\":135,\"commentCount\":0,\"publisher\":{\"@id\":\"https:\/\/elcotarro.com\/#organization\"},\"image\":{\"@id\":\"https:\/\/elcotarro.com\/?p=5672#primaryimage\"},\"thumbnailUrl\":\"https:\/\/elcotarro.com\/wp-content\/uploads\/2018\/07\/FOTO-2.-EMBARQUE-VIRGEN.jpg\",\"inLanguage\":\"es\",\"potentialAction\":[{\"@type\":\"CommentAction\",\"name\":\"Comment\",\"target\":[\"https:\/\/elcotarro.com\/?p=5672#respond\"]}]},{\"@type\":\"WebPage\",\"@id\":\"https:\/\/elcotarro.com\/?p=5672\",\"url\":\"https:\/\/elcotarro.com\/?p=5672\",\"name\":\"MEJOR RELACI\u00d3N Y M\u00c1S COLABORACI\u00d3N - El Cotarro\",\"isPartOf\":{\"@id\":\"https:\/\/elcotarro.com\/#website\"},\"primaryImageOfPage\":{\"@id\":\"https:\/\/elcotarro.com\/?p=5672#primaryimage\"},\"image\":{\"@id\":\"https:\/\/elcotarro.com\/?p=5672#primaryimage\"},\"thumbnailUrl\":\"https:\/\/elcotarro.com\/wp-content\/uploads\/2018\/07\/FOTO-2.-EMBARQUE-VIRGEN.jpg\",\"datePublished\":\"2018-07-22T10:04:51+00:00\",\"breadcrumb\":{\"@id\":\"https:\/\/elcotarro.com\/?p=5672#breadcrumb\"},\"inLanguage\":\"es\",\"potentialAction\":[{\"@type\":\"ReadAction\",\"target\":[\"https:\/\/elcotarro.com\/?p=5672\"]}]},{\"@type\":\"ImageObject\",\"inLanguage\":\"es\",\"@id\":\"https:\/\/elcotarro.com\/?p=5672#primaryimage\",\"url\":\"https:\/\/elcotarro.com\/wp-content\/uploads\/2018\/07\/FOTO-2.-EMBARQUE-VIRGEN.jpg\",\"contentUrl\":\"https:\/\/elcotarro.com\/wp-content\/uploads\/2018\/07\/FOTO-2.-EMBARQUE-VIRGEN.jpg\",\"width\":1331,\"height\":998},{\"@type\":\"BreadcrumbList\",\"@id\":\"https:\/\/elcotarro.com\/?p=5672#breadcrumb\",\"itemListElement\":[{\"@type\":\"ListItem\",\"position\":1,\"name\":\"Portada\",\"item\":\"https:\/\/elcotarro.com\/\"},{\"@type\":\"ListItem\",\"position\":2,\"name\":\"MEJOR RELACI\u00d3N Y M\u00c1S COLABORACI\u00d3N\"}]},{\"@type\":\"WebSite\",\"@id\":\"https:\/\/elcotarro.com\/#website\",\"url\":\"https:\/\/elcotarro.com\/\",\"name\":\"El Cotarro\",\"description\":\"Peri\u00f3dico Digital Independiente dirigido por Jos\u00e9 Carlos Marrero\",\"publisher\":{\"@id\":\"https:\/\/elcotarro.com\/#organization\"},\"potentialAction\":[{\"@type\":\"SearchAction\",\"target\":{\"@type\":\"EntryPoint\",\"urlTemplate\":\"https:\/\/elcotarro.com\/?s={search_term_string}\"},\"query-input\":{\"@type\":\"PropertyValueSpecification\",\"valueRequired\":true,\"valueName\":\"search_term_string\"}}],\"inLanguage\":\"es\"},{\"@type\":\"Organization\",\"@id\":\"https:\/\/elcotarro.com\/#organization\",\"name\":\"El Cotarro\",\"url\":\"https:\/\/elcotarro.com\/\",\"logo\":{\"@type\":\"ImageObject\",\"inLanguage\":\"es\",\"@id\":\"https:\/\/elcotarro.com\/#\/schema\/logo\/image\/\",\"url\":\"https:\/\/elcotarro.com\/wp-content\/uploads\/2014\/09\/Cabecera_El_Cotarro_v2.jpg\",\"contentUrl\":\"https:\/\/elcotarro.com\/wp-content\/uploads\/2014\/09\/Cabecera_El_Cotarro_v2.jpg\",\"width\":3540,\"height\":441,\"caption\":\"El Cotarro\"},\"image\":{\"@id\":\"https:\/\/elcotarro.com\/#\/schema\/logo\/image\/\"},\"sameAs\":[\"https:\/\/www.facebook.com\/ElCotarro.Tenerife\"]},{\"@type\":\"Person\",\"@id\":\"https:\/\/elcotarro.com\/#\/schema\/person\/af537ee7d60d15984c7e0affcd8a918b\",\"name\":\"Jos\u00e9 Carlos Marrero Gonz\u00e1lez\",\"image\":{\"@type\":\"ImageObject\",\"inLanguage\":\"es\",\"@id\":\"https:\/\/elcotarro.com\/#\/schema\/person\/image\/\",\"url\":\"https:\/\/secure.gravatar.com\/avatar\/def4da036efb5d32c74d49c351f6dccc064dd69ad9f3aadc295c5a9a5391ca01?s=96&d=mm&r=g\",\"contentUrl\":\"https:\/\/secure.gravatar.com\/avatar\/def4da036efb5d32c74d49c351f6dccc064dd69ad9f3aadc295c5a9a5391ca01?s=96&d=mm&r=g\",\"caption\":\"Jos\u00e9 Carlos Marrero Gonz\u00e1lez\"},\"sameAs\":[\"https:\/\/elcotarro.com\"],\"url\":\"https:\/\/elcotarro.com\/?author=2\"}]}<\/script>\n<!-- \/ Yoast SEO plugin. -->","yoast_head_json":{"title":"MEJOR RELACI\u00d3N Y M\u00c1S COLABORACI\u00d3N - El Cotarro","robots":{"index":"index","follow":"follow","max-snippet":"max-snippet:-1","max-image-preview":"max-image-preview:large","max-video-preview":"max-video-preview:-1"},"canonical":"https:\/\/elcotarro.com\/?p=5672","og_locale":"es_ES","og_type":"article","og_title":"MEJOR RELACI\u00d3N Y M\u00c1S COLABORACI\u00d3N - El Cotarro","og_description":"Este a\u00f1o (merece destacarlo p\u00fablicamente) el embarque chicharrero mejor\u00f3 visiblemente gracias a una mejor colaboraci\u00f3n entre el ayuntamiento capitalino liderado por el alcalde Jos\u00e9 Manuel Berm\u00fadez\u00a0y la Autoridad Portuaria que preside Ricardo Melchior, junto con todo su equipo (polic\u00eda portuaria, amarradores, etc.). Tras esa colaboraci\u00f3n est\u00e1 el magn\u00edfico trabajo (siempre desde la discreci\u00f3n) de Jos\u00e9 ... Read more","og_url":"https:\/\/elcotarro.com\/?p=5672","og_site_name":"El Cotarro","article_publisher":"https:\/\/www.facebook.com\/ElCotarro.Tenerife","article_published_time":"2018-07-22T10:04:51+00:00","og_image":[{"url":"https:\/\/elcotarro.com\/wp-content\/uploads\/2018\/07\/FOTO-2.-EMBARQUE-VIRGEN.jpg","type":"","width":"","height":""}],"author":"Jos\u00e9 Carlos Marrero Gonz\u00e1lez","twitter_misc":{"Escrito por":"Jos\u00e9 Carlos Marrero Gonz\u00e1lez","Tiempo de lectura":"1 minuto"},"schema":{"@context":"https:\/\/schema.org","@graph":[{"@type":"Article","@id":"https:\/\/elcotarro.com\/?p=5672#article","isPartOf":{"@id":"https:\/\/elcotarro.com\/?p=5672"},"author":{"name":"Jos\u00e9 Carlos Marrero Gonz\u00e1lez","@id":"https:\/\/elcotarro.com\/#\/schema\/person\/af537ee7d60d15984c7e0affcd8a918b"},"headline":"MEJOR RELACI\u00d3N Y M\u00c1S COLABORACI\u00d3N","datePublished":"2018-07-22T10:04:51+00:00","mainEntityOfPage":{"@id":"https:\/\/elcotarro.com\/?p=5672"},"wordCount":135,"commentCount":0,"publisher":{"@id":"https:\/\/elcotarro.com\/#organization"},"image":{"@id":"https:\/\/elcotarro.com\/?p=5672#primaryimage"},"thumbnailUrl":"https:\/\/elcotarro.com\/wp-content\/uploads\/2018\/07\/FOTO-2.-EMBARQUE-VIRGEN.jpg","inLanguage":"es","potentialAction":[{"@type":"CommentAction","name":"Comment","target":["https:\/\/elcotarro.com\/?p=5672#respond"]}]},{"@type":"WebPage","@id":"https:\/\/elcotarro.com\/?p=5672","url":"https:\/\/elcotarro.com\/?p=5672","name":"MEJOR RELACI\u00d3N Y M\u00c1S COLABORACI\u00d3N - El Cotarro","isPartOf":{"@id":"https:\/\/elcotarro.com\/#website"},"primaryImageOfPage":{"@id":"https:\/\/elcotarro.com\/?p=5672#primaryimage"},"image":{"@id":"https:\/\/elcotarro.com\/?p=5672#primaryimage"},"thumbnailUrl":"https:\/\/elcotarro.com\/wp-content\/uploads\/2018\/07\/FOTO-2.-EMBARQUE-VIRGEN.jpg","datePublished":"2018-07-22T10:04:51+00:00","breadcrumb":{"@id":"https:\/\/elcotarro.com\/?p=5672#breadcrumb"},"inLanguage":"es","potentialAction":[{"@type":"ReadAction","target":["https:\/\/elcotarro.com\/?p=5672"]}]},{"@type":"ImageObject","inLanguage":"es","@id":"https:\/\/elcotarro.com\/?p=5672#primaryimage","url":"https:\/\/elcotarro.com\/wp-content\/uploads\/2018\/07\/FOTO-2.-EMBARQUE-VIRGEN.jpg","contentUrl":"https:\/\/elcotarro.com\/wp-content\/uploads\/2018\/07\/FOTO-2.-EMBARQUE-VIRGEN.jpg","width":1331,"height":998},{"@type":"BreadcrumbList","@id":"https:\/\/elcotarro.com\/?p=5672#breadcrumb","itemListElement":[{"@type":"ListItem","position":1,"name":"Portada","item":"https:\/\/elcotarro.com\/"},{"@type":"ListItem","position":2,"name":"MEJOR RELACI\u00d3N Y M\u00c1S COLABORACI\u00d3N"}]},{"@type":"WebSite","@id":"https:\/\/elcotarro.com\/#website","url":"https:\/\/elcotarro.com\/","name":"El Cotarro","description":"Peri\u00f3dico Digital Independiente dirigido por Jos\u00e9 Carlos Marrero","publisher":{"@id":"https:\/\/elcotarro.com\/#organization"},"potentialAction":[{"@type":"SearchAction","target":{"@type":"EntryPoint","urlTemplate":"https:\/\/elcotarro.com\/?s={search_term_string}"},"query-input":{"@type":"PropertyValueSpecification","valueRequired":true,"valueName":"search_term_string"}}],"inLanguage":"es"},{"@type":"Organization","@id":"https:\/\/elcotarro.com\/#organization","name":"El Cotarro","url":"https:\/\/elcotarro.com\/","logo":{"@type":"ImageObject","inLanguage":"es","@id":"https:\/\/elcotarro.com\/#\/schema\/logo\/image\/","url":"https:\/\/elcotarro.com\/wp-content\/uploads\/2014\/09\/Cabecera_El_Cotarro_v2.jpg","contentUrl":"https:\/\/elcotarro.com\/wp-content\/uploads\/2014\/09\/Cabecera_El_Cotarro_v2.jpg","width":3540,"height":441,"caption":"El Cotarro"},"image":{"@id":"https:\/\/elcotarro.com\/#\/schema\/logo\/image\/"},"sameAs":["https:\/\/www.facebook.com\/ElCotarro.Tenerife"]},{"@type":"Person","@id":"https:\/\/elcotarro.com\/#\/schema\/person\/af537ee7d60d15984c7e0affcd8a918b","name":"Jos\u00e9 Carlos Marrero Gonz\u00e1lez","image":{"@type":"ImageObject","inLanguage":"es","@id":"https:\/\/elcotarro.com\/#\/schema\/person\/image\/","url":"https:\/\/secure.gravatar.com\/avatar\/def4da036efb5d32c74d49c351f6dccc064dd69ad9f3aadc295c5a9a5391ca01?s=96&d=mm&r=g","contentUrl":"https:\/\/secure.gravatar.com\/avatar\/def4da036efb5d32c74d49c351f6dccc064dd69ad9f3aadc295c5a9a5391ca01?s=96&d=mm&r=g","caption":"Jos\u00e9 Carlos Marrero Gonz\u00e1lez"},"sameAs":["https:\/\/elcotarro.com"],"url":"https:\/\/elcotarro.com\/?author=2"}]}},"jetpack_featured_media_url":"","jetpack_sharing_enabled":true,"_links":{"self":[{"href":"https:\/\/elcotarro.com\/index.php?rest_route=\/wp\/v2\/posts\/5672","targetHints":{"allow":["GET"]}}],"collection":[{"href":"https:\/\/elcotarro.com\/index.php?rest_route=\/wp\/v2\/posts"}],"about":[{"href":"https:\/\/elcotarro.com\/index.php?rest_route=\/wp\/v2\/types\/post"}],"author":[{"embeddable":true,"href":"https:\/\/elcotarro.com\/index.php?rest_route=\/wp\/v2\/users\/2"}],"replies":[{"embeddable":true,"href":"https:\/\/elcotarro.com\/index.php?rest_route=%2Fwp%2Fv2%2Fcomments&post=5672"}],"version-history":[{"count":1,"href":"https:\/\/elcotarro.com\/index.php?rest_route=\/wp\/v2\/posts\/5672\/revisions"}],"predecessor-version":[{"id":5674,"href":"https:\/\/elcotarro.com\/index.php?rest_route=\/wp\/v2\/posts\/5672\/revisions\/5674"}],"wp:attachment":[{"href":"https:\/\/elcotarro.com\/index.php?rest_route=%2Fwp%2Fv2%2Fmedia&parent=5672"}],"wp:term":[{"taxonomy":"category","embeddable":true,"href":"https:\/\/elcotarro.com\/index.php?rest_route=%2Fwp%2Fv2%2Fcategories&post=5672"},{"taxonomy":"post_tag","embeddable":true,"href":"https:\/\/elcotarro.com\/index.php?rest_route=%2Fwp%2Fv2%2Ftags&post=5672"}],"curies":[{"name":"wp","href":"https:\/\/api.w.org\/{rel}","templated":true}]}}