{"id":5678,"date":"2018-07-22T11:02:24","date_gmt":"2018-07-22T10:02:24","guid":{"rendered":"https:\/\/elcotarro.com\/?p=5678"},"modified":"2018-07-22T10:48:03","modified_gmt":"2018-07-22T09:48:03","slug":"honor-a-celestino-gonzalez-de-chaves","status":"publish","type":"post","link":"https:\/\/elcotarro.com\/?p=5678","title":{"rendered":"HONOR A CELESTINO GONZ\u00c1LEZ DE CHAVES"},"content":{"rendered":"<p>Seguro que noventa a\u00f1os no son nada, y menos si se han vivido intensamente, con una trayectoria ejemplar, una profesionalidad impecable, un total esp\u00edritu de servicio y con una fecundidad (nunca mejor dicho) que hasta da envidia. Este es el caso de una persona buena como lo ha sido y lo sigue siendo el <strong>Celestino Gonz\u00e1lez de Chaves P\u00e9rez<\/strong>, un tinerfe\u00f1o de pro que ha ejercido como ginec\u00f3logo durante m\u00e1s de 50 a\u00f1os y ha sido maestro y ejemplo para otros muchos profesionales de la Ginecolog\u00eda. Un buen n\u00famero de ellos, liderados por el gran <strong>Dr.<\/strong><strong>Paco Robayna<\/strong>, tambi\u00e9n ginec\u00f3logo (y, por cierto, uno de los fundadores de la Tuna de Medicina de la Universidad de La Laguna, \u201cLa Decana\u201d de Canarias) ha tributado un merecid\u00edsimo homenaje a <strong>don Celestino\u00a0<\/strong>coincidiendo con su 90 cumplea\u00f1os.<\/p>\n<p style=\"text-align: center\"><a href=\"https:\/\/elcotarro.com\/wp-content\/uploads\/2018\/07\/FOTO-4.-CELESTINO-PLACA.jpg\"><img loading=\"lazy\" decoding=\"async\" class=\"alignnone size-full wp-image-5679\" src=\"https:\/\/elcotarro.com\/wp-content\/uploads\/2018\/07\/FOTO-4.-CELESTINO-PLACA.jpg\" alt=\"FOTO 4.- CELESTINO - PLACA\" width=\"1600\" height=\"1200\" srcset=\"https:\/\/elcotarro.com\/wp-content\/uploads\/2018\/07\/FOTO-4.-CELESTINO-PLACA.jpg 1600w, https:\/\/elcotarro.com\/wp-content\/uploads\/2018\/07\/FOTO-4.-CELESTINO-PLACA-300x225.jpg 300w, https:\/\/elcotarro.com\/wp-content\/uploads\/2018\/07\/FOTO-4.-CELESTINO-PLACA-1024x768.jpg 1024w\" sizes=\"auto, (max-width: 1600px) 100vw, 1600px\" \/><\/a><\/p>\n<p style=\"text-align: center\"><em>Javier Parache (i), Celestino Gonz\u00e1lez de Chaves (c) y Paco Robayna<\/em><\/p>\n","protected":false},"excerpt":{"rendered":"<p>Seguro que noventa a\u00f1os no son nada, y menos si se han vivido intensamente, con una trayectoria ejemplar, una profesionalidad impecable, un total esp\u00edritu de servicio y con una fecundidad (nunca mejor dicho) que hasta da envidia. Este es el caso de una persona buena como lo ha sido y lo sigue siendo el Celestino &#8230; <a class=\"read-more\" href=\"https:\/\/elcotarro.com\/?p=5678\">Read more<\/a><\/p>\n","protected":false},"author":2,"featured_media":0,"comment_status":"open","ping_status":"open","sticky":false,"template":"","format":"standard","meta":{"_jetpack_memberships_contains_paid_content":false,"footnotes":""},"categories":[1],"tags":[],"class_list":["post-5678","post","type-post","status-publish","format-standard","hentry","category-sin-categoria"],"yoast_head":"<!-- This site is optimized with the Yoast SEO plugin v27.0 - https:\/\/yoast.com\/product\/yoast-seo-wordpress\/ -->\n<title>HONOR A CELESTINO GONZ\u00c1LEZ DE CHAVES - El Cotarro<\/title>\n<meta name=\"robots\" content=\"index, follow, max-snippet:-1, max-image-preview:large, max-video-preview:-1\" \/>\n<link rel=\"canonical\" href=\"https:\/\/elcotarro.com\/?p=5678\" \/>\n<meta property=\"og:locale\" content=\"es_ES\" \/>\n<meta property=\"og:type\" content=\"article\" \/>\n<meta property=\"og:title\" content=\"HONOR A CELESTINO GONZ\u00c1LEZ DE CHAVES - El Cotarro\" \/>\n<meta property=\"og:description\" content=\"Seguro que noventa a\u00f1os no son nada, y menos si se han vivido intensamente, con una trayectoria ejemplar, una profesionalidad impecable, un total esp\u00edritu de servicio y con una fecundidad (nunca mejor dicho) que hasta da envidia. Este es el caso de una persona buena como lo ha sido y lo sigue siendo el Celestino ... Read more\" \/>\n<meta property=\"og:url\" content=\"https:\/\/elcotarro.com\/?p=5678\" \/>\n<meta property=\"og:site_name\" content=\"El Cotarro\" \/>\n<meta property=\"article:publisher\" content=\"https:\/\/www.facebook.com\/ElCotarro.Tenerife\" \/>\n<meta property=\"article:published_time\" content=\"2018-07-22T10:02:24+00:00\" \/>\n<meta property=\"og:image\" content=\"https:\/\/elcotarro.com\/wp-content\/uploads\/2018\/07\/FOTO-4.-CELESTINO-PLACA.jpg\" \/>\n<meta name=\"author\" content=\"Jos\u00e9 Carlos Marrero Gonz\u00e1lez\" \/>\n<meta name=\"twitter:label1\" content=\"Escrito por\" \/>\n\t<meta name=\"twitter:data1\" content=\"Jos\u00e9 Carlos Marrero Gonz\u00e1lez\" \/>\n\t<meta name=\"twitter:label2\" content=\"Tiempo de lectura\" \/>\n\t<meta name=\"twitter:data2\" content=\"1 minuto\" \/>\n<script type=\"application\/ld+json\" class=\"yoast-schema-graph\">{\"@context\":\"https:\/\/schema.org\",\"@graph\":[{\"@type\":\"Article\",\"@id\":\"https:\/\/elcotarro.com\/?p=5678#article\",\"isPartOf\":{\"@id\":\"https:\/\/elcotarro.com\/?p=5678\"},\"author\":{\"name\":\"Jos\u00e9 Carlos Marrero Gonz\u00e1lez\",\"@id\":\"https:\/\/elcotarro.com\/#\/schema\/person\/af537ee7d60d15984c7e0affcd8a918b\"},\"headline\":\"HONOR A CELESTINO GONZ\u00c1LEZ DE CHAVES\",\"datePublished\":\"2018-07-22T10:02:24+00:00\",\"mainEntityOfPage\":{\"@id\":\"https:\/\/elcotarro.com\/?p=5678\"},\"wordCount\":166,\"commentCount\":3,\"publisher\":{\"@id\":\"https:\/\/elcotarro.com\/#organization\"},\"image\":{\"@id\":\"https:\/\/elcotarro.com\/?p=5678#primaryimage\"},\"thumbnailUrl\":\"https:\/\/elcotarro.com\/wp-content\/uploads\/2018\/07\/FOTO-4.-CELESTINO-PLACA.jpg\",\"inLanguage\":\"es\",\"potentialAction\":[{\"@type\":\"CommentAction\",\"name\":\"Comment\",\"target\":[\"https:\/\/elcotarro.com\/?p=5678#respond\"]}]},{\"@type\":\"WebPage\",\"@id\":\"https:\/\/elcotarro.com\/?p=5678\",\"url\":\"https:\/\/elcotarro.com\/?p=5678\",\"name\":\"HONOR A CELESTINO GONZ\u00c1LEZ DE CHAVES - El Cotarro\",\"isPartOf\":{\"@id\":\"https:\/\/elcotarro.com\/#website\"},\"primaryImageOfPage\":{\"@id\":\"https:\/\/elcotarro.com\/?p=5678#primaryimage\"},\"image\":{\"@id\":\"https:\/\/elcotarro.com\/?p=5678#primaryimage\"},\"thumbnailUrl\":\"https:\/\/elcotarro.com\/wp-content\/uploads\/2018\/07\/FOTO-4.-CELESTINO-PLACA.jpg\",\"datePublished\":\"2018-07-22T10:02:24+00:00\",\"breadcrumb\":{\"@id\":\"https:\/\/elcotarro.com\/?p=5678#breadcrumb\"},\"inLanguage\":\"es\",\"potentialAction\":[{\"@type\":\"ReadAction\",\"target\":[\"https:\/\/elcotarro.com\/?p=5678\"]}]},{\"@type\":\"ImageObject\",\"inLanguage\":\"es\",\"@id\":\"https:\/\/elcotarro.com\/?p=5678#primaryimage\",\"url\":\"https:\/\/elcotarro.com\/wp-content\/uploads\/2018\/07\/FOTO-4.-CELESTINO-PLACA.jpg\",\"contentUrl\":\"https:\/\/elcotarro.com\/wp-content\/uploads\/2018\/07\/FOTO-4.-CELESTINO-PLACA.jpg\",\"width\":1600,\"height\":1200},{\"@type\":\"BreadcrumbList\",\"@id\":\"https:\/\/elcotarro.com\/?p=5678#breadcrumb\",\"itemListElement\":[{\"@type\":\"ListItem\",\"position\":1,\"name\":\"Portada\",\"item\":\"https:\/\/elcotarro.com\/\"},{\"@type\":\"ListItem\",\"position\":2,\"name\":\"HONOR A CELESTINO GONZ\u00c1LEZ DE CHAVES\"}]},{\"@type\":\"WebSite\",\"@id\":\"https:\/\/elcotarro.com\/#website\",\"url\":\"https:\/\/elcotarro.com\/\",\"name\":\"El Cotarro\",\"description\":\"Peri\u00f3dico Digital Independiente dirigido por Jos\u00e9 Carlos Marrero\",\"publisher\":{\"@id\":\"https:\/\/elcotarro.com\/#organization\"},\"potentialAction\":[{\"@type\":\"SearchAction\",\"target\":{\"@type\":\"EntryPoint\",\"urlTemplate\":\"https:\/\/elcotarro.com\/?s={search_term_string}\"},\"query-input\":{\"@type\":\"PropertyValueSpecification\",\"valueRequired\":true,\"valueName\":\"search_term_string\"}}],\"inLanguage\":\"es\"},{\"@type\":\"Organization\",\"@id\":\"https:\/\/elcotarro.com\/#organization\",\"name\":\"El Cotarro\",\"url\":\"https:\/\/elcotarro.com\/\",\"logo\":{\"@type\":\"ImageObject\",\"inLanguage\":\"es\",\"@id\":\"https:\/\/elcotarro.com\/#\/schema\/logo\/image\/\",\"url\":\"https:\/\/elcotarro.com\/wp-content\/uploads\/2014\/09\/Cabecera_El_Cotarro_v2.jpg\",\"contentUrl\":\"https:\/\/elcotarro.com\/wp-content\/uploads\/2014\/09\/Cabecera_El_Cotarro_v2.jpg\",\"width\":3540,\"height\":441,\"caption\":\"El Cotarro\"},\"image\":{\"@id\":\"https:\/\/elcotarro.com\/#\/schema\/logo\/image\/\"},\"sameAs\":[\"https:\/\/www.facebook.com\/ElCotarro.Tenerife\"]},{\"@type\":\"Person\",\"@id\":\"https:\/\/elcotarro.com\/#\/schema\/person\/af537ee7d60d15984c7e0affcd8a918b\",\"name\":\"Jos\u00e9 Carlos Marrero Gonz\u00e1lez\",\"image\":{\"@type\":\"ImageObject\",\"inLanguage\":\"es\",\"@id\":\"https:\/\/elcotarro.com\/#\/schema\/person\/image\/\",\"url\":\"https:\/\/secure.gravatar.com\/avatar\/def4da036efb5d32c74d49c351f6dccc064dd69ad9f3aadc295c5a9a5391ca01?s=96&d=mm&r=g\",\"contentUrl\":\"https:\/\/secure.gravatar.com\/avatar\/def4da036efb5d32c74d49c351f6dccc064dd69ad9f3aadc295c5a9a5391ca01?s=96&d=mm&r=g\",\"caption\":\"Jos\u00e9 Carlos Marrero Gonz\u00e1lez\"},\"sameAs\":[\"https:\/\/elcotarro.com\"],\"url\":\"https:\/\/elcotarro.com\/?author=2\"}]}<\/script>\n<!-- \/ Yoast SEO plugin. -->","yoast_head_json":{"title":"HONOR A CELESTINO GONZ\u00c1LEZ DE CHAVES - El Cotarro","robots":{"index":"index","follow":"follow","max-snippet":"max-snippet:-1","max-image-preview":"max-image-preview:large","max-video-preview":"max-video-preview:-1"},"canonical":"https:\/\/elcotarro.com\/?p=5678","og_locale":"es_ES","og_type":"article","og_title":"HONOR A CELESTINO GONZ\u00c1LEZ DE CHAVES - El Cotarro","og_description":"Seguro que noventa a\u00f1os no son nada, y menos si se han vivido intensamente, con una trayectoria ejemplar, una profesionalidad impecable, un total esp\u00edritu de servicio y con una fecundidad (nunca mejor dicho) que hasta da envidia. Este es el caso de una persona buena como lo ha sido y lo sigue siendo el Celestino ... Read more","og_url":"https:\/\/elcotarro.com\/?p=5678","og_site_name":"El Cotarro","article_publisher":"https:\/\/www.facebook.com\/ElCotarro.Tenerife","article_published_time":"2018-07-22T10:02:24+00:00","og_image":[{"url":"https:\/\/elcotarro.com\/wp-content\/uploads\/2018\/07\/FOTO-4.-CELESTINO-PLACA.jpg","type":"","width":"","height":""}],"author":"Jos\u00e9 Carlos Marrero Gonz\u00e1lez","twitter_misc":{"Escrito por":"Jos\u00e9 Carlos Marrero Gonz\u00e1lez","Tiempo de lectura":"1 minuto"},"schema":{"@context":"https:\/\/schema.org","@graph":[{"@type":"Article","@id":"https:\/\/elcotarro.com\/?p=5678#article","isPartOf":{"@id":"https:\/\/elcotarro.com\/?p=5678"},"author":{"name":"Jos\u00e9 Carlos Marrero Gonz\u00e1lez","@id":"https:\/\/elcotarro.com\/#\/schema\/person\/af537ee7d60d15984c7e0affcd8a918b"},"headline":"HONOR A CELESTINO GONZ\u00c1LEZ DE CHAVES","datePublished":"2018-07-22T10:02:24+00:00","mainEntityOfPage":{"@id":"https:\/\/elcotarro.com\/?p=5678"},"wordCount":166,"commentCount":3,"publisher":{"@id":"https:\/\/elcotarro.com\/#organization"},"image":{"@id":"https:\/\/elcotarro.com\/?p=5678#primaryimage"},"thumbnailUrl":"https:\/\/elcotarro.com\/wp-content\/uploads\/2018\/07\/FOTO-4.-CELESTINO-PLACA.jpg","inLanguage":"es","potentialAction":[{"@type":"CommentAction","name":"Comment","target":["https:\/\/elcotarro.com\/?p=5678#respond"]}]},{"@type":"WebPage","@id":"https:\/\/elcotarro.com\/?p=5678","url":"https:\/\/elcotarro.com\/?p=5678","name":"HONOR A CELESTINO GONZ\u00c1LEZ DE CHAVES - El Cotarro","isPartOf":{"@id":"https:\/\/elcotarro.com\/#website"},"primaryImageOfPage":{"@id":"https:\/\/elcotarro.com\/?p=5678#primaryimage"},"image":{"@id":"https:\/\/elcotarro.com\/?p=5678#primaryimage"},"thumbnailUrl":"https:\/\/elcotarro.com\/wp-content\/uploads\/2018\/07\/FOTO-4.-CELESTINO-PLACA.jpg","datePublished":"2018-07-22T10:02:24+00:00","breadcrumb":{"@id":"https:\/\/elcotarro.com\/?p=5678#breadcrumb"},"inLanguage":"es","potentialAction":[{"@type":"ReadAction","target":["https:\/\/elcotarro.com\/?p=5678"]}]},{"@type":"ImageObject","inLanguage":"es","@id":"https:\/\/elcotarro.com\/?p=5678#primaryimage","url":"https:\/\/elcotarro.com\/wp-content\/uploads\/2018\/07\/FOTO-4.-CELESTINO-PLACA.jpg","contentUrl":"https:\/\/elcotarro.com\/wp-content\/uploads\/2018\/07\/FOTO-4.-CELESTINO-PLACA.jpg","width":1600,"height":1200},{"@type":"BreadcrumbList","@id":"https:\/\/elcotarro.com\/?p=5678#breadcrumb","itemListElement":[{"@type":"ListItem","position":1,"name":"Portada","item":"https:\/\/elcotarro.com\/"},{"@type":"ListItem","position":2,"name":"HONOR A CELESTINO GONZ\u00c1LEZ DE CHAVES"}]},{"@type":"WebSite","@id":"https:\/\/elcotarro.com\/#website","url":"https:\/\/elcotarro.com\/","name":"El Cotarro","description":"Peri\u00f3dico Digital Independiente dirigido por Jos\u00e9 Carlos Marrero","publisher":{"@id":"https:\/\/elcotarro.com\/#organization"},"potentialAction":[{"@type":"SearchAction","target":{"@type":"EntryPoint","urlTemplate":"https:\/\/elcotarro.com\/?s={search_term_string}"},"query-input":{"@type":"PropertyValueSpecification","valueRequired":true,"valueName":"search_term_string"}}],"inLanguage":"es"},{"@type":"Organization","@id":"https:\/\/elcotarro.com\/#organization","name":"El Cotarro","url":"https:\/\/elcotarro.com\/","logo":{"@type":"ImageObject","inLanguage":"es","@id":"https:\/\/elcotarro.com\/#\/schema\/logo\/image\/","url":"https:\/\/elcotarro.com\/wp-content\/uploads\/2014\/09\/Cabecera_El_Cotarro_v2.jpg","contentUrl":"https:\/\/elcotarro.com\/wp-content\/uploads\/2014\/09\/Cabecera_El_Cotarro_v2.jpg","width":3540,"height":441,"caption":"El Cotarro"},"image":{"@id":"https:\/\/elcotarro.com\/#\/schema\/logo\/image\/"},"sameAs":["https:\/\/www.facebook.com\/ElCotarro.Tenerife"]},{"@type":"Person","@id":"https:\/\/elcotarro.com\/#\/schema\/person\/af537ee7d60d15984c7e0affcd8a918b","name":"Jos\u00e9 Carlos Marrero Gonz\u00e1lez","image":{"@type":"ImageObject","inLanguage":"es","@id":"https:\/\/elcotarro.com\/#\/schema\/person\/image\/","url":"https:\/\/secure.gravatar.com\/avatar\/def4da036efb5d32c74d49c351f6dccc064dd69ad9f3aadc295c5a9a5391ca01?s=96&d=mm&r=g","contentUrl":"https:\/\/secure.gravatar.com\/avatar\/def4da036efb5d32c74d49c351f6dccc064dd69ad9f3aadc295c5a9a5391ca01?s=96&d=mm&r=g","caption":"Jos\u00e9 Carlos Marrero Gonz\u00e1lez"},"sameAs":["https:\/\/elcotarro.com"],"url":"https:\/\/elcotarro.com\/?author=2"}]}},"jetpack_featured_media_url":"","jetpack_sharing_enabled":true,"_links":{"self":[{"href":"https:\/\/elcotarro.com\/index.php?rest_route=\/wp\/v2\/posts\/5678","targetHints":{"allow":["GET"]}}],"collection":[{"href":"https:\/\/elcotarro.com\/index.php?rest_route=\/wp\/v2\/posts"}],"about":[{"href":"https:\/\/elcotarro.com\/index.php?rest_route=\/wp\/v2\/types\/post"}],"author":[{"embeddable":true,"href":"https:\/\/elcotarro.com\/index.php?rest_route=\/wp\/v2\/users\/2"}],"replies":[{"embeddable":true,"href":"https:\/\/elcotarro.com\/index.php?rest_route=%2Fwp%2Fv2%2Fcomments&post=5678"}],"version-history":[{"count":1,"href":"https:\/\/elcotarro.com\/index.php?rest_route=\/wp\/v2\/posts\/5678\/revisions"}],"predecessor-version":[{"id":5680,"href":"https:\/\/elcotarro.com\/index.php?rest_route=\/wp\/v2\/posts\/5678\/revisions\/5680"}],"wp:attachment":[{"href":"https:\/\/elcotarro.com\/index.php?rest_route=%2Fwp%2Fv2%2Fmedia&parent=5678"}],"wp:term":[{"taxonomy":"category","embeddable":true,"href":"https:\/\/elcotarro.com\/index.php?rest_route=%2Fwp%2Fv2%2Fcategories&post=5678"},{"taxonomy":"post_tag","embeddable":true,"href":"https:\/\/elcotarro.com\/index.php?rest_route=%2Fwp%2Fv2%2Ftags&post=5678"}],"curies":[{"name":"wp","href":"https:\/\/api.w.org\/{rel}","templated":true}]}}