{"id":5697,"date":"2018-07-29T11:05:43","date_gmt":"2018-07-29T10:05:43","guid":{"rendered":"https:\/\/elcotarro.com\/?p=5697"},"modified":"2018-07-29T10:05:29","modified_gmt":"2018-07-29T09:05:29","slug":"censura-en-el-coche-de-santiago-perez","status":"publish","type":"post","link":"https:\/\/elcotarro.com\/?p=5697","title":{"rendered":"CENSURA EN EL COCHE DE SANTIAGO P\u00c9REZ"},"content":{"rendered":"<p>El pasado lunes en el Pleno celebrado en el Ayuntamiento de La Laguna, se aprob\u00f3 la \u201creprobaci\u00f3n de la gesti\u00f3n del grupo de Gobierno local\u201d. En contra del alcalde <strong>Jos\u00e9 Alberto D\u00edaz\u00a0<\/strong>y su equipo, votaron los concejales y concejalas de Unidas Se Puede, Partido Popular, Por Tenerife, Ciudadanos y Grupo Mixto. Tras ese hecho y justo al d\u00eda siguiente, estando yo paseando por la lagunera Plaza del Adelantado, un coche todoterreno me toc\u00f3 la pita insistentemente. Estaba conducido por <strong>Santiago P\u00e9rez\u00a0<\/strong>(XTenerife) y, desde el interior, sus alegres ocupantes me gritaron <em>\u201c\u00a1<strong>Jos\u00e9 Carlos<\/strong>, mi ni\u00f1o, aqu\u00ed tienes una foto para <strong>El Cotarro\u00a0<\/strong>del domingo!\u201d<\/em>&#8230; Obviamente, de imprevisto y con aquel coche en marcha, no me dio tiempo a reaccionar y sacar una foto en ese momento&#8230; Pero (aunque pens\u00e9 que el coche no iba a parar) lo cierto es que, unos metros m\u00e1s adelante, frente al convento de Las Catalinas, el todoterreno par\u00f3 y todos sus ocupantes (menos el piloto, <strong>Santiago P\u00e9rez<\/strong>) salieron como si, aparentemente, si vinieran contentos de una alegre fiesta.<\/p>\n<p style=\"text-align: center\"><a href=\"https:\/\/elcotarro.com\/wp-content\/uploads\/2018\/07\/FOTO-1.-CENSURA.jpeg\"><img loading=\"lazy\" decoding=\"async\" class=\"alignnone size-full wp-image-5698\" src=\"https:\/\/elcotarro.com\/wp-content\/uploads\/2018\/07\/FOTO-1.-CENSURA.jpeg\" alt=\"FOTO 1.- CENSURA\" width=\"1024\" height=\"768\" srcset=\"https:\/\/elcotarro.com\/wp-content\/uploads\/2018\/07\/FOTO-1.-CENSURA.jpeg 1024w, https:\/\/elcotarro.com\/wp-content\/uploads\/2018\/07\/FOTO-1.-CENSURA-300x225.jpeg 300w\" sizes=\"auto, (max-width: 1024px) 100vw, 1024px\" \/><\/a><\/p>\n<p style=\"text-align: center\"><em>El pasado martes, 24 de julio, acabando de bajar del coche de Santiago P\u00e9rez (que se ve al fondo, en el volante) pueden ver, de Izda. a Dcha. a Rubens Ascanio y Mar\u00eda J. Roca (Unid@s Se Puede), Javier Abreu (ahora Grupo Mixto) y Teresa Ber\u00e1stegui (C\u2019s)<\/em><\/p>\n","protected":false},"excerpt":{"rendered":"<p>El pasado lunes en el Pleno celebrado en el Ayuntamiento de La Laguna, se aprob\u00f3 la \u201creprobaci\u00f3n de la gesti\u00f3n del grupo de Gobierno local\u201d. En contra del alcalde Jos\u00e9 Alberto D\u00edaz\u00a0y su equipo, votaron los concejales y concejalas de Unidas Se Puede, Partido Popular, Por Tenerife, Ciudadanos y Grupo Mixto. Tras ese hecho y &#8230; <a class=\"read-more\" href=\"https:\/\/elcotarro.com\/?p=5697\">Read more<\/a><\/p>\n","protected":false},"author":2,"featured_media":0,"comment_status":"open","ping_status":"open","sticky":false,"template":"","format":"standard","meta":{"_jetpack_memberships_contains_paid_content":false,"footnotes":""},"categories":[1],"tags":[],"class_list":["post-5697","post","type-post","status-publish","format-standard","hentry","category-sin-categoria"],"yoast_head":"<!-- This site is optimized with the Yoast SEO plugin v27.0 - https:\/\/yoast.com\/product\/yoast-seo-wordpress\/ -->\n<title>CENSURA EN EL COCHE DE SANTIAGO P\u00c9REZ - El Cotarro<\/title>\n<meta name=\"robots\" content=\"index, follow, max-snippet:-1, max-image-preview:large, max-video-preview:-1\" \/>\n<link rel=\"canonical\" href=\"https:\/\/elcotarro.com\/?p=5697\" \/>\n<meta property=\"og:locale\" content=\"es_ES\" \/>\n<meta property=\"og:type\" content=\"article\" \/>\n<meta property=\"og:title\" content=\"CENSURA EN EL COCHE DE SANTIAGO P\u00c9REZ - El Cotarro\" \/>\n<meta property=\"og:description\" content=\"El pasado lunes en el Pleno celebrado en el Ayuntamiento de La Laguna, se aprob\u00f3 la \u201creprobaci\u00f3n de la gesti\u00f3n del grupo de Gobierno local\u201d. En contra del alcalde Jos\u00e9 Alberto D\u00edaz\u00a0y su equipo, votaron los concejales y concejalas de Unidas Se Puede, Partido Popular, Por Tenerife, Ciudadanos y Grupo Mixto. Tras ese hecho y ... Read more\" \/>\n<meta property=\"og:url\" content=\"https:\/\/elcotarro.com\/?p=5697\" \/>\n<meta property=\"og:site_name\" content=\"El Cotarro\" \/>\n<meta property=\"article:publisher\" content=\"https:\/\/www.facebook.com\/ElCotarro.Tenerife\" \/>\n<meta property=\"article:published_time\" content=\"2018-07-29T10:05:43+00:00\" \/>\n<meta property=\"og:image\" content=\"https:\/\/elcotarro.com\/wp-content\/uploads\/2018\/07\/FOTO-1.-CENSURA.jpeg\" \/>\n<meta name=\"author\" content=\"Jos\u00e9 Carlos Marrero Gonz\u00e1lez\" \/>\n<meta name=\"twitter:label1\" content=\"Escrito por\" \/>\n\t<meta name=\"twitter:data1\" content=\"Jos\u00e9 Carlos Marrero Gonz\u00e1lez\" \/>\n\t<meta name=\"twitter:label2\" content=\"Tiempo de lectura\" \/>\n\t<meta name=\"twitter:data2\" content=\"1 minuto\" \/>\n<script type=\"application\/ld+json\" class=\"yoast-schema-graph\">{\"@context\":\"https:\/\/schema.org\",\"@graph\":[{\"@type\":\"Article\",\"@id\":\"https:\/\/elcotarro.com\/?p=5697#article\",\"isPartOf\":{\"@id\":\"https:\/\/elcotarro.com\/?p=5697\"},\"author\":{\"name\":\"Jos\u00e9 Carlos Marrero Gonz\u00e1lez\",\"@id\":\"https:\/\/elcotarro.com\/#\/schema\/person\/af537ee7d60d15984c7e0affcd8a918b\"},\"headline\":\"CENSURA EN EL COCHE DE SANTIAGO P\u00c9REZ\",\"datePublished\":\"2018-07-29T10:05:43+00:00\",\"mainEntityOfPage\":{\"@id\":\"https:\/\/elcotarro.com\/?p=5697\"},\"wordCount\":241,\"commentCount\":0,\"publisher\":{\"@id\":\"https:\/\/elcotarro.com\/#organization\"},\"image\":{\"@id\":\"https:\/\/elcotarro.com\/?p=5697#primaryimage\"},\"thumbnailUrl\":\"https:\/\/elcotarro.com\/wp-content\/uploads\/2018\/07\/FOTO-1.-CENSURA.jpeg\",\"inLanguage\":\"es\",\"potentialAction\":[{\"@type\":\"CommentAction\",\"name\":\"Comment\",\"target\":[\"https:\/\/elcotarro.com\/?p=5697#respond\"]}]},{\"@type\":\"WebPage\",\"@id\":\"https:\/\/elcotarro.com\/?p=5697\",\"url\":\"https:\/\/elcotarro.com\/?p=5697\",\"name\":\"CENSURA EN EL COCHE DE SANTIAGO P\u00c9REZ - El Cotarro\",\"isPartOf\":{\"@id\":\"https:\/\/elcotarro.com\/#website\"},\"primaryImageOfPage\":{\"@id\":\"https:\/\/elcotarro.com\/?p=5697#primaryimage\"},\"image\":{\"@id\":\"https:\/\/elcotarro.com\/?p=5697#primaryimage\"},\"thumbnailUrl\":\"https:\/\/elcotarro.com\/wp-content\/uploads\/2018\/07\/FOTO-1.-CENSURA.jpeg\",\"datePublished\":\"2018-07-29T10:05:43+00:00\",\"breadcrumb\":{\"@id\":\"https:\/\/elcotarro.com\/?p=5697#breadcrumb\"},\"inLanguage\":\"es\",\"potentialAction\":[{\"@type\":\"ReadAction\",\"target\":[\"https:\/\/elcotarro.com\/?p=5697\"]}]},{\"@type\":\"ImageObject\",\"inLanguage\":\"es\",\"@id\":\"https:\/\/elcotarro.com\/?p=5697#primaryimage\",\"url\":\"https:\/\/elcotarro.com\/wp-content\/uploads\/2018\/07\/FOTO-1.-CENSURA.jpeg\",\"contentUrl\":\"https:\/\/elcotarro.com\/wp-content\/uploads\/2018\/07\/FOTO-1.-CENSURA.jpeg\",\"width\":1024,\"height\":768},{\"@type\":\"BreadcrumbList\",\"@id\":\"https:\/\/elcotarro.com\/?p=5697#breadcrumb\",\"itemListElement\":[{\"@type\":\"ListItem\",\"position\":1,\"name\":\"Portada\",\"item\":\"https:\/\/elcotarro.com\/\"},{\"@type\":\"ListItem\",\"position\":2,\"name\":\"CENSURA EN EL COCHE DE SANTIAGO P\u00c9REZ\"}]},{\"@type\":\"WebSite\",\"@id\":\"https:\/\/elcotarro.com\/#website\",\"url\":\"https:\/\/elcotarro.com\/\",\"name\":\"El Cotarro\",\"description\":\"Peri\u00f3dico Digital Independiente dirigido por Jos\u00e9 Carlos Marrero\",\"publisher\":{\"@id\":\"https:\/\/elcotarro.com\/#organization\"},\"potentialAction\":[{\"@type\":\"SearchAction\",\"target\":{\"@type\":\"EntryPoint\",\"urlTemplate\":\"https:\/\/elcotarro.com\/?s={search_term_string}\"},\"query-input\":{\"@type\":\"PropertyValueSpecification\",\"valueRequired\":true,\"valueName\":\"search_term_string\"}}],\"inLanguage\":\"es\"},{\"@type\":\"Organization\",\"@id\":\"https:\/\/elcotarro.com\/#organization\",\"name\":\"El Cotarro\",\"url\":\"https:\/\/elcotarro.com\/\",\"logo\":{\"@type\":\"ImageObject\",\"inLanguage\":\"es\",\"@id\":\"https:\/\/elcotarro.com\/#\/schema\/logo\/image\/\",\"url\":\"https:\/\/elcotarro.com\/wp-content\/uploads\/2014\/09\/Cabecera_El_Cotarro_v2.jpg\",\"contentUrl\":\"https:\/\/elcotarro.com\/wp-content\/uploads\/2014\/09\/Cabecera_El_Cotarro_v2.jpg\",\"width\":3540,\"height\":441,\"caption\":\"El Cotarro\"},\"image\":{\"@id\":\"https:\/\/elcotarro.com\/#\/schema\/logo\/image\/\"},\"sameAs\":[\"https:\/\/www.facebook.com\/ElCotarro.Tenerife\"]},{\"@type\":\"Person\",\"@id\":\"https:\/\/elcotarro.com\/#\/schema\/person\/af537ee7d60d15984c7e0affcd8a918b\",\"name\":\"Jos\u00e9 Carlos Marrero Gonz\u00e1lez\",\"image\":{\"@type\":\"ImageObject\",\"inLanguage\":\"es\",\"@id\":\"https:\/\/elcotarro.com\/#\/schema\/person\/image\/\",\"url\":\"https:\/\/secure.gravatar.com\/avatar\/def4da036efb5d32c74d49c351f6dccc064dd69ad9f3aadc295c5a9a5391ca01?s=96&d=mm&r=g\",\"contentUrl\":\"https:\/\/secure.gravatar.com\/avatar\/def4da036efb5d32c74d49c351f6dccc064dd69ad9f3aadc295c5a9a5391ca01?s=96&d=mm&r=g\",\"caption\":\"Jos\u00e9 Carlos Marrero Gonz\u00e1lez\"},\"sameAs\":[\"https:\/\/elcotarro.com\"],\"url\":\"https:\/\/elcotarro.com\/?author=2\"}]}<\/script>\n<!-- \/ Yoast SEO plugin. -->","yoast_head_json":{"title":"CENSURA EN EL COCHE DE SANTIAGO P\u00c9REZ - El Cotarro","robots":{"index":"index","follow":"follow","max-snippet":"max-snippet:-1","max-image-preview":"max-image-preview:large","max-video-preview":"max-video-preview:-1"},"canonical":"https:\/\/elcotarro.com\/?p=5697","og_locale":"es_ES","og_type":"article","og_title":"CENSURA EN EL COCHE DE SANTIAGO P\u00c9REZ - El Cotarro","og_description":"El pasado lunes en el Pleno celebrado en el Ayuntamiento de La Laguna, se aprob\u00f3 la \u201creprobaci\u00f3n de la gesti\u00f3n del grupo de Gobierno local\u201d. En contra del alcalde Jos\u00e9 Alberto D\u00edaz\u00a0y su equipo, votaron los concejales y concejalas de Unidas Se Puede, Partido Popular, Por Tenerife, Ciudadanos y Grupo Mixto. Tras ese hecho y ... Read more","og_url":"https:\/\/elcotarro.com\/?p=5697","og_site_name":"El Cotarro","article_publisher":"https:\/\/www.facebook.com\/ElCotarro.Tenerife","article_published_time":"2018-07-29T10:05:43+00:00","og_image":[{"url":"https:\/\/elcotarro.com\/wp-content\/uploads\/2018\/07\/FOTO-1.-CENSURA.jpeg","type":"","width":"","height":""}],"author":"Jos\u00e9 Carlos Marrero Gonz\u00e1lez","twitter_misc":{"Escrito por":"Jos\u00e9 Carlos Marrero Gonz\u00e1lez","Tiempo de lectura":"1 minuto"},"schema":{"@context":"https:\/\/schema.org","@graph":[{"@type":"Article","@id":"https:\/\/elcotarro.com\/?p=5697#article","isPartOf":{"@id":"https:\/\/elcotarro.com\/?p=5697"},"author":{"name":"Jos\u00e9 Carlos Marrero Gonz\u00e1lez","@id":"https:\/\/elcotarro.com\/#\/schema\/person\/af537ee7d60d15984c7e0affcd8a918b"},"headline":"CENSURA EN EL COCHE DE SANTIAGO P\u00c9REZ","datePublished":"2018-07-29T10:05:43+00:00","mainEntityOfPage":{"@id":"https:\/\/elcotarro.com\/?p=5697"},"wordCount":241,"commentCount":0,"publisher":{"@id":"https:\/\/elcotarro.com\/#organization"},"image":{"@id":"https:\/\/elcotarro.com\/?p=5697#primaryimage"},"thumbnailUrl":"https:\/\/elcotarro.com\/wp-content\/uploads\/2018\/07\/FOTO-1.-CENSURA.jpeg","inLanguage":"es","potentialAction":[{"@type":"CommentAction","name":"Comment","target":["https:\/\/elcotarro.com\/?p=5697#respond"]}]},{"@type":"WebPage","@id":"https:\/\/elcotarro.com\/?p=5697","url":"https:\/\/elcotarro.com\/?p=5697","name":"CENSURA EN EL COCHE DE SANTIAGO P\u00c9REZ - El Cotarro","isPartOf":{"@id":"https:\/\/elcotarro.com\/#website"},"primaryImageOfPage":{"@id":"https:\/\/elcotarro.com\/?p=5697#primaryimage"},"image":{"@id":"https:\/\/elcotarro.com\/?p=5697#primaryimage"},"thumbnailUrl":"https:\/\/elcotarro.com\/wp-content\/uploads\/2018\/07\/FOTO-1.-CENSURA.jpeg","datePublished":"2018-07-29T10:05:43+00:00","breadcrumb":{"@id":"https:\/\/elcotarro.com\/?p=5697#breadcrumb"},"inLanguage":"es","potentialAction":[{"@type":"ReadAction","target":["https:\/\/elcotarro.com\/?p=5697"]}]},{"@type":"ImageObject","inLanguage":"es","@id":"https:\/\/elcotarro.com\/?p=5697#primaryimage","url":"https:\/\/elcotarro.com\/wp-content\/uploads\/2018\/07\/FOTO-1.-CENSURA.jpeg","contentUrl":"https:\/\/elcotarro.com\/wp-content\/uploads\/2018\/07\/FOTO-1.-CENSURA.jpeg","width":1024,"height":768},{"@type":"BreadcrumbList","@id":"https:\/\/elcotarro.com\/?p=5697#breadcrumb","itemListElement":[{"@type":"ListItem","position":1,"name":"Portada","item":"https:\/\/elcotarro.com\/"},{"@type":"ListItem","position":2,"name":"CENSURA EN EL COCHE DE SANTIAGO P\u00c9REZ"}]},{"@type":"WebSite","@id":"https:\/\/elcotarro.com\/#website","url":"https:\/\/elcotarro.com\/","name":"El Cotarro","description":"Peri\u00f3dico Digital Independiente dirigido por Jos\u00e9 Carlos Marrero","publisher":{"@id":"https:\/\/elcotarro.com\/#organization"},"potentialAction":[{"@type":"SearchAction","target":{"@type":"EntryPoint","urlTemplate":"https:\/\/elcotarro.com\/?s={search_term_string}"},"query-input":{"@type":"PropertyValueSpecification","valueRequired":true,"valueName":"search_term_string"}}],"inLanguage":"es"},{"@type":"Organization","@id":"https:\/\/elcotarro.com\/#organization","name":"El Cotarro","url":"https:\/\/elcotarro.com\/","logo":{"@type":"ImageObject","inLanguage":"es","@id":"https:\/\/elcotarro.com\/#\/schema\/logo\/image\/","url":"https:\/\/elcotarro.com\/wp-content\/uploads\/2014\/09\/Cabecera_El_Cotarro_v2.jpg","contentUrl":"https:\/\/elcotarro.com\/wp-content\/uploads\/2014\/09\/Cabecera_El_Cotarro_v2.jpg","width":3540,"height":441,"caption":"El Cotarro"},"image":{"@id":"https:\/\/elcotarro.com\/#\/schema\/logo\/image\/"},"sameAs":["https:\/\/www.facebook.com\/ElCotarro.Tenerife"]},{"@type":"Person","@id":"https:\/\/elcotarro.com\/#\/schema\/person\/af537ee7d60d15984c7e0affcd8a918b","name":"Jos\u00e9 Carlos Marrero Gonz\u00e1lez","image":{"@type":"ImageObject","inLanguage":"es","@id":"https:\/\/elcotarro.com\/#\/schema\/person\/image\/","url":"https:\/\/secure.gravatar.com\/avatar\/def4da036efb5d32c74d49c351f6dccc064dd69ad9f3aadc295c5a9a5391ca01?s=96&d=mm&r=g","contentUrl":"https:\/\/secure.gravatar.com\/avatar\/def4da036efb5d32c74d49c351f6dccc064dd69ad9f3aadc295c5a9a5391ca01?s=96&d=mm&r=g","caption":"Jos\u00e9 Carlos Marrero Gonz\u00e1lez"},"sameAs":["https:\/\/elcotarro.com"],"url":"https:\/\/elcotarro.com\/?author=2"}]}},"jetpack_featured_media_url":"","jetpack_sharing_enabled":true,"_links":{"self":[{"href":"https:\/\/elcotarro.com\/index.php?rest_route=\/wp\/v2\/posts\/5697","targetHints":{"allow":["GET"]}}],"collection":[{"href":"https:\/\/elcotarro.com\/index.php?rest_route=\/wp\/v2\/posts"}],"about":[{"href":"https:\/\/elcotarro.com\/index.php?rest_route=\/wp\/v2\/types\/post"}],"author":[{"embeddable":true,"href":"https:\/\/elcotarro.com\/index.php?rest_route=\/wp\/v2\/users\/2"}],"replies":[{"embeddable":true,"href":"https:\/\/elcotarro.com\/index.php?rest_route=%2Fwp%2Fv2%2Fcomments&post=5697"}],"version-history":[{"count":1,"href":"https:\/\/elcotarro.com\/index.php?rest_route=\/wp\/v2\/posts\/5697\/revisions"}],"predecessor-version":[{"id":5699,"href":"https:\/\/elcotarro.com\/index.php?rest_route=\/wp\/v2\/posts\/5697\/revisions\/5699"}],"wp:attachment":[{"href":"https:\/\/elcotarro.com\/index.php?rest_route=%2Fwp%2Fv2%2Fmedia&parent=5697"}],"wp:term":[{"taxonomy":"category","embeddable":true,"href":"https:\/\/elcotarro.com\/index.php?rest_route=%2Fwp%2Fv2%2Fcategories&post=5697"},{"taxonomy":"post_tag","embeddable":true,"href":"https:\/\/elcotarro.com\/index.php?rest_route=%2Fwp%2Fv2%2Ftags&post=5697"}],"curies":[{"name":"wp","href":"https:\/\/api.w.org\/{rel}","templated":true}]}}