{"id":5710,"date":"2018-07-29T11:01:39","date_gmt":"2018-07-29T10:01:39","guid":{"rendered":"https:\/\/elcotarro.com\/?p=5710"},"modified":"2018-07-29T10:11:33","modified_gmt":"2018-07-29T09:11:33","slug":"el-siam-park-no1-5-anos-consecutivos","status":"publish","type":"post","link":"https:\/\/elcotarro.com\/?p=5710","title":{"rendered":"EL SIAM PARK N\u00ba1, 5 A\u00d1OS CONSECUTIVOS"},"content":{"rendered":"<p>No me canso en reconocer p\u00fablicamente el \u00e9xito de \u201clo nuestro\u201d y de \u201clos nuestros\u201d. El hecho de que, por quinto a\u00f1o consecutivo, nuestro Siam Park haya sido calificado por TripAdvisor como <em>\u201cel mejor parque acu\u00e1tico del mundo\u201d<\/em>y que ponga de relevancia el nombre de Tenerife a nivel mundial, debe hacernos sentir muy orgullosos y, siendo bien nacidos, agradecidos con <strong>Wolfgang Kiessling\u00a0<\/strong>(presidente del Grupo Loro Parque-Siam Park), y a su hijo <strong>Christoph Kiessling\u00a0<\/strong>(vicepresidente del Grupo y m\u00e1s concretamente director general del Siam Park) por haber hecho realidad esta maravilla, precisamente en nuestra isla. Desde aqu\u00ed nuestro agradecimiento y felicitaci\u00f3n por ello.<\/p>\n<p style=\"text-align: center\"><a href=\"https:\/\/elcotarro.com\/wp-content\/uploads\/2018\/07\/FOTO-6.-SIAM-PARK.jpg\"><img loading=\"lazy\" decoding=\"async\" class=\"alignnone size-full wp-image-5711\" src=\"https:\/\/elcotarro.com\/wp-content\/uploads\/2018\/07\/FOTO-6.-SIAM-PARK.jpg\" alt=\"FOTO 6.- SIAM PARK\" width=\"495\" height=\"330\" srcset=\"https:\/\/elcotarro.com\/wp-content\/uploads\/2018\/07\/FOTO-6.-SIAM-PARK.jpg 495w, https:\/\/elcotarro.com\/wp-content\/uploads\/2018\/07\/FOTO-6.-SIAM-PARK-300x200.jpg 300w\" sizes=\"auto, (max-width: 495px) 100vw, 495px\" \/><\/a><\/p>\n<p style=\"text-align: center\"><em>Esta foto se volver\u00e1 a repetir por quinto a\u00f1o consecutivo&#8230; Wolfgang Kiessling (i), Christoph Kiessling (c) y Jos\u00e9 Miguel Rodr\u00edguez Fraga, tras recibir Siam Park el premio de Mejor Parque Acu\u00e1tico del Mundo en 2017.<\/em><\/p>\n","protected":false},"excerpt":{"rendered":"<p>No me canso en reconocer p\u00fablicamente el \u00e9xito de \u201clo nuestro\u201d y de \u201clos nuestros\u201d. El hecho de que, por quinto a\u00f1o consecutivo, nuestro Siam Park haya sido calificado por TripAdvisor como \u201cel mejor parque acu\u00e1tico del mundo\u201dy que ponga de relevancia el nombre de Tenerife a nivel mundial, debe hacernos sentir muy orgullosos y, &#8230; <a class=\"read-more\" href=\"https:\/\/elcotarro.com\/?p=5710\">Read more<\/a><\/p>\n","protected":false},"author":2,"featured_media":0,"comment_status":"open","ping_status":"open","sticky":false,"template":"","format":"standard","meta":{"_jetpack_memberships_contains_paid_content":false,"footnotes":""},"categories":[1],"tags":[],"class_list":["post-5710","post","type-post","status-publish","format-standard","hentry","category-sin-categoria"],"yoast_head":"<!-- This site is optimized with the Yoast SEO plugin v27.0 - https:\/\/yoast.com\/product\/yoast-seo-wordpress\/ -->\n<title>EL SIAM PARK N\u00ba1, 5 A\u00d1OS CONSECUTIVOS - El Cotarro<\/title>\n<meta name=\"robots\" content=\"index, follow, max-snippet:-1, max-image-preview:large, max-video-preview:-1\" \/>\n<link rel=\"canonical\" href=\"https:\/\/elcotarro.com\/?p=5710\" \/>\n<meta property=\"og:locale\" content=\"es_ES\" \/>\n<meta property=\"og:type\" content=\"article\" \/>\n<meta property=\"og:title\" content=\"EL SIAM PARK N\u00ba1, 5 A\u00d1OS CONSECUTIVOS - El Cotarro\" \/>\n<meta property=\"og:description\" content=\"No me canso en reconocer p\u00fablicamente el \u00e9xito de \u201clo nuestro\u201d y de \u201clos nuestros\u201d. El hecho de que, por quinto a\u00f1o consecutivo, nuestro Siam Park haya sido calificado por TripAdvisor como \u201cel mejor parque acu\u00e1tico del mundo\u201dy que ponga de relevancia el nombre de Tenerife a nivel mundial, debe hacernos sentir muy orgullosos y, ... Read more\" \/>\n<meta property=\"og:url\" content=\"https:\/\/elcotarro.com\/?p=5710\" \/>\n<meta property=\"og:site_name\" content=\"El Cotarro\" \/>\n<meta property=\"article:publisher\" content=\"https:\/\/www.facebook.com\/ElCotarro.Tenerife\" \/>\n<meta property=\"article:published_time\" content=\"2018-07-29T10:01:39+00:00\" \/>\n<meta property=\"og:image\" content=\"https:\/\/elcotarro.com\/wp-content\/uploads\/2018\/07\/FOTO-6.-SIAM-PARK.jpg\" \/>\n<meta name=\"author\" content=\"Jos\u00e9 Carlos Marrero Gonz\u00e1lez\" \/>\n<meta name=\"twitter:label1\" content=\"Escrito por\" \/>\n\t<meta name=\"twitter:data1\" content=\"Jos\u00e9 Carlos Marrero Gonz\u00e1lez\" \/>\n\t<meta name=\"twitter:label2\" content=\"Tiempo de lectura\" \/>\n\t<meta name=\"twitter:data2\" content=\"1 minuto\" \/>\n<script type=\"application\/ld+json\" class=\"yoast-schema-graph\">{\"@context\":\"https:\/\/schema.org\",\"@graph\":[{\"@type\":\"Article\",\"@id\":\"https:\/\/elcotarro.com\/?p=5710#article\",\"isPartOf\":{\"@id\":\"https:\/\/elcotarro.com\/?p=5710\"},\"author\":{\"name\":\"Jos\u00e9 Carlos Marrero Gonz\u00e1lez\",\"@id\":\"https:\/\/elcotarro.com\/#\/schema\/person\/af537ee7d60d15984c7e0affcd8a918b\"},\"headline\":\"EL SIAM PARK N\u00ba1, 5 A\u00d1OS CONSECUTIVOS\",\"datePublished\":\"2018-07-29T10:01:39+00:00\",\"mainEntityOfPage\":{\"@id\":\"https:\/\/elcotarro.com\/?p=5710\"},\"wordCount\":153,\"commentCount\":0,\"publisher\":{\"@id\":\"https:\/\/elcotarro.com\/#organization\"},\"image\":{\"@id\":\"https:\/\/elcotarro.com\/?p=5710#primaryimage\"},\"thumbnailUrl\":\"https:\/\/elcotarro.com\/wp-content\/uploads\/2018\/07\/FOTO-6.-SIAM-PARK.jpg\",\"inLanguage\":\"es\",\"potentialAction\":[{\"@type\":\"CommentAction\",\"name\":\"Comment\",\"target\":[\"https:\/\/elcotarro.com\/?p=5710#respond\"]}]},{\"@type\":\"WebPage\",\"@id\":\"https:\/\/elcotarro.com\/?p=5710\",\"url\":\"https:\/\/elcotarro.com\/?p=5710\",\"name\":\"EL SIAM PARK N\u00ba1, 5 A\u00d1OS CONSECUTIVOS - El Cotarro\",\"isPartOf\":{\"@id\":\"https:\/\/elcotarro.com\/#website\"},\"primaryImageOfPage\":{\"@id\":\"https:\/\/elcotarro.com\/?p=5710#primaryimage\"},\"image\":{\"@id\":\"https:\/\/elcotarro.com\/?p=5710#primaryimage\"},\"thumbnailUrl\":\"https:\/\/elcotarro.com\/wp-content\/uploads\/2018\/07\/FOTO-6.-SIAM-PARK.jpg\",\"datePublished\":\"2018-07-29T10:01:39+00:00\",\"breadcrumb\":{\"@id\":\"https:\/\/elcotarro.com\/?p=5710#breadcrumb\"},\"inLanguage\":\"es\",\"potentialAction\":[{\"@type\":\"ReadAction\",\"target\":[\"https:\/\/elcotarro.com\/?p=5710\"]}]},{\"@type\":\"ImageObject\",\"inLanguage\":\"es\",\"@id\":\"https:\/\/elcotarro.com\/?p=5710#primaryimage\",\"url\":\"https:\/\/elcotarro.com\/wp-content\/uploads\/2018\/07\/FOTO-6.-SIAM-PARK.jpg\",\"contentUrl\":\"https:\/\/elcotarro.com\/wp-content\/uploads\/2018\/07\/FOTO-6.-SIAM-PARK.jpg\",\"width\":495,\"height\":330},{\"@type\":\"BreadcrumbList\",\"@id\":\"https:\/\/elcotarro.com\/?p=5710#breadcrumb\",\"itemListElement\":[{\"@type\":\"ListItem\",\"position\":1,\"name\":\"Portada\",\"item\":\"https:\/\/elcotarro.com\/\"},{\"@type\":\"ListItem\",\"position\":2,\"name\":\"EL SIAM PARK N\u00ba1, 5 A\u00d1OS CONSECUTIVOS\"}]},{\"@type\":\"WebSite\",\"@id\":\"https:\/\/elcotarro.com\/#website\",\"url\":\"https:\/\/elcotarro.com\/\",\"name\":\"El Cotarro\",\"description\":\"Peri\u00f3dico Digital Independiente dirigido por Jos\u00e9 Carlos Marrero\",\"publisher\":{\"@id\":\"https:\/\/elcotarro.com\/#organization\"},\"potentialAction\":[{\"@type\":\"SearchAction\",\"target\":{\"@type\":\"EntryPoint\",\"urlTemplate\":\"https:\/\/elcotarro.com\/?s={search_term_string}\"},\"query-input\":{\"@type\":\"PropertyValueSpecification\",\"valueRequired\":true,\"valueName\":\"search_term_string\"}}],\"inLanguage\":\"es\"},{\"@type\":\"Organization\",\"@id\":\"https:\/\/elcotarro.com\/#organization\",\"name\":\"El Cotarro\",\"url\":\"https:\/\/elcotarro.com\/\",\"logo\":{\"@type\":\"ImageObject\",\"inLanguage\":\"es\",\"@id\":\"https:\/\/elcotarro.com\/#\/schema\/logo\/image\/\",\"url\":\"https:\/\/elcotarro.com\/wp-content\/uploads\/2014\/09\/Cabecera_El_Cotarro_v2.jpg\",\"contentUrl\":\"https:\/\/elcotarro.com\/wp-content\/uploads\/2014\/09\/Cabecera_El_Cotarro_v2.jpg\",\"width\":3540,\"height\":441,\"caption\":\"El Cotarro\"},\"image\":{\"@id\":\"https:\/\/elcotarro.com\/#\/schema\/logo\/image\/\"},\"sameAs\":[\"https:\/\/www.facebook.com\/ElCotarro.Tenerife\"]},{\"@type\":\"Person\",\"@id\":\"https:\/\/elcotarro.com\/#\/schema\/person\/af537ee7d60d15984c7e0affcd8a918b\",\"name\":\"Jos\u00e9 Carlos Marrero Gonz\u00e1lez\",\"image\":{\"@type\":\"ImageObject\",\"inLanguage\":\"es\",\"@id\":\"https:\/\/elcotarro.com\/#\/schema\/person\/image\/\",\"url\":\"https:\/\/secure.gravatar.com\/avatar\/def4da036efb5d32c74d49c351f6dccc064dd69ad9f3aadc295c5a9a5391ca01?s=96&d=mm&r=g\",\"contentUrl\":\"https:\/\/secure.gravatar.com\/avatar\/def4da036efb5d32c74d49c351f6dccc064dd69ad9f3aadc295c5a9a5391ca01?s=96&d=mm&r=g\",\"caption\":\"Jos\u00e9 Carlos Marrero Gonz\u00e1lez\"},\"sameAs\":[\"https:\/\/elcotarro.com\"],\"url\":\"https:\/\/elcotarro.com\/?author=2\"}]}<\/script>\n<!-- \/ Yoast SEO plugin. -->","yoast_head_json":{"title":"EL SIAM PARK N\u00ba1, 5 A\u00d1OS CONSECUTIVOS - El Cotarro","robots":{"index":"index","follow":"follow","max-snippet":"max-snippet:-1","max-image-preview":"max-image-preview:large","max-video-preview":"max-video-preview:-1"},"canonical":"https:\/\/elcotarro.com\/?p=5710","og_locale":"es_ES","og_type":"article","og_title":"EL SIAM PARK N\u00ba1, 5 A\u00d1OS CONSECUTIVOS - El Cotarro","og_description":"No me canso en reconocer p\u00fablicamente el \u00e9xito de \u201clo nuestro\u201d y de \u201clos nuestros\u201d. El hecho de que, por quinto a\u00f1o consecutivo, nuestro Siam Park haya sido calificado por TripAdvisor como \u201cel mejor parque acu\u00e1tico del mundo\u201dy que ponga de relevancia el nombre de Tenerife a nivel mundial, debe hacernos sentir muy orgullosos y, ... Read more","og_url":"https:\/\/elcotarro.com\/?p=5710","og_site_name":"El Cotarro","article_publisher":"https:\/\/www.facebook.com\/ElCotarro.Tenerife","article_published_time":"2018-07-29T10:01:39+00:00","og_image":[{"url":"https:\/\/elcotarro.com\/wp-content\/uploads\/2018\/07\/FOTO-6.-SIAM-PARK.jpg","type":"","width":"","height":""}],"author":"Jos\u00e9 Carlos Marrero Gonz\u00e1lez","twitter_misc":{"Escrito por":"Jos\u00e9 Carlos Marrero Gonz\u00e1lez","Tiempo de lectura":"1 minuto"},"schema":{"@context":"https:\/\/schema.org","@graph":[{"@type":"Article","@id":"https:\/\/elcotarro.com\/?p=5710#article","isPartOf":{"@id":"https:\/\/elcotarro.com\/?p=5710"},"author":{"name":"Jos\u00e9 Carlos Marrero Gonz\u00e1lez","@id":"https:\/\/elcotarro.com\/#\/schema\/person\/af537ee7d60d15984c7e0affcd8a918b"},"headline":"EL SIAM PARK N\u00ba1, 5 A\u00d1OS CONSECUTIVOS","datePublished":"2018-07-29T10:01:39+00:00","mainEntityOfPage":{"@id":"https:\/\/elcotarro.com\/?p=5710"},"wordCount":153,"commentCount":0,"publisher":{"@id":"https:\/\/elcotarro.com\/#organization"},"image":{"@id":"https:\/\/elcotarro.com\/?p=5710#primaryimage"},"thumbnailUrl":"https:\/\/elcotarro.com\/wp-content\/uploads\/2018\/07\/FOTO-6.-SIAM-PARK.jpg","inLanguage":"es","potentialAction":[{"@type":"CommentAction","name":"Comment","target":["https:\/\/elcotarro.com\/?p=5710#respond"]}]},{"@type":"WebPage","@id":"https:\/\/elcotarro.com\/?p=5710","url":"https:\/\/elcotarro.com\/?p=5710","name":"EL SIAM PARK N\u00ba1, 5 A\u00d1OS CONSECUTIVOS - El Cotarro","isPartOf":{"@id":"https:\/\/elcotarro.com\/#website"},"primaryImageOfPage":{"@id":"https:\/\/elcotarro.com\/?p=5710#primaryimage"},"image":{"@id":"https:\/\/elcotarro.com\/?p=5710#primaryimage"},"thumbnailUrl":"https:\/\/elcotarro.com\/wp-content\/uploads\/2018\/07\/FOTO-6.-SIAM-PARK.jpg","datePublished":"2018-07-29T10:01:39+00:00","breadcrumb":{"@id":"https:\/\/elcotarro.com\/?p=5710#breadcrumb"},"inLanguage":"es","potentialAction":[{"@type":"ReadAction","target":["https:\/\/elcotarro.com\/?p=5710"]}]},{"@type":"ImageObject","inLanguage":"es","@id":"https:\/\/elcotarro.com\/?p=5710#primaryimage","url":"https:\/\/elcotarro.com\/wp-content\/uploads\/2018\/07\/FOTO-6.-SIAM-PARK.jpg","contentUrl":"https:\/\/elcotarro.com\/wp-content\/uploads\/2018\/07\/FOTO-6.-SIAM-PARK.jpg","width":495,"height":330},{"@type":"BreadcrumbList","@id":"https:\/\/elcotarro.com\/?p=5710#breadcrumb","itemListElement":[{"@type":"ListItem","position":1,"name":"Portada","item":"https:\/\/elcotarro.com\/"},{"@type":"ListItem","position":2,"name":"EL SIAM PARK N\u00ba1, 5 A\u00d1OS CONSECUTIVOS"}]},{"@type":"WebSite","@id":"https:\/\/elcotarro.com\/#website","url":"https:\/\/elcotarro.com\/","name":"El Cotarro","description":"Peri\u00f3dico Digital Independiente dirigido por Jos\u00e9 Carlos Marrero","publisher":{"@id":"https:\/\/elcotarro.com\/#organization"},"potentialAction":[{"@type":"SearchAction","target":{"@type":"EntryPoint","urlTemplate":"https:\/\/elcotarro.com\/?s={search_term_string}"},"query-input":{"@type":"PropertyValueSpecification","valueRequired":true,"valueName":"search_term_string"}}],"inLanguage":"es"},{"@type":"Organization","@id":"https:\/\/elcotarro.com\/#organization","name":"El Cotarro","url":"https:\/\/elcotarro.com\/","logo":{"@type":"ImageObject","inLanguage":"es","@id":"https:\/\/elcotarro.com\/#\/schema\/logo\/image\/","url":"https:\/\/elcotarro.com\/wp-content\/uploads\/2014\/09\/Cabecera_El_Cotarro_v2.jpg","contentUrl":"https:\/\/elcotarro.com\/wp-content\/uploads\/2014\/09\/Cabecera_El_Cotarro_v2.jpg","width":3540,"height":441,"caption":"El Cotarro"},"image":{"@id":"https:\/\/elcotarro.com\/#\/schema\/logo\/image\/"},"sameAs":["https:\/\/www.facebook.com\/ElCotarro.Tenerife"]},{"@type":"Person","@id":"https:\/\/elcotarro.com\/#\/schema\/person\/af537ee7d60d15984c7e0affcd8a918b","name":"Jos\u00e9 Carlos Marrero Gonz\u00e1lez","image":{"@type":"ImageObject","inLanguage":"es","@id":"https:\/\/elcotarro.com\/#\/schema\/person\/image\/","url":"https:\/\/secure.gravatar.com\/avatar\/def4da036efb5d32c74d49c351f6dccc064dd69ad9f3aadc295c5a9a5391ca01?s=96&d=mm&r=g","contentUrl":"https:\/\/secure.gravatar.com\/avatar\/def4da036efb5d32c74d49c351f6dccc064dd69ad9f3aadc295c5a9a5391ca01?s=96&d=mm&r=g","caption":"Jos\u00e9 Carlos Marrero Gonz\u00e1lez"},"sameAs":["https:\/\/elcotarro.com"],"url":"https:\/\/elcotarro.com\/?author=2"}]}},"jetpack_featured_media_url":"","jetpack_sharing_enabled":true,"_links":{"self":[{"href":"https:\/\/elcotarro.com\/index.php?rest_route=\/wp\/v2\/posts\/5710","targetHints":{"allow":["GET"]}}],"collection":[{"href":"https:\/\/elcotarro.com\/index.php?rest_route=\/wp\/v2\/posts"}],"about":[{"href":"https:\/\/elcotarro.com\/index.php?rest_route=\/wp\/v2\/types\/post"}],"author":[{"embeddable":true,"href":"https:\/\/elcotarro.com\/index.php?rest_route=\/wp\/v2\/users\/2"}],"replies":[{"embeddable":true,"href":"https:\/\/elcotarro.com\/index.php?rest_route=%2Fwp%2Fv2%2Fcomments&post=5710"}],"version-history":[{"count":1,"href":"https:\/\/elcotarro.com\/index.php?rest_route=\/wp\/v2\/posts\/5710\/revisions"}],"predecessor-version":[{"id":5712,"href":"https:\/\/elcotarro.com\/index.php?rest_route=\/wp\/v2\/posts\/5710\/revisions\/5712"}],"wp:attachment":[{"href":"https:\/\/elcotarro.com\/index.php?rest_route=%2Fwp%2Fv2%2Fmedia&parent=5710"}],"wp:term":[{"taxonomy":"category","embeddable":true,"href":"https:\/\/elcotarro.com\/index.php?rest_route=%2Fwp%2Fv2%2Fcategories&post=5710"},{"taxonomy":"post_tag","embeddable":true,"href":"https:\/\/elcotarro.com\/index.php?rest_route=%2Fwp%2Fv2%2Ftags&post=5710"}],"curies":[{"name":"wp","href":"https:\/\/api.w.org\/{rel}","templated":true}]}}