{"id":5738,"date":"2018-08-05T10:59:17","date_gmt":"2018-08-05T09:59:17","guid":{"rendered":"https:\/\/elcotarro.com\/?p=5738"},"modified":"2018-08-05T10:38:49","modified_gmt":"2018-08-05T09:38:49","slug":"lo-que-faltaba-cerveza-el-cotarro","status":"publish","type":"post","link":"https:\/\/elcotarro.com\/?p=5738","title":{"rendered":"LO QUE FALTABA&#8230; CERVEZA \u201cEL COTARRO\u201d"},"content":{"rendered":"<p>Y, para terminar, el remate cervecero. El gran <strong>Alfredo Medina<\/strong>, director de Relaciones Externas de El Corte Ingl\u00e9s en Tenerife me asombra y rompe los esquemas dici\u00e9ndome que, en El Gourmet de El Corte Ingl\u00e9s de Tres de Mayo, que regenta de maravilla la encantadora canariona <strong>Minerva Espino Saavedra<\/strong>, se est\u00e1 vendiendo una \u201ccerveza de vendimia\u201d con la marca El Cotarro &#8230; \u00a1Lo que nos faltaba!. Se trata de otra deliciosa curiosidad que sale de un proyecto solidario de Bodegas de Moradillo, en una bonita iniciativa corporativa y altruista de un peque\u00f1o pueblo de la Ribera del Duero Burgalesa de solo 188 habitantes, que lucha por la recuperaci\u00f3n y puesta en valor de su barrio hist\u00f3rico, que precisamente se llama El Cotarro, con 157 bodegas subterr\u00e1neas y 7 lagares en Moradillo de Roa. Habr\u00e1 que comprarla y degustarla. Sinceramente, para estar ya en este mes de agosto, nada mejor que la frescura de las orcas y el refrescante placer de unas cervecitas Tacoa o El Cotarro bien fr\u00edas&#8230; \u00bfo no?<\/p>\n<p style=\"text-align: center\"><a href=\"https:\/\/elcotarro.com\/wp-content\/uploads\/2018\/08\/FOTO-7.-CERVEZA.jpeg\"><img loading=\"lazy\" decoding=\"async\" class=\"alignnone size-full wp-image-5739\" src=\"https:\/\/elcotarro.com\/wp-content\/uploads\/2018\/08\/FOTO-7.-CERVEZA.jpeg\" alt=\"FOTO 7.- CERVEZA\" width=\"1024\" height=\"768\" srcset=\"https:\/\/elcotarro.com\/wp-content\/uploads\/2018\/08\/FOTO-7.-CERVEZA.jpeg 1024w, https:\/\/elcotarro.com\/wp-content\/uploads\/2018\/08\/FOTO-7.-CERVEZA-300x225.jpeg 300w\" sizes=\"auto, (max-width: 1024px) 100vw, 1024px\" \/><\/a><\/p>\n<p style=\"text-align: center\"><em>Etiqueta de una botella de \u201cEl Cotarro\u201d, cerveza de vendimia by Mica.<\/em><\/p>\n<p style=\"text-align: center\"><a href=\"http:\/\/www.careca.es\/\" target=\"_blank\"><img loading=\"lazy\" decoding=\"async\" class=\"size-full wp-image-2216 aligncenter\" src=\"https:\/\/elcotarro.com\/wp-content\/uploads\/2016\/07\/InsulacafeElCotarro.jpg\" alt=\"Bnn_Careca\" width=\"750\" height=\"150\" \/><\/a><\/p>\n","protected":false},"excerpt":{"rendered":"<p>Y, para terminar, el remate cervecero. El gran Alfredo Medina, director de Relaciones Externas de El Corte Ingl\u00e9s en Tenerife me asombra y rompe los esquemas dici\u00e9ndome que, en El Gourmet de El Corte Ingl\u00e9s de Tres de Mayo, que regenta de maravilla la encantadora canariona Minerva Espino Saavedra, se est\u00e1 vendiendo una \u201ccerveza de &#8230; <a class=\"read-more\" href=\"https:\/\/elcotarro.com\/?p=5738\">Read more<\/a><\/p>\n","protected":false},"author":2,"featured_media":0,"comment_status":"open","ping_status":"open","sticky":false,"template":"","format":"standard","meta":{"_jetpack_memberships_contains_paid_content":false,"footnotes":""},"categories":[1],"tags":[],"class_list":["post-5738","post","type-post","status-publish","format-standard","hentry","category-sin-categoria"],"yoast_head":"<!-- This site is optimized with the Yoast SEO plugin v27.0 - https:\/\/yoast.com\/product\/yoast-seo-wordpress\/ -->\n<title>LO QUE FALTABA... CERVEZA \u201cEL COTARRO\u201d - El Cotarro<\/title>\n<meta name=\"robots\" content=\"index, follow, max-snippet:-1, max-image-preview:large, max-video-preview:-1\" \/>\n<link rel=\"canonical\" href=\"https:\/\/elcotarro.com\/?p=5738\" \/>\n<meta property=\"og:locale\" content=\"es_ES\" \/>\n<meta property=\"og:type\" content=\"article\" \/>\n<meta property=\"og:title\" content=\"LO QUE FALTABA... CERVEZA \u201cEL COTARRO\u201d - El Cotarro\" \/>\n<meta property=\"og:description\" content=\"Y, para terminar, el remate cervecero. El gran Alfredo Medina, director de Relaciones Externas de El Corte Ingl\u00e9s en Tenerife me asombra y rompe los esquemas dici\u00e9ndome que, en El Gourmet de El Corte Ingl\u00e9s de Tres de Mayo, que regenta de maravilla la encantadora canariona Minerva Espino Saavedra, se est\u00e1 vendiendo una \u201ccerveza de ... Read more\" \/>\n<meta property=\"og:url\" content=\"https:\/\/elcotarro.com\/?p=5738\" \/>\n<meta property=\"og:site_name\" content=\"El Cotarro\" \/>\n<meta property=\"article:publisher\" content=\"https:\/\/www.facebook.com\/ElCotarro.Tenerife\" \/>\n<meta property=\"article:published_time\" content=\"2018-08-05T09:59:17+00:00\" \/>\n<meta property=\"og:image\" content=\"https:\/\/elcotarro.com\/wp-content\/uploads\/2018\/08\/FOTO-7.-CERVEZA.jpeg\" \/>\n<meta name=\"author\" content=\"Jos\u00e9 Carlos Marrero Gonz\u00e1lez\" \/>\n<meta name=\"twitter:label1\" content=\"Escrito por\" \/>\n\t<meta name=\"twitter:data1\" content=\"Jos\u00e9 Carlos Marrero Gonz\u00e1lez\" \/>\n\t<meta name=\"twitter:label2\" content=\"Tiempo de lectura\" \/>\n\t<meta name=\"twitter:data2\" content=\"1 minuto\" \/>\n<script type=\"application\/ld+json\" class=\"yoast-schema-graph\">{\"@context\":\"https:\/\/schema.org\",\"@graph\":[{\"@type\":\"Article\",\"@id\":\"https:\/\/elcotarro.com\/?p=5738#article\",\"isPartOf\":{\"@id\":\"https:\/\/elcotarro.com\/?p=5738\"},\"author\":{\"name\":\"Jos\u00e9 Carlos Marrero Gonz\u00e1lez\",\"@id\":\"https:\/\/elcotarro.com\/#\/schema\/person\/af537ee7d60d15984c7e0affcd8a918b\"},\"headline\":\"LO QUE FALTABA&#8230; CERVEZA \u201cEL COTARRO\u201d\",\"datePublished\":\"2018-08-05T09:59:17+00:00\",\"mainEntityOfPage\":{\"@id\":\"https:\/\/elcotarro.com\/?p=5738\"},\"wordCount\":192,\"commentCount\":0,\"publisher\":{\"@id\":\"https:\/\/elcotarro.com\/#organization\"},\"image\":{\"@id\":\"https:\/\/elcotarro.com\/?p=5738#primaryimage\"},\"thumbnailUrl\":\"https:\/\/elcotarro.com\/wp-content\/uploads\/2018\/08\/FOTO-7.-CERVEZA.jpeg\",\"inLanguage\":\"es\",\"potentialAction\":[{\"@type\":\"CommentAction\",\"name\":\"Comment\",\"target\":[\"https:\/\/elcotarro.com\/?p=5738#respond\"]}]},{\"@type\":\"WebPage\",\"@id\":\"https:\/\/elcotarro.com\/?p=5738\",\"url\":\"https:\/\/elcotarro.com\/?p=5738\",\"name\":\"LO QUE FALTABA... CERVEZA \u201cEL COTARRO\u201d - El Cotarro\",\"isPartOf\":{\"@id\":\"https:\/\/elcotarro.com\/#website\"},\"primaryImageOfPage\":{\"@id\":\"https:\/\/elcotarro.com\/?p=5738#primaryimage\"},\"image\":{\"@id\":\"https:\/\/elcotarro.com\/?p=5738#primaryimage\"},\"thumbnailUrl\":\"https:\/\/elcotarro.com\/wp-content\/uploads\/2018\/08\/FOTO-7.-CERVEZA.jpeg\",\"datePublished\":\"2018-08-05T09:59:17+00:00\",\"breadcrumb\":{\"@id\":\"https:\/\/elcotarro.com\/?p=5738#breadcrumb\"},\"inLanguage\":\"es\",\"potentialAction\":[{\"@type\":\"ReadAction\",\"target\":[\"https:\/\/elcotarro.com\/?p=5738\"]}]},{\"@type\":\"ImageObject\",\"inLanguage\":\"es\",\"@id\":\"https:\/\/elcotarro.com\/?p=5738#primaryimage\",\"url\":\"https:\/\/elcotarro.com\/wp-content\/uploads\/2018\/08\/FOTO-7.-CERVEZA.jpeg\",\"contentUrl\":\"https:\/\/elcotarro.com\/wp-content\/uploads\/2018\/08\/FOTO-7.-CERVEZA.jpeg\",\"width\":1024,\"height\":768},{\"@type\":\"BreadcrumbList\",\"@id\":\"https:\/\/elcotarro.com\/?p=5738#breadcrumb\",\"itemListElement\":[{\"@type\":\"ListItem\",\"position\":1,\"name\":\"Portada\",\"item\":\"https:\/\/elcotarro.com\/\"},{\"@type\":\"ListItem\",\"position\":2,\"name\":\"LO QUE FALTABA&#8230; CERVEZA \u201cEL COTARRO\u201d\"}]},{\"@type\":\"WebSite\",\"@id\":\"https:\/\/elcotarro.com\/#website\",\"url\":\"https:\/\/elcotarro.com\/\",\"name\":\"El Cotarro\",\"description\":\"Peri\u00f3dico Digital Independiente dirigido por Jos\u00e9 Carlos Marrero\",\"publisher\":{\"@id\":\"https:\/\/elcotarro.com\/#organization\"},\"potentialAction\":[{\"@type\":\"SearchAction\",\"target\":{\"@type\":\"EntryPoint\",\"urlTemplate\":\"https:\/\/elcotarro.com\/?s={search_term_string}\"},\"query-input\":{\"@type\":\"PropertyValueSpecification\",\"valueRequired\":true,\"valueName\":\"search_term_string\"}}],\"inLanguage\":\"es\"},{\"@type\":\"Organization\",\"@id\":\"https:\/\/elcotarro.com\/#organization\",\"name\":\"El Cotarro\",\"url\":\"https:\/\/elcotarro.com\/\",\"logo\":{\"@type\":\"ImageObject\",\"inLanguage\":\"es\",\"@id\":\"https:\/\/elcotarro.com\/#\/schema\/logo\/image\/\",\"url\":\"https:\/\/elcotarro.com\/wp-content\/uploads\/2014\/09\/Cabecera_El_Cotarro_v2.jpg\",\"contentUrl\":\"https:\/\/elcotarro.com\/wp-content\/uploads\/2014\/09\/Cabecera_El_Cotarro_v2.jpg\",\"width\":3540,\"height\":441,\"caption\":\"El Cotarro\"},\"image\":{\"@id\":\"https:\/\/elcotarro.com\/#\/schema\/logo\/image\/\"},\"sameAs\":[\"https:\/\/www.facebook.com\/ElCotarro.Tenerife\"]},{\"@type\":\"Person\",\"@id\":\"https:\/\/elcotarro.com\/#\/schema\/person\/af537ee7d60d15984c7e0affcd8a918b\",\"name\":\"Jos\u00e9 Carlos Marrero Gonz\u00e1lez\",\"image\":{\"@type\":\"ImageObject\",\"inLanguage\":\"es\",\"@id\":\"https:\/\/elcotarro.com\/#\/schema\/person\/image\/\",\"url\":\"https:\/\/secure.gravatar.com\/avatar\/def4da036efb5d32c74d49c351f6dccc064dd69ad9f3aadc295c5a9a5391ca01?s=96&d=mm&r=g\",\"contentUrl\":\"https:\/\/secure.gravatar.com\/avatar\/def4da036efb5d32c74d49c351f6dccc064dd69ad9f3aadc295c5a9a5391ca01?s=96&d=mm&r=g\",\"caption\":\"Jos\u00e9 Carlos Marrero Gonz\u00e1lez\"},\"sameAs\":[\"https:\/\/elcotarro.com\"],\"url\":\"https:\/\/elcotarro.com\/?author=2\"}]}<\/script>\n<!-- \/ Yoast SEO plugin. -->","yoast_head_json":{"title":"LO QUE FALTABA... CERVEZA \u201cEL COTARRO\u201d - El Cotarro","robots":{"index":"index","follow":"follow","max-snippet":"max-snippet:-1","max-image-preview":"max-image-preview:large","max-video-preview":"max-video-preview:-1"},"canonical":"https:\/\/elcotarro.com\/?p=5738","og_locale":"es_ES","og_type":"article","og_title":"LO QUE FALTABA... CERVEZA \u201cEL COTARRO\u201d - El Cotarro","og_description":"Y, para terminar, el remate cervecero. El gran Alfredo Medina, director de Relaciones Externas de El Corte Ingl\u00e9s en Tenerife me asombra y rompe los esquemas dici\u00e9ndome que, en El Gourmet de El Corte Ingl\u00e9s de Tres de Mayo, que regenta de maravilla la encantadora canariona Minerva Espino Saavedra, se est\u00e1 vendiendo una \u201ccerveza de ... Read more","og_url":"https:\/\/elcotarro.com\/?p=5738","og_site_name":"El Cotarro","article_publisher":"https:\/\/www.facebook.com\/ElCotarro.Tenerife","article_published_time":"2018-08-05T09:59:17+00:00","og_image":[{"url":"https:\/\/elcotarro.com\/wp-content\/uploads\/2018\/08\/FOTO-7.-CERVEZA.jpeg","type":"","width":"","height":""}],"author":"Jos\u00e9 Carlos Marrero Gonz\u00e1lez","twitter_misc":{"Escrito por":"Jos\u00e9 Carlos Marrero Gonz\u00e1lez","Tiempo de lectura":"1 minuto"},"schema":{"@context":"https:\/\/schema.org","@graph":[{"@type":"Article","@id":"https:\/\/elcotarro.com\/?p=5738#article","isPartOf":{"@id":"https:\/\/elcotarro.com\/?p=5738"},"author":{"name":"Jos\u00e9 Carlos Marrero Gonz\u00e1lez","@id":"https:\/\/elcotarro.com\/#\/schema\/person\/af537ee7d60d15984c7e0affcd8a918b"},"headline":"LO QUE FALTABA&#8230; CERVEZA \u201cEL COTARRO\u201d","datePublished":"2018-08-05T09:59:17+00:00","mainEntityOfPage":{"@id":"https:\/\/elcotarro.com\/?p=5738"},"wordCount":192,"commentCount":0,"publisher":{"@id":"https:\/\/elcotarro.com\/#organization"},"image":{"@id":"https:\/\/elcotarro.com\/?p=5738#primaryimage"},"thumbnailUrl":"https:\/\/elcotarro.com\/wp-content\/uploads\/2018\/08\/FOTO-7.-CERVEZA.jpeg","inLanguage":"es","potentialAction":[{"@type":"CommentAction","name":"Comment","target":["https:\/\/elcotarro.com\/?p=5738#respond"]}]},{"@type":"WebPage","@id":"https:\/\/elcotarro.com\/?p=5738","url":"https:\/\/elcotarro.com\/?p=5738","name":"LO QUE FALTABA... CERVEZA \u201cEL COTARRO\u201d - El Cotarro","isPartOf":{"@id":"https:\/\/elcotarro.com\/#website"},"primaryImageOfPage":{"@id":"https:\/\/elcotarro.com\/?p=5738#primaryimage"},"image":{"@id":"https:\/\/elcotarro.com\/?p=5738#primaryimage"},"thumbnailUrl":"https:\/\/elcotarro.com\/wp-content\/uploads\/2018\/08\/FOTO-7.-CERVEZA.jpeg","datePublished":"2018-08-05T09:59:17+00:00","breadcrumb":{"@id":"https:\/\/elcotarro.com\/?p=5738#breadcrumb"},"inLanguage":"es","potentialAction":[{"@type":"ReadAction","target":["https:\/\/elcotarro.com\/?p=5738"]}]},{"@type":"ImageObject","inLanguage":"es","@id":"https:\/\/elcotarro.com\/?p=5738#primaryimage","url":"https:\/\/elcotarro.com\/wp-content\/uploads\/2018\/08\/FOTO-7.-CERVEZA.jpeg","contentUrl":"https:\/\/elcotarro.com\/wp-content\/uploads\/2018\/08\/FOTO-7.-CERVEZA.jpeg","width":1024,"height":768},{"@type":"BreadcrumbList","@id":"https:\/\/elcotarro.com\/?p=5738#breadcrumb","itemListElement":[{"@type":"ListItem","position":1,"name":"Portada","item":"https:\/\/elcotarro.com\/"},{"@type":"ListItem","position":2,"name":"LO QUE FALTABA&#8230; CERVEZA \u201cEL COTARRO\u201d"}]},{"@type":"WebSite","@id":"https:\/\/elcotarro.com\/#website","url":"https:\/\/elcotarro.com\/","name":"El Cotarro","description":"Peri\u00f3dico Digital Independiente dirigido por Jos\u00e9 Carlos Marrero","publisher":{"@id":"https:\/\/elcotarro.com\/#organization"},"potentialAction":[{"@type":"SearchAction","target":{"@type":"EntryPoint","urlTemplate":"https:\/\/elcotarro.com\/?s={search_term_string}"},"query-input":{"@type":"PropertyValueSpecification","valueRequired":true,"valueName":"search_term_string"}}],"inLanguage":"es"},{"@type":"Organization","@id":"https:\/\/elcotarro.com\/#organization","name":"El Cotarro","url":"https:\/\/elcotarro.com\/","logo":{"@type":"ImageObject","inLanguage":"es","@id":"https:\/\/elcotarro.com\/#\/schema\/logo\/image\/","url":"https:\/\/elcotarro.com\/wp-content\/uploads\/2014\/09\/Cabecera_El_Cotarro_v2.jpg","contentUrl":"https:\/\/elcotarro.com\/wp-content\/uploads\/2014\/09\/Cabecera_El_Cotarro_v2.jpg","width":3540,"height":441,"caption":"El Cotarro"},"image":{"@id":"https:\/\/elcotarro.com\/#\/schema\/logo\/image\/"},"sameAs":["https:\/\/www.facebook.com\/ElCotarro.Tenerife"]},{"@type":"Person","@id":"https:\/\/elcotarro.com\/#\/schema\/person\/af537ee7d60d15984c7e0affcd8a918b","name":"Jos\u00e9 Carlos Marrero Gonz\u00e1lez","image":{"@type":"ImageObject","inLanguage":"es","@id":"https:\/\/elcotarro.com\/#\/schema\/person\/image\/","url":"https:\/\/secure.gravatar.com\/avatar\/def4da036efb5d32c74d49c351f6dccc064dd69ad9f3aadc295c5a9a5391ca01?s=96&d=mm&r=g","contentUrl":"https:\/\/secure.gravatar.com\/avatar\/def4da036efb5d32c74d49c351f6dccc064dd69ad9f3aadc295c5a9a5391ca01?s=96&d=mm&r=g","caption":"Jos\u00e9 Carlos Marrero Gonz\u00e1lez"},"sameAs":["https:\/\/elcotarro.com"],"url":"https:\/\/elcotarro.com\/?author=2"}]}},"jetpack_featured_media_url":"","jetpack_sharing_enabled":true,"_links":{"self":[{"href":"https:\/\/elcotarro.com\/index.php?rest_route=\/wp\/v2\/posts\/5738","targetHints":{"allow":["GET"]}}],"collection":[{"href":"https:\/\/elcotarro.com\/index.php?rest_route=\/wp\/v2\/posts"}],"about":[{"href":"https:\/\/elcotarro.com\/index.php?rest_route=\/wp\/v2\/types\/post"}],"author":[{"embeddable":true,"href":"https:\/\/elcotarro.com\/index.php?rest_route=\/wp\/v2\/users\/2"}],"replies":[{"embeddable":true,"href":"https:\/\/elcotarro.com\/index.php?rest_route=%2Fwp%2Fv2%2Fcomments&post=5738"}],"version-history":[{"count":1,"href":"https:\/\/elcotarro.com\/index.php?rest_route=\/wp\/v2\/posts\/5738\/revisions"}],"predecessor-version":[{"id":5740,"href":"https:\/\/elcotarro.com\/index.php?rest_route=\/wp\/v2\/posts\/5738\/revisions\/5740"}],"wp:attachment":[{"href":"https:\/\/elcotarro.com\/index.php?rest_route=%2Fwp%2Fv2%2Fmedia&parent=5738"}],"wp:term":[{"taxonomy":"category","embeddable":true,"href":"https:\/\/elcotarro.com\/index.php?rest_route=%2Fwp%2Fv2%2Fcategories&post=5738"},{"taxonomy":"post_tag","embeddable":true,"href":"https:\/\/elcotarro.com\/index.php?rest_route=%2Fwp%2Fv2%2Ftags&post=5738"}],"curies":[{"name":"wp","href":"https:\/\/api.w.org\/{rel}","templated":true}]}}