{"id":581,"date":"2014-12-21T12:45:34","date_gmt":"2014-12-21T12:45:34","guid":{"rendered":"https:\/\/elcotarro.com\/?p=581"},"modified":"2014-12-21T12:46:01","modified_gmt":"2014-12-21T12:46:01","slug":"el-ejemplo-de-ramon-farina","status":"publish","type":"post","link":"https:\/\/elcotarro.com\/?p=581","title":{"rendered":"EL EJEMPLO DE RAM\u00d3N FARI\u00d1A"},"content":{"rendered":"<p style=\"text-align: justify;\">\u2666\u00a0La \u00faltima reuni\u00f3n del a\u00f1o de la Comisi\u00f3n Ciudadana para la Convivencia en La Laguna me impidi\u00f3 asistir a la inauguraci\u00f3n, pero eso no quita para que, desde <em>El Cotarro<\/em>, reconozca p\u00fablicamente el m\u00e9rito de dos grandes empresarios, <strong>Ram\u00f3n Fari\u00f1a<\/strong> y su esposa, <strong>Antonia G\u00f3mez<\/strong> (<strong>To\u00f1i<\/strong>, para los amigos), que han hecho realidad su nuevo establecimiento, el n\u00famero 10, de McDonald\u2019s en Tenerife. Toda una noticia \u201cen positivo\u201d que deber\u00eda ser ejemplo para otros muchos empresarios y nuevos emprendedores&#8230; Adem\u00e1s, <strong>Ram\u00f3n Fari\u00f1a<\/strong> controla y representa en nuestra provincia otros 7 establecimientos que son propiedad de la multinacional&#8230;. En total son 17.<\/p>\n<p style=\"text-align: justify;\"><a href=\"https:\/\/elcotarro.com\/wp-content\/uploads\/2014\/12\/Foto-4.-Ram\u00f3n-Fari\u00f1a-McDonalds.jpg\"><img loading=\"lazy\" decoding=\"async\" class=\"aligncenter size-full wp-image-582\" src=\"https:\/\/elcotarro.com\/wp-content\/uploads\/2014\/12\/Foto-4.-Ram\u00f3n-Fari\u00f1a-McDonalds.jpg\" alt=\"Foto 4.- Ram\u00f3n Fari\u00f1a - McDonald's\" width=\"247\" height=\"351\" srcset=\"https:\/\/elcotarro.com\/wp-content\/uploads\/2014\/12\/Foto-4.-Ram\u00f3n-Fari\u00f1a-McDonalds.jpg 247w, https:\/\/elcotarro.com\/wp-content\/uploads\/2014\/12\/Foto-4.-Ram\u00f3n-Fari\u00f1a-McDonalds-211x300.jpg 211w\" sizes=\"auto, (max-width: 247px) 100vw, 247px\" \/><\/a><\/p>\n<p class=\"comentario\" style=\"text-align: center;\">Ram\u00f3n Fari\u00f1a, puntal de McDonald\u2019s<\/p>\n","protected":false},"excerpt":{"rendered":"<p>\u2666\u00a0La \u00faltima reuni\u00f3n del a\u00f1o de la Comisi\u00f3n Ciudadana para la Convivencia en La Laguna me impidi\u00f3 asistir a la inauguraci\u00f3n, pero eso no quita para que, desde El Cotarro, reconozca p\u00fablicamente el m\u00e9rito de dos grandes empresarios, Ram\u00f3n Fari\u00f1a y su esposa, Antonia G\u00f3mez (To\u00f1i, para los amigos), que han hecho realidad su nuevo &#8230; <a class=\"read-more\" href=\"https:\/\/elcotarro.com\/?p=581\">Read more<\/a><\/p>\n","protected":false},"author":2,"featured_media":0,"comment_status":"open","ping_status":"open","sticky":false,"template":"","format":"standard","meta":{"_jetpack_memberships_contains_paid_content":false,"footnotes":""},"categories":[54],"tags":[281,280],"class_list":["post-581","post","type-post","status-publish","format-standard","hentry","category-personajes","tag-antonia-gomez","tag-ramon-ramon-farina"],"yoast_head":"<!-- This site is optimized with the Yoast SEO plugin v27.0 - https:\/\/yoast.com\/product\/yoast-seo-wordpress\/ -->\n<title>EL EJEMPLO DE RAM\u00d3N FARI\u00d1A - El Cotarrro<\/title>\n<meta name=\"description\" content=\"La \u00faltima reuni\u00f3n del a\u00f1o de la Comisi\u00f3n Ciudadana para la Convivencia en La Laguna me impidi\u00f3 asistir a la inauguraci\u00f3n, pero eso no quita para que, desd\" \/>\n<meta name=\"robots\" content=\"index, follow, max-snippet:-1, max-image-preview:large, max-video-preview:-1\" \/>\n<link rel=\"canonical\" href=\"https:\/\/elcotarro.com\/?p=581\" \/>\n<meta property=\"og:locale\" content=\"es_ES\" \/>\n<meta property=\"og:type\" content=\"article\" \/>\n<meta property=\"og:title\" content=\"EL EJEMPLO DE RAM\u00d3N FARI\u00d1A - El Cotarrro\" \/>\n<meta property=\"og:description\" content=\"La \u00faltima reuni\u00f3n del a\u00f1o de la Comisi\u00f3n Ciudadana para la Convivencia en La Laguna me impidi\u00f3 asistir a la inauguraci\u00f3n, pero eso no quita para que, desd\" \/>\n<meta property=\"og:url\" content=\"https:\/\/elcotarro.com\/?p=581\" \/>\n<meta property=\"og:site_name\" content=\"El Cotarro\" \/>\n<meta property=\"article:publisher\" content=\"https:\/\/www.facebook.com\/ElCotarro.Tenerife\" \/>\n<meta property=\"article:published_time\" content=\"2014-12-21T12:45:34+00:00\" \/>\n<meta property=\"article:modified_time\" content=\"2014-12-21T12:46:01+00:00\" \/>\n<meta name=\"author\" content=\"Jos\u00e9 Carlos Marrero Gonz\u00e1lez\" \/>\n<meta name=\"twitter:label1\" content=\"Escrito por\" \/>\n\t<meta name=\"twitter:data1\" content=\"Jos\u00e9 Carlos Marrero Gonz\u00e1lez\" \/>\n\t<meta name=\"twitter:label2\" content=\"Tiempo de lectura\" \/>\n\t<meta name=\"twitter:data2\" content=\"1 minuto\" \/>\n<script type=\"application\/ld+json\" class=\"yoast-schema-graph\">{\"@context\":\"https:\/\/schema.org\",\"@graph\":[{\"@type\":\"Article\",\"@id\":\"https:\/\/elcotarro.com\/?p=581#article\",\"isPartOf\":{\"@id\":\"https:\/\/elcotarro.com\/?p=581\"},\"author\":{\"name\":\"Jos\u00e9 Carlos Marrero Gonz\u00e1lez\",\"@id\":\"https:\/\/elcotarro.com\/#\/schema\/person\/af537ee7d60d15984c7e0affcd8a918b\"},\"headline\":\"EL EJEMPLO DE RAM\u00d3N FARI\u00d1A\",\"datePublished\":\"2014-12-21T12:45:34+00:00\",\"dateModified\":\"2014-12-21T12:46:01+00:00\",\"mainEntityOfPage\":{\"@id\":\"https:\/\/elcotarro.com\/?p=581\"},\"wordCount\":129,\"commentCount\":0,\"publisher\":{\"@id\":\"https:\/\/elcotarro.com\/#organization\"},\"keywords\":[\"Antonia G\u00f3mez\",\"Ram\u00f3n Ram\u00f3n Fari\u00f1a\"],\"articleSection\":[\"Personajes\"],\"inLanguage\":\"es\",\"potentialAction\":[{\"@type\":\"CommentAction\",\"name\":\"Comment\",\"target\":[\"https:\/\/elcotarro.com\/?p=581#respond\"]}]},{\"@type\":\"WebPage\",\"@id\":\"https:\/\/elcotarro.com\/?p=581\",\"url\":\"https:\/\/elcotarro.com\/?p=581\",\"name\":\"EL EJEMPLO DE RAM\u00d3N FARI\u00d1A - El Cotarrro\",\"isPartOf\":{\"@id\":\"https:\/\/elcotarro.com\/#website\"},\"datePublished\":\"2014-12-21T12:45:34+00:00\",\"dateModified\":\"2014-12-21T12:46:01+00:00\",\"description\":\"La \u00faltima reuni\u00f3n del a\u00f1o de la Comisi\u00f3n Ciudadana para la Convivencia en La Laguna me impidi\u00f3 asistir a la inauguraci\u00f3n, pero eso no quita para que, desd\",\"breadcrumb\":{\"@id\":\"https:\/\/elcotarro.com\/?p=581#breadcrumb\"},\"inLanguage\":\"es\",\"potentialAction\":[{\"@type\":\"ReadAction\",\"target\":[\"https:\/\/elcotarro.com\/?p=581\"]}]},{\"@type\":\"BreadcrumbList\",\"@id\":\"https:\/\/elcotarro.com\/?p=581#breadcrumb\",\"itemListElement\":[{\"@type\":\"ListItem\",\"position\":1,\"name\":\"Portada\",\"item\":\"https:\/\/elcotarro.com\/\"},{\"@type\":\"ListItem\",\"position\":2,\"name\":\"EL EJEMPLO DE RAM\u00d3N FARI\u00d1A\"}]},{\"@type\":\"WebSite\",\"@id\":\"https:\/\/elcotarro.com\/#website\",\"url\":\"https:\/\/elcotarro.com\/\",\"name\":\"El Cotarro\",\"description\":\"Peri\u00f3dico Digital Independiente dirigido por Jos\u00e9 Carlos Marrero\",\"publisher\":{\"@id\":\"https:\/\/elcotarro.com\/#organization\"},\"potentialAction\":[{\"@type\":\"SearchAction\",\"target\":{\"@type\":\"EntryPoint\",\"urlTemplate\":\"https:\/\/elcotarro.com\/?s={search_term_string}\"},\"query-input\":{\"@type\":\"PropertyValueSpecification\",\"valueRequired\":true,\"valueName\":\"search_term_string\"}}],\"inLanguage\":\"es\"},{\"@type\":\"Organization\",\"@id\":\"https:\/\/elcotarro.com\/#organization\",\"name\":\"El Cotarro\",\"url\":\"https:\/\/elcotarro.com\/\",\"logo\":{\"@type\":\"ImageObject\",\"inLanguage\":\"es\",\"@id\":\"https:\/\/elcotarro.com\/#\/schema\/logo\/image\/\",\"url\":\"https:\/\/elcotarro.com\/wp-content\/uploads\/2014\/09\/Cabecera_El_Cotarro_v2.jpg\",\"contentUrl\":\"https:\/\/elcotarro.com\/wp-content\/uploads\/2014\/09\/Cabecera_El_Cotarro_v2.jpg\",\"width\":3540,\"height\":441,\"caption\":\"El Cotarro\"},\"image\":{\"@id\":\"https:\/\/elcotarro.com\/#\/schema\/logo\/image\/\"},\"sameAs\":[\"https:\/\/www.facebook.com\/ElCotarro.Tenerife\"]},{\"@type\":\"Person\",\"@id\":\"https:\/\/elcotarro.com\/#\/schema\/person\/af537ee7d60d15984c7e0affcd8a918b\",\"name\":\"Jos\u00e9 Carlos Marrero Gonz\u00e1lez\",\"image\":{\"@type\":\"ImageObject\",\"inLanguage\":\"es\",\"@id\":\"https:\/\/elcotarro.com\/#\/schema\/person\/image\/\",\"url\":\"https:\/\/secure.gravatar.com\/avatar\/def4da036efb5d32c74d49c351f6dccc064dd69ad9f3aadc295c5a9a5391ca01?s=96&d=mm&r=g\",\"contentUrl\":\"https:\/\/secure.gravatar.com\/avatar\/def4da036efb5d32c74d49c351f6dccc064dd69ad9f3aadc295c5a9a5391ca01?s=96&d=mm&r=g\",\"caption\":\"Jos\u00e9 Carlos Marrero Gonz\u00e1lez\"},\"sameAs\":[\"https:\/\/elcotarro.com\"],\"url\":\"https:\/\/elcotarro.com\/?author=2\"}]}<\/script>\n<!-- \/ Yoast SEO plugin. -->","yoast_head_json":{"title":"EL EJEMPLO DE RAM\u00d3N FARI\u00d1A - El Cotarrro","description":"La \u00faltima reuni\u00f3n del a\u00f1o de la Comisi\u00f3n Ciudadana para la Convivencia en La Laguna me impidi\u00f3 asistir a la inauguraci\u00f3n, pero eso no quita para que, desd","robots":{"index":"index","follow":"follow","max-snippet":"max-snippet:-1","max-image-preview":"max-image-preview:large","max-video-preview":"max-video-preview:-1"},"canonical":"https:\/\/elcotarro.com\/?p=581","og_locale":"es_ES","og_type":"article","og_title":"EL EJEMPLO DE RAM\u00d3N FARI\u00d1A - El Cotarrro","og_description":"La \u00faltima reuni\u00f3n del a\u00f1o de la Comisi\u00f3n Ciudadana para la Convivencia en La Laguna me impidi\u00f3 asistir a la inauguraci\u00f3n, pero eso no quita para que, desd","og_url":"https:\/\/elcotarro.com\/?p=581","og_site_name":"El Cotarro","article_publisher":"https:\/\/www.facebook.com\/ElCotarro.Tenerife","article_published_time":"2014-12-21T12:45:34+00:00","article_modified_time":"2014-12-21T12:46:01+00:00","author":"Jos\u00e9 Carlos Marrero Gonz\u00e1lez","twitter_misc":{"Escrito por":"Jos\u00e9 Carlos Marrero Gonz\u00e1lez","Tiempo de lectura":"1 minuto"},"schema":{"@context":"https:\/\/schema.org","@graph":[{"@type":"Article","@id":"https:\/\/elcotarro.com\/?p=581#article","isPartOf":{"@id":"https:\/\/elcotarro.com\/?p=581"},"author":{"name":"Jos\u00e9 Carlos Marrero Gonz\u00e1lez","@id":"https:\/\/elcotarro.com\/#\/schema\/person\/af537ee7d60d15984c7e0affcd8a918b"},"headline":"EL EJEMPLO DE RAM\u00d3N FARI\u00d1A","datePublished":"2014-12-21T12:45:34+00:00","dateModified":"2014-12-21T12:46:01+00:00","mainEntityOfPage":{"@id":"https:\/\/elcotarro.com\/?p=581"},"wordCount":129,"commentCount":0,"publisher":{"@id":"https:\/\/elcotarro.com\/#organization"},"keywords":["Antonia G\u00f3mez","Ram\u00f3n Ram\u00f3n Fari\u00f1a"],"articleSection":["Personajes"],"inLanguage":"es","potentialAction":[{"@type":"CommentAction","name":"Comment","target":["https:\/\/elcotarro.com\/?p=581#respond"]}]},{"@type":"WebPage","@id":"https:\/\/elcotarro.com\/?p=581","url":"https:\/\/elcotarro.com\/?p=581","name":"EL EJEMPLO DE RAM\u00d3N FARI\u00d1A - El Cotarrro","isPartOf":{"@id":"https:\/\/elcotarro.com\/#website"},"datePublished":"2014-12-21T12:45:34+00:00","dateModified":"2014-12-21T12:46:01+00:00","description":"La \u00faltima reuni\u00f3n del a\u00f1o de la Comisi\u00f3n Ciudadana para la Convivencia en La Laguna me impidi\u00f3 asistir a la inauguraci\u00f3n, pero eso no quita para que, desd","breadcrumb":{"@id":"https:\/\/elcotarro.com\/?p=581#breadcrumb"},"inLanguage":"es","potentialAction":[{"@type":"ReadAction","target":["https:\/\/elcotarro.com\/?p=581"]}]},{"@type":"BreadcrumbList","@id":"https:\/\/elcotarro.com\/?p=581#breadcrumb","itemListElement":[{"@type":"ListItem","position":1,"name":"Portada","item":"https:\/\/elcotarro.com\/"},{"@type":"ListItem","position":2,"name":"EL EJEMPLO DE RAM\u00d3N FARI\u00d1A"}]},{"@type":"WebSite","@id":"https:\/\/elcotarro.com\/#website","url":"https:\/\/elcotarro.com\/","name":"El Cotarro","description":"Peri\u00f3dico Digital Independiente dirigido por Jos\u00e9 Carlos Marrero","publisher":{"@id":"https:\/\/elcotarro.com\/#organization"},"potentialAction":[{"@type":"SearchAction","target":{"@type":"EntryPoint","urlTemplate":"https:\/\/elcotarro.com\/?s={search_term_string}"},"query-input":{"@type":"PropertyValueSpecification","valueRequired":true,"valueName":"search_term_string"}}],"inLanguage":"es"},{"@type":"Organization","@id":"https:\/\/elcotarro.com\/#organization","name":"El Cotarro","url":"https:\/\/elcotarro.com\/","logo":{"@type":"ImageObject","inLanguage":"es","@id":"https:\/\/elcotarro.com\/#\/schema\/logo\/image\/","url":"https:\/\/elcotarro.com\/wp-content\/uploads\/2014\/09\/Cabecera_El_Cotarro_v2.jpg","contentUrl":"https:\/\/elcotarro.com\/wp-content\/uploads\/2014\/09\/Cabecera_El_Cotarro_v2.jpg","width":3540,"height":441,"caption":"El Cotarro"},"image":{"@id":"https:\/\/elcotarro.com\/#\/schema\/logo\/image\/"},"sameAs":["https:\/\/www.facebook.com\/ElCotarro.Tenerife"]},{"@type":"Person","@id":"https:\/\/elcotarro.com\/#\/schema\/person\/af537ee7d60d15984c7e0affcd8a918b","name":"Jos\u00e9 Carlos Marrero Gonz\u00e1lez","image":{"@type":"ImageObject","inLanguage":"es","@id":"https:\/\/elcotarro.com\/#\/schema\/person\/image\/","url":"https:\/\/secure.gravatar.com\/avatar\/def4da036efb5d32c74d49c351f6dccc064dd69ad9f3aadc295c5a9a5391ca01?s=96&d=mm&r=g","contentUrl":"https:\/\/secure.gravatar.com\/avatar\/def4da036efb5d32c74d49c351f6dccc064dd69ad9f3aadc295c5a9a5391ca01?s=96&d=mm&r=g","caption":"Jos\u00e9 Carlos Marrero Gonz\u00e1lez"},"sameAs":["https:\/\/elcotarro.com"],"url":"https:\/\/elcotarro.com\/?author=2"}]}},"jetpack_featured_media_url":"","jetpack_sharing_enabled":true,"_links":{"self":[{"href":"https:\/\/elcotarro.com\/index.php?rest_route=\/wp\/v2\/posts\/581","targetHints":{"allow":["GET"]}}],"collection":[{"href":"https:\/\/elcotarro.com\/index.php?rest_route=\/wp\/v2\/posts"}],"about":[{"href":"https:\/\/elcotarro.com\/index.php?rest_route=\/wp\/v2\/types\/post"}],"author":[{"embeddable":true,"href":"https:\/\/elcotarro.com\/index.php?rest_route=\/wp\/v2\/users\/2"}],"replies":[{"embeddable":true,"href":"https:\/\/elcotarro.com\/index.php?rest_route=%2Fwp%2Fv2%2Fcomments&post=581"}],"version-history":[{"count":1,"href":"https:\/\/elcotarro.com\/index.php?rest_route=\/wp\/v2\/posts\/581\/revisions"}],"predecessor-version":[{"id":583,"href":"https:\/\/elcotarro.com\/index.php?rest_route=\/wp\/v2\/posts\/581\/revisions\/583"}],"wp:attachment":[{"href":"https:\/\/elcotarro.com\/index.php?rest_route=%2Fwp%2Fv2%2Fmedia&parent=581"}],"wp:term":[{"taxonomy":"category","embeddable":true,"href":"https:\/\/elcotarro.com\/index.php?rest_route=%2Fwp%2Fv2%2Fcategories&post=581"},{"taxonomy":"post_tag","embeddable":true,"href":"https:\/\/elcotarro.com\/index.php?rest_route=%2Fwp%2Fv2%2Ftags&post=581"}],"curies":[{"name":"wp","href":"https:\/\/api.w.org\/{rel}","templated":true}]}}