{"id":5818,"date":"2018-09-02T11:05:32","date_gmt":"2018-09-02T10:05:32","guid":{"rendered":"https:\/\/elcotarro.com\/?p=5818"},"modified":"2018-09-01T10:24:27","modified_gmt":"2018-09-01T09:24:27","slug":"lo-que-hay-detras-de-una-hermandad","status":"publish","type":"post","link":"https:\/\/elcotarro.com\/?p=5818","title":{"rendered":"LO QUE HAY DETR\u00c1S DE UNA HERMANDAD"},"content":{"rendered":"<p>Les promet\u00ed hace unas semanas que les iba a hablar (con datos contrastados) sobre el proyecto de dotar a La Laguna de un nuevo velatorio (que no tanatorio) en un espacio anexo a la Plaza del Cristo. Para cumplir con lo prometido, debo comenzar explicando una realidad, que es la siguiente. Una hermandad como la Pontificia, Real y Venerable Esclavitud del Stmo. Cristo de La Laguna, que actualmente preside como Esclavo Mayor el abogado <strong>Francisco Doblas Gonz\u00e1lez de Aledo,\u00a0<\/strong>ostenta la propiedad del Real Santuario y sus dependencias anexas, as\u00ed como, lo m\u00e1s importante, la Sagrada Imagen del Cristo lagunero, que custodian con veneraci\u00f3n y desvelo. Adem\u00e1s, esta asociaci\u00f3n religiosa, casi la m\u00e1s antigua de Canarias, desarrolla con discreci\u00f3n una gran labor social y caritativa (quiz\u00e1 poco y mal divulgada) que es bastante desconocida y, quiz\u00e1 por ello, no suficientemente valorada.<\/p>\n<p style=\"text-align: center\"><a href=\"https:\/\/elcotarro.com\/wp-content\/uploads\/2018\/09\/FOTO-1.-CARTEL-2018.jpg\"><img loading=\"lazy\" decoding=\"async\" class=\"alignnone size-full wp-image-5819\" src=\"https:\/\/elcotarro.com\/wp-content\/uploads\/2018\/09\/FOTO-1.-CARTEL-2018.jpg\" alt=\"FOTO 1.- CARTEL 2018\" width=\"1008\" height=\"756\" srcset=\"https:\/\/elcotarro.com\/wp-content\/uploads\/2018\/09\/FOTO-1.-CARTEL-2018.jpg 1008w, https:\/\/elcotarro.com\/wp-content\/uploads\/2018\/09\/FOTO-1.-CARTEL-2018-300x225.jpg 300w\" sizes=\"auto, (max-width: 1008px) 100vw, 1008px\" \/><\/a><\/p>\n<p style=\"text-align: center\"><em>De izquierda a derecha: Jos\u00e9 Alberto D\u00edaz (alcalde de La Laguna), Elena Lecuona Monteverde (pintora autora del cartel de las Fiestas de Septiembre 2018 de la Esclavitud), Francisco Doblas Gonz\u00e1lez de Aledo (Esclavo Mayor) y Daniel Padilla (Rector del Real Santuario del Stmo. Cristo de La Laguna), durante la presentaci\u00f3n oficial del cartel.<\/em><\/p>\n","protected":false},"excerpt":{"rendered":"<p>Les promet\u00ed hace unas semanas que les iba a hablar (con datos contrastados) sobre el proyecto de dotar a La Laguna de un nuevo velatorio (que no tanatorio) en un espacio anexo a la Plaza del Cristo. Para cumplir con lo prometido, debo comenzar explicando una realidad, que es la siguiente. Una hermandad como la &#8230; <a class=\"read-more\" href=\"https:\/\/elcotarro.com\/?p=5818\">Read more<\/a><\/p>\n","protected":false},"author":2,"featured_media":0,"comment_status":"open","ping_status":"open","sticky":false,"template":"","format":"standard","meta":{"_jetpack_memberships_contains_paid_content":false,"footnotes":""},"categories":[1],"tags":[],"class_list":["post-5818","post","type-post","status-publish","format-standard","hentry","category-sin-categoria"],"yoast_head":"<!-- This site is optimized with the Yoast SEO plugin v27.0 - https:\/\/yoast.com\/product\/yoast-seo-wordpress\/ -->\n<title>LO QUE HAY DETR\u00c1S DE UNA HERMANDAD - El Cotarro<\/title>\n<meta name=\"robots\" content=\"index, follow, max-snippet:-1, max-image-preview:large, max-video-preview:-1\" \/>\n<link rel=\"canonical\" href=\"https:\/\/elcotarro.com\/?p=5818\" \/>\n<meta property=\"og:locale\" content=\"es_ES\" \/>\n<meta property=\"og:type\" content=\"article\" \/>\n<meta property=\"og:title\" content=\"LO QUE HAY DETR\u00c1S DE UNA HERMANDAD - El Cotarro\" \/>\n<meta property=\"og:description\" content=\"Les promet\u00ed hace unas semanas que les iba a hablar (con datos contrastados) sobre el proyecto de dotar a La Laguna de un nuevo velatorio (que no tanatorio) en un espacio anexo a la Plaza del Cristo. Para cumplir con lo prometido, debo comenzar explicando una realidad, que es la siguiente. Una hermandad como la ... Read more\" \/>\n<meta property=\"og:url\" content=\"https:\/\/elcotarro.com\/?p=5818\" \/>\n<meta property=\"og:site_name\" content=\"El Cotarro\" \/>\n<meta property=\"article:publisher\" content=\"https:\/\/www.facebook.com\/ElCotarro.Tenerife\" \/>\n<meta property=\"article:published_time\" content=\"2018-09-02T10:05:32+00:00\" \/>\n<meta property=\"og:image\" content=\"https:\/\/elcotarro.com\/wp-content\/uploads\/2018\/09\/FOTO-1.-CARTEL-2018.jpg\" \/>\n<meta name=\"author\" content=\"Jos\u00e9 Carlos Marrero Gonz\u00e1lez\" \/>\n<meta name=\"twitter:label1\" content=\"Escrito por\" \/>\n\t<meta name=\"twitter:data1\" content=\"Jos\u00e9 Carlos Marrero Gonz\u00e1lez\" \/>\n\t<meta name=\"twitter:label2\" content=\"Tiempo de lectura\" \/>\n\t<meta name=\"twitter:data2\" content=\"1 minuto\" \/>\n<script type=\"application\/ld+json\" class=\"yoast-schema-graph\">{\"@context\":\"https:\/\/schema.org\",\"@graph\":[{\"@type\":\"Article\",\"@id\":\"https:\/\/elcotarro.com\/?p=5818#article\",\"isPartOf\":{\"@id\":\"https:\/\/elcotarro.com\/?p=5818\"},\"author\":{\"name\":\"Jos\u00e9 Carlos Marrero Gonz\u00e1lez\",\"@id\":\"https:\/\/elcotarro.com\/#\/schema\/person\/af537ee7d60d15984c7e0affcd8a918b\"},\"headline\":\"LO QUE HAY DETR\u00c1S DE UNA HERMANDAD\",\"datePublished\":\"2018-09-02T10:05:32+00:00\",\"mainEntityOfPage\":{\"@id\":\"https:\/\/elcotarro.com\/?p=5818\"},\"wordCount\":211,\"commentCount\":0,\"publisher\":{\"@id\":\"https:\/\/elcotarro.com\/#organization\"},\"image\":{\"@id\":\"https:\/\/elcotarro.com\/?p=5818#primaryimage\"},\"thumbnailUrl\":\"https:\/\/elcotarro.com\/wp-content\/uploads\/2018\/09\/FOTO-1.-CARTEL-2018.jpg\",\"inLanguage\":\"es\",\"potentialAction\":[{\"@type\":\"CommentAction\",\"name\":\"Comment\",\"target\":[\"https:\/\/elcotarro.com\/?p=5818#respond\"]}]},{\"@type\":\"WebPage\",\"@id\":\"https:\/\/elcotarro.com\/?p=5818\",\"url\":\"https:\/\/elcotarro.com\/?p=5818\",\"name\":\"LO QUE HAY DETR\u00c1S DE UNA HERMANDAD - El Cotarro\",\"isPartOf\":{\"@id\":\"https:\/\/elcotarro.com\/#website\"},\"primaryImageOfPage\":{\"@id\":\"https:\/\/elcotarro.com\/?p=5818#primaryimage\"},\"image\":{\"@id\":\"https:\/\/elcotarro.com\/?p=5818#primaryimage\"},\"thumbnailUrl\":\"https:\/\/elcotarro.com\/wp-content\/uploads\/2018\/09\/FOTO-1.-CARTEL-2018.jpg\",\"datePublished\":\"2018-09-02T10:05:32+00:00\",\"breadcrumb\":{\"@id\":\"https:\/\/elcotarro.com\/?p=5818#breadcrumb\"},\"inLanguage\":\"es\",\"potentialAction\":[{\"@type\":\"ReadAction\",\"target\":[\"https:\/\/elcotarro.com\/?p=5818\"]}]},{\"@type\":\"ImageObject\",\"inLanguage\":\"es\",\"@id\":\"https:\/\/elcotarro.com\/?p=5818#primaryimage\",\"url\":\"https:\/\/elcotarro.com\/wp-content\/uploads\/2018\/09\/FOTO-1.-CARTEL-2018.jpg\",\"contentUrl\":\"https:\/\/elcotarro.com\/wp-content\/uploads\/2018\/09\/FOTO-1.-CARTEL-2018.jpg\",\"width\":1008,\"height\":756},{\"@type\":\"BreadcrumbList\",\"@id\":\"https:\/\/elcotarro.com\/?p=5818#breadcrumb\",\"itemListElement\":[{\"@type\":\"ListItem\",\"position\":1,\"name\":\"Portada\",\"item\":\"https:\/\/elcotarro.com\/\"},{\"@type\":\"ListItem\",\"position\":2,\"name\":\"LO QUE HAY DETR\u00c1S DE UNA HERMANDAD\"}]},{\"@type\":\"WebSite\",\"@id\":\"https:\/\/elcotarro.com\/#website\",\"url\":\"https:\/\/elcotarro.com\/\",\"name\":\"El Cotarro\",\"description\":\"Peri\u00f3dico Digital Independiente dirigido por Jos\u00e9 Carlos Marrero\",\"publisher\":{\"@id\":\"https:\/\/elcotarro.com\/#organization\"},\"potentialAction\":[{\"@type\":\"SearchAction\",\"target\":{\"@type\":\"EntryPoint\",\"urlTemplate\":\"https:\/\/elcotarro.com\/?s={search_term_string}\"},\"query-input\":{\"@type\":\"PropertyValueSpecification\",\"valueRequired\":true,\"valueName\":\"search_term_string\"}}],\"inLanguage\":\"es\"},{\"@type\":\"Organization\",\"@id\":\"https:\/\/elcotarro.com\/#organization\",\"name\":\"El Cotarro\",\"url\":\"https:\/\/elcotarro.com\/\",\"logo\":{\"@type\":\"ImageObject\",\"inLanguage\":\"es\",\"@id\":\"https:\/\/elcotarro.com\/#\/schema\/logo\/image\/\",\"url\":\"https:\/\/elcotarro.com\/wp-content\/uploads\/2014\/09\/Cabecera_El_Cotarro_v2.jpg\",\"contentUrl\":\"https:\/\/elcotarro.com\/wp-content\/uploads\/2014\/09\/Cabecera_El_Cotarro_v2.jpg\",\"width\":3540,\"height\":441,\"caption\":\"El Cotarro\"},\"image\":{\"@id\":\"https:\/\/elcotarro.com\/#\/schema\/logo\/image\/\"},\"sameAs\":[\"https:\/\/www.facebook.com\/ElCotarro.Tenerife\"]},{\"@type\":\"Person\",\"@id\":\"https:\/\/elcotarro.com\/#\/schema\/person\/af537ee7d60d15984c7e0affcd8a918b\",\"name\":\"Jos\u00e9 Carlos Marrero Gonz\u00e1lez\",\"image\":{\"@type\":\"ImageObject\",\"inLanguage\":\"es\",\"@id\":\"https:\/\/elcotarro.com\/#\/schema\/person\/image\/\",\"url\":\"https:\/\/secure.gravatar.com\/avatar\/def4da036efb5d32c74d49c351f6dccc064dd69ad9f3aadc295c5a9a5391ca01?s=96&d=mm&r=g\",\"contentUrl\":\"https:\/\/secure.gravatar.com\/avatar\/def4da036efb5d32c74d49c351f6dccc064dd69ad9f3aadc295c5a9a5391ca01?s=96&d=mm&r=g\",\"caption\":\"Jos\u00e9 Carlos Marrero Gonz\u00e1lez\"},\"sameAs\":[\"https:\/\/elcotarro.com\"],\"url\":\"https:\/\/elcotarro.com\/?author=2\"}]}<\/script>\n<!-- \/ Yoast SEO plugin. -->","yoast_head_json":{"title":"LO QUE HAY DETR\u00c1S DE UNA HERMANDAD - El Cotarro","robots":{"index":"index","follow":"follow","max-snippet":"max-snippet:-1","max-image-preview":"max-image-preview:large","max-video-preview":"max-video-preview:-1"},"canonical":"https:\/\/elcotarro.com\/?p=5818","og_locale":"es_ES","og_type":"article","og_title":"LO QUE HAY DETR\u00c1S DE UNA HERMANDAD - El Cotarro","og_description":"Les promet\u00ed hace unas semanas que les iba a hablar (con datos contrastados) sobre el proyecto de dotar a La Laguna de un nuevo velatorio (que no tanatorio) en un espacio anexo a la Plaza del Cristo. Para cumplir con lo prometido, debo comenzar explicando una realidad, que es la siguiente. Una hermandad como la ... Read more","og_url":"https:\/\/elcotarro.com\/?p=5818","og_site_name":"El Cotarro","article_publisher":"https:\/\/www.facebook.com\/ElCotarro.Tenerife","article_published_time":"2018-09-02T10:05:32+00:00","og_image":[{"url":"https:\/\/elcotarro.com\/wp-content\/uploads\/2018\/09\/FOTO-1.-CARTEL-2018.jpg","type":"","width":"","height":""}],"author":"Jos\u00e9 Carlos Marrero Gonz\u00e1lez","twitter_misc":{"Escrito por":"Jos\u00e9 Carlos Marrero Gonz\u00e1lez","Tiempo de lectura":"1 minuto"},"schema":{"@context":"https:\/\/schema.org","@graph":[{"@type":"Article","@id":"https:\/\/elcotarro.com\/?p=5818#article","isPartOf":{"@id":"https:\/\/elcotarro.com\/?p=5818"},"author":{"name":"Jos\u00e9 Carlos Marrero Gonz\u00e1lez","@id":"https:\/\/elcotarro.com\/#\/schema\/person\/af537ee7d60d15984c7e0affcd8a918b"},"headline":"LO QUE HAY DETR\u00c1S DE UNA HERMANDAD","datePublished":"2018-09-02T10:05:32+00:00","mainEntityOfPage":{"@id":"https:\/\/elcotarro.com\/?p=5818"},"wordCount":211,"commentCount":0,"publisher":{"@id":"https:\/\/elcotarro.com\/#organization"},"image":{"@id":"https:\/\/elcotarro.com\/?p=5818#primaryimage"},"thumbnailUrl":"https:\/\/elcotarro.com\/wp-content\/uploads\/2018\/09\/FOTO-1.-CARTEL-2018.jpg","inLanguage":"es","potentialAction":[{"@type":"CommentAction","name":"Comment","target":["https:\/\/elcotarro.com\/?p=5818#respond"]}]},{"@type":"WebPage","@id":"https:\/\/elcotarro.com\/?p=5818","url":"https:\/\/elcotarro.com\/?p=5818","name":"LO QUE HAY DETR\u00c1S DE UNA HERMANDAD - El Cotarro","isPartOf":{"@id":"https:\/\/elcotarro.com\/#website"},"primaryImageOfPage":{"@id":"https:\/\/elcotarro.com\/?p=5818#primaryimage"},"image":{"@id":"https:\/\/elcotarro.com\/?p=5818#primaryimage"},"thumbnailUrl":"https:\/\/elcotarro.com\/wp-content\/uploads\/2018\/09\/FOTO-1.-CARTEL-2018.jpg","datePublished":"2018-09-02T10:05:32+00:00","breadcrumb":{"@id":"https:\/\/elcotarro.com\/?p=5818#breadcrumb"},"inLanguage":"es","potentialAction":[{"@type":"ReadAction","target":["https:\/\/elcotarro.com\/?p=5818"]}]},{"@type":"ImageObject","inLanguage":"es","@id":"https:\/\/elcotarro.com\/?p=5818#primaryimage","url":"https:\/\/elcotarro.com\/wp-content\/uploads\/2018\/09\/FOTO-1.-CARTEL-2018.jpg","contentUrl":"https:\/\/elcotarro.com\/wp-content\/uploads\/2018\/09\/FOTO-1.-CARTEL-2018.jpg","width":1008,"height":756},{"@type":"BreadcrumbList","@id":"https:\/\/elcotarro.com\/?p=5818#breadcrumb","itemListElement":[{"@type":"ListItem","position":1,"name":"Portada","item":"https:\/\/elcotarro.com\/"},{"@type":"ListItem","position":2,"name":"LO QUE HAY DETR\u00c1S DE UNA HERMANDAD"}]},{"@type":"WebSite","@id":"https:\/\/elcotarro.com\/#website","url":"https:\/\/elcotarro.com\/","name":"El Cotarro","description":"Peri\u00f3dico Digital Independiente dirigido por Jos\u00e9 Carlos Marrero","publisher":{"@id":"https:\/\/elcotarro.com\/#organization"},"potentialAction":[{"@type":"SearchAction","target":{"@type":"EntryPoint","urlTemplate":"https:\/\/elcotarro.com\/?s={search_term_string}"},"query-input":{"@type":"PropertyValueSpecification","valueRequired":true,"valueName":"search_term_string"}}],"inLanguage":"es"},{"@type":"Organization","@id":"https:\/\/elcotarro.com\/#organization","name":"El Cotarro","url":"https:\/\/elcotarro.com\/","logo":{"@type":"ImageObject","inLanguage":"es","@id":"https:\/\/elcotarro.com\/#\/schema\/logo\/image\/","url":"https:\/\/elcotarro.com\/wp-content\/uploads\/2014\/09\/Cabecera_El_Cotarro_v2.jpg","contentUrl":"https:\/\/elcotarro.com\/wp-content\/uploads\/2014\/09\/Cabecera_El_Cotarro_v2.jpg","width":3540,"height":441,"caption":"El Cotarro"},"image":{"@id":"https:\/\/elcotarro.com\/#\/schema\/logo\/image\/"},"sameAs":["https:\/\/www.facebook.com\/ElCotarro.Tenerife"]},{"@type":"Person","@id":"https:\/\/elcotarro.com\/#\/schema\/person\/af537ee7d60d15984c7e0affcd8a918b","name":"Jos\u00e9 Carlos Marrero Gonz\u00e1lez","image":{"@type":"ImageObject","inLanguage":"es","@id":"https:\/\/elcotarro.com\/#\/schema\/person\/image\/","url":"https:\/\/secure.gravatar.com\/avatar\/def4da036efb5d32c74d49c351f6dccc064dd69ad9f3aadc295c5a9a5391ca01?s=96&d=mm&r=g","contentUrl":"https:\/\/secure.gravatar.com\/avatar\/def4da036efb5d32c74d49c351f6dccc064dd69ad9f3aadc295c5a9a5391ca01?s=96&d=mm&r=g","caption":"Jos\u00e9 Carlos Marrero Gonz\u00e1lez"},"sameAs":["https:\/\/elcotarro.com"],"url":"https:\/\/elcotarro.com\/?author=2"}]}},"jetpack_featured_media_url":"","jetpack_sharing_enabled":true,"_links":{"self":[{"href":"https:\/\/elcotarro.com\/index.php?rest_route=\/wp\/v2\/posts\/5818","targetHints":{"allow":["GET"]}}],"collection":[{"href":"https:\/\/elcotarro.com\/index.php?rest_route=\/wp\/v2\/posts"}],"about":[{"href":"https:\/\/elcotarro.com\/index.php?rest_route=\/wp\/v2\/types\/post"}],"author":[{"embeddable":true,"href":"https:\/\/elcotarro.com\/index.php?rest_route=\/wp\/v2\/users\/2"}],"replies":[{"embeddable":true,"href":"https:\/\/elcotarro.com\/index.php?rest_route=%2Fwp%2Fv2%2Fcomments&post=5818"}],"version-history":[{"count":1,"href":"https:\/\/elcotarro.com\/index.php?rest_route=\/wp\/v2\/posts\/5818\/revisions"}],"predecessor-version":[{"id":5820,"href":"https:\/\/elcotarro.com\/index.php?rest_route=\/wp\/v2\/posts\/5818\/revisions\/5820"}],"wp:attachment":[{"href":"https:\/\/elcotarro.com\/index.php?rest_route=%2Fwp%2Fv2%2Fmedia&parent=5818"}],"wp:term":[{"taxonomy":"category","embeddable":true,"href":"https:\/\/elcotarro.com\/index.php?rest_route=%2Fwp%2Fv2%2Fcategories&post=5818"},{"taxonomy":"post_tag","embeddable":true,"href":"https:\/\/elcotarro.com\/index.php?rest_route=%2Fwp%2Fv2%2Ftags&post=5818"}],"curies":[{"name":"wp","href":"https:\/\/api.w.org\/{rel}","templated":true}]}}