{"id":5827,"date":"2018-09-02T11:02:21","date_gmt":"2018-09-02T10:02:21","guid":{"rendered":"https:\/\/elcotarro.com\/?p=5827"},"modified":"2018-09-01T10:29:28","modified_gmt":"2018-09-01T09:29:28","slug":"nunca-una-nueva-batalla-de-acentejo","status":"publish","type":"post","link":"https:\/\/elcotarro.com\/?p=5827","title":{"rendered":"NUNCA UNA NUEVA BATALLA DE ACENTEJO"},"content":{"rendered":"<p>Tras la aprobaci\u00f3n por parte de la Junta General de la Esclavitud (por unanimidad, repito) la iniciativa se ha ido desarrollando con rigor y absoluta transparencia. Se ha informado a los anteriores esclavos mayores, se ha hablado con las administraciones p\u00fablicas que pudieran tener responsabilidades o algo que ver (directa o indirectamente) con el proyecto y, sobre todo, se ha solicitado todo tipo de informes para garantizar que el mismo es legal y cumple con la normativa. <strong>Francisco Doblas\u00a0<\/strong>y su Junta recibieron varias propuestas y ofertas y, tras su riguroso estudio, se opt\u00f3 por la de la empresa M\u00e9mora, que garantiza una importante cantidad fija de dinero durante 30 a\u00f1os, adem\u00e1s de otros beneficios complementarios. O sea, que no hay que hacer de todo esto una nueva batalla de Acentejo. M\u00e9mora regentar\u00e1 el velatorio \u201cPlaza del Cristo\u201d promovido por la Esclavitud, y funeraria Acentejo el velatorio \u201cPlaza de La Catedral\u201d, propiedad de los Hermanos Bethlemitas. Y am\u00e9n. \u00bfO es que alguien tiene alg\u00fan otro inter\u00e9s oculto, que a\u00fan no ha aflorado y que no se atreve a confesar?<\/p>\n<p style=\"text-align: center\"><a href=\"https:\/\/elcotarro.com\/wp-content\/uploads\/2018\/09\/FOTO-4.-INFOGRAF\u00cdA-ERRONEA.jpg\"><img loading=\"lazy\" decoding=\"async\" class=\"alignnone size-full wp-image-5828\" src=\"https:\/\/elcotarro.com\/wp-content\/uploads\/2018\/09\/FOTO-4.-INFOGRAF\u00cdA-ERRONEA.jpg\" alt=\"FOTO 4.- INFOGRAF\u00cdA ERRONEA\" width=\"886\" height=\"341\" srcset=\"https:\/\/elcotarro.com\/wp-content\/uploads\/2018\/09\/FOTO-4.-INFOGRAF\u00cdA-ERRONEA.jpg 886w, https:\/\/elcotarro.com\/wp-content\/uploads\/2018\/09\/FOTO-4.-INFOGRAF\u00cdA-ERRONEA-300x115.jpg 300w\" sizes=\"auto, (max-width: 886px) 100vw, 886px\" \/><\/a><\/p>\n<p style=\"text-align: center\"><em>Infograf\u00eda falsa o claramente manipulada, en la que se ve una edificaci\u00f3n de casi 3 plantas que NO se ajusta al proyecto real.<\/em><\/p>\n","protected":false},"excerpt":{"rendered":"<p>Tras la aprobaci\u00f3n por parte de la Junta General de la Esclavitud (por unanimidad, repito) la iniciativa se ha ido desarrollando con rigor y absoluta transparencia. Se ha informado a los anteriores esclavos mayores, se ha hablado con las administraciones p\u00fablicas que pudieran tener responsabilidades o algo que ver (directa o indirectamente) con el proyecto &#8230; <a class=\"read-more\" href=\"https:\/\/elcotarro.com\/?p=5827\">Read more<\/a><\/p>\n","protected":false},"author":2,"featured_media":0,"comment_status":"open","ping_status":"open","sticky":false,"template":"","format":"standard","meta":{"_jetpack_memberships_contains_paid_content":false,"footnotes":""},"categories":[1],"tags":[],"class_list":["post-5827","post","type-post","status-publish","format-standard","hentry","category-sin-categoria"],"yoast_head":"<!-- This site is optimized with the Yoast SEO plugin v27.0 - https:\/\/yoast.com\/product\/yoast-seo-wordpress\/ -->\n<title>NUNCA UNA NUEVA BATALLA DE ACENTEJO - El Cotarro<\/title>\n<meta name=\"robots\" content=\"index, follow, max-snippet:-1, max-image-preview:large, max-video-preview:-1\" \/>\n<link rel=\"canonical\" href=\"https:\/\/elcotarro.com\/?p=5827\" \/>\n<meta property=\"og:locale\" content=\"es_ES\" \/>\n<meta property=\"og:type\" content=\"article\" \/>\n<meta property=\"og:title\" content=\"NUNCA UNA NUEVA BATALLA DE ACENTEJO - El Cotarro\" \/>\n<meta property=\"og:description\" content=\"Tras la aprobaci\u00f3n por parte de la Junta General de la Esclavitud (por unanimidad, repito) la iniciativa se ha ido desarrollando con rigor y absoluta transparencia. Se ha informado a los anteriores esclavos mayores, se ha hablado con las administraciones p\u00fablicas que pudieran tener responsabilidades o algo que ver (directa o indirectamente) con el proyecto ... Read more\" \/>\n<meta property=\"og:url\" content=\"https:\/\/elcotarro.com\/?p=5827\" \/>\n<meta property=\"og:site_name\" content=\"El Cotarro\" \/>\n<meta property=\"article:publisher\" content=\"https:\/\/www.facebook.com\/ElCotarro.Tenerife\" \/>\n<meta property=\"article:published_time\" content=\"2018-09-02T10:02:21+00:00\" \/>\n<meta name=\"author\" content=\"Jos\u00e9 Carlos Marrero Gonz\u00e1lez\" \/>\n<meta name=\"twitter:label1\" content=\"Escrito por\" \/>\n\t<meta name=\"twitter:data1\" content=\"Jos\u00e9 Carlos Marrero Gonz\u00e1lez\" \/>\n\t<meta name=\"twitter:label2\" content=\"Tiempo de lectura\" \/>\n\t<meta name=\"twitter:data2\" content=\"1 minuto\" \/>\n<script type=\"application\/ld+json\" class=\"yoast-schema-graph\">{\"@context\":\"https:\/\/schema.org\",\"@graph\":[{\"@type\":\"Article\",\"@id\":\"https:\/\/elcotarro.com\/?p=5827#article\",\"isPartOf\":{\"@id\":\"https:\/\/elcotarro.com\/?p=5827\"},\"author\":{\"name\":\"Jos\u00e9 Carlos Marrero Gonz\u00e1lez\",\"@id\":\"https:\/\/elcotarro.com\/#\/schema\/person\/af537ee7d60d15984c7e0affcd8a918b\"},\"headline\":\"NUNCA UNA NUEVA BATALLA DE ACENTEJO\",\"datePublished\":\"2018-09-02T10:02:21+00:00\",\"mainEntityOfPage\":{\"@id\":\"https:\/\/elcotarro.com\/?p=5827\"},\"wordCount\":218,\"commentCount\":0,\"publisher\":{\"@id\":\"https:\/\/elcotarro.com\/#organization\"},\"inLanguage\":\"es\",\"potentialAction\":[{\"@type\":\"CommentAction\",\"name\":\"Comment\",\"target\":[\"https:\/\/elcotarro.com\/?p=5827#respond\"]}]},{\"@type\":\"WebPage\",\"@id\":\"https:\/\/elcotarro.com\/?p=5827\",\"url\":\"https:\/\/elcotarro.com\/?p=5827\",\"name\":\"NUNCA UNA NUEVA BATALLA DE ACENTEJO - El Cotarro\",\"isPartOf\":{\"@id\":\"https:\/\/elcotarro.com\/#website\"},\"datePublished\":\"2018-09-02T10:02:21+00:00\",\"breadcrumb\":{\"@id\":\"https:\/\/elcotarro.com\/?p=5827#breadcrumb\"},\"inLanguage\":\"es\",\"potentialAction\":[{\"@type\":\"ReadAction\",\"target\":[\"https:\/\/elcotarro.com\/?p=5827\"]}]},{\"@type\":\"BreadcrumbList\",\"@id\":\"https:\/\/elcotarro.com\/?p=5827#breadcrumb\",\"itemListElement\":[{\"@type\":\"ListItem\",\"position\":1,\"name\":\"Portada\",\"item\":\"https:\/\/elcotarro.com\/\"},{\"@type\":\"ListItem\",\"position\":2,\"name\":\"NUNCA UNA NUEVA BATALLA DE ACENTEJO\"}]},{\"@type\":\"WebSite\",\"@id\":\"https:\/\/elcotarro.com\/#website\",\"url\":\"https:\/\/elcotarro.com\/\",\"name\":\"El Cotarro\",\"description\":\"Peri\u00f3dico Digital Independiente dirigido por Jos\u00e9 Carlos Marrero\",\"publisher\":{\"@id\":\"https:\/\/elcotarro.com\/#organization\"},\"potentialAction\":[{\"@type\":\"SearchAction\",\"target\":{\"@type\":\"EntryPoint\",\"urlTemplate\":\"https:\/\/elcotarro.com\/?s={search_term_string}\"},\"query-input\":{\"@type\":\"PropertyValueSpecification\",\"valueRequired\":true,\"valueName\":\"search_term_string\"}}],\"inLanguage\":\"es\"},{\"@type\":\"Organization\",\"@id\":\"https:\/\/elcotarro.com\/#organization\",\"name\":\"El Cotarro\",\"url\":\"https:\/\/elcotarro.com\/\",\"logo\":{\"@type\":\"ImageObject\",\"inLanguage\":\"es\",\"@id\":\"https:\/\/elcotarro.com\/#\/schema\/logo\/image\/\",\"url\":\"https:\/\/elcotarro.com\/wp-content\/uploads\/2014\/09\/Cabecera_El_Cotarro_v2.jpg\",\"contentUrl\":\"https:\/\/elcotarro.com\/wp-content\/uploads\/2014\/09\/Cabecera_El_Cotarro_v2.jpg\",\"width\":3540,\"height\":441,\"caption\":\"El Cotarro\"},\"image\":{\"@id\":\"https:\/\/elcotarro.com\/#\/schema\/logo\/image\/\"},\"sameAs\":[\"https:\/\/www.facebook.com\/ElCotarro.Tenerife\"]},{\"@type\":\"Person\",\"@id\":\"https:\/\/elcotarro.com\/#\/schema\/person\/af537ee7d60d15984c7e0affcd8a918b\",\"name\":\"Jos\u00e9 Carlos Marrero Gonz\u00e1lez\",\"image\":{\"@type\":\"ImageObject\",\"inLanguage\":\"es\",\"@id\":\"https:\/\/elcotarro.com\/#\/schema\/person\/image\/\",\"url\":\"https:\/\/secure.gravatar.com\/avatar\/def4da036efb5d32c74d49c351f6dccc064dd69ad9f3aadc295c5a9a5391ca01?s=96&d=mm&r=g\",\"contentUrl\":\"https:\/\/secure.gravatar.com\/avatar\/def4da036efb5d32c74d49c351f6dccc064dd69ad9f3aadc295c5a9a5391ca01?s=96&d=mm&r=g\",\"caption\":\"Jos\u00e9 Carlos Marrero Gonz\u00e1lez\"},\"sameAs\":[\"https:\/\/elcotarro.com\"],\"url\":\"https:\/\/elcotarro.com\/?author=2\"}]}<\/script>\n<!-- \/ Yoast SEO plugin. -->","yoast_head_json":{"title":"NUNCA UNA NUEVA BATALLA DE ACENTEJO - El Cotarro","robots":{"index":"index","follow":"follow","max-snippet":"max-snippet:-1","max-image-preview":"max-image-preview:large","max-video-preview":"max-video-preview:-1"},"canonical":"https:\/\/elcotarro.com\/?p=5827","og_locale":"es_ES","og_type":"article","og_title":"NUNCA UNA NUEVA BATALLA DE ACENTEJO - El Cotarro","og_description":"Tras la aprobaci\u00f3n por parte de la Junta General de la Esclavitud (por unanimidad, repito) la iniciativa se ha ido desarrollando con rigor y absoluta transparencia. Se ha informado a los anteriores esclavos mayores, se ha hablado con las administraciones p\u00fablicas que pudieran tener responsabilidades o algo que ver (directa o indirectamente) con el proyecto ... Read more","og_url":"https:\/\/elcotarro.com\/?p=5827","og_site_name":"El Cotarro","article_publisher":"https:\/\/www.facebook.com\/ElCotarro.Tenerife","article_published_time":"2018-09-02T10:02:21+00:00","author":"Jos\u00e9 Carlos Marrero Gonz\u00e1lez","twitter_misc":{"Escrito por":"Jos\u00e9 Carlos Marrero Gonz\u00e1lez","Tiempo de lectura":"1 minuto"},"schema":{"@context":"https:\/\/schema.org","@graph":[{"@type":"Article","@id":"https:\/\/elcotarro.com\/?p=5827#article","isPartOf":{"@id":"https:\/\/elcotarro.com\/?p=5827"},"author":{"name":"Jos\u00e9 Carlos Marrero Gonz\u00e1lez","@id":"https:\/\/elcotarro.com\/#\/schema\/person\/af537ee7d60d15984c7e0affcd8a918b"},"headline":"NUNCA UNA NUEVA BATALLA DE ACENTEJO","datePublished":"2018-09-02T10:02:21+00:00","mainEntityOfPage":{"@id":"https:\/\/elcotarro.com\/?p=5827"},"wordCount":218,"commentCount":0,"publisher":{"@id":"https:\/\/elcotarro.com\/#organization"},"inLanguage":"es","potentialAction":[{"@type":"CommentAction","name":"Comment","target":["https:\/\/elcotarro.com\/?p=5827#respond"]}]},{"@type":"WebPage","@id":"https:\/\/elcotarro.com\/?p=5827","url":"https:\/\/elcotarro.com\/?p=5827","name":"NUNCA UNA NUEVA BATALLA DE ACENTEJO - El Cotarro","isPartOf":{"@id":"https:\/\/elcotarro.com\/#website"},"datePublished":"2018-09-02T10:02:21+00:00","breadcrumb":{"@id":"https:\/\/elcotarro.com\/?p=5827#breadcrumb"},"inLanguage":"es","potentialAction":[{"@type":"ReadAction","target":["https:\/\/elcotarro.com\/?p=5827"]}]},{"@type":"BreadcrumbList","@id":"https:\/\/elcotarro.com\/?p=5827#breadcrumb","itemListElement":[{"@type":"ListItem","position":1,"name":"Portada","item":"https:\/\/elcotarro.com\/"},{"@type":"ListItem","position":2,"name":"NUNCA UNA NUEVA BATALLA DE ACENTEJO"}]},{"@type":"WebSite","@id":"https:\/\/elcotarro.com\/#website","url":"https:\/\/elcotarro.com\/","name":"El Cotarro","description":"Peri\u00f3dico Digital Independiente dirigido por Jos\u00e9 Carlos Marrero","publisher":{"@id":"https:\/\/elcotarro.com\/#organization"},"potentialAction":[{"@type":"SearchAction","target":{"@type":"EntryPoint","urlTemplate":"https:\/\/elcotarro.com\/?s={search_term_string}"},"query-input":{"@type":"PropertyValueSpecification","valueRequired":true,"valueName":"search_term_string"}}],"inLanguage":"es"},{"@type":"Organization","@id":"https:\/\/elcotarro.com\/#organization","name":"El Cotarro","url":"https:\/\/elcotarro.com\/","logo":{"@type":"ImageObject","inLanguage":"es","@id":"https:\/\/elcotarro.com\/#\/schema\/logo\/image\/","url":"https:\/\/elcotarro.com\/wp-content\/uploads\/2014\/09\/Cabecera_El_Cotarro_v2.jpg","contentUrl":"https:\/\/elcotarro.com\/wp-content\/uploads\/2014\/09\/Cabecera_El_Cotarro_v2.jpg","width":3540,"height":441,"caption":"El Cotarro"},"image":{"@id":"https:\/\/elcotarro.com\/#\/schema\/logo\/image\/"},"sameAs":["https:\/\/www.facebook.com\/ElCotarro.Tenerife"]},{"@type":"Person","@id":"https:\/\/elcotarro.com\/#\/schema\/person\/af537ee7d60d15984c7e0affcd8a918b","name":"Jos\u00e9 Carlos Marrero Gonz\u00e1lez","image":{"@type":"ImageObject","inLanguage":"es","@id":"https:\/\/elcotarro.com\/#\/schema\/person\/image\/","url":"https:\/\/secure.gravatar.com\/avatar\/def4da036efb5d32c74d49c351f6dccc064dd69ad9f3aadc295c5a9a5391ca01?s=96&d=mm&r=g","contentUrl":"https:\/\/secure.gravatar.com\/avatar\/def4da036efb5d32c74d49c351f6dccc064dd69ad9f3aadc295c5a9a5391ca01?s=96&d=mm&r=g","caption":"Jos\u00e9 Carlos Marrero Gonz\u00e1lez"},"sameAs":["https:\/\/elcotarro.com"],"url":"https:\/\/elcotarro.com\/?author=2"}]}},"jetpack_featured_media_url":"","jetpack_sharing_enabled":true,"_links":{"self":[{"href":"https:\/\/elcotarro.com\/index.php?rest_route=\/wp\/v2\/posts\/5827","targetHints":{"allow":["GET"]}}],"collection":[{"href":"https:\/\/elcotarro.com\/index.php?rest_route=\/wp\/v2\/posts"}],"about":[{"href":"https:\/\/elcotarro.com\/index.php?rest_route=\/wp\/v2\/types\/post"}],"author":[{"embeddable":true,"href":"https:\/\/elcotarro.com\/index.php?rest_route=\/wp\/v2\/users\/2"}],"replies":[{"embeddable":true,"href":"https:\/\/elcotarro.com\/index.php?rest_route=%2Fwp%2Fv2%2Fcomments&post=5827"}],"version-history":[{"count":1,"href":"https:\/\/elcotarro.com\/index.php?rest_route=\/wp\/v2\/posts\/5827\/revisions"}],"predecessor-version":[{"id":5829,"href":"https:\/\/elcotarro.com\/index.php?rest_route=\/wp\/v2\/posts\/5827\/revisions\/5829"}],"wp:attachment":[{"href":"https:\/\/elcotarro.com\/index.php?rest_route=%2Fwp%2Fv2%2Fmedia&parent=5827"}],"wp:term":[{"taxonomy":"category","embeddable":true,"href":"https:\/\/elcotarro.com\/index.php?rest_route=%2Fwp%2Fv2%2Fcategories&post=5827"},{"taxonomy":"post_tag","embeddable":true,"href":"https:\/\/elcotarro.com\/index.php?rest_route=%2Fwp%2Fv2%2Ftags&post=5827"}],"curies":[{"name":"wp","href":"https:\/\/api.w.org\/{rel}","templated":true}]}}