{"id":5830,"date":"2018-09-02T11:01:33","date_gmt":"2018-09-02T10:01:33","guid":{"rendered":"https:\/\/elcotarro.com\/?p=5830"},"modified":"2018-09-01T10:31:01","modified_gmt":"2018-09-01T09:31:01","slug":"proceso-reglado-o-hay-prevaricacion","status":"publish","type":"post","link":"https:\/\/elcotarro.com\/?p=5830","title":{"rendered":"PROCESO REGLADO O HAY PREVARICACI\u00d3N"},"content":{"rendered":"<p>Un ejemplo claro para disipar enga\u00f1os. Si usted tuviera un local anexo a la Plaza del Cristo de La Laguna (o en cualquier otro municipio) y deseara montar un negocio, debe pedir oficialmente al ayuntamiento lo que se llama un \u201cinforme urban\u00edstico y de actividad\u201d. Desde el ayuntamiento de La Laguna, que preside <strong>Jos\u00e9 Alberto D\u00edaz\u00a0<\/strong>(o del ayuntamiento que procediera) le tienen que responder en tiempo y forma si puede legalmente montar el negocio que pretende, la normativa que debe cumplir y los pasos que debe dar para conseguir la oportuna Licencia de Actividad. Se trata de un \u201cProcedimiento Reglado\u201d y cumplido todo rigurosamente, ni <strong>Jos\u00e9 Alberto D\u00edaz<\/strong>, ni una sola persona de su grupo de Gobierno, ni de la Oposici\u00f3n (<strong>Rubens, Santiago, Teresa<\/strong>\u2026), ni el mism\u00edsimo Cristo de La Laguna (con perd\u00f3n) pueden oponerse a dar la oportuna Licencia de Actividad, salvo que quieran incurrir en delito de Prevaricaci\u00f3n. \u00bfO no es as\u00ed?<\/p>\n<p style=\"text-align: center\"><a href=\"https:\/\/elcotarro.com\/wp-content\/uploads\/2018\/09\/FOTO-5.-PODEMOS.jpg\"><img loading=\"lazy\" decoding=\"async\" class=\"alignnone size-full wp-image-5831\" src=\"https:\/\/elcotarro.com\/wp-content\/uploads\/2018\/09\/FOTO-5.-PODEMOS.jpg\" alt=\"FOTO 5.- PODEMOS\" width=\"960\" height=\"720\" srcset=\"https:\/\/elcotarro.com\/wp-content\/uploads\/2018\/09\/FOTO-5.-PODEMOS.jpg 960w, https:\/\/elcotarro.com\/wp-content\/uploads\/2018\/09\/FOTO-5.-PODEMOS-300x225.jpg 300w\" sizes=\"auto, (max-width: 960px) 100vw, 960px\" \/><\/a><\/p>\n<p style=\"text-align: center\"><em>Charla \u201cinformativa\u201d celebrada en la sede lagunera de Unid@s Se Puede, en La Higuerita, y donde tambi\u00e9n se proyectaron infograf\u00edas que no se ajustan al proyecto.<\/em><\/p>\n","protected":false},"excerpt":{"rendered":"<p>Un ejemplo claro para disipar enga\u00f1os. Si usted tuviera un local anexo a la Plaza del Cristo de La Laguna (o en cualquier otro municipio) y deseara montar un negocio, debe pedir oficialmente al ayuntamiento lo que se llama un \u201cinforme urban\u00edstico y de actividad\u201d. Desde el ayuntamiento de La Laguna, que preside Jos\u00e9 Alberto &#8230; <a class=\"read-more\" href=\"https:\/\/elcotarro.com\/?p=5830\">Read more<\/a><\/p>\n","protected":false},"author":2,"featured_media":0,"comment_status":"open","ping_status":"open","sticky":false,"template":"","format":"standard","meta":{"_jetpack_memberships_contains_paid_content":false,"footnotes":""},"categories":[1],"tags":[],"class_list":["post-5830","post","type-post","status-publish","format-standard","hentry","category-sin-categoria"],"yoast_head":"<!-- This site is optimized with the Yoast SEO plugin v27.0 - https:\/\/yoast.com\/product\/yoast-seo-wordpress\/ -->\n<title>PROCESO REGLADO O HAY PREVARICACI\u00d3N - El Cotarro<\/title>\n<meta name=\"robots\" content=\"index, follow, max-snippet:-1, max-image-preview:large, max-video-preview:-1\" \/>\n<link rel=\"canonical\" href=\"https:\/\/elcotarro.com\/?p=5830\" \/>\n<meta property=\"og:locale\" content=\"es_ES\" \/>\n<meta property=\"og:type\" content=\"article\" \/>\n<meta property=\"og:title\" content=\"PROCESO REGLADO O HAY PREVARICACI\u00d3N - El Cotarro\" \/>\n<meta property=\"og:description\" content=\"Un ejemplo claro para disipar enga\u00f1os. Si usted tuviera un local anexo a la Plaza del Cristo de La Laguna (o en cualquier otro municipio) y deseara montar un negocio, debe pedir oficialmente al ayuntamiento lo que se llama un \u201cinforme urban\u00edstico y de actividad\u201d. Desde el ayuntamiento de La Laguna, que preside Jos\u00e9 Alberto ... Read more\" \/>\n<meta property=\"og:url\" content=\"https:\/\/elcotarro.com\/?p=5830\" \/>\n<meta property=\"og:site_name\" content=\"El Cotarro\" \/>\n<meta property=\"article:publisher\" content=\"https:\/\/www.facebook.com\/ElCotarro.Tenerife\" \/>\n<meta property=\"article:published_time\" content=\"2018-09-02T10:01:33+00:00\" \/>\n<meta property=\"og:image\" content=\"https:\/\/elcotarro.com\/wp-content\/uploads\/2018\/09\/FOTO-5.-PODEMOS.jpg\" \/>\n<meta name=\"author\" content=\"Jos\u00e9 Carlos Marrero Gonz\u00e1lez\" \/>\n<meta name=\"twitter:label1\" content=\"Escrito por\" \/>\n\t<meta name=\"twitter:data1\" content=\"Jos\u00e9 Carlos Marrero Gonz\u00e1lez\" \/>\n\t<meta name=\"twitter:label2\" content=\"Tiempo de lectura\" \/>\n\t<meta name=\"twitter:data2\" content=\"1 minuto\" \/>\n<script type=\"application\/ld+json\" class=\"yoast-schema-graph\">{\"@context\":\"https:\/\/schema.org\",\"@graph\":[{\"@type\":\"Article\",\"@id\":\"https:\/\/elcotarro.com\/?p=5830#article\",\"isPartOf\":{\"@id\":\"https:\/\/elcotarro.com\/?p=5830\"},\"author\":{\"name\":\"Jos\u00e9 Carlos Marrero Gonz\u00e1lez\",\"@id\":\"https:\/\/elcotarro.com\/#\/schema\/person\/af537ee7d60d15984c7e0affcd8a918b\"},\"headline\":\"PROCESO REGLADO O HAY PREVARICACI\u00d3N\",\"datePublished\":\"2018-09-02T10:01:33+00:00\",\"mainEntityOfPage\":{\"@id\":\"https:\/\/elcotarro.com\/?p=5830\"},\"wordCount\":198,\"commentCount\":0,\"publisher\":{\"@id\":\"https:\/\/elcotarro.com\/#organization\"},\"image\":{\"@id\":\"https:\/\/elcotarro.com\/?p=5830#primaryimage\"},\"thumbnailUrl\":\"https:\/\/elcotarro.com\/wp-content\/uploads\/2018\/09\/FOTO-5.-PODEMOS.jpg\",\"inLanguage\":\"es\",\"potentialAction\":[{\"@type\":\"CommentAction\",\"name\":\"Comment\",\"target\":[\"https:\/\/elcotarro.com\/?p=5830#respond\"]}]},{\"@type\":\"WebPage\",\"@id\":\"https:\/\/elcotarro.com\/?p=5830\",\"url\":\"https:\/\/elcotarro.com\/?p=5830\",\"name\":\"PROCESO REGLADO O HAY PREVARICACI\u00d3N - El Cotarro\",\"isPartOf\":{\"@id\":\"https:\/\/elcotarro.com\/#website\"},\"primaryImageOfPage\":{\"@id\":\"https:\/\/elcotarro.com\/?p=5830#primaryimage\"},\"image\":{\"@id\":\"https:\/\/elcotarro.com\/?p=5830#primaryimage\"},\"thumbnailUrl\":\"https:\/\/elcotarro.com\/wp-content\/uploads\/2018\/09\/FOTO-5.-PODEMOS.jpg\",\"datePublished\":\"2018-09-02T10:01:33+00:00\",\"breadcrumb\":{\"@id\":\"https:\/\/elcotarro.com\/?p=5830#breadcrumb\"},\"inLanguage\":\"es\",\"potentialAction\":[{\"@type\":\"ReadAction\",\"target\":[\"https:\/\/elcotarro.com\/?p=5830\"]}]},{\"@type\":\"ImageObject\",\"inLanguage\":\"es\",\"@id\":\"https:\/\/elcotarro.com\/?p=5830#primaryimage\",\"url\":\"https:\/\/elcotarro.com\/wp-content\/uploads\/2018\/09\/FOTO-5.-PODEMOS.jpg\",\"contentUrl\":\"https:\/\/elcotarro.com\/wp-content\/uploads\/2018\/09\/FOTO-5.-PODEMOS.jpg\",\"width\":960,\"height\":720},{\"@type\":\"BreadcrumbList\",\"@id\":\"https:\/\/elcotarro.com\/?p=5830#breadcrumb\",\"itemListElement\":[{\"@type\":\"ListItem\",\"position\":1,\"name\":\"Portada\",\"item\":\"https:\/\/elcotarro.com\/\"},{\"@type\":\"ListItem\",\"position\":2,\"name\":\"PROCESO REGLADO O HAY PREVARICACI\u00d3N\"}]},{\"@type\":\"WebSite\",\"@id\":\"https:\/\/elcotarro.com\/#website\",\"url\":\"https:\/\/elcotarro.com\/\",\"name\":\"El Cotarro\",\"description\":\"Peri\u00f3dico Digital Independiente dirigido por Jos\u00e9 Carlos Marrero\",\"publisher\":{\"@id\":\"https:\/\/elcotarro.com\/#organization\"},\"potentialAction\":[{\"@type\":\"SearchAction\",\"target\":{\"@type\":\"EntryPoint\",\"urlTemplate\":\"https:\/\/elcotarro.com\/?s={search_term_string}\"},\"query-input\":{\"@type\":\"PropertyValueSpecification\",\"valueRequired\":true,\"valueName\":\"search_term_string\"}}],\"inLanguage\":\"es\"},{\"@type\":\"Organization\",\"@id\":\"https:\/\/elcotarro.com\/#organization\",\"name\":\"El Cotarro\",\"url\":\"https:\/\/elcotarro.com\/\",\"logo\":{\"@type\":\"ImageObject\",\"inLanguage\":\"es\",\"@id\":\"https:\/\/elcotarro.com\/#\/schema\/logo\/image\/\",\"url\":\"https:\/\/elcotarro.com\/wp-content\/uploads\/2014\/09\/Cabecera_El_Cotarro_v2.jpg\",\"contentUrl\":\"https:\/\/elcotarro.com\/wp-content\/uploads\/2014\/09\/Cabecera_El_Cotarro_v2.jpg\",\"width\":3540,\"height\":441,\"caption\":\"El Cotarro\"},\"image\":{\"@id\":\"https:\/\/elcotarro.com\/#\/schema\/logo\/image\/\"},\"sameAs\":[\"https:\/\/www.facebook.com\/ElCotarro.Tenerife\"]},{\"@type\":\"Person\",\"@id\":\"https:\/\/elcotarro.com\/#\/schema\/person\/af537ee7d60d15984c7e0affcd8a918b\",\"name\":\"Jos\u00e9 Carlos Marrero Gonz\u00e1lez\",\"image\":{\"@type\":\"ImageObject\",\"inLanguage\":\"es\",\"@id\":\"https:\/\/elcotarro.com\/#\/schema\/person\/image\/\",\"url\":\"https:\/\/secure.gravatar.com\/avatar\/def4da036efb5d32c74d49c351f6dccc064dd69ad9f3aadc295c5a9a5391ca01?s=96&d=mm&r=g\",\"contentUrl\":\"https:\/\/secure.gravatar.com\/avatar\/def4da036efb5d32c74d49c351f6dccc064dd69ad9f3aadc295c5a9a5391ca01?s=96&d=mm&r=g\",\"caption\":\"Jos\u00e9 Carlos Marrero Gonz\u00e1lez\"},\"sameAs\":[\"https:\/\/elcotarro.com\"],\"url\":\"https:\/\/elcotarro.com\/?author=2\"}]}<\/script>\n<!-- \/ Yoast SEO plugin. -->","yoast_head_json":{"title":"PROCESO REGLADO O HAY PREVARICACI\u00d3N - El Cotarro","robots":{"index":"index","follow":"follow","max-snippet":"max-snippet:-1","max-image-preview":"max-image-preview:large","max-video-preview":"max-video-preview:-1"},"canonical":"https:\/\/elcotarro.com\/?p=5830","og_locale":"es_ES","og_type":"article","og_title":"PROCESO REGLADO O HAY PREVARICACI\u00d3N - El Cotarro","og_description":"Un ejemplo claro para disipar enga\u00f1os. Si usted tuviera un local anexo a la Plaza del Cristo de La Laguna (o en cualquier otro municipio) y deseara montar un negocio, debe pedir oficialmente al ayuntamiento lo que se llama un \u201cinforme urban\u00edstico y de actividad\u201d. Desde el ayuntamiento de La Laguna, que preside Jos\u00e9 Alberto ... Read more","og_url":"https:\/\/elcotarro.com\/?p=5830","og_site_name":"El Cotarro","article_publisher":"https:\/\/www.facebook.com\/ElCotarro.Tenerife","article_published_time":"2018-09-02T10:01:33+00:00","og_image":[{"url":"https:\/\/elcotarro.com\/wp-content\/uploads\/2018\/09\/FOTO-5.-PODEMOS.jpg","type":"","width":"","height":""}],"author":"Jos\u00e9 Carlos Marrero Gonz\u00e1lez","twitter_misc":{"Escrito por":"Jos\u00e9 Carlos Marrero Gonz\u00e1lez","Tiempo de lectura":"1 minuto"},"schema":{"@context":"https:\/\/schema.org","@graph":[{"@type":"Article","@id":"https:\/\/elcotarro.com\/?p=5830#article","isPartOf":{"@id":"https:\/\/elcotarro.com\/?p=5830"},"author":{"name":"Jos\u00e9 Carlos Marrero Gonz\u00e1lez","@id":"https:\/\/elcotarro.com\/#\/schema\/person\/af537ee7d60d15984c7e0affcd8a918b"},"headline":"PROCESO REGLADO O HAY PREVARICACI\u00d3N","datePublished":"2018-09-02T10:01:33+00:00","mainEntityOfPage":{"@id":"https:\/\/elcotarro.com\/?p=5830"},"wordCount":198,"commentCount":0,"publisher":{"@id":"https:\/\/elcotarro.com\/#organization"},"image":{"@id":"https:\/\/elcotarro.com\/?p=5830#primaryimage"},"thumbnailUrl":"https:\/\/elcotarro.com\/wp-content\/uploads\/2018\/09\/FOTO-5.-PODEMOS.jpg","inLanguage":"es","potentialAction":[{"@type":"CommentAction","name":"Comment","target":["https:\/\/elcotarro.com\/?p=5830#respond"]}]},{"@type":"WebPage","@id":"https:\/\/elcotarro.com\/?p=5830","url":"https:\/\/elcotarro.com\/?p=5830","name":"PROCESO REGLADO O HAY PREVARICACI\u00d3N - El Cotarro","isPartOf":{"@id":"https:\/\/elcotarro.com\/#website"},"primaryImageOfPage":{"@id":"https:\/\/elcotarro.com\/?p=5830#primaryimage"},"image":{"@id":"https:\/\/elcotarro.com\/?p=5830#primaryimage"},"thumbnailUrl":"https:\/\/elcotarro.com\/wp-content\/uploads\/2018\/09\/FOTO-5.-PODEMOS.jpg","datePublished":"2018-09-02T10:01:33+00:00","breadcrumb":{"@id":"https:\/\/elcotarro.com\/?p=5830#breadcrumb"},"inLanguage":"es","potentialAction":[{"@type":"ReadAction","target":["https:\/\/elcotarro.com\/?p=5830"]}]},{"@type":"ImageObject","inLanguage":"es","@id":"https:\/\/elcotarro.com\/?p=5830#primaryimage","url":"https:\/\/elcotarro.com\/wp-content\/uploads\/2018\/09\/FOTO-5.-PODEMOS.jpg","contentUrl":"https:\/\/elcotarro.com\/wp-content\/uploads\/2018\/09\/FOTO-5.-PODEMOS.jpg","width":960,"height":720},{"@type":"BreadcrumbList","@id":"https:\/\/elcotarro.com\/?p=5830#breadcrumb","itemListElement":[{"@type":"ListItem","position":1,"name":"Portada","item":"https:\/\/elcotarro.com\/"},{"@type":"ListItem","position":2,"name":"PROCESO REGLADO O HAY PREVARICACI\u00d3N"}]},{"@type":"WebSite","@id":"https:\/\/elcotarro.com\/#website","url":"https:\/\/elcotarro.com\/","name":"El Cotarro","description":"Peri\u00f3dico Digital Independiente dirigido por Jos\u00e9 Carlos Marrero","publisher":{"@id":"https:\/\/elcotarro.com\/#organization"},"potentialAction":[{"@type":"SearchAction","target":{"@type":"EntryPoint","urlTemplate":"https:\/\/elcotarro.com\/?s={search_term_string}"},"query-input":{"@type":"PropertyValueSpecification","valueRequired":true,"valueName":"search_term_string"}}],"inLanguage":"es"},{"@type":"Organization","@id":"https:\/\/elcotarro.com\/#organization","name":"El Cotarro","url":"https:\/\/elcotarro.com\/","logo":{"@type":"ImageObject","inLanguage":"es","@id":"https:\/\/elcotarro.com\/#\/schema\/logo\/image\/","url":"https:\/\/elcotarro.com\/wp-content\/uploads\/2014\/09\/Cabecera_El_Cotarro_v2.jpg","contentUrl":"https:\/\/elcotarro.com\/wp-content\/uploads\/2014\/09\/Cabecera_El_Cotarro_v2.jpg","width":3540,"height":441,"caption":"El Cotarro"},"image":{"@id":"https:\/\/elcotarro.com\/#\/schema\/logo\/image\/"},"sameAs":["https:\/\/www.facebook.com\/ElCotarro.Tenerife"]},{"@type":"Person","@id":"https:\/\/elcotarro.com\/#\/schema\/person\/af537ee7d60d15984c7e0affcd8a918b","name":"Jos\u00e9 Carlos Marrero Gonz\u00e1lez","image":{"@type":"ImageObject","inLanguage":"es","@id":"https:\/\/elcotarro.com\/#\/schema\/person\/image\/","url":"https:\/\/secure.gravatar.com\/avatar\/def4da036efb5d32c74d49c351f6dccc064dd69ad9f3aadc295c5a9a5391ca01?s=96&d=mm&r=g","contentUrl":"https:\/\/secure.gravatar.com\/avatar\/def4da036efb5d32c74d49c351f6dccc064dd69ad9f3aadc295c5a9a5391ca01?s=96&d=mm&r=g","caption":"Jos\u00e9 Carlos Marrero Gonz\u00e1lez"},"sameAs":["https:\/\/elcotarro.com"],"url":"https:\/\/elcotarro.com\/?author=2"}]}},"jetpack_featured_media_url":"","jetpack_sharing_enabled":true,"_links":{"self":[{"href":"https:\/\/elcotarro.com\/index.php?rest_route=\/wp\/v2\/posts\/5830","targetHints":{"allow":["GET"]}}],"collection":[{"href":"https:\/\/elcotarro.com\/index.php?rest_route=\/wp\/v2\/posts"}],"about":[{"href":"https:\/\/elcotarro.com\/index.php?rest_route=\/wp\/v2\/types\/post"}],"author":[{"embeddable":true,"href":"https:\/\/elcotarro.com\/index.php?rest_route=\/wp\/v2\/users\/2"}],"replies":[{"embeddable":true,"href":"https:\/\/elcotarro.com\/index.php?rest_route=%2Fwp%2Fv2%2Fcomments&post=5830"}],"version-history":[{"count":1,"href":"https:\/\/elcotarro.com\/index.php?rest_route=\/wp\/v2\/posts\/5830\/revisions"}],"predecessor-version":[{"id":5832,"href":"https:\/\/elcotarro.com\/index.php?rest_route=\/wp\/v2\/posts\/5830\/revisions\/5832"}],"wp:attachment":[{"href":"https:\/\/elcotarro.com\/index.php?rest_route=%2Fwp%2Fv2%2Fmedia&parent=5830"}],"wp:term":[{"taxonomy":"category","embeddable":true,"href":"https:\/\/elcotarro.com\/index.php?rest_route=%2Fwp%2Fv2%2Fcategories&post=5830"},{"taxonomy":"post_tag","embeddable":true,"href":"https:\/\/elcotarro.com\/index.php?rest_route=%2Fwp%2Fv2%2Ftags&post=5830"}],"curies":[{"name":"wp","href":"https:\/\/api.w.org\/{rel}","templated":true}]}}