{"id":5845,"date":"2018-09-09T11:05:49","date_gmt":"2018-09-09T10:05:49","guid":{"rendered":"https:\/\/elcotarro.com\/?p=5845"},"modified":"2018-09-08T11:36:57","modified_gmt":"2018-09-08T10:36:57","slug":"si-no-hay-tradiciones-apaga-y-vamonos","status":"publish","type":"post","link":"https:\/\/elcotarro.com\/?p=5845","title":{"rendered":"SI NO HAY TRADICIONES APAGA Y V\u00c1MONOS"},"content":{"rendered":"<p>He repetido una y mil veces que el d\u00eda que olvidemos nuestra historia o perdamos nuestras tradiciones, apaga y v\u00e1monos. Esta pasada semana dos sencillas tradiciones han vuelto a revivirse. Por un lado, el gran empresario <strong>Francisco G\u00f3mez M\u00e9ndez\u00a0<\/strong>(m\u00e1s popularmente conocido y respetado por todos como <strong>Paco G\u00f3mez<\/strong>) celebr\u00f3 su 71 cumplea\u00f1os, dando un ejemplo de lo que es unir al empresariado. Por otro lado, el mismo <strong>Paco G\u00f3mez<\/strong>, volvi\u00f3 a reunir en G\u00fc\u00edmar a pol\u00edticos, empresarios, periodistas y amigos, en un surrealista desayuno de amanecida, para m\u00e1s tarde, acompa\u00f1ar a la <strong>Virgen de El Socorro\u00a0<\/strong>en su Bajada n\u00famero 375\u2026 \u00a1Ah\u00ed es nada!<\/p>\n<p style=\"text-align: center\"><a href=\"https:\/\/elcotarro.com\/wp-content\/uploads\/2018\/09\/FOTO-1.-BAJADA-2018.jpg\"><img loading=\"lazy\" decoding=\"async\" class=\"alignnone size-full wp-image-5846\" src=\"https:\/\/elcotarro.com\/wp-content\/uploads\/2018\/09\/FOTO-1.-BAJADA-2018.jpg\" alt=\"FOTO 1.- BAJADA 2018\" width=\"390\" height=\"259\" srcset=\"https:\/\/elcotarro.com\/wp-content\/uploads\/2018\/09\/FOTO-1.-BAJADA-2018.jpg 390w, https:\/\/elcotarro.com\/wp-content\/uploads\/2018\/09\/FOTO-1.-BAJADA-2018-300x199.jpg 300w\" sizes=\"auto, (max-width: 390px) 100vw, 390px\" \/><\/a><\/p>\n<p style=\"text-align: center\"><em>Una multitud de fieles acompa\u00f1a a la Virgen de El Socorro en su Bajada 2018<\/em><\/p>\n","protected":false},"excerpt":{"rendered":"<p>He repetido una y mil veces que el d\u00eda que olvidemos nuestra historia o perdamos nuestras tradiciones, apaga y v\u00e1monos. Esta pasada semana dos sencillas tradiciones han vuelto a revivirse. Por un lado, el gran empresario Francisco G\u00f3mez M\u00e9ndez\u00a0(m\u00e1s popularmente conocido y respetado por todos como Paco G\u00f3mez) celebr\u00f3 su 71 cumplea\u00f1os, dando un ejemplo &#8230; <a class=\"read-more\" href=\"https:\/\/elcotarro.com\/?p=5845\">Read more<\/a><\/p>\n","protected":false},"author":2,"featured_media":0,"comment_status":"open","ping_status":"open","sticky":false,"template":"","format":"standard","meta":{"_jetpack_memberships_contains_paid_content":false,"footnotes":""},"categories":[1],"tags":[],"class_list":["post-5845","post","type-post","status-publish","format-standard","hentry","category-sin-categoria"],"yoast_head":"<!-- This site is optimized with the Yoast SEO plugin v27.0 - https:\/\/yoast.com\/product\/yoast-seo-wordpress\/ -->\n<title>SI NO HAY TRADICIONES APAGA Y V\u00c1MONOS - El Cotarro<\/title>\n<meta name=\"robots\" content=\"index, follow, max-snippet:-1, max-image-preview:large, max-video-preview:-1\" \/>\n<link rel=\"canonical\" href=\"https:\/\/elcotarro.com\/?p=5845\" \/>\n<meta property=\"og:locale\" content=\"es_ES\" \/>\n<meta property=\"og:type\" content=\"article\" \/>\n<meta property=\"og:title\" content=\"SI NO HAY TRADICIONES APAGA Y V\u00c1MONOS - El Cotarro\" \/>\n<meta property=\"og:description\" content=\"He repetido una y mil veces que el d\u00eda que olvidemos nuestra historia o perdamos nuestras tradiciones, apaga y v\u00e1monos. Esta pasada semana dos sencillas tradiciones han vuelto a revivirse. Por un lado, el gran empresario Francisco G\u00f3mez M\u00e9ndez\u00a0(m\u00e1s popularmente conocido y respetado por todos como Paco G\u00f3mez) celebr\u00f3 su 71 cumplea\u00f1os, dando un ejemplo ... Read more\" \/>\n<meta property=\"og:url\" content=\"https:\/\/elcotarro.com\/?p=5845\" \/>\n<meta property=\"og:site_name\" content=\"El Cotarro\" \/>\n<meta property=\"article:publisher\" content=\"https:\/\/www.facebook.com\/ElCotarro.Tenerife\" \/>\n<meta property=\"article:published_time\" content=\"2018-09-09T10:05:49+00:00\" \/>\n<meta property=\"og:image\" content=\"https:\/\/elcotarro.com\/wp-content\/uploads\/2018\/09\/FOTO-1.-BAJADA-2018.jpg\" \/>\n<meta name=\"author\" content=\"Jos\u00e9 Carlos Marrero Gonz\u00e1lez\" \/>\n<meta name=\"twitter:label1\" content=\"Escrito por\" \/>\n\t<meta name=\"twitter:data1\" content=\"Jos\u00e9 Carlos Marrero Gonz\u00e1lez\" \/>\n\t<meta name=\"twitter:label2\" content=\"Tiempo de lectura\" \/>\n\t<meta name=\"twitter:data2\" content=\"1 minuto\" \/>\n<script type=\"application\/ld+json\" class=\"yoast-schema-graph\">{\"@context\":\"https:\/\/schema.org\",\"@graph\":[{\"@type\":\"Article\",\"@id\":\"https:\/\/elcotarro.com\/?p=5845#article\",\"isPartOf\":{\"@id\":\"https:\/\/elcotarro.com\/?p=5845\"},\"author\":{\"name\":\"Jos\u00e9 Carlos Marrero Gonz\u00e1lez\",\"@id\":\"https:\/\/elcotarro.com\/#\/schema\/person\/af537ee7d60d15984c7e0affcd8a918b\"},\"headline\":\"SI NO HAY TRADICIONES APAGA Y V\u00c1MONOS\",\"datePublished\":\"2018-09-09T10:05:49+00:00\",\"mainEntityOfPage\":{\"@id\":\"https:\/\/elcotarro.com\/?p=5845\"},\"wordCount\":139,\"commentCount\":0,\"publisher\":{\"@id\":\"https:\/\/elcotarro.com\/#organization\"},\"image\":{\"@id\":\"https:\/\/elcotarro.com\/?p=5845#primaryimage\"},\"thumbnailUrl\":\"https:\/\/elcotarro.com\/wp-content\/uploads\/2018\/09\/FOTO-1.-BAJADA-2018.jpg\",\"inLanguage\":\"es\",\"potentialAction\":[{\"@type\":\"CommentAction\",\"name\":\"Comment\",\"target\":[\"https:\/\/elcotarro.com\/?p=5845#respond\"]}]},{\"@type\":\"WebPage\",\"@id\":\"https:\/\/elcotarro.com\/?p=5845\",\"url\":\"https:\/\/elcotarro.com\/?p=5845\",\"name\":\"SI NO HAY TRADICIONES APAGA Y V\u00c1MONOS - El Cotarro\",\"isPartOf\":{\"@id\":\"https:\/\/elcotarro.com\/#website\"},\"primaryImageOfPage\":{\"@id\":\"https:\/\/elcotarro.com\/?p=5845#primaryimage\"},\"image\":{\"@id\":\"https:\/\/elcotarro.com\/?p=5845#primaryimage\"},\"thumbnailUrl\":\"https:\/\/elcotarro.com\/wp-content\/uploads\/2018\/09\/FOTO-1.-BAJADA-2018.jpg\",\"datePublished\":\"2018-09-09T10:05:49+00:00\",\"breadcrumb\":{\"@id\":\"https:\/\/elcotarro.com\/?p=5845#breadcrumb\"},\"inLanguage\":\"es\",\"potentialAction\":[{\"@type\":\"ReadAction\",\"target\":[\"https:\/\/elcotarro.com\/?p=5845\"]}]},{\"@type\":\"ImageObject\",\"inLanguage\":\"es\",\"@id\":\"https:\/\/elcotarro.com\/?p=5845#primaryimage\",\"url\":\"https:\/\/elcotarro.com\/wp-content\/uploads\/2018\/09\/FOTO-1.-BAJADA-2018.jpg\",\"contentUrl\":\"https:\/\/elcotarro.com\/wp-content\/uploads\/2018\/09\/FOTO-1.-BAJADA-2018.jpg\",\"width\":390,\"height\":259},{\"@type\":\"BreadcrumbList\",\"@id\":\"https:\/\/elcotarro.com\/?p=5845#breadcrumb\",\"itemListElement\":[{\"@type\":\"ListItem\",\"position\":1,\"name\":\"Portada\",\"item\":\"https:\/\/elcotarro.com\/\"},{\"@type\":\"ListItem\",\"position\":2,\"name\":\"SI NO HAY TRADICIONES APAGA Y V\u00c1MONOS\"}]},{\"@type\":\"WebSite\",\"@id\":\"https:\/\/elcotarro.com\/#website\",\"url\":\"https:\/\/elcotarro.com\/\",\"name\":\"El Cotarro\",\"description\":\"Peri\u00f3dico Digital Independiente dirigido por Jos\u00e9 Carlos Marrero\",\"publisher\":{\"@id\":\"https:\/\/elcotarro.com\/#organization\"},\"potentialAction\":[{\"@type\":\"SearchAction\",\"target\":{\"@type\":\"EntryPoint\",\"urlTemplate\":\"https:\/\/elcotarro.com\/?s={search_term_string}\"},\"query-input\":{\"@type\":\"PropertyValueSpecification\",\"valueRequired\":true,\"valueName\":\"search_term_string\"}}],\"inLanguage\":\"es\"},{\"@type\":\"Organization\",\"@id\":\"https:\/\/elcotarro.com\/#organization\",\"name\":\"El Cotarro\",\"url\":\"https:\/\/elcotarro.com\/\",\"logo\":{\"@type\":\"ImageObject\",\"inLanguage\":\"es\",\"@id\":\"https:\/\/elcotarro.com\/#\/schema\/logo\/image\/\",\"url\":\"https:\/\/elcotarro.com\/wp-content\/uploads\/2014\/09\/Cabecera_El_Cotarro_v2.jpg\",\"contentUrl\":\"https:\/\/elcotarro.com\/wp-content\/uploads\/2014\/09\/Cabecera_El_Cotarro_v2.jpg\",\"width\":3540,\"height\":441,\"caption\":\"El Cotarro\"},\"image\":{\"@id\":\"https:\/\/elcotarro.com\/#\/schema\/logo\/image\/\"},\"sameAs\":[\"https:\/\/www.facebook.com\/ElCotarro.Tenerife\"]},{\"@type\":\"Person\",\"@id\":\"https:\/\/elcotarro.com\/#\/schema\/person\/af537ee7d60d15984c7e0affcd8a918b\",\"name\":\"Jos\u00e9 Carlos Marrero Gonz\u00e1lez\",\"image\":{\"@type\":\"ImageObject\",\"inLanguage\":\"es\",\"@id\":\"https:\/\/elcotarro.com\/#\/schema\/person\/image\/\",\"url\":\"https:\/\/secure.gravatar.com\/avatar\/def4da036efb5d32c74d49c351f6dccc064dd69ad9f3aadc295c5a9a5391ca01?s=96&d=mm&r=g\",\"contentUrl\":\"https:\/\/secure.gravatar.com\/avatar\/def4da036efb5d32c74d49c351f6dccc064dd69ad9f3aadc295c5a9a5391ca01?s=96&d=mm&r=g\",\"caption\":\"Jos\u00e9 Carlos Marrero Gonz\u00e1lez\"},\"sameAs\":[\"https:\/\/elcotarro.com\"],\"url\":\"https:\/\/elcotarro.com\/?author=2\"}]}<\/script>\n<!-- \/ Yoast SEO plugin. -->","yoast_head_json":{"title":"SI NO HAY TRADICIONES APAGA Y V\u00c1MONOS - El Cotarro","robots":{"index":"index","follow":"follow","max-snippet":"max-snippet:-1","max-image-preview":"max-image-preview:large","max-video-preview":"max-video-preview:-1"},"canonical":"https:\/\/elcotarro.com\/?p=5845","og_locale":"es_ES","og_type":"article","og_title":"SI NO HAY TRADICIONES APAGA Y V\u00c1MONOS - El Cotarro","og_description":"He repetido una y mil veces que el d\u00eda que olvidemos nuestra historia o perdamos nuestras tradiciones, apaga y v\u00e1monos. Esta pasada semana dos sencillas tradiciones han vuelto a revivirse. Por un lado, el gran empresario Francisco G\u00f3mez M\u00e9ndez\u00a0(m\u00e1s popularmente conocido y respetado por todos como Paco G\u00f3mez) celebr\u00f3 su 71 cumplea\u00f1os, dando un ejemplo ... Read more","og_url":"https:\/\/elcotarro.com\/?p=5845","og_site_name":"El Cotarro","article_publisher":"https:\/\/www.facebook.com\/ElCotarro.Tenerife","article_published_time":"2018-09-09T10:05:49+00:00","og_image":[{"url":"https:\/\/elcotarro.com\/wp-content\/uploads\/2018\/09\/FOTO-1.-BAJADA-2018.jpg","type":"","width":"","height":""}],"author":"Jos\u00e9 Carlos Marrero Gonz\u00e1lez","twitter_misc":{"Escrito por":"Jos\u00e9 Carlos Marrero Gonz\u00e1lez","Tiempo de lectura":"1 minuto"},"schema":{"@context":"https:\/\/schema.org","@graph":[{"@type":"Article","@id":"https:\/\/elcotarro.com\/?p=5845#article","isPartOf":{"@id":"https:\/\/elcotarro.com\/?p=5845"},"author":{"name":"Jos\u00e9 Carlos Marrero Gonz\u00e1lez","@id":"https:\/\/elcotarro.com\/#\/schema\/person\/af537ee7d60d15984c7e0affcd8a918b"},"headline":"SI NO HAY TRADICIONES APAGA Y V\u00c1MONOS","datePublished":"2018-09-09T10:05:49+00:00","mainEntityOfPage":{"@id":"https:\/\/elcotarro.com\/?p=5845"},"wordCount":139,"commentCount":0,"publisher":{"@id":"https:\/\/elcotarro.com\/#organization"},"image":{"@id":"https:\/\/elcotarro.com\/?p=5845#primaryimage"},"thumbnailUrl":"https:\/\/elcotarro.com\/wp-content\/uploads\/2018\/09\/FOTO-1.-BAJADA-2018.jpg","inLanguage":"es","potentialAction":[{"@type":"CommentAction","name":"Comment","target":["https:\/\/elcotarro.com\/?p=5845#respond"]}]},{"@type":"WebPage","@id":"https:\/\/elcotarro.com\/?p=5845","url":"https:\/\/elcotarro.com\/?p=5845","name":"SI NO HAY TRADICIONES APAGA Y V\u00c1MONOS - El Cotarro","isPartOf":{"@id":"https:\/\/elcotarro.com\/#website"},"primaryImageOfPage":{"@id":"https:\/\/elcotarro.com\/?p=5845#primaryimage"},"image":{"@id":"https:\/\/elcotarro.com\/?p=5845#primaryimage"},"thumbnailUrl":"https:\/\/elcotarro.com\/wp-content\/uploads\/2018\/09\/FOTO-1.-BAJADA-2018.jpg","datePublished":"2018-09-09T10:05:49+00:00","breadcrumb":{"@id":"https:\/\/elcotarro.com\/?p=5845#breadcrumb"},"inLanguage":"es","potentialAction":[{"@type":"ReadAction","target":["https:\/\/elcotarro.com\/?p=5845"]}]},{"@type":"ImageObject","inLanguage":"es","@id":"https:\/\/elcotarro.com\/?p=5845#primaryimage","url":"https:\/\/elcotarro.com\/wp-content\/uploads\/2018\/09\/FOTO-1.-BAJADA-2018.jpg","contentUrl":"https:\/\/elcotarro.com\/wp-content\/uploads\/2018\/09\/FOTO-1.-BAJADA-2018.jpg","width":390,"height":259},{"@type":"BreadcrumbList","@id":"https:\/\/elcotarro.com\/?p=5845#breadcrumb","itemListElement":[{"@type":"ListItem","position":1,"name":"Portada","item":"https:\/\/elcotarro.com\/"},{"@type":"ListItem","position":2,"name":"SI NO HAY TRADICIONES APAGA Y V\u00c1MONOS"}]},{"@type":"WebSite","@id":"https:\/\/elcotarro.com\/#website","url":"https:\/\/elcotarro.com\/","name":"El Cotarro","description":"Peri\u00f3dico Digital Independiente dirigido por Jos\u00e9 Carlos Marrero","publisher":{"@id":"https:\/\/elcotarro.com\/#organization"},"potentialAction":[{"@type":"SearchAction","target":{"@type":"EntryPoint","urlTemplate":"https:\/\/elcotarro.com\/?s={search_term_string}"},"query-input":{"@type":"PropertyValueSpecification","valueRequired":true,"valueName":"search_term_string"}}],"inLanguage":"es"},{"@type":"Organization","@id":"https:\/\/elcotarro.com\/#organization","name":"El Cotarro","url":"https:\/\/elcotarro.com\/","logo":{"@type":"ImageObject","inLanguage":"es","@id":"https:\/\/elcotarro.com\/#\/schema\/logo\/image\/","url":"https:\/\/elcotarro.com\/wp-content\/uploads\/2014\/09\/Cabecera_El_Cotarro_v2.jpg","contentUrl":"https:\/\/elcotarro.com\/wp-content\/uploads\/2014\/09\/Cabecera_El_Cotarro_v2.jpg","width":3540,"height":441,"caption":"El Cotarro"},"image":{"@id":"https:\/\/elcotarro.com\/#\/schema\/logo\/image\/"},"sameAs":["https:\/\/www.facebook.com\/ElCotarro.Tenerife"]},{"@type":"Person","@id":"https:\/\/elcotarro.com\/#\/schema\/person\/af537ee7d60d15984c7e0affcd8a918b","name":"Jos\u00e9 Carlos Marrero Gonz\u00e1lez","image":{"@type":"ImageObject","inLanguage":"es","@id":"https:\/\/elcotarro.com\/#\/schema\/person\/image\/","url":"https:\/\/secure.gravatar.com\/avatar\/def4da036efb5d32c74d49c351f6dccc064dd69ad9f3aadc295c5a9a5391ca01?s=96&d=mm&r=g","contentUrl":"https:\/\/secure.gravatar.com\/avatar\/def4da036efb5d32c74d49c351f6dccc064dd69ad9f3aadc295c5a9a5391ca01?s=96&d=mm&r=g","caption":"Jos\u00e9 Carlos Marrero Gonz\u00e1lez"},"sameAs":["https:\/\/elcotarro.com"],"url":"https:\/\/elcotarro.com\/?author=2"}]}},"jetpack_featured_media_url":"","jetpack_sharing_enabled":true,"_links":{"self":[{"href":"https:\/\/elcotarro.com\/index.php?rest_route=\/wp\/v2\/posts\/5845","targetHints":{"allow":["GET"]}}],"collection":[{"href":"https:\/\/elcotarro.com\/index.php?rest_route=\/wp\/v2\/posts"}],"about":[{"href":"https:\/\/elcotarro.com\/index.php?rest_route=\/wp\/v2\/types\/post"}],"author":[{"embeddable":true,"href":"https:\/\/elcotarro.com\/index.php?rest_route=\/wp\/v2\/users\/2"}],"replies":[{"embeddable":true,"href":"https:\/\/elcotarro.com\/index.php?rest_route=%2Fwp%2Fv2%2Fcomments&post=5845"}],"version-history":[{"count":1,"href":"https:\/\/elcotarro.com\/index.php?rest_route=\/wp\/v2\/posts\/5845\/revisions"}],"predecessor-version":[{"id":5847,"href":"https:\/\/elcotarro.com\/index.php?rest_route=\/wp\/v2\/posts\/5845\/revisions\/5847"}],"wp:attachment":[{"href":"https:\/\/elcotarro.com\/index.php?rest_route=%2Fwp%2Fv2%2Fmedia&parent=5845"}],"wp:term":[{"taxonomy":"category","embeddable":true,"href":"https:\/\/elcotarro.com\/index.php?rest_route=%2Fwp%2Fv2%2Fcategories&post=5845"},{"taxonomy":"post_tag","embeddable":true,"href":"https:\/\/elcotarro.com\/index.php?rest_route=%2Fwp%2Fv2%2Ftags&post=5845"}],"curies":[{"name":"wp","href":"https:\/\/api.w.org\/{rel}","templated":true}]}}