{"id":5848,"date":"2018-09-09T11:04:01","date_gmt":"2018-09-09T10:04:01","guid":{"rendered":"https:\/\/elcotarro.com\/?p=5848"},"modified":"2018-09-08T12:22:42","modified_gmt":"2018-09-08T11:22:42","slug":"paco-otra-vez-une-a-los-empresarios","status":"publish","type":"post","link":"https:\/\/elcotarro.com\/?p=5848","title":{"rendered":"PACO OTRA VEZ UNE A LOS EMPRESARIOS"},"content":{"rendered":"<p>El bueno de <strong>Paco G\u00f3mez\u00a0<\/strong>es de esos empresarios de referencia, que trabaja como nadie y que, teniendo un importante grupo empresarial y habiendo generando ni se sabe el n\u00famero de puestos de trabajo, sigue siendo la misma persona sencilla, transparente y campechana, a la que aprecia todo el mundo. El pasado mi\u00e9rcoles volvi\u00f3 a reunir a un nutrido grupo de amigos del sector empresarial, pol\u00edtico y financiero en un almuerzo canario en el restaurante Los Limoneros. Se comenz\u00f3 con un potaje de berros (con queso, gofio y cebolla incluidos) y se termin\u00f3 con higos picos y brevas netamente canarios, todo ello cocinado y servido por el gran equipo de profesionales que lidera <strong>Mariano Ramos<\/strong>. All\u00ed estaban todos o casi todos, comenzando por los dos presidentes de las patronales, <strong>Jos\u00e9 Carlos Francisco\u00a0<\/strong>(CEOE) y <strong>Santiago Ses\u00e9\u00a0<\/strong>(C\u00e1mara de Comercio). Paco G\u00f3mez es un ejemplo viviente de que la uni\u00f3n en pro de Tenerife y Canarias es posible, siempre en positivo y sin mediocridades ni piques absurdos.<\/p>\n<p style=\"text-align: center\"><a href=\"https:\/\/elcotarro.com\/wp-content\/uploads\/2018\/09\/FOTO-2.-CUMPLEA\u00d1OS.jpg\"><img loading=\"lazy\" decoding=\"async\" class=\"alignnone size-full wp-image-5849\" src=\"https:\/\/elcotarro.com\/wp-content\/uploads\/2018\/09\/FOTO-2.-CUMPLEA\u00d1OS.jpg\" alt=\"FOTO 2.- CUMPLEA\u00d1OS\" width=\"1331\" height=\"998\" srcset=\"https:\/\/elcotarro.com\/wp-content\/uploads\/2018\/09\/FOTO-2.-CUMPLEA\u00d1OS.jpg 1331w, https:\/\/elcotarro.com\/wp-content\/uploads\/2018\/09\/FOTO-2.-CUMPLEA\u00d1OS-300x225.jpg 300w, https:\/\/elcotarro.com\/wp-content\/uploads\/2018\/09\/FOTO-2.-CUMPLEA\u00d1OS-1024x768.jpg 1024w\" sizes=\"auto, (max-width: 1331px) 100vw, 1331px\" \/><\/a><\/p>\n<p style=\"text-align: center\"><em>Paco G\u00f3mez sopla las velas de la tarta conmemorativa de sus 71 a\u00f1os, mientras los empresarios y amigos le cantan el \u201ccumplea\u00f1os feliz\u201d<\/em><\/p>\n","protected":false},"excerpt":{"rendered":"<p>El bueno de Paco G\u00f3mez\u00a0es de esos empresarios de referencia, que trabaja como nadie y que, teniendo un importante grupo empresarial y habiendo generando ni se sabe el n\u00famero de puestos de trabajo, sigue siendo la misma persona sencilla, transparente y campechana, a la que aprecia todo el mundo. El pasado mi\u00e9rcoles volvi\u00f3 a reunir &#8230; <a class=\"read-more\" href=\"https:\/\/elcotarro.com\/?p=5848\">Read more<\/a><\/p>\n","protected":false},"author":2,"featured_media":0,"comment_status":"open","ping_status":"open","sticky":false,"template":"","format":"standard","meta":{"_jetpack_memberships_contains_paid_content":false,"footnotes":""},"categories":[1],"tags":[],"class_list":["post-5848","post","type-post","status-publish","format-standard","hentry","category-sin-categoria"],"yoast_head":"<!-- This site is optimized with the Yoast SEO plugin v27.0 - https:\/\/yoast.com\/product\/yoast-seo-wordpress\/ -->\n<title>PACO OTRA VEZ UNE A LOS EMPRESARIOS - El Cotarro<\/title>\n<meta name=\"robots\" content=\"index, follow, max-snippet:-1, max-image-preview:large, max-video-preview:-1\" \/>\n<link rel=\"canonical\" href=\"https:\/\/elcotarro.com\/?p=5848\" \/>\n<meta property=\"og:locale\" content=\"es_ES\" \/>\n<meta property=\"og:type\" content=\"article\" \/>\n<meta property=\"og:title\" content=\"PACO OTRA VEZ UNE A LOS EMPRESARIOS - El Cotarro\" \/>\n<meta property=\"og:description\" content=\"El bueno de Paco G\u00f3mez\u00a0es de esos empresarios de referencia, que trabaja como nadie y que, teniendo un importante grupo empresarial y habiendo generando ni se sabe el n\u00famero de puestos de trabajo, sigue siendo la misma persona sencilla, transparente y campechana, a la que aprecia todo el mundo. El pasado mi\u00e9rcoles volvi\u00f3 a reunir ... Read more\" \/>\n<meta property=\"og:url\" content=\"https:\/\/elcotarro.com\/?p=5848\" \/>\n<meta property=\"og:site_name\" content=\"El Cotarro\" \/>\n<meta property=\"article:publisher\" content=\"https:\/\/www.facebook.com\/ElCotarro.Tenerife\" \/>\n<meta property=\"article:published_time\" content=\"2018-09-09T10:04:01+00:00\" \/>\n<meta name=\"author\" content=\"Jos\u00e9 Carlos Marrero Gonz\u00e1lez\" \/>\n<meta name=\"twitter:label1\" content=\"Escrito por\" \/>\n\t<meta name=\"twitter:data1\" content=\"Jos\u00e9 Carlos Marrero Gonz\u00e1lez\" \/>\n\t<meta name=\"twitter:label2\" content=\"Tiempo de lectura\" \/>\n\t<meta name=\"twitter:data2\" content=\"1 minuto\" \/>\n<script type=\"application\/ld+json\" class=\"yoast-schema-graph\">{\"@context\":\"https:\/\/schema.org\",\"@graph\":[{\"@type\":\"Article\",\"@id\":\"https:\/\/elcotarro.com\/?p=5848#article\",\"isPartOf\":{\"@id\":\"https:\/\/elcotarro.com\/?p=5848\"},\"author\":{\"name\":\"Jos\u00e9 Carlos Marrero Gonz\u00e1lez\",\"@id\":\"https:\/\/elcotarro.com\/#\/schema\/person\/af537ee7d60d15984c7e0affcd8a918b\"},\"headline\":\"PACO OTRA VEZ UNE A LOS EMPRESARIOS\",\"datePublished\":\"2018-09-09T10:04:01+00:00\",\"mainEntityOfPage\":{\"@id\":\"https:\/\/elcotarro.com\/?p=5848\"},\"wordCount\":205,\"commentCount\":0,\"publisher\":{\"@id\":\"https:\/\/elcotarro.com\/#organization\"},\"inLanguage\":\"es\",\"potentialAction\":[{\"@type\":\"CommentAction\",\"name\":\"Comment\",\"target\":[\"https:\/\/elcotarro.com\/?p=5848#respond\"]}]},{\"@type\":\"WebPage\",\"@id\":\"https:\/\/elcotarro.com\/?p=5848\",\"url\":\"https:\/\/elcotarro.com\/?p=5848\",\"name\":\"PACO OTRA VEZ UNE A LOS EMPRESARIOS - El Cotarro\",\"isPartOf\":{\"@id\":\"https:\/\/elcotarro.com\/#website\"},\"datePublished\":\"2018-09-09T10:04:01+00:00\",\"breadcrumb\":{\"@id\":\"https:\/\/elcotarro.com\/?p=5848#breadcrumb\"},\"inLanguage\":\"es\",\"potentialAction\":[{\"@type\":\"ReadAction\",\"target\":[\"https:\/\/elcotarro.com\/?p=5848\"]}]},{\"@type\":\"BreadcrumbList\",\"@id\":\"https:\/\/elcotarro.com\/?p=5848#breadcrumb\",\"itemListElement\":[{\"@type\":\"ListItem\",\"position\":1,\"name\":\"Portada\",\"item\":\"https:\/\/elcotarro.com\/\"},{\"@type\":\"ListItem\",\"position\":2,\"name\":\"PACO OTRA VEZ UNE A LOS EMPRESARIOS\"}]},{\"@type\":\"WebSite\",\"@id\":\"https:\/\/elcotarro.com\/#website\",\"url\":\"https:\/\/elcotarro.com\/\",\"name\":\"El Cotarro\",\"description\":\"Peri\u00f3dico Digital Independiente dirigido por Jos\u00e9 Carlos Marrero\",\"publisher\":{\"@id\":\"https:\/\/elcotarro.com\/#organization\"},\"potentialAction\":[{\"@type\":\"SearchAction\",\"target\":{\"@type\":\"EntryPoint\",\"urlTemplate\":\"https:\/\/elcotarro.com\/?s={search_term_string}\"},\"query-input\":{\"@type\":\"PropertyValueSpecification\",\"valueRequired\":true,\"valueName\":\"search_term_string\"}}],\"inLanguage\":\"es\"},{\"@type\":\"Organization\",\"@id\":\"https:\/\/elcotarro.com\/#organization\",\"name\":\"El Cotarro\",\"url\":\"https:\/\/elcotarro.com\/\",\"logo\":{\"@type\":\"ImageObject\",\"inLanguage\":\"es\",\"@id\":\"https:\/\/elcotarro.com\/#\/schema\/logo\/image\/\",\"url\":\"https:\/\/elcotarro.com\/wp-content\/uploads\/2014\/09\/Cabecera_El_Cotarro_v2.jpg\",\"contentUrl\":\"https:\/\/elcotarro.com\/wp-content\/uploads\/2014\/09\/Cabecera_El_Cotarro_v2.jpg\",\"width\":3540,\"height\":441,\"caption\":\"El Cotarro\"},\"image\":{\"@id\":\"https:\/\/elcotarro.com\/#\/schema\/logo\/image\/\"},\"sameAs\":[\"https:\/\/www.facebook.com\/ElCotarro.Tenerife\"]},{\"@type\":\"Person\",\"@id\":\"https:\/\/elcotarro.com\/#\/schema\/person\/af537ee7d60d15984c7e0affcd8a918b\",\"name\":\"Jos\u00e9 Carlos Marrero Gonz\u00e1lez\",\"image\":{\"@type\":\"ImageObject\",\"inLanguage\":\"es\",\"@id\":\"https:\/\/elcotarro.com\/#\/schema\/person\/image\/\",\"url\":\"https:\/\/secure.gravatar.com\/avatar\/def4da036efb5d32c74d49c351f6dccc064dd69ad9f3aadc295c5a9a5391ca01?s=96&d=mm&r=g\",\"contentUrl\":\"https:\/\/secure.gravatar.com\/avatar\/def4da036efb5d32c74d49c351f6dccc064dd69ad9f3aadc295c5a9a5391ca01?s=96&d=mm&r=g\",\"caption\":\"Jos\u00e9 Carlos Marrero Gonz\u00e1lez\"},\"sameAs\":[\"https:\/\/elcotarro.com\"],\"url\":\"https:\/\/elcotarro.com\/?author=2\"}]}<\/script>\n<!-- \/ Yoast SEO plugin. -->","yoast_head_json":{"title":"PACO OTRA VEZ UNE A LOS EMPRESARIOS - El Cotarro","robots":{"index":"index","follow":"follow","max-snippet":"max-snippet:-1","max-image-preview":"max-image-preview:large","max-video-preview":"max-video-preview:-1"},"canonical":"https:\/\/elcotarro.com\/?p=5848","og_locale":"es_ES","og_type":"article","og_title":"PACO OTRA VEZ UNE A LOS EMPRESARIOS - El Cotarro","og_description":"El bueno de Paco G\u00f3mez\u00a0es de esos empresarios de referencia, que trabaja como nadie y que, teniendo un importante grupo empresarial y habiendo generando ni se sabe el n\u00famero de puestos de trabajo, sigue siendo la misma persona sencilla, transparente y campechana, a la que aprecia todo el mundo. El pasado mi\u00e9rcoles volvi\u00f3 a reunir ... Read more","og_url":"https:\/\/elcotarro.com\/?p=5848","og_site_name":"El Cotarro","article_publisher":"https:\/\/www.facebook.com\/ElCotarro.Tenerife","article_published_time":"2018-09-09T10:04:01+00:00","author":"Jos\u00e9 Carlos Marrero Gonz\u00e1lez","twitter_misc":{"Escrito por":"Jos\u00e9 Carlos Marrero Gonz\u00e1lez","Tiempo de lectura":"1 minuto"},"schema":{"@context":"https:\/\/schema.org","@graph":[{"@type":"Article","@id":"https:\/\/elcotarro.com\/?p=5848#article","isPartOf":{"@id":"https:\/\/elcotarro.com\/?p=5848"},"author":{"name":"Jos\u00e9 Carlos Marrero Gonz\u00e1lez","@id":"https:\/\/elcotarro.com\/#\/schema\/person\/af537ee7d60d15984c7e0affcd8a918b"},"headline":"PACO OTRA VEZ UNE A LOS EMPRESARIOS","datePublished":"2018-09-09T10:04:01+00:00","mainEntityOfPage":{"@id":"https:\/\/elcotarro.com\/?p=5848"},"wordCount":205,"commentCount":0,"publisher":{"@id":"https:\/\/elcotarro.com\/#organization"},"inLanguage":"es","potentialAction":[{"@type":"CommentAction","name":"Comment","target":["https:\/\/elcotarro.com\/?p=5848#respond"]}]},{"@type":"WebPage","@id":"https:\/\/elcotarro.com\/?p=5848","url":"https:\/\/elcotarro.com\/?p=5848","name":"PACO OTRA VEZ UNE A LOS EMPRESARIOS - El Cotarro","isPartOf":{"@id":"https:\/\/elcotarro.com\/#website"},"datePublished":"2018-09-09T10:04:01+00:00","breadcrumb":{"@id":"https:\/\/elcotarro.com\/?p=5848#breadcrumb"},"inLanguage":"es","potentialAction":[{"@type":"ReadAction","target":["https:\/\/elcotarro.com\/?p=5848"]}]},{"@type":"BreadcrumbList","@id":"https:\/\/elcotarro.com\/?p=5848#breadcrumb","itemListElement":[{"@type":"ListItem","position":1,"name":"Portada","item":"https:\/\/elcotarro.com\/"},{"@type":"ListItem","position":2,"name":"PACO OTRA VEZ UNE A LOS EMPRESARIOS"}]},{"@type":"WebSite","@id":"https:\/\/elcotarro.com\/#website","url":"https:\/\/elcotarro.com\/","name":"El Cotarro","description":"Peri\u00f3dico Digital Independiente dirigido por Jos\u00e9 Carlos Marrero","publisher":{"@id":"https:\/\/elcotarro.com\/#organization"},"potentialAction":[{"@type":"SearchAction","target":{"@type":"EntryPoint","urlTemplate":"https:\/\/elcotarro.com\/?s={search_term_string}"},"query-input":{"@type":"PropertyValueSpecification","valueRequired":true,"valueName":"search_term_string"}}],"inLanguage":"es"},{"@type":"Organization","@id":"https:\/\/elcotarro.com\/#organization","name":"El Cotarro","url":"https:\/\/elcotarro.com\/","logo":{"@type":"ImageObject","inLanguage":"es","@id":"https:\/\/elcotarro.com\/#\/schema\/logo\/image\/","url":"https:\/\/elcotarro.com\/wp-content\/uploads\/2014\/09\/Cabecera_El_Cotarro_v2.jpg","contentUrl":"https:\/\/elcotarro.com\/wp-content\/uploads\/2014\/09\/Cabecera_El_Cotarro_v2.jpg","width":3540,"height":441,"caption":"El Cotarro"},"image":{"@id":"https:\/\/elcotarro.com\/#\/schema\/logo\/image\/"},"sameAs":["https:\/\/www.facebook.com\/ElCotarro.Tenerife"]},{"@type":"Person","@id":"https:\/\/elcotarro.com\/#\/schema\/person\/af537ee7d60d15984c7e0affcd8a918b","name":"Jos\u00e9 Carlos Marrero Gonz\u00e1lez","image":{"@type":"ImageObject","inLanguage":"es","@id":"https:\/\/elcotarro.com\/#\/schema\/person\/image\/","url":"https:\/\/secure.gravatar.com\/avatar\/def4da036efb5d32c74d49c351f6dccc064dd69ad9f3aadc295c5a9a5391ca01?s=96&d=mm&r=g","contentUrl":"https:\/\/secure.gravatar.com\/avatar\/def4da036efb5d32c74d49c351f6dccc064dd69ad9f3aadc295c5a9a5391ca01?s=96&d=mm&r=g","caption":"Jos\u00e9 Carlos Marrero Gonz\u00e1lez"},"sameAs":["https:\/\/elcotarro.com"],"url":"https:\/\/elcotarro.com\/?author=2"}]}},"jetpack_featured_media_url":"","jetpack_sharing_enabled":true,"_links":{"self":[{"href":"https:\/\/elcotarro.com\/index.php?rest_route=\/wp\/v2\/posts\/5848","targetHints":{"allow":["GET"]}}],"collection":[{"href":"https:\/\/elcotarro.com\/index.php?rest_route=\/wp\/v2\/posts"}],"about":[{"href":"https:\/\/elcotarro.com\/index.php?rest_route=\/wp\/v2\/types\/post"}],"author":[{"embeddable":true,"href":"https:\/\/elcotarro.com\/index.php?rest_route=\/wp\/v2\/users\/2"}],"replies":[{"embeddable":true,"href":"https:\/\/elcotarro.com\/index.php?rest_route=%2Fwp%2Fv2%2Fcomments&post=5848"}],"version-history":[{"count":1,"href":"https:\/\/elcotarro.com\/index.php?rest_route=\/wp\/v2\/posts\/5848\/revisions"}],"predecessor-version":[{"id":5850,"href":"https:\/\/elcotarro.com\/index.php?rest_route=\/wp\/v2\/posts\/5848\/revisions\/5850"}],"wp:attachment":[{"href":"https:\/\/elcotarro.com\/index.php?rest_route=%2Fwp%2Fv2%2Fmedia&parent=5848"}],"wp:term":[{"taxonomy":"category","embeddable":true,"href":"https:\/\/elcotarro.com\/index.php?rest_route=%2Fwp%2Fv2%2Fcategories&post=5848"},{"taxonomy":"post_tag","embeddable":true,"href":"https:\/\/elcotarro.com\/index.php?rest_route=%2Fwp%2Fv2%2Ftags&post=5848"}],"curies":[{"name":"wp","href":"https:\/\/api.w.org\/{rel}","templated":true}]}}