{"id":5851,"date":"2018-09-09T11:03:47","date_gmt":"2018-09-09T10:03:47","guid":{"rendered":"https:\/\/elcotarro.com\/?p=5851"},"modified":"2018-09-08T12:23:44","modified_gmt":"2018-09-08T11:23:44","slug":"dos-buenos-amigos-de-la-quinta-del-47","status":"publish","type":"post","link":"https:\/\/elcotarro.com\/?p=5851","title":{"rendered":"DOS BUENOS AMIGOS DE LA QUINTA DEL 47"},"content":{"rendered":"<p>All\u00ed <strong>Paco\u00a0<\/strong>salud\u00f3 a todos, pero, muy especialmente, se abraz\u00f3 con su buen amigo <strong>Ricardo Melchior Navarro<\/strong>, que coincide con <strong>Paco\u00a0<\/strong>en lo de la quinta. Ambos son de la quinta de 1947 que, como se puede apreciar, dio muy buenos ejemplares. <strong>Ricardo Melchior\u00a0<\/strong>sigue esperando que, quien corresponda en el Ministerio de Fomento, firme oportuno y preceptivo el Decreto que le releve ya de la presidencia de la Autoridad Portuaria de Santa Cruz de Tenerife, en beneficio de <strong>Pedro Su\u00e1rez L\u00f3pez de Vergara<\/strong>, que est\u00e1 esperando como agua de mayo que le llegue el esperado nombramiento.<\/p>\n<p style=\"text-align: center\"><a href=\"https:\/\/elcotarro.com\/wp-content\/uploads\/2018\/09\/FOTO-3.-PACO-Y-RICHY.jpeg\"><img loading=\"lazy\" decoding=\"async\" class=\"alignnone size-full wp-image-5852\" src=\"https:\/\/elcotarro.com\/wp-content\/uploads\/2018\/09\/FOTO-3.-PACO-Y-RICHY.jpeg\" alt=\"FOTO 3.- PACO Y RICHY\" width=\"1024\" height=\"768\" srcset=\"https:\/\/elcotarro.com\/wp-content\/uploads\/2018\/09\/FOTO-3.-PACO-Y-RICHY.jpeg 1024w, https:\/\/elcotarro.com\/wp-content\/uploads\/2018\/09\/FOTO-3.-PACO-Y-RICHY-300x225.jpeg 300w\" sizes=\"auto, (max-width: 1024px) 100vw, 1024px\" \/><\/a><\/p>\n<p style=\"text-align: center\"><em>Dos amigos de la quinta del 47: Francisco \u201cPaco\u201d\u2008G\u00f3mez y Ricardo \u201cRichy\u201d\u2008Melchior, celebrando los 71 a\u00f1os.<\/em><\/p>\n","protected":false},"excerpt":{"rendered":"<p>All\u00ed Paco\u00a0salud\u00f3 a todos, pero, muy especialmente, se abraz\u00f3 con su buen amigo Ricardo Melchior Navarro, que coincide con Paco\u00a0en lo de la quinta. Ambos son de la quinta de 1947 que, como se puede apreciar, dio muy buenos ejemplares. Ricardo Melchior\u00a0sigue esperando que, quien corresponda en el Ministerio de Fomento, firme oportuno y preceptivo &#8230; <a class=\"read-more\" href=\"https:\/\/elcotarro.com\/?p=5851\">Read more<\/a><\/p>\n","protected":false},"author":2,"featured_media":0,"comment_status":"open","ping_status":"open","sticky":false,"template":"","format":"standard","meta":{"_jetpack_memberships_contains_paid_content":false,"footnotes":""},"categories":[1],"tags":[],"class_list":["post-5851","post","type-post","status-publish","format-standard","hentry","category-sin-categoria"],"yoast_head":"<!-- This site is optimized with the Yoast SEO plugin v27.0 - https:\/\/yoast.com\/product\/yoast-seo-wordpress\/ -->\n<title>DOS BUENOS AMIGOS DE LA QUINTA DEL 47 - El Cotarro<\/title>\n<meta name=\"robots\" content=\"index, follow, max-snippet:-1, max-image-preview:large, max-video-preview:-1\" \/>\n<link rel=\"canonical\" href=\"https:\/\/elcotarro.com\/?p=5851\" \/>\n<meta property=\"og:locale\" content=\"es_ES\" \/>\n<meta property=\"og:type\" content=\"article\" \/>\n<meta property=\"og:title\" content=\"DOS BUENOS AMIGOS DE LA QUINTA DEL 47 - El Cotarro\" \/>\n<meta property=\"og:description\" content=\"All\u00ed Paco\u00a0salud\u00f3 a todos, pero, muy especialmente, se abraz\u00f3 con su buen amigo Ricardo Melchior Navarro, que coincide con Paco\u00a0en lo de la quinta. Ambos son de la quinta de 1947 que, como se puede apreciar, dio muy buenos ejemplares. Ricardo Melchior\u00a0sigue esperando que, quien corresponda en el Ministerio de Fomento, firme oportuno y preceptivo ... Read more\" \/>\n<meta property=\"og:url\" content=\"https:\/\/elcotarro.com\/?p=5851\" \/>\n<meta property=\"og:site_name\" content=\"El Cotarro\" \/>\n<meta property=\"article:publisher\" content=\"https:\/\/www.facebook.com\/ElCotarro.Tenerife\" \/>\n<meta property=\"article:published_time\" content=\"2018-09-09T10:03:47+00:00\" \/>\n<meta property=\"og:image\" content=\"https:\/\/elcotarro.com\/wp-content\/uploads\/2018\/09\/FOTO-3.-PACO-Y-RICHY.jpeg\" \/>\n<meta name=\"author\" content=\"Jos\u00e9 Carlos Marrero Gonz\u00e1lez\" \/>\n<meta name=\"twitter:label1\" content=\"Escrito por\" \/>\n\t<meta name=\"twitter:data1\" content=\"Jos\u00e9 Carlos Marrero Gonz\u00e1lez\" \/>\n\t<meta name=\"twitter:label2\" content=\"Tiempo de lectura\" \/>\n\t<meta name=\"twitter:data2\" content=\"1 minuto\" \/>\n<script type=\"application\/ld+json\" class=\"yoast-schema-graph\">{\"@context\":\"https:\/\/schema.org\",\"@graph\":[{\"@type\":\"Article\",\"@id\":\"https:\/\/elcotarro.com\/?p=5851#article\",\"isPartOf\":{\"@id\":\"https:\/\/elcotarro.com\/?p=5851\"},\"author\":{\"name\":\"Jos\u00e9 Carlos Marrero Gonz\u00e1lez\",\"@id\":\"https:\/\/elcotarro.com\/#\/schema\/person\/af537ee7d60d15984c7e0affcd8a918b\"},\"headline\":\"DOS BUENOS AMIGOS DE LA QUINTA DEL 47\",\"datePublished\":\"2018-09-09T10:03:47+00:00\",\"mainEntityOfPage\":{\"@id\":\"https:\/\/elcotarro.com\/?p=5851\"},\"wordCount\":123,\"commentCount\":0,\"publisher\":{\"@id\":\"https:\/\/elcotarro.com\/#organization\"},\"image\":{\"@id\":\"https:\/\/elcotarro.com\/?p=5851#primaryimage\"},\"thumbnailUrl\":\"https:\/\/elcotarro.com\/wp-content\/uploads\/2018\/09\/FOTO-3.-PACO-Y-RICHY.jpeg\",\"inLanguage\":\"es\",\"potentialAction\":[{\"@type\":\"CommentAction\",\"name\":\"Comment\",\"target\":[\"https:\/\/elcotarro.com\/?p=5851#respond\"]}]},{\"@type\":\"WebPage\",\"@id\":\"https:\/\/elcotarro.com\/?p=5851\",\"url\":\"https:\/\/elcotarro.com\/?p=5851\",\"name\":\"DOS BUENOS AMIGOS DE LA QUINTA DEL 47 - El Cotarro\",\"isPartOf\":{\"@id\":\"https:\/\/elcotarro.com\/#website\"},\"primaryImageOfPage\":{\"@id\":\"https:\/\/elcotarro.com\/?p=5851#primaryimage\"},\"image\":{\"@id\":\"https:\/\/elcotarro.com\/?p=5851#primaryimage\"},\"thumbnailUrl\":\"https:\/\/elcotarro.com\/wp-content\/uploads\/2018\/09\/FOTO-3.-PACO-Y-RICHY.jpeg\",\"datePublished\":\"2018-09-09T10:03:47+00:00\",\"breadcrumb\":{\"@id\":\"https:\/\/elcotarro.com\/?p=5851#breadcrumb\"},\"inLanguage\":\"es\",\"potentialAction\":[{\"@type\":\"ReadAction\",\"target\":[\"https:\/\/elcotarro.com\/?p=5851\"]}]},{\"@type\":\"ImageObject\",\"inLanguage\":\"es\",\"@id\":\"https:\/\/elcotarro.com\/?p=5851#primaryimage\",\"url\":\"https:\/\/elcotarro.com\/wp-content\/uploads\/2018\/09\/FOTO-3.-PACO-Y-RICHY.jpeg\",\"contentUrl\":\"https:\/\/elcotarro.com\/wp-content\/uploads\/2018\/09\/FOTO-3.-PACO-Y-RICHY.jpeg\",\"width\":1024,\"height\":768},{\"@type\":\"BreadcrumbList\",\"@id\":\"https:\/\/elcotarro.com\/?p=5851#breadcrumb\",\"itemListElement\":[{\"@type\":\"ListItem\",\"position\":1,\"name\":\"Portada\",\"item\":\"https:\/\/elcotarro.com\/\"},{\"@type\":\"ListItem\",\"position\":2,\"name\":\"DOS BUENOS AMIGOS DE LA QUINTA DEL 47\"}]},{\"@type\":\"WebSite\",\"@id\":\"https:\/\/elcotarro.com\/#website\",\"url\":\"https:\/\/elcotarro.com\/\",\"name\":\"El Cotarro\",\"description\":\"Peri\u00f3dico Digital Independiente dirigido por Jos\u00e9 Carlos Marrero\",\"publisher\":{\"@id\":\"https:\/\/elcotarro.com\/#organization\"},\"potentialAction\":[{\"@type\":\"SearchAction\",\"target\":{\"@type\":\"EntryPoint\",\"urlTemplate\":\"https:\/\/elcotarro.com\/?s={search_term_string}\"},\"query-input\":{\"@type\":\"PropertyValueSpecification\",\"valueRequired\":true,\"valueName\":\"search_term_string\"}}],\"inLanguage\":\"es\"},{\"@type\":\"Organization\",\"@id\":\"https:\/\/elcotarro.com\/#organization\",\"name\":\"El Cotarro\",\"url\":\"https:\/\/elcotarro.com\/\",\"logo\":{\"@type\":\"ImageObject\",\"inLanguage\":\"es\",\"@id\":\"https:\/\/elcotarro.com\/#\/schema\/logo\/image\/\",\"url\":\"https:\/\/elcotarro.com\/wp-content\/uploads\/2014\/09\/Cabecera_El_Cotarro_v2.jpg\",\"contentUrl\":\"https:\/\/elcotarro.com\/wp-content\/uploads\/2014\/09\/Cabecera_El_Cotarro_v2.jpg\",\"width\":3540,\"height\":441,\"caption\":\"El Cotarro\"},\"image\":{\"@id\":\"https:\/\/elcotarro.com\/#\/schema\/logo\/image\/\"},\"sameAs\":[\"https:\/\/www.facebook.com\/ElCotarro.Tenerife\"]},{\"@type\":\"Person\",\"@id\":\"https:\/\/elcotarro.com\/#\/schema\/person\/af537ee7d60d15984c7e0affcd8a918b\",\"name\":\"Jos\u00e9 Carlos Marrero Gonz\u00e1lez\",\"image\":{\"@type\":\"ImageObject\",\"inLanguage\":\"es\",\"@id\":\"https:\/\/elcotarro.com\/#\/schema\/person\/image\/\",\"url\":\"https:\/\/secure.gravatar.com\/avatar\/def4da036efb5d32c74d49c351f6dccc064dd69ad9f3aadc295c5a9a5391ca01?s=96&d=mm&r=g\",\"contentUrl\":\"https:\/\/secure.gravatar.com\/avatar\/def4da036efb5d32c74d49c351f6dccc064dd69ad9f3aadc295c5a9a5391ca01?s=96&d=mm&r=g\",\"caption\":\"Jos\u00e9 Carlos Marrero Gonz\u00e1lez\"},\"sameAs\":[\"https:\/\/elcotarro.com\"],\"url\":\"https:\/\/elcotarro.com\/?author=2\"}]}<\/script>\n<!-- \/ Yoast SEO plugin. -->","yoast_head_json":{"title":"DOS BUENOS AMIGOS DE LA QUINTA DEL 47 - El Cotarro","robots":{"index":"index","follow":"follow","max-snippet":"max-snippet:-1","max-image-preview":"max-image-preview:large","max-video-preview":"max-video-preview:-1"},"canonical":"https:\/\/elcotarro.com\/?p=5851","og_locale":"es_ES","og_type":"article","og_title":"DOS BUENOS AMIGOS DE LA QUINTA DEL 47 - El Cotarro","og_description":"All\u00ed Paco\u00a0salud\u00f3 a todos, pero, muy especialmente, se abraz\u00f3 con su buen amigo Ricardo Melchior Navarro, que coincide con Paco\u00a0en lo de la quinta. Ambos son de la quinta de 1947 que, como se puede apreciar, dio muy buenos ejemplares. Ricardo Melchior\u00a0sigue esperando que, quien corresponda en el Ministerio de Fomento, firme oportuno y preceptivo ... Read more","og_url":"https:\/\/elcotarro.com\/?p=5851","og_site_name":"El Cotarro","article_publisher":"https:\/\/www.facebook.com\/ElCotarro.Tenerife","article_published_time":"2018-09-09T10:03:47+00:00","og_image":[{"url":"https:\/\/elcotarro.com\/wp-content\/uploads\/2018\/09\/FOTO-3.-PACO-Y-RICHY.jpeg","type":"","width":"","height":""}],"author":"Jos\u00e9 Carlos Marrero Gonz\u00e1lez","twitter_misc":{"Escrito por":"Jos\u00e9 Carlos Marrero Gonz\u00e1lez","Tiempo de lectura":"1 minuto"},"schema":{"@context":"https:\/\/schema.org","@graph":[{"@type":"Article","@id":"https:\/\/elcotarro.com\/?p=5851#article","isPartOf":{"@id":"https:\/\/elcotarro.com\/?p=5851"},"author":{"name":"Jos\u00e9 Carlos Marrero Gonz\u00e1lez","@id":"https:\/\/elcotarro.com\/#\/schema\/person\/af537ee7d60d15984c7e0affcd8a918b"},"headline":"DOS BUENOS AMIGOS DE LA QUINTA DEL 47","datePublished":"2018-09-09T10:03:47+00:00","mainEntityOfPage":{"@id":"https:\/\/elcotarro.com\/?p=5851"},"wordCount":123,"commentCount":0,"publisher":{"@id":"https:\/\/elcotarro.com\/#organization"},"image":{"@id":"https:\/\/elcotarro.com\/?p=5851#primaryimage"},"thumbnailUrl":"https:\/\/elcotarro.com\/wp-content\/uploads\/2018\/09\/FOTO-3.-PACO-Y-RICHY.jpeg","inLanguage":"es","potentialAction":[{"@type":"CommentAction","name":"Comment","target":["https:\/\/elcotarro.com\/?p=5851#respond"]}]},{"@type":"WebPage","@id":"https:\/\/elcotarro.com\/?p=5851","url":"https:\/\/elcotarro.com\/?p=5851","name":"DOS BUENOS AMIGOS DE LA QUINTA DEL 47 - El Cotarro","isPartOf":{"@id":"https:\/\/elcotarro.com\/#website"},"primaryImageOfPage":{"@id":"https:\/\/elcotarro.com\/?p=5851#primaryimage"},"image":{"@id":"https:\/\/elcotarro.com\/?p=5851#primaryimage"},"thumbnailUrl":"https:\/\/elcotarro.com\/wp-content\/uploads\/2018\/09\/FOTO-3.-PACO-Y-RICHY.jpeg","datePublished":"2018-09-09T10:03:47+00:00","breadcrumb":{"@id":"https:\/\/elcotarro.com\/?p=5851#breadcrumb"},"inLanguage":"es","potentialAction":[{"@type":"ReadAction","target":["https:\/\/elcotarro.com\/?p=5851"]}]},{"@type":"ImageObject","inLanguage":"es","@id":"https:\/\/elcotarro.com\/?p=5851#primaryimage","url":"https:\/\/elcotarro.com\/wp-content\/uploads\/2018\/09\/FOTO-3.-PACO-Y-RICHY.jpeg","contentUrl":"https:\/\/elcotarro.com\/wp-content\/uploads\/2018\/09\/FOTO-3.-PACO-Y-RICHY.jpeg","width":1024,"height":768},{"@type":"BreadcrumbList","@id":"https:\/\/elcotarro.com\/?p=5851#breadcrumb","itemListElement":[{"@type":"ListItem","position":1,"name":"Portada","item":"https:\/\/elcotarro.com\/"},{"@type":"ListItem","position":2,"name":"DOS BUENOS AMIGOS DE LA QUINTA DEL 47"}]},{"@type":"WebSite","@id":"https:\/\/elcotarro.com\/#website","url":"https:\/\/elcotarro.com\/","name":"El Cotarro","description":"Peri\u00f3dico Digital Independiente dirigido por Jos\u00e9 Carlos Marrero","publisher":{"@id":"https:\/\/elcotarro.com\/#organization"},"potentialAction":[{"@type":"SearchAction","target":{"@type":"EntryPoint","urlTemplate":"https:\/\/elcotarro.com\/?s={search_term_string}"},"query-input":{"@type":"PropertyValueSpecification","valueRequired":true,"valueName":"search_term_string"}}],"inLanguage":"es"},{"@type":"Organization","@id":"https:\/\/elcotarro.com\/#organization","name":"El Cotarro","url":"https:\/\/elcotarro.com\/","logo":{"@type":"ImageObject","inLanguage":"es","@id":"https:\/\/elcotarro.com\/#\/schema\/logo\/image\/","url":"https:\/\/elcotarro.com\/wp-content\/uploads\/2014\/09\/Cabecera_El_Cotarro_v2.jpg","contentUrl":"https:\/\/elcotarro.com\/wp-content\/uploads\/2014\/09\/Cabecera_El_Cotarro_v2.jpg","width":3540,"height":441,"caption":"El Cotarro"},"image":{"@id":"https:\/\/elcotarro.com\/#\/schema\/logo\/image\/"},"sameAs":["https:\/\/www.facebook.com\/ElCotarro.Tenerife"]},{"@type":"Person","@id":"https:\/\/elcotarro.com\/#\/schema\/person\/af537ee7d60d15984c7e0affcd8a918b","name":"Jos\u00e9 Carlos Marrero Gonz\u00e1lez","image":{"@type":"ImageObject","inLanguage":"es","@id":"https:\/\/elcotarro.com\/#\/schema\/person\/image\/","url":"https:\/\/secure.gravatar.com\/avatar\/def4da036efb5d32c74d49c351f6dccc064dd69ad9f3aadc295c5a9a5391ca01?s=96&d=mm&r=g","contentUrl":"https:\/\/secure.gravatar.com\/avatar\/def4da036efb5d32c74d49c351f6dccc064dd69ad9f3aadc295c5a9a5391ca01?s=96&d=mm&r=g","caption":"Jos\u00e9 Carlos Marrero Gonz\u00e1lez"},"sameAs":["https:\/\/elcotarro.com"],"url":"https:\/\/elcotarro.com\/?author=2"}]}},"jetpack_featured_media_url":"","jetpack_sharing_enabled":true,"_links":{"self":[{"href":"https:\/\/elcotarro.com\/index.php?rest_route=\/wp\/v2\/posts\/5851","targetHints":{"allow":["GET"]}}],"collection":[{"href":"https:\/\/elcotarro.com\/index.php?rest_route=\/wp\/v2\/posts"}],"about":[{"href":"https:\/\/elcotarro.com\/index.php?rest_route=\/wp\/v2\/types\/post"}],"author":[{"embeddable":true,"href":"https:\/\/elcotarro.com\/index.php?rest_route=\/wp\/v2\/users\/2"}],"replies":[{"embeddable":true,"href":"https:\/\/elcotarro.com\/index.php?rest_route=%2Fwp%2Fv2%2Fcomments&post=5851"}],"version-history":[{"count":1,"href":"https:\/\/elcotarro.com\/index.php?rest_route=\/wp\/v2\/posts\/5851\/revisions"}],"predecessor-version":[{"id":5853,"href":"https:\/\/elcotarro.com\/index.php?rest_route=\/wp\/v2\/posts\/5851\/revisions\/5853"}],"wp:attachment":[{"href":"https:\/\/elcotarro.com\/index.php?rest_route=%2Fwp%2Fv2%2Fmedia&parent=5851"}],"wp:term":[{"taxonomy":"category","embeddable":true,"href":"https:\/\/elcotarro.com\/index.php?rest_route=%2Fwp%2Fv2%2Fcategories&post=5851"},{"taxonomy":"post_tag","embeddable":true,"href":"https:\/\/elcotarro.com\/index.php?rest_route=%2Fwp%2Fv2%2Ftags&post=5851"}],"curies":[{"name":"wp","href":"https:\/\/api.w.org\/{rel}","templated":true}]}}