{"id":5860,"date":"2018-09-09T11:00:20","date_gmt":"2018-09-09T10:00:20","guid":{"rendered":"https:\/\/elcotarro.com\/?p=5860"},"modified":"2018-09-08T12:29:16","modified_gmt":"2018-09-08T11:29:16","slug":"un-rambo-llamado-jose-bermudez","status":"publish","type":"post","link":"https:\/\/elcotarro.com\/?p=5860","title":{"rendered":"UN \u201cRAMBO\u201d LLAMADO JOS\u00c9 BERM\u00daDEZ"},"content":{"rendered":"<p>El presidente del Cabildo de Tenerife, <strong>Carlos Alonso<\/strong>, anunci\u00f3 que la isla acoger\u00e1 este a\u00f1o entre otros rodajes, el de la pel\u00edcula \u201cRambo V\u201d protagonizada por <strong>Silvester Stallone<\/strong>. El conocido <strong>John Rambo\u00a0<\/strong>correr\u00e1 por las calles de Santa Cruz y la cosa ha dado pie para que, en menos que canta un gallo, la gente haya sacado un \u201cmeme\u201d donde (como pueden ver al lado) tenemos a <strong>Jos\u00e9 Manuel\u00a0<\/strong>convertido en <strong><em>\u201cRambo\u201d\u2008<\/em>Berm\u00fadez<\/strong>. Hasta el mism\u00edsimo alcalde se lo ha tomado de maravilla y con deportividad y es que, hay que reconocerlo, <strong>Jos\u00e9 Manuel Berm\u00fadez<\/strong>se lo est\u00e1 trabajando pateando barrio a barrio y, junto a \u00e9l, otro puntal como es el concejal <strong>Alfonso Cabello Mesa<\/strong>, que est\u00e1 cogiendo \u201cpeso\u201d en el gobierno municipal. Tanto es as\u00ed que la gente comenta que el helic\u00f3ptero que se ve en el cartel est\u00e1 pilotado por <strong>Alfonso Cabello<\/strong>, para sobrevolar Las Teresitas y que se cumpla la normativa de horarios. <strong>Jos\u00e9 Manuel <em>\u201cRambo\u201d\u2008<\/em>Berm\u00fadez\u00a0<\/strong>,<strong>Alfonso Cabello\u00a0<\/strong>y el resto de su equipo, est\u00e1n curr\u00e1ndoselo y por eso la pe\u00f1a dice de co\u00f1a que el alcalde <em>\u201c<strong>Rambo\u201d<\/strong><\/em><strong>Berm\u00fadez<\/strong>, no siente las piernas de tanto pateo.<\/p>\n<p style=\"text-align: center\"><a href=\"https:\/\/elcotarro.com\/wp-content\/uploads\/2018\/09\/FOTO-6.-BERM\u00daDEZ.jpeg\"><img loading=\"lazy\" decoding=\"async\" class=\"alignnone size-full wp-image-5861\" src=\"https:\/\/elcotarro.com\/wp-content\/uploads\/2018\/09\/FOTO-6.-BERM\u00daDEZ.jpeg\" alt=\"FOTO 6.- BERM\u00daDEZ\" width=\"1039\" height=\"1600\" srcset=\"https:\/\/elcotarro.com\/wp-content\/uploads\/2018\/09\/FOTO-6.-BERM\u00daDEZ.jpeg 1039w, https:\/\/elcotarro.com\/wp-content\/uploads\/2018\/09\/FOTO-6.-BERM\u00daDEZ-195x300.jpeg 195w, https:\/\/elcotarro.com\/wp-content\/uploads\/2018\/09\/FOTO-6.-BERM\u00daDEZ-665x1024.jpeg 665w\" sizes=\"auto, (max-width: 1039px) 100vw, 1039px\" \/><\/a><\/p>\n<p style=\"text-align: center\"><em>Jos\u00e9 Manuel \u201cRambo\u201d\u2008Berm\u00fadez&#8230; y Alfonso Cabello en el helic\u00f3ptero.<\/em><\/p>\n<p style=\"text-align: center\"><a href=\"http:\/\/www.careca.es\/\" target=\"_blank\"><img loading=\"lazy\" decoding=\"async\" class=\"size-full wp-image-2216 aligncenter\" src=\"https:\/\/elcotarro.com\/wp-content\/uploads\/2016\/07\/InsulacafeElCotarro.jpg\" alt=\"Bnn_Careca\" width=\"750\" height=\"150\" \/><\/a><\/p>\n","protected":false},"excerpt":{"rendered":"<p>El presidente del Cabildo de Tenerife, Carlos Alonso, anunci\u00f3 que la isla acoger\u00e1 este a\u00f1o entre otros rodajes, el de la pel\u00edcula \u201cRambo V\u201d protagonizada por Silvester Stallone. El conocido John Rambo\u00a0correr\u00e1 por las calles de Santa Cruz y la cosa ha dado pie para que, en menos que canta un gallo, la gente haya &#8230; <a class=\"read-more\" href=\"https:\/\/elcotarro.com\/?p=5860\">Read more<\/a><\/p>\n","protected":false},"author":2,"featured_media":0,"comment_status":"open","ping_status":"open","sticky":false,"template":"","format":"standard","meta":{"_jetpack_memberships_contains_paid_content":false,"footnotes":""},"categories":[1],"tags":[],"class_list":["post-5860","post","type-post","status-publish","format-standard","hentry","category-sin-categoria"],"yoast_head":"<!-- This site is optimized with the Yoast SEO plugin v27.0 - https:\/\/yoast.com\/product\/yoast-seo-wordpress\/ -->\n<title>UN \u201cRAMBO\u201d LLAMADO JOS\u00c9 BERM\u00daDEZ - El Cotarro<\/title>\n<meta name=\"robots\" content=\"index, follow, max-snippet:-1, max-image-preview:large, max-video-preview:-1\" \/>\n<link rel=\"canonical\" href=\"https:\/\/elcotarro.com\/?p=5860\" \/>\n<meta property=\"og:locale\" content=\"es_ES\" \/>\n<meta property=\"og:type\" content=\"article\" \/>\n<meta property=\"og:title\" content=\"UN \u201cRAMBO\u201d LLAMADO JOS\u00c9 BERM\u00daDEZ - El Cotarro\" \/>\n<meta property=\"og:description\" content=\"El presidente del Cabildo de Tenerife, Carlos Alonso, anunci\u00f3 que la isla acoger\u00e1 este a\u00f1o entre otros rodajes, el de la pel\u00edcula \u201cRambo V\u201d protagonizada por Silvester Stallone. El conocido John Rambo\u00a0correr\u00e1 por las calles de Santa Cruz y la cosa ha dado pie para que, en menos que canta un gallo, la gente haya ... Read more\" \/>\n<meta property=\"og:url\" content=\"https:\/\/elcotarro.com\/?p=5860\" \/>\n<meta property=\"og:site_name\" content=\"El Cotarro\" \/>\n<meta property=\"article:publisher\" content=\"https:\/\/www.facebook.com\/ElCotarro.Tenerife\" \/>\n<meta property=\"article:published_time\" content=\"2018-09-09T10:00:20+00:00\" \/>\n<meta property=\"og:image\" content=\"https:\/\/elcotarro.com\/wp-content\/uploads\/2016\/07\/InsulacafeElCotarro.jpg\" \/>\n<meta name=\"author\" content=\"Jos\u00e9 Carlos Marrero Gonz\u00e1lez\" \/>\n<meta name=\"twitter:label1\" content=\"Escrito por\" \/>\n\t<meta name=\"twitter:data1\" content=\"Jos\u00e9 Carlos Marrero Gonz\u00e1lez\" \/>\n\t<meta name=\"twitter:label2\" content=\"Tiempo de lectura\" \/>\n\t<meta name=\"twitter:data2\" content=\"1 minuto\" \/>\n<script type=\"application\/ld+json\" class=\"yoast-schema-graph\">{\"@context\":\"https:\/\/schema.org\",\"@graph\":[{\"@type\":\"Article\",\"@id\":\"https:\/\/elcotarro.com\/?p=5860#article\",\"isPartOf\":{\"@id\":\"https:\/\/elcotarro.com\/?p=5860\"},\"author\":{\"name\":\"Jos\u00e9 Carlos Marrero Gonz\u00e1lez\",\"@id\":\"https:\/\/elcotarro.com\/#\/schema\/person\/af537ee7d60d15984c7e0affcd8a918b\"},\"headline\":\"UN \u201cRAMBO\u201d LLAMADO JOS\u00c9 BERM\u00daDEZ\",\"datePublished\":\"2018-09-09T10:00:20+00:00\",\"mainEntityOfPage\":{\"@id\":\"https:\/\/elcotarro.com\/?p=5860\"},\"wordCount\":220,\"commentCount\":0,\"publisher\":{\"@id\":\"https:\/\/elcotarro.com\/#organization\"},\"image\":{\"@id\":\"https:\/\/elcotarro.com\/?p=5860#primaryimage\"},\"thumbnailUrl\":\"https:\/\/elcotarro.com\/wp-content\/uploads\/2016\/07\/InsulacafeElCotarro.jpg\",\"inLanguage\":\"es\",\"potentialAction\":[{\"@type\":\"CommentAction\",\"name\":\"Comment\",\"target\":[\"https:\/\/elcotarro.com\/?p=5860#respond\"]}]},{\"@type\":\"WebPage\",\"@id\":\"https:\/\/elcotarro.com\/?p=5860\",\"url\":\"https:\/\/elcotarro.com\/?p=5860\",\"name\":\"UN \u201cRAMBO\u201d LLAMADO JOS\u00c9 BERM\u00daDEZ - El Cotarro\",\"isPartOf\":{\"@id\":\"https:\/\/elcotarro.com\/#website\"},\"primaryImageOfPage\":{\"@id\":\"https:\/\/elcotarro.com\/?p=5860#primaryimage\"},\"image\":{\"@id\":\"https:\/\/elcotarro.com\/?p=5860#primaryimage\"},\"thumbnailUrl\":\"https:\/\/elcotarro.com\/wp-content\/uploads\/2016\/07\/InsulacafeElCotarro.jpg\",\"datePublished\":\"2018-09-09T10:00:20+00:00\",\"breadcrumb\":{\"@id\":\"https:\/\/elcotarro.com\/?p=5860#breadcrumb\"},\"inLanguage\":\"es\",\"potentialAction\":[{\"@type\":\"ReadAction\",\"target\":[\"https:\/\/elcotarro.com\/?p=5860\"]}]},{\"@type\":\"ImageObject\",\"inLanguage\":\"es\",\"@id\":\"https:\/\/elcotarro.com\/?p=5860#primaryimage\",\"url\":\"https:\/\/elcotarro.com\/wp-content\/uploads\/2016\/07\/InsulacafeElCotarro.jpg\",\"contentUrl\":\"https:\/\/elcotarro.com\/wp-content\/uploads\/2016\/07\/InsulacafeElCotarro.jpg\",\"width\":750,\"height\":153},{\"@type\":\"BreadcrumbList\",\"@id\":\"https:\/\/elcotarro.com\/?p=5860#breadcrumb\",\"itemListElement\":[{\"@type\":\"ListItem\",\"position\":1,\"name\":\"Portada\",\"item\":\"https:\/\/elcotarro.com\/\"},{\"@type\":\"ListItem\",\"position\":2,\"name\":\"UN \u201cRAMBO\u201d LLAMADO JOS\u00c9 BERM\u00daDEZ\"}]},{\"@type\":\"WebSite\",\"@id\":\"https:\/\/elcotarro.com\/#website\",\"url\":\"https:\/\/elcotarro.com\/\",\"name\":\"El Cotarro\",\"description\":\"Peri\u00f3dico Digital Independiente dirigido por Jos\u00e9 Carlos Marrero\",\"publisher\":{\"@id\":\"https:\/\/elcotarro.com\/#organization\"},\"potentialAction\":[{\"@type\":\"SearchAction\",\"target\":{\"@type\":\"EntryPoint\",\"urlTemplate\":\"https:\/\/elcotarro.com\/?s={search_term_string}\"},\"query-input\":{\"@type\":\"PropertyValueSpecification\",\"valueRequired\":true,\"valueName\":\"search_term_string\"}}],\"inLanguage\":\"es\"},{\"@type\":\"Organization\",\"@id\":\"https:\/\/elcotarro.com\/#organization\",\"name\":\"El Cotarro\",\"url\":\"https:\/\/elcotarro.com\/\",\"logo\":{\"@type\":\"ImageObject\",\"inLanguage\":\"es\",\"@id\":\"https:\/\/elcotarro.com\/#\/schema\/logo\/image\/\",\"url\":\"https:\/\/elcotarro.com\/wp-content\/uploads\/2014\/09\/Cabecera_El_Cotarro_v2.jpg\",\"contentUrl\":\"https:\/\/elcotarro.com\/wp-content\/uploads\/2014\/09\/Cabecera_El_Cotarro_v2.jpg\",\"width\":3540,\"height\":441,\"caption\":\"El Cotarro\"},\"image\":{\"@id\":\"https:\/\/elcotarro.com\/#\/schema\/logo\/image\/\"},\"sameAs\":[\"https:\/\/www.facebook.com\/ElCotarro.Tenerife\"]},{\"@type\":\"Person\",\"@id\":\"https:\/\/elcotarro.com\/#\/schema\/person\/af537ee7d60d15984c7e0affcd8a918b\",\"name\":\"Jos\u00e9 Carlos Marrero Gonz\u00e1lez\",\"image\":{\"@type\":\"ImageObject\",\"inLanguage\":\"es\",\"@id\":\"https:\/\/elcotarro.com\/#\/schema\/person\/image\/\",\"url\":\"https:\/\/secure.gravatar.com\/avatar\/def4da036efb5d32c74d49c351f6dccc064dd69ad9f3aadc295c5a9a5391ca01?s=96&d=mm&r=g\",\"contentUrl\":\"https:\/\/secure.gravatar.com\/avatar\/def4da036efb5d32c74d49c351f6dccc064dd69ad9f3aadc295c5a9a5391ca01?s=96&d=mm&r=g\",\"caption\":\"Jos\u00e9 Carlos Marrero Gonz\u00e1lez\"},\"sameAs\":[\"https:\/\/elcotarro.com\"],\"url\":\"https:\/\/elcotarro.com\/?author=2\"}]}<\/script>\n<!-- \/ Yoast SEO plugin. -->","yoast_head_json":{"title":"UN \u201cRAMBO\u201d LLAMADO JOS\u00c9 BERM\u00daDEZ - El Cotarro","robots":{"index":"index","follow":"follow","max-snippet":"max-snippet:-1","max-image-preview":"max-image-preview:large","max-video-preview":"max-video-preview:-1"},"canonical":"https:\/\/elcotarro.com\/?p=5860","og_locale":"es_ES","og_type":"article","og_title":"UN \u201cRAMBO\u201d LLAMADO JOS\u00c9 BERM\u00daDEZ - El Cotarro","og_description":"El presidente del Cabildo de Tenerife, Carlos Alonso, anunci\u00f3 que la isla acoger\u00e1 este a\u00f1o entre otros rodajes, el de la pel\u00edcula \u201cRambo V\u201d protagonizada por Silvester Stallone. El conocido John Rambo\u00a0correr\u00e1 por las calles de Santa Cruz y la cosa ha dado pie para que, en menos que canta un gallo, la gente haya ... Read more","og_url":"https:\/\/elcotarro.com\/?p=5860","og_site_name":"El Cotarro","article_publisher":"https:\/\/www.facebook.com\/ElCotarro.Tenerife","article_published_time":"2018-09-09T10:00:20+00:00","og_image":[{"url":"https:\/\/elcotarro.com\/wp-content\/uploads\/2016\/07\/InsulacafeElCotarro.jpg","type":"","width":"","height":""}],"author":"Jos\u00e9 Carlos Marrero Gonz\u00e1lez","twitter_misc":{"Escrito por":"Jos\u00e9 Carlos Marrero Gonz\u00e1lez","Tiempo de lectura":"1 minuto"},"schema":{"@context":"https:\/\/schema.org","@graph":[{"@type":"Article","@id":"https:\/\/elcotarro.com\/?p=5860#article","isPartOf":{"@id":"https:\/\/elcotarro.com\/?p=5860"},"author":{"name":"Jos\u00e9 Carlos Marrero Gonz\u00e1lez","@id":"https:\/\/elcotarro.com\/#\/schema\/person\/af537ee7d60d15984c7e0affcd8a918b"},"headline":"UN \u201cRAMBO\u201d LLAMADO JOS\u00c9 BERM\u00daDEZ","datePublished":"2018-09-09T10:00:20+00:00","mainEntityOfPage":{"@id":"https:\/\/elcotarro.com\/?p=5860"},"wordCount":220,"commentCount":0,"publisher":{"@id":"https:\/\/elcotarro.com\/#organization"},"image":{"@id":"https:\/\/elcotarro.com\/?p=5860#primaryimage"},"thumbnailUrl":"https:\/\/elcotarro.com\/wp-content\/uploads\/2016\/07\/InsulacafeElCotarro.jpg","inLanguage":"es","potentialAction":[{"@type":"CommentAction","name":"Comment","target":["https:\/\/elcotarro.com\/?p=5860#respond"]}]},{"@type":"WebPage","@id":"https:\/\/elcotarro.com\/?p=5860","url":"https:\/\/elcotarro.com\/?p=5860","name":"UN \u201cRAMBO\u201d LLAMADO JOS\u00c9 BERM\u00daDEZ - El Cotarro","isPartOf":{"@id":"https:\/\/elcotarro.com\/#website"},"primaryImageOfPage":{"@id":"https:\/\/elcotarro.com\/?p=5860#primaryimage"},"image":{"@id":"https:\/\/elcotarro.com\/?p=5860#primaryimage"},"thumbnailUrl":"https:\/\/elcotarro.com\/wp-content\/uploads\/2016\/07\/InsulacafeElCotarro.jpg","datePublished":"2018-09-09T10:00:20+00:00","breadcrumb":{"@id":"https:\/\/elcotarro.com\/?p=5860#breadcrumb"},"inLanguage":"es","potentialAction":[{"@type":"ReadAction","target":["https:\/\/elcotarro.com\/?p=5860"]}]},{"@type":"ImageObject","inLanguage":"es","@id":"https:\/\/elcotarro.com\/?p=5860#primaryimage","url":"https:\/\/elcotarro.com\/wp-content\/uploads\/2016\/07\/InsulacafeElCotarro.jpg","contentUrl":"https:\/\/elcotarro.com\/wp-content\/uploads\/2016\/07\/InsulacafeElCotarro.jpg","width":750,"height":153},{"@type":"BreadcrumbList","@id":"https:\/\/elcotarro.com\/?p=5860#breadcrumb","itemListElement":[{"@type":"ListItem","position":1,"name":"Portada","item":"https:\/\/elcotarro.com\/"},{"@type":"ListItem","position":2,"name":"UN \u201cRAMBO\u201d LLAMADO JOS\u00c9 BERM\u00daDEZ"}]},{"@type":"WebSite","@id":"https:\/\/elcotarro.com\/#website","url":"https:\/\/elcotarro.com\/","name":"El Cotarro","description":"Peri\u00f3dico Digital Independiente dirigido por Jos\u00e9 Carlos Marrero","publisher":{"@id":"https:\/\/elcotarro.com\/#organization"},"potentialAction":[{"@type":"SearchAction","target":{"@type":"EntryPoint","urlTemplate":"https:\/\/elcotarro.com\/?s={search_term_string}"},"query-input":{"@type":"PropertyValueSpecification","valueRequired":true,"valueName":"search_term_string"}}],"inLanguage":"es"},{"@type":"Organization","@id":"https:\/\/elcotarro.com\/#organization","name":"El Cotarro","url":"https:\/\/elcotarro.com\/","logo":{"@type":"ImageObject","inLanguage":"es","@id":"https:\/\/elcotarro.com\/#\/schema\/logo\/image\/","url":"https:\/\/elcotarro.com\/wp-content\/uploads\/2014\/09\/Cabecera_El_Cotarro_v2.jpg","contentUrl":"https:\/\/elcotarro.com\/wp-content\/uploads\/2014\/09\/Cabecera_El_Cotarro_v2.jpg","width":3540,"height":441,"caption":"El Cotarro"},"image":{"@id":"https:\/\/elcotarro.com\/#\/schema\/logo\/image\/"},"sameAs":["https:\/\/www.facebook.com\/ElCotarro.Tenerife"]},{"@type":"Person","@id":"https:\/\/elcotarro.com\/#\/schema\/person\/af537ee7d60d15984c7e0affcd8a918b","name":"Jos\u00e9 Carlos Marrero Gonz\u00e1lez","image":{"@type":"ImageObject","inLanguage":"es","@id":"https:\/\/elcotarro.com\/#\/schema\/person\/image\/","url":"https:\/\/secure.gravatar.com\/avatar\/def4da036efb5d32c74d49c351f6dccc064dd69ad9f3aadc295c5a9a5391ca01?s=96&d=mm&r=g","contentUrl":"https:\/\/secure.gravatar.com\/avatar\/def4da036efb5d32c74d49c351f6dccc064dd69ad9f3aadc295c5a9a5391ca01?s=96&d=mm&r=g","caption":"Jos\u00e9 Carlos Marrero Gonz\u00e1lez"},"sameAs":["https:\/\/elcotarro.com"],"url":"https:\/\/elcotarro.com\/?author=2"}]}},"jetpack_featured_media_url":"","jetpack_sharing_enabled":true,"_links":{"self":[{"href":"https:\/\/elcotarro.com\/index.php?rest_route=\/wp\/v2\/posts\/5860","targetHints":{"allow":["GET"]}}],"collection":[{"href":"https:\/\/elcotarro.com\/index.php?rest_route=\/wp\/v2\/posts"}],"about":[{"href":"https:\/\/elcotarro.com\/index.php?rest_route=\/wp\/v2\/types\/post"}],"author":[{"embeddable":true,"href":"https:\/\/elcotarro.com\/index.php?rest_route=\/wp\/v2\/users\/2"}],"replies":[{"embeddable":true,"href":"https:\/\/elcotarro.com\/index.php?rest_route=%2Fwp%2Fv2%2Fcomments&post=5860"}],"version-history":[{"count":1,"href":"https:\/\/elcotarro.com\/index.php?rest_route=\/wp\/v2\/posts\/5860\/revisions"}],"predecessor-version":[{"id":5862,"href":"https:\/\/elcotarro.com\/index.php?rest_route=\/wp\/v2\/posts\/5860\/revisions\/5862"}],"wp:attachment":[{"href":"https:\/\/elcotarro.com\/index.php?rest_route=%2Fwp%2Fv2%2Fmedia&parent=5860"}],"wp:term":[{"taxonomy":"category","embeddable":true,"href":"https:\/\/elcotarro.com\/index.php?rest_route=%2Fwp%2Fv2%2Fcategories&post=5860"},{"taxonomy":"post_tag","embeddable":true,"href":"https:\/\/elcotarro.com\/index.php?rest_route=%2Fwp%2Fv2%2Ftags&post=5860"}],"curies":[{"name":"wp","href":"https:\/\/api.w.org\/{rel}","templated":true}]}}