{"id":5888,"date":"2018-09-16T10:59:03","date_gmt":"2018-09-16T09:59:03","guid":{"rendered":"https:\/\/elcotarro.com\/?p=5888"},"modified":"2018-09-16T10:41:23","modified_gmt":"2018-09-16T09:41:23","slug":"foto-de-familia-de-una-vieja-tradicion","status":"publish","type":"post","link":"https:\/\/elcotarro.com\/?p=5888","title":{"rendered":"FOTO DE FAMILIA DE UNA VIEJA TRADICI\u00d3N"},"content":{"rendered":"<p>La foto de familia que les pongo en exclusiva, muestra a parte de las personas que all\u00ed estuvieron. Delante, de izquierda a derecha: <strong>Pablo Noguera\u00a0<\/strong>(asistente del cardenal Amigo) <strong>Pedro Francisco De las Casas\u00a0<\/strong>(ex-rector del Santuario de Las Nieves, en La Palma) <strong>Antonio Rguez.\u00a0Cedros\u00a0<\/strong>(Relaciones P\u00fablicas de la Esclavitud),\u2008<strong>Fernando Clavijo\u00a0<\/strong>(presidente del Gobierno de Canarias y, este a\u00f1o, representante del Rey) <strong>Carlos Amigo <\/strong>(cardenal y arzobispo em\u00e9rito de Sevilla), <strong>Bernardo \u00c1lvarez\u00a0<\/strong>(Obispo Nivariense), <strong>Jos\u00e9 Alberto D\u00edaz\u00a0<\/strong>(alcalde de La Laguna), <strong>Daniel Padilla Pi\u00f1ero\u00a0<\/strong>(rector del Santuario del Cristo y can\u00f3nigo de la Catedral) y <strong>V\u00edctor \u00c1lvarez Torres\u00a0<\/strong>(canciller del Obispado). En la segunda fila, detr\u00e1s de Pablo, <strong>Francisco Doblas Gonz\u00e1lez Aledo\u00a0<\/strong>(esclavo mayor). Detr\u00e1s de Fernando Clavijo, <strong>Carlos Alonso\u00a0<\/strong>(presidente del Cabildo). Detr\u00e1s, entre el cardenal y el obispo, <strong>Carlos Palacios Zaforteza\u00a0<\/strong>(teniente general, jefe del Mando de Canarias). Detr\u00e1s de ellos, los miembros de la Junta de Gobierno de la Esclavitud, as\u00ed como (en el fondo) <strong>Jes\u00fas Doblas\u00a0<\/strong>y <strong>Conchita Gonz\u00e1lez de Aledo\u00a0<\/strong>(padres del esclavo mayor y perfectos anfitriones)<\/p>\n<p style=\"text-align: center\"><a href=\"https:\/\/elcotarro.com\/wp-content\/uploads\/2018\/09\/FOTO-10.-ALMUERZO.jpg\"><img loading=\"lazy\" decoding=\"async\" class=\"alignnone size-full wp-image-5889\" src=\"https:\/\/elcotarro.com\/wp-content\/uploads\/2018\/09\/FOTO-10.-ALMUERZO.jpg\" alt=\"FOTO 10.- ALMUERZO\" width=\"1684\" height=\"804\" srcset=\"https:\/\/elcotarro.com\/wp-content\/uploads\/2018\/09\/FOTO-10.-ALMUERZO.jpg 1684w, https:\/\/elcotarro.com\/wp-content\/uploads\/2018\/09\/FOTO-10.-ALMUERZO-300x143.jpg 300w, https:\/\/elcotarro.com\/wp-content\/uploads\/2018\/09\/FOTO-10.-ALMUERZO-1024x489.jpg 1024w\" sizes=\"auto, (max-width: 1684px) 100vw, 1684px\" \/><\/a><\/p>\n<p style=\"text-align: center\">Foto de familia de la tradicional comida de la Esclavitud en honor del predicador y del representante del Rey, celebrada este a\u00f1o en la casa de la Familia Gonz\u00e1lez Aledo.<\/p>\n","protected":false},"excerpt":{"rendered":"<p>La foto de familia que les pongo en exclusiva, muestra a parte de las personas que all\u00ed estuvieron. Delante, de izquierda a derecha: Pablo Noguera\u00a0(asistente del cardenal Amigo) Pedro Francisco De las Casas\u00a0(ex-rector del Santuario de Las Nieves, en La Palma) Antonio Rguez.\u00a0Cedros\u00a0(Relaciones P\u00fablicas de la Esclavitud),\u2008Fernando Clavijo\u00a0(presidente del Gobierno de Canarias y, este a\u00f1o, &#8230; <a class=\"read-more\" href=\"https:\/\/elcotarro.com\/?p=5888\">Read more<\/a><\/p>\n","protected":false},"author":2,"featured_media":0,"comment_status":"open","ping_status":"open","sticky":false,"template":"","format":"standard","meta":{"_jetpack_memberships_contains_paid_content":false,"footnotes":""},"categories":[1],"tags":[],"class_list":["post-5888","post","type-post","status-publish","format-standard","hentry","category-sin-categoria"],"yoast_head":"<!-- This site is optimized with the Yoast SEO plugin v27.0 - https:\/\/yoast.com\/product\/yoast-seo-wordpress\/ -->\n<title>FOTO DE FAMILIA DE UNA VIEJA TRADICI\u00d3N - El Cotarro<\/title>\n<meta name=\"robots\" content=\"index, follow, max-snippet:-1, max-image-preview:large, max-video-preview:-1\" \/>\n<link rel=\"canonical\" href=\"https:\/\/elcotarro.com\/?p=5888\" \/>\n<meta property=\"og:locale\" content=\"es_ES\" \/>\n<meta property=\"og:type\" content=\"article\" \/>\n<meta property=\"og:title\" content=\"FOTO DE FAMILIA DE UNA VIEJA TRADICI\u00d3N - El Cotarro\" \/>\n<meta property=\"og:description\" content=\"La foto de familia que les pongo en exclusiva, muestra a parte de las personas que all\u00ed estuvieron. Delante, de izquierda a derecha: Pablo Noguera\u00a0(asistente del cardenal Amigo) Pedro Francisco De las Casas\u00a0(ex-rector del Santuario de Las Nieves, en La Palma) Antonio Rguez.\u00a0Cedros\u00a0(Relaciones P\u00fablicas de la Esclavitud),\u2008Fernando Clavijo\u00a0(presidente del Gobierno de Canarias y, este a\u00f1o, ... Read more\" \/>\n<meta property=\"og:url\" content=\"https:\/\/elcotarro.com\/?p=5888\" \/>\n<meta property=\"og:site_name\" content=\"El Cotarro\" \/>\n<meta property=\"article:publisher\" content=\"https:\/\/www.facebook.com\/ElCotarro.Tenerife\" \/>\n<meta property=\"article:published_time\" content=\"2018-09-16T09:59:03+00:00\" \/>\n<meta property=\"og:image\" content=\"https:\/\/elcotarro.com\/wp-content\/uploads\/2018\/09\/FOTO-10.-ALMUERZO.jpg\" \/>\n<meta name=\"author\" content=\"Jos\u00e9 Carlos Marrero Gonz\u00e1lez\" \/>\n<meta name=\"twitter:label1\" content=\"Escrito por\" \/>\n\t<meta name=\"twitter:data1\" content=\"Jos\u00e9 Carlos Marrero Gonz\u00e1lez\" \/>\n\t<meta name=\"twitter:label2\" content=\"Tiempo de lectura\" \/>\n\t<meta name=\"twitter:data2\" content=\"1 minuto\" \/>\n<script type=\"application\/ld+json\" class=\"yoast-schema-graph\">{\"@context\":\"https:\/\/schema.org\",\"@graph\":[{\"@type\":\"Article\",\"@id\":\"https:\/\/elcotarro.com\/?p=5888#article\",\"isPartOf\":{\"@id\":\"https:\/\/elcotarro.com\/?p=5888\"},\"author\":{\"name\":\"Jos\u00e9 Carlos Marrero Gonz\u00e1lez\",\"@id\":\"https:\/\/elcotarro.com\/#\/schema\/person\/af537ee7d60d15984c7e0affcd8a918b\"},\"headline\":\"FOTO DE FAMILIA DE UNA VIEJA TRADICI\u00d3N\",\"datePublished\":\"2018-09-16T09:59:03+00:00\",\"mainEntityOfPage\":{\"@id\":\"https:\/\/elcotarro.com\/?p=5888\"},\"wordCount\":228,\"commentCount\":0,\"publisher\":{\"@id\":\"https:\/\/elcotarro.com\/#organization\"},\"image\":{\"@id\":\"https:\/\/elcotarro.com\/?p=5888#primaryimage\"},\"thumbnailUrl\":\"https:\/\/elcotarro.com\/wp-content\/uploads\/2018\/09\/FOTO-10.-ALMUERZO.jpg\",\"inLanguage\":\"es\",\"potentialAction\":[{\"@type\":\"CommentAction\",\"name\":\"Comment\",\"target\":[\"https:\/\/elcotarro.com\/?p=5888#respond\"]}]},{\"@type\":\"WebPage\",\"@id\":\"https:\/\/elcotarro.com\/?p=5888\",\"url\":\"https:\/\/elcotarro.com\/?p=5888\",\"name\":\"FOTO DE FAMILIA DE UNA VIEJA TRADICI\u00d3N - El Cotarro\",\"isPartOf\":{\"@id\":\"https:\/\/elcotarro.com\/#website\"},\"primaryImageOfPage\":{\"@id\":\"https:\/\/elcotarro.com\/?p=5888#primaryimage\"},\"image\":{\"@id\":\"https:\/\/elcotarro.com\/?p=5888#primaryimage\"},\"thumbnailUrl\":\"https:\/\/elcotarro.com\/wp-content\/uploads\/2018\/09\/FOTO-10.-ALMUERZO.jpg\",\"datePublished\":\"2018-09-16T09:59:03+00:00\",\"breadcrumb\":{\"@id\":\"https:\/\/elcotarro.com\/?p=5888#breadcrumb\"},\"inLanguage\":\"es\",\"potentialAction\":[{\"@type\":\"ReadAction\",\"target\":[\"https:\/\/elcotarro.com\/?p=5888\"]}]},{\"@type\":\"ImageObject\",\"inLanguage\":\"es\",\"@id\":\"https:\/\/elcotarro.com\/?p=5888#primaryimage\",\"url\":\"https:\/\/elcotarro.com\/wp-content\/uploads\/2018\/09\/FOTO-10.-ALMUERZO.jpg\",\"contentUrl\":\"https:\/\/elcotarro.com\/wp-content\/uploads\/2018\/09\/FOTO-10.-ALMUERZO.jpg\",\"width\":1684,\"height\":804},{\"@type\":\"BreadcrumbList\",\"@id\":\"https:\/\/elcotarro.com\/?p=5888#breadcrumb\",\"itemListElement\":[{\"@type\":\"ListItem\",\"position\":1,\"name\":\"Portada\",\"item\":\"https:\/\/elcotarro.com\/\"},{\"@type\":\"ListItem\",\"position\":2,\"name\":\"FOTO DE FAMILIA DE UNA VIEJA TRADICI\u00d3N\"}]},{\"@type\":\"WebSite\",\"@id\":\"https:\/\/elcotarro.com\/#website\",\"url\":\"https:\/\/elcotarro.com\/\",\"name\":\"El Cotarro\",\"description\":\"Peri\u00f3dico Digital Independiente dirigido por Jos\u00e9 Carlos Marrero\",\"publisher\":{\"@id\":\"https:\/\/elcotarro.com\/#organization\"},\"potentialAction\":[{\"@type\":\"SearchAction\",\"target\":{\"@type\":\"EntryPoint\",\"urlTemplate\":\"https:\/\/elcotarro.com\/?s={search_term_string}\"},\"query-input\":{\"@type\":\"PropertyValueSpecification\",\"valueRequired\":true,\"valueName\":\"search_term_string\"}}],\"inLanguage\":\"es\"},{\"@type\":\"Organization\",\"@id\":\"https:\/\/elcotarro.com\/#organization\",\"name\":\"El Cotarro\",\"url\":\"https:\/\/elcotarro.com\/\",\"logo\":{\"@type\":\"ImageObject\",\"inLanguage\":\"es\",\"@id\":\"https:\/\/elcotarro.com\/#\/schema\/logo\/image\/\",\"url\":\"https:\/\/elcotarro.com\/wp-content\/uploads\/2014\/09\/Cabecera_El_Cotarro_v2.jpg\",\"contentUrl\":\"https:\/\/elcotarro.com\/wp-content\/uploads\/2014\/09\/Cabecera_El_Cotarro_v2.jpg\",\"width\":3540,\"height\":441,\"caption\":\"El Cotarro\"},\"image\":{\"@id\":\"https:\/\/elcotarro.com\/#\/schema\/logo\/image\/\"},\"sameAs\":[\"https:\/\/www.facebook.com\/ElCotarro.Tenerife\"]},{\"@type\":\"Person\",\"@id\":\"https:\/\/elcotarro.com\/#\/schema\/person\/af537ee7d60d15984c7e0affcd8a918b\",\"name\":\"Jos\u00e9 Carlos Marrero Gonz\u00e1lez\",\"image\":{\"@type\":\"ImageObject\",\"inLanguage\":\"es\",\"@id\":\"https:\/\/elcotarro.com\/#\/schema\/person\/image\/\",\"url\":\"https:\/\/secure.gravatar.com\/avatar\/def4da036efb5d32c74d49c351f6dccc064dd69ad9f3aadc295c5a9a5391ca01?s=96&d=mm&r=g\",\"contentUrl\":\"https:\/\/secure.gravatar.com\/avatar\/def4da036efb5d32c74d49c351f6dccc064dd69ad9f3aadc295c5a9a5391ca01?s=96&d=mm&r=g\",\"caption\":\"Jos\u00e9 Carlos Marrero Gonz\u00e1lez\"},\"sameAs\":[\"https:\/\/elcotarro.com\"],\"url\":\"https:\/\/elcotarro.com\/?author=2\"}]}<\/script>\n<!-- \/ Yoast SEO plugin. -->","yoast_head_json":{"title":"FOTO DE FAMILIA DE UNA VIEJA TRADICI\u00d3N - El Cotarro","robots":{"index":"index","follow":"follow","max-snippet":"max-snippet:-1","max-image-preview":"max-image-preview:large","max-video-preview":"max-video-preview:-1"},"canonical":"https:\/\/elcotarro.com\/?p=5888","og_locale":"es_ES","og_type":"article","og_title":"FOTO DE FAMILIA DE UNA VIEJA TRADICI\u00d3N - El Cotarro","og_description":"La foto de familia que les pongo en exclusiva, muestra a parte de las personas que all\u00ed estuvieron. Delante, de izquierda a derecha: Pablo Noguera\u00a0(asistente del cardenal Amigo) Pedro Francisco De las Casas\u00a0(ex-rector del Santuario de Las Nieves, en La Palma) Antonio Rguez.\u00a0Cedros\u00a0(Relaciones P\u00fablicas de la Esclavitud),\u2008Fernando Clavijo\u00a0(presidente del Gobierno de Canarias y, este a\u00f1o, ... Read more","og_url":"https:\/\/elcotarro.com\/?p=5888","og_site_name":"El Cotarro","article_publisher":"https:\/\/www.facebook.com\/ElCotarro.Tenerife","article_published_time":"2018-09-16T09:59:03+00:00","og_image":[{"url":"https:\/\/elcotarro.com\/wp-content\/uploads\/2018\/09\/FOTO-10.-ALMUERZO.jpg","type":"","width":"","height":""}],"author":"Jos\u00e9 Carlos Marrero Gonz\u00e1lez","twitter_misc":{"Escrito por":"Jos\u00e9 Carlos Marrero Gonz\u00e1lez","Tiempo de lectura":"1 minuto"},"schema":{"@context":"https:\/\/schema.org","@graph":[{"@type":"Article","@id":"https:\/\/elcotarro.com\/?p=5888#article","isPartOf":{"@id":"https:\/\/elcotarro.com\/?p=5888"},"author":{"name":"Jos\u00e9 Carlos Marrero Gonz\u00e1lez","@id":"https:\/\/elcotarro.com\/#\/schema\/person\/af537ee7d60d15984c7e0affcd8a918b"},"headline":"FOTO DE FAMILIA DE UNA VIEJA TRADICI\u00d3N","datePublished":"2018-09-16T09:59:03+00:00","mainEntityOfPage":{"@id":"https:\/\/elcotarro.com\/?p=5888"},"wordCount":228,"commentCount":0,"publisher":{"@id":"https:\/\/elcotarro.com\/#organization"},"image":{"@id":"https:\/\/elcotarro.com\/?p=5888#primaryimage"},"thumbnailUrl":"https:\/\/elcotarro.com\/wp-content\/uploads\/2018\/09\/FOTO-10.-ALMUERZO.jpg","inLanguage":"es","potentialAction":[{"@type":"CommentAction","name":"Comment","target":["https:\/\/elcotarro.com\/?p=5888#respond"]}]},{"@type":"WebPage","@id":"https:\/\/elcotarro.com\/?p=5888","url":"https:\/\/elcotarro.com\/?p=5888","name":"FOTO DE FAMILIA DE UNA VIEJA TRADICI\u00d3N - El Cotarro","isPartOf":{"@id":"https:\/\/elcotarro.com\/#website"},"primaryImageOfPage":{"@id":"https:\/\/elcotarro.com\/?p=5888#primaryimage"},"image":{"@id":"https:\/\/elcotarro.com\/?p=5888#primaryimage"},"thumbnailUrl":"https:\/\/elcotarro.com\/wp-content\/uploads\/2018\/09\/FOTO-10.-ALMUERZO.jpg","datePublished":"2018-09-16T09:59:03+00:00","breadcrumb":{"@id":"https:\/\/elcotarro.com\/?p=5888#breadcrumb"},"inLanguage":"es","potentialAction":[{"@type":"ReadAction","target":["https:\/\/elcotarro.com\/?p=5888"]}]},{"@type":"ImageObject","inLanguage":"es","@id":"https:\/\/elcotarro.com\/?p=5888#primaryimage","url":"https:\/\/elcotarro.com\/wp-content\/uploads\/2018\/09\/FOTO-10.-ALMUERZO.jpg","contentUrl":"https:\/\/elcotarro.com\/wp-content\/uploads\/2018\/09\/FOTO-10.-ALMUERZO.jpg","width":1684,"height":804},{"@type":"BreadcrumbList","@id":"https:\/\/elcotarro.com\/?p=5888#breadcrumb","itemListElement":[{"@type":"ListItem","position":1,"name":"Portada","item":"https:\/\/elcotarro.com\/"},{"@type":"ListItem","position":2,"name":"FOTO DE FAMILIA DE UNA VIEJA TRADICI\u00d3N"}]},{"@type":"WebSite","@id":"https:\/\/elcotarro.com\/#website","url":"https:\/\/elcotarro.com\/","name":"El Cotarro","description":"Peri\u00f3dico Digital Independiente dirigido por Jos\u00e9 Carlos Marrero","publisher":{"@id":"https:\/\/elcotarro.com\/#organization"},"potentialAction":[{"@type":"SearchAction","target":{"@type":"EntryPoint","urlTemplate":"https:\/\/elcotarro.com\/?s={search_term_string}"},"query-input":{"@type":"PropertyValueSpecification","valueRequired":true,"valueName":"search_term_string"}}],"inLanguage":"es"},{"@type":"Organization","@id":"https:\/\/elcotarro.com\/#organization","name":"El Cotarro","url":"https:\/\/elcotarro.com\/","logo":{"@type":"ImageObject","inLanguage":"es","@id":"https:\/\/elcotarro.com\/#\/schema\/logo\/image\/","url":"https:\/\/elcotarro.com\/wp-content\/uploads\/2014\/09\/Cabecera_El_Cotarro_v2.jpg","contentUrl":"https:\/\/elcotarro.com\/wp-content\/uploads\/2014\/09\/Cabecera_El_Cotarro_v2.jpg","width":3540,"height":441,"caption":"El Cotarro"},"image":{"@id":"https:\/\/elcotarro.com\/#\/schema\/logo\/image\/"},"sameAs":["https:\/\/www.facebook.com\/ElCotarro.Tenerife"]},{"@type":"Person","@id":"https:\/\/elcotarro.com\/#\/schema\/person\/af537ee7d60d15984c7e0affcd8a918b","name":"Jos\u00e9 Carlos Marrero Gonz\u00e1lez","image":{"@type":"ImageObject","inLanguage":"es","@id":"https:\/\/elcotarro.com\/#\/schema\/person\/image\/","url":"https:\/\/secure.gravatar.com\/avatar\/def4da036efb5d32c74d49c351f6dccc064dd69ad9f3aadc295c5a9a5391ca01?s=96&d=mm&r=g","contentUrl":"https:\/\/secure.gravatar.com\/avatar\/def4da036efb5d32c74d49c351f6dccc064dd69ad9f3aadc295c5a9a5391ca01?s=96&d=mm&r=g","caption":"Jos\u00e9 Carlos Marrero Gonz\u00e1lez"},"sameAs":["https:\/\/elcotarro.com"],"url":"https:\/\/elcotarro.com\/?author=2"}]}},"jetpack_featured_media_url":"","jetpack_sharing_enabled":true,"_links":{"self":[{"href":"https:\/\/elcotarro.com\/index.php?rest_route=\/wp\/v2\/posts\/5888","targetHints":{"allow":["GET"]}}],"collection":[{"href":"https:\/\/elcotarro.com\/index.php?rest_route=\/wp\/v2\/posts"}],"about":[{"href":"https:\/\/elcotarro.com\/index.php?rest_route=\/wp\/v2\/types\/post"}],"author":[{"embeddable":true,"href":"https:\/\/elcotarro.com\/index.php?rest_route=\/wp\/v2\/users\/2"}],"replies":[{"embeddable":true,"href":"https:\/\/elcotarro.com\/index.php?rest_route=%2Fwp%2Fv2%2Fcomments&post=5888"}],"version-history":[{"count":1,"href":"https:\/\/elcotarro.com\/index.php?rest_route=\/wp\/v2\/posts\/5888\/revisions"}],"predecessor-version":[{"id":5890,"href":"https:\/\/elcotarro.com\/index.php?rest_route=\/wp\/v2\/posts\/5888\/revisions\/5890"}],"wp:attachment":[{"href":"https:\/\/elcotarro.com\/index.php?rest_route=%2Fwp%2Fv2%2Fmedia&parent=5888"}],"wp:term":[{"taxonomy":"category","embeddable":true,"href":"https:\/\/elcotarro.com\/index.php?rest_route=%2Fwp%2Fv2%2Fcategories&post=5888"},{"taxonomy":"post_tag","embeddable":true,"href":"https:\/\/elcotarro.com\/index.php?rest_route=%2Fwp%2Fv2%2Ftags&post=5888"}],"curies":[{"name":"wp","href":"https:\/\/api.w.org\/{rel}","templated":true}]}}