{"id":5915,"date":"2018-09-23T11:00:09","date_gmt":"2018-09-23T10:00:09","guid":{"rendered":"https:\/\/elcotarro.com\/?p=5915"},"modified":"2018-09-23T10:33:44","modified_gmt":"2018-09-23T09:33:44","slug":"el-viaje-de-vuelta-de-abreu-a-alarco","status":"publish","type":"post","link":"https:\/\/elcotarro.com\/?p=5915","title":{"rendered":"EL \u201cVIAJE DE VUELTA\u201d DE ABREU A ALARC\u00d3"},"content":{"rendered":"<p>El concejal lagunero <strong>Javier Abreu\u00a0<\/strong>(ex-PSOE que ni olvida ni perdona) le \u201cdevolvi\u00f3\u201d a su compa\u00f1ero en el Pleno, <strong>Antonio Alarc\u00f3\u00a0<\/strong>(PP) lo que <strong>Abreu\u00a0<\/strong>consider\u00f3 una \u201ctomadura de pelo\u201d de <strong>Antonio\u00a0<\/strong>al estar \u201creinando\u201d con lo de la presentaci\u00f3n de la moci\u00f3n de censura (siempre anunciada y nunca presentada) al alcalde <strong>Jos\u00e9 Alberto D\u00edaz<\/strong>. Parece que <strong>Alarc\u00f3\u00a0<\/strong>quer\u00eda dar una nalgada a CC en el \u201cculo\u201d (con perd\u00f3n) de <strong>Flora Marrero\u00a0<\/strong>(concejala de Servicios Sociales). Un \u201cencendido\u201d <strong>Javier Abreu\u00a0<\/strong>le \u201ccant\u00f3 las cuarenta\u201d a <strong>Alarc\u00f3\u00a0<\/strong>y vot\u00f3 negativamente en su moci\u00f3n contra <strong>Flora<\/strong>. Y a <strong>Antonio Alarc\u00f3\u00a0<\/strong>le sali\u00f3, el tiro por la culata. En el PP est\u00e1n muy contentos.<\/p>\n<p style=\"text-align: center\"><a href=\"https:\/\/elcotarro.com\/wp-content\/uploads\/2018\/09\/FOTO-6.-ALARC\u00d3-Y-ABREU.jpg\"><img loading=\"lazy\" decoding=\"async\" class=\"alignnone size-full wp-image-5916\" src=\"https:\/\/elcotarro.com\/wp-content\/uploads\/2018\/09\/FOTO-6.-ALARC\u00d3-Y-ABREU.jpg\" alt=\"FOTO 6.- ALARC\u00d3 Y ABREU\" width=\"1000\" height=\"774\" srcset=\"https:\/\/elcotarro.com\/wp-content\/uploads\/2018\/09\/FOTO-6.-ALARC\u00d3-Y-ABREU.jpg 1000w, https:\/\/elcotarro.com\/wp-content\/uploads\/2018\/09\/FOTO-6.-ALARC\u00d3-Y-ABREU-300x232.jpg 300w\" sizes=\"auto, (max-width: 1000px) 100vw, 1000px\" \/><\/a><\/p>\n<p style=\"text-align: center\"><em>Antonio Alarc\u00f3 (i) y Javier Abreu, conversando amigablemente\u2026 Eran otros tiempos\u2026<\/em><\/p>\n","protected":false},"excerpt":{"rendered":"<p>El concejal lagunero Javier Abreu\u00a0(ex-PSOE que ni olvida ni perdona) le \u201cdevolvi\u00f3\u201d a su compa\u00f1ero en el Pleno, Antonio Alarc\u00f3\u00a0(PP) lo que Abreu\u00a0consider\u00f3 una \u201ctomadura de pelo\u201d de Antonio\u00a0al estar \u201creinando\u201d con lo de la presentaci\u00f3n de la moci\u00f3n de censura (siempre anunciada y nunca presentada) al alcalde Jos\u00e9 Alberto D\u00edaz. Parece que Alarc\u00f3\u00a0quer\u00eda dar &#8230; <a class=\"read-more\" href=\"https:\/\/elcotarro.com\/?p=5915\">Read more<\/a><\/p>\n","protected":false},"author":2,"featured_media":0,"comment_status":"open","ping_status":"open","sticky":false,"template":"","format":"standard","meta":{"_jetpack_memberships_contains_paid_content":false,"footnotes":""},"categories":[1],"tags":[],"class_list":["post-5915","post","type-post","status-publish","format-standard","hentry","category-sin-categoria"],"yoast_head":"<!-- This site is optimized with the Yoast SEO plugin v27.0 - https:\/\/yoast.com\/product\/yoast-seo-wordpress\/ -->\n<title>EL \u201cVIAJE DE VUELTA\u201d DE ABREU A ALARC\u00d3 - El Cotarro<\/title>\n<meta name=\"robots\" content=\"index, follow, max-snippet:-1, max-image-preview:large, max-video-preview:-1\" \/>\n<link rel=\"canonical\" href=\"https:\/\/elcotarro.com\/?p=5915\" \/>\n<meta property=\"og:locale\" content=\"es_ES\" \/>\n<meta property=\"og:type\" content=\"article\" \/>\n<meta property=\"og:title\" content=\"EL \u201cVIAJE DE VUELTA\u201d DE ABREU A ALARC\u00d3 - El Cotarro\" \/>\n<meta property=\"og:description\" content=\"El concejal lagunero Javier Abreu\u00a0(ex-PSOE que ni olvida ni perdona) le \u201cdevolvi\u00f3\u201d a su compa\u00f1ero en el Pleno, Antonio Alarc\u00f3\u00a0(PP) lo que Abreu\u00a0consider\u00f3 una \u201ctomadura de pelo\u201d de Antonio\u00a0al estar \u201creinando\u201d con lo de la presentaci\u00f3n de la moci\u00f3n de censura (siempre anunciada y nunca presentada) al alcalde Jos\u00e9 Alberto D\u00edaz. Parece que Alarc\u00f3\u00a0quer\u00eda dar ... Read more\" \/>\n<meta property=\"og:url\" content=\"https:\/\/elcotarro.com\/?p=5915\" \/>\n<meta property=\"og:site_name\" content=\"El Cotarro\" \/>\n<meta property=\"article:publisher\" content=\"https:\/\/www.facebook.com\/ElCotarro.Tenerife\" \/>\n<meta property=\"article:published_time\" content=\"2018-09-23T10:00:09+00:00\" \/>\n<meta name=\"author\" content=\"Jos\u00e9 Carlos Marrero Gonz\u00e1lez\" \/>\n<meta name=\"twitter:label1\" content=\"Escrito por\" \/>\n\t<meta name=\"twitter:data1\" content=\"Jos\u00e9 Carlos Marrero Gonz\u00e1lez\" \/>\n\t<meta name=\"twitter:label2\" content=\"Tiempo de lectura\" \/>\n\t<meta name=\"twitter:data2\" content=\"1 minuto\" \/>\n<script type=\"application\/ld+json\" class=\"yoast-schema-graph\">{\"@context\":\"https:\/\/schema.org\",\"@graph\":[{\"@type\":\"Article\",\"@id\":\"https:\/\/elcotarro.com\/?p=5915#article\",\"isPartOf\":{\"@id\":\"https:\/\/elcotarro.com\/?p=5915\"},\"author\":{\"name\":\"Jos\u00e9 Carlos Marrero Gonz\u00e1lez\",\"@id\":\"https:\/\/elcotarro.com\/#\/schema\/person\/af537ee7d60d15984c7e0affcd8a918b\"},\"headline\":\"EL \u201cVIAJE DE VUELTA\u201d DE ABREU A ALARC\u00d3\",\"datePublished\":\"2018-09-23T10:00:09+00:00\",\"mainEntityOfPage\":{\"@id\":\"https:\/\/elcotarro.com\/?p=5915\"},\"wordCount\":138,\"commentCount\":0,\"publisher\":{\"@id\":\"https:\/\/elcotarro.com\/#organization\"},\"inLanguage\":\"es\",\"potentialAction\":[{\"@type\":\"CommentAction\",\"name\":\"Comment\",\"target\":[\"https:\/\/elcotarro.com\/?p=5915#respond\"]}]},{\"@type\":\"WebPage\",\"@id\":\"https:\/\/elcotarro.com\/?p=5915\",\"url\":\"https:\/\/elcotarro.com\/?p=5915\",\"name\":\"EL \u201cVIAJE DE VUELTA\u201d DE ABREU A ALARC\u00d3 - El Cotarro\",\"isPartOf\":{\"@id\":\"https:\/\/elcotarro.com\/#website\"},\"datePublished\":\"2018-09-23T10:00:09+00:00\",\"breadcrumb\":{\"@id\":\"https:\/\/elcotarro.com\/?p=5915#breadcrumb\"},\"inLanguage\":\"es\",\"potentialAction\":[{\"@type\":\"ReadAction\",\"target\":[\"https:\/\/elcotarro.com\/?p=5915\"]}]},{\"@type\":\"BreadcrumbList\",\"@id\":\"https:\/\/elcotarro.com\/?p=5915#breadcrumb\",\"itemListElement\":[{\"@type\":\"ListItem\",\"position\":1,\"name\":\"Portada\",\"item\":\"https:\/\/elcotarro.com\/\"},{\"@type\":\"ListItem\",\"position\":2,\"name\":\"EL \u201cVIAJE DE VUELTA\u201d DE ABREU A ALARC\u00d3\"}]},{\"@type\":\"WebSite\",\"@id\":\"https:\/\/elcotarro.com\/#website\",\"url\":\"https:\/\/elcotarro.com\/\",\"name\":\"El Cotarro\",\"description\":\"Peri\u00f3dico Digital Independiente dirigido por Jos\u00e9 Carlos Marrero\",\"publisher\":{\"@id\":\"https:\/\/elcotarro.com\/#organization\"},\"potentialAction\":[{\"@type\":\"SearchAction\",\"target\":{\"@type\":\"EntryPoint\",\"urlTemplate\":\"https:\/\/elcotarro.com\/?s={search_term_string}\"},\"query-input\":{\"@type\":\"PropertyValueSpecification\",\"valueRequired\":true,\"valueName\":\"search_term_string\"}}],\"inLanguage\":\"es\"},{\"@type\":\"Organization\",\"@id\":\"https:\/\/elcotarro.com\/#organization\",\"name\":\"El Cotarro\",\"url\":\"https:\/\/elcotarro.com\/\",\"logo\":{\"@type\":\"ImageObject\",\"inLanguage\":\"es\",\"@id\":\"https:\/\/elcotarro.com\/#\/schema\/logo\/image\/\",\"url\":\"https:\/\/elcotarro.com\/wp-content\/uploads\/2014\/09\/Cabecera_El_Cotarro_v2.jpg\",\"contentUrl\":\"https:\/\/elcotarro.com\/wp-content\/uploads\/2014\/09\/Cabecera_El_Cotarro_v2.jpg\",\"width\":3540,\"height\":441,\"caption\":\"El Cotarro\"},\"image\":{\"@id\":\"https:\/\/elcotarro.com\/#\/schema\/logo\/image\/\"},\"sameAs\":[\"https:\/\/www.facebook.com\/ElCotarro.Tenerife\"]},{\"@type\":\"Person\",\"@id\":\"https:\/\/elcotarro.com\/#\/schema\/person\/af537ee7d60d15984c7e0affcd8a918b\",\"name\":\"Jos\u00e9 Carlos Marrero Gonz\u00e1lez\",\"image\":{\"@type\":\"ImageObject\",\"inLanguage\":\"es\",\"@id\":\"https:\/\/elcotarro.com\/#\/schema\/person\/image\/\",\"url\":\"https:\/\/secure.gravatar.com\/avatar\/def4da036efb5d32c74d49c351f6dccc064dd69ad9f3aadc295c5a9a5391ca01?s=96&d=mm&r=g\",\"contentUrl\":\"https:\/\/secure.gravatar.com\/avatar\/def4da036efb5d32c74d49c351f6dccc064dd69ad9f3aadc295c5a9a5391ca01?s=96&d=mm&r=g\",\"caption\":\"Jos\u00e9 Carlos Marrero Gonz\u00e1lez\"},\"sameAs\":[\"https:\/\/elcotarro.com\"],\"url\":\"https:\/\/elcotarro.com\/?author=2\"}]}<\/script>\n<!-- \/ Yoast SEO plugin. -->","yoast_head_json":{"title":"EL \u201cVIAJE DE VUELTA\u201d DE ABREU A ALARC\u00d3 - El Cotarro","robots":{"index":"index","follow":"follow","max-snippet":"max-snippet:-1","max-image-preview":"max-image-preview:large","max-video-preview":"max-video-preview:-1"},"canonical":"https:\/\/elcotarro.com\/?p=5915","og_locale":"es_ES","og_type":"article","og_title":"EL \u201cVIAJE DE VUELTA\u201d DE ABREU A ALARC\u00d3 - El Cotarro","og_description":"El concejal lagunero Javier Abreu\u00a0(ex-PSOE que ni olvida ni perdona) le \u201cdevolvi\u00f3\u201d a su compa\u00f1ero en el Pleno, Antonio Alarc\u00f3\u00a0(PP) lo que Abreu\u00a0consider\u00f3 una \u201ctomadura de pelo\u201d de Antonio\u00a0al estar \u201creinando\u201d con lo de la presentaci\u00f3n de la moci\u00f3n de censura (siempre anunciada y nunca presentada) al alcalde Jos\u00e9 Alberto D\u00edaz. Parece que Alarc\u00f3\u00a0quer\u00eda dar ... Read more","og_url":"https:\/\/elcotarro.com\/?p=5915","og_site_name":"El Cotarro","article_publisher":"https:\/\/www.facebook.com\/ElCotarro.Tenerife","article_published_time":"2018-09-23T10:00:09+00:00","author":"Jos\u00e9 Carlos Marrero Gonz\u00e1lez","twitter_misc":{"Escrito por":"Jos\u00e9 Carlos Marrero Gonz\u00e1lez","Tiempo de lectura":"1 minuto"},"schema":{"@context":"https:\/\/schema.org","@graph":[{"@type":"Article","@id":"https:\/\/elcotarro.com\/?p=5915#article","isPartOf":{"@id":"https:\/\/elcotarro.com\/?p=5915"},"author":{"name":"Jos\u00e9 Carlos Marrero Gonz\u00e1lez","@id":"https:\/\/elcotarro.com\/#\/schema\/person\/af537ee7d60d15984c7e0affcd8a918b"},"headline":"EL \u201cVIAJE DE VUELTA\u201d DE ABREU A ALARC\u00d3","datePublished":"2018-09-23T10:00:09+00:00","mainEntityOfPage":{"@id":"https:\/\/elcotarro.com\/?p=5915"},"wordCount":138,"commentCount":0,"publisher":{"@id":"https:\/\/elcotarro.com\/#organization"},"inLanguage":"es","potentialAction":[{"@type":"CommentAction","name":"Comment","target":["https:\/\/elcotarro.com\/?p=5915#respond"]}]},{"@type":"WebPage","@id":"https:\/\/elcotarro.com\/?p=5915","url":"https:\/\/elcotarro.com\/?p=5915","name":"EL \u201cVIAJE DE VUELTA\u201d DE ABREU A ALARC\u00d3 - El Cotarro","isPartOf":{"@id":"https:\/\/elcotarro.com\/#website"},"datePublished":"2018-09-23T10:00:09+00:00","breadcrumb":{"@id":"https:\/\/elcotarro.com\/?p=5915#breadcrumb"},"inLanguage":"es","potentialAction":[{"@type":"ReadAction","target":["https:\/\/elcotarro.com\/?p=5915"]}]},{"@type":"BreadcrumbList","@id":"https:\/\/elcotarro.com\/?p=5915#breadcrumb","itemListElement":[{"@type":"ListItem","position":1,"name":"Portada","item":"https:\/\/elcotarro.com\/"},{"@type":"ListItem","position":2,"name":"EL \u201cVIAJE DE VUELTA\u201d DE ABREU A ALARC\u00d3"}]},{"@type":"WebSite","@id":"https:\/\/elcotarro.com\/#website","url":"https:\/\/elcotarro.com\/","name":"El Cotarro","description":"Peri\u00f3dico Digital Independiente dirigido por Jos\u00e9 Carlos Marrero","publisher":{"@id":"https:\/\/elcotarro.com\/#organization"},"potentialAction":[{"@type":"SearchAction","target":{"@type":"EntryPoint","urlTemplate":"https:\/\/elcotarro.com\/?s={search_term_string}"},"query-input":{"@type":"PropertyValueSpecification","valueRequired":true,"valueName":"search_term_string"}}],"inLanguage":"es"},{"@type":"Organization","@id":"https:\/\/elcotarro.com\/#organization","name":"El Cotarro","url":"https:\/\/elcotarro.com\/","logo":{"@type":"ImageObject","inLanguage":"es","@id":"https:\/\/elcotarro.com\/#\/schema\/logo\/image\/","url":"https:\/\/elcotarro.com\/wp-content\/uploads\/2014\/09\/Cabecera_El_Cotarro_v2.jpg","contentUrl":"https:\/\/elcotarro.com\/wp-content\/uploads\/2014\/09\/Cabecera_El_Cotarro_v2.jpg","width":3540,"height":441,"caption":"El Cotarro"},"image":{"@id":"https:\/\/elcotarro.com\/#\/schema\/logo\/image\/"},"sameAs":["https:\/\/www.facebook.com\/ElCotarro.Tenerife"]},{"@type":"Person","@id":"https:\/\/elcotarro.com\/#\/schema\/person\/af537ee7d60d15984c7e0affcd8a918b","name":"Jos\u00e9 Carlos Marrero Gonz\u00e1lez","image":{"@type":"ImageObject","inLanguage":"es","@id":"https:\/\/elcotarro.com\/#\/schema\/person\/image\/","url":"https:\/\/secure.gravatar.com\/avatar\/def4da036efb5d32c74d49c351f6dccc064dd69ad9f3aadc295c5a9a5391ca01?s=96&d=mm&r=g","contentUrl":"https:\/\/secure.gravatar.com\/avatar\/def4da036efb5d32c74d49c351f6dccc064dd69ad9f3aadc295c5a9a5391ca01?s=96&d=mm&r=g","caption":"Jos\u00e9 Carlos Marrero Gonz\u00e1lez"},"sameAs":["https:\/\/elcotarro.com"],"url":"https:\/\/elcotarro.com\/?author=2"}]}},"jetpack_featured_media_url":"","jetpack_sharing_enabled":true,"_links":{"self":[{"href":"https:\/\/elcotarro.com\/index.php?rest_route=\/wp\/v2\/posts\/5915","targetHints":{"allow":["GET"]}}],"collection":[{"href":"https:\/\/elcotarro.com\/index.php?rest_route=\/wp\/v2\/posts"}],"about":[{"href":"https:\/\/elcotarro.com\/index.php?rest_route=\/wp\/v2\/types\/post"}],"author":[{"embeddable":true,"href":"https:\/\/elcotarro.com\/index.php?rest_route=\/wp\/v2\/users\/2"}],"replies":[{"embeddable":true,"href":"https:\/\/elcotarro.com\/index.php?rest_route=%2Fwp%2Fv2%2Fcomments&post=5915"}],"version-history":[{"count":1,"href":"https:\/\/elcotarro.com\/index.php?rest_route=\/wp\/v2\/posts\/5915\/revisions"}],"predecessor-version":[{"id":5917,"href":"https:\/\/elcotarro.com\/index.php?rest_route=\/wp\/v2\/posts\/5915\/revisions\/5917"}],"wp:attachment":[{"href":"https:\/\/elcotarro.com\/index.php?rest_route=%2Fwp%2Fv2%2Fmedia&parent=5915"}],"wp:term":[{"taxonomy":"category","embeddable":true,"href":"https:\/\/elcotarro.com\/index.php?rest_route=%2Fwp%2Fv2%2Fcategories&post=5915"},{"taxonomy":"post_tag","embeddable":true,"href":"https:\/\/elcotarro.com\/index.php?rest_route=%2Fwp%2Fv2%2Ftags&post=5915"}],"curies":[{"name":"wp","href":"https:\/\/api.w.org\/{rel}","templated":true}]}}