{"id":5927,"date":"2018-09-30T11:05:07","date_gmt":"2018-09-30T10:05:07","guid":{"rendered":"https:\/\/elcotarro.com\/?p=5927"},"modified":"2018-09-30T09:09:16","modified_gmt":"2018-09-30T08:09:16","slug":"un-cotarro-especial-movida-palmera","status":"publish","type":"post","link":"https:\/\/elcotarro.com\/?p=5927","title":{"rendered":"UN COTARRO ESPECIAL \u201cMOVIDA\u201d PALMERA"},"content":{"rendered":"<p>Hace tiempo que deb\u00eda una edici\u00f3n especial de <strong><em>El Cotarro<\/em><\/strong><em>,\u00a0<\/em>dedicada a la querida \u201cIsla Bonita y a su buena gente. Ayer se celebr\u00f3 la festividad de San Miguel, patr\u00f3n de la isla de La Palma y, justo el d\u00eda despu\u00e9s, la ocasi\u00f3n me viene que ni pintada para solventar el compromiso pendiente. O sea que, vamos al l\u00edo y, como dir\u00edan <strong>Juan Capote\u00a0<\/strong>o <strong>Sos\u00f3<\/strong>\u2026 \u00a1a los vasos!<\/p>\n<p style=\"text-align: center\"><a href=\"https:\/\/elcotarro.com\/wp-content\/uploads\/2018\/09\/FOTO-1.-CAPOTE-Y-SOS\u00d3.jpg\"><img loading=\"lazy\" decoding=\"async\" class=\"alignnone size-full wp-image-5928\" src=\"https:\/\/elcotarro.com\/wp-content\/uploads\/2018\/09\/FOTO-1.-CAPOTE-Y-SOS\u00d3.jpg\" alt=\"FOTO 1.- CAPOTE Y SOS\u00d3\" width=\"952\" height=\"848\" srcset=\"https:\/\/elcotarro.com\/wp-content\/uploads\/2018\/09\/FOTO-1.-CAPOTE-Y-SOS\u00d3.jpg 952w, https:\/\/elcotarro.com\/wp-content\/uploads\/2018\/09\/FOTO-1.-CAPOTE-Y-SOS\u00d3-300x267.jpg 300w\" sizes=\"auto, (max-width: 952px) 100vw, 952px\" \/><\/a><\/p>\n<p style=\"text-align: center\"><em>Juan Francisco Capote (i) junto a V\u00edctor \u201cSos\u00f3\u201d Lorenzo D\u00edaz, caracterizado de la sirena Sosohnova.<\/em><\/p>\n","protected":false},"excerpt":{"rendered":"<p>Hace tiempo que deb\u00eda una edici\u00f3n especial de El Cotarro,\u00a0dedicada a la querida \u201cIsla Bonita y a su buena gente. Ayer se celebr\u00f3 la festividad de San Miguel, patr\u00f3n de la isla de La Palma y, justo el d\u00eda despu\u00e9s, la ocasi\u00f3n me viene que ni pintada para solventar el compromiso pendiente. O sea que, &#8230; <a class=\"read-more\" href=\"https:\/\/elcotarro.com\/?p=5927\">Read more<\/a><\/p>\n","protected":false},"author":2,"featured_media":0,"comment_status":"open","ping_status":"open","sticky":false,"template":"","format":"standard","meta":{"_jetpack_memberships_contains_paid_content":false,"footnotes":""},"categories":[1],"tags":[],"class_list":["post-5927","post","type-post","status-publish","format-standard","hentry","category-sin-categoria"],"yoast_head":"<!-- This site is optimized with the Yoast SEO plugin v27.0 - https:\/\/yoast.com\/product\/yoast-seo-wordpress\/ -->\n<title>UN COTARRO ESPECIAL \u201cMOVIDA\u201d PALMERA - El Cotarro<\/title>\n<meta name=\"robots\" content=\"index, follow, max-snippet:-1, max-image-preview:large, max-video-preview:-1\" \/>\n<link rel=\"canonical\" href=\"https:\/\/elcotarro.com\/?p=5927\" \/>\n<meta property=\"og:locale\" content=\"es_ES\" \/>\n<meta property=\"og:type\" content=\"article\" \/>\n<meta property=\"og:title\" content=\"UN COTARRO ESPECIAL \u201cMOVIDA\u201d PALMERA - El Cotarro\" \/>\n<meta property=\"og:description\" content=\"Hace tiempo que deb\u00eda una edici\u00f3n especial de El Cotarro,\u00a0dedicada a la querida \u201cIsla Bonita y a su buena gente. Ayer se celebr\u00f3 la festividad de San Miguel, patr\u00f3n de la isla de La Palma y, justo el d\u00eda despu\u00e9s, la ocasi\u00f3n me viene que ni pintada para solventar el compromiso pendiente. O sea que, ... Read more\" \/>\n<meta property=\"og:url\" content=\"https:\/\/elcotarro.com\/?p=5927\" \/>\n<meta property=\"og:site_name\" content=\"El Cotarro\" \/>\n<meta property=\"article:publisher\" content=\"https:\/\/www.facebook.com\/ElCotarro.Tenerife\" \/>\n<meta property=\"article:published_time\" content=\"2018-09-30T10:05:07+00:00\" \/>\n<meta name=\"author\" content=\"Jos\u00e9 Carlos Marrero Gonz\u00e1lez\" \/>\n<meta name=\"twitter:label1\" content=\"Escrito por\" \/>\n\t<meta name=\"twitter:data1\" content=\"Jos\u00e9 Carlos Marrero Gonz\u00e1lez\" \/>\n<script type=\"application\/ld+json\" class=\"yoast-schema-graph\">{\"@context\":\"https:\/\/schema.org\",\"@graph\":[{\"@type\":\"Article\",\"@id\":\"https:\/\/elcotarro.com\/?p=5927#article\",\"isPartOf\":{\"@id\":\"https:\/\/elcotarro.com\/?p=5927\"},\"author\":{\"name\":\"Jos\u00e9 Carlos Marrero Gonz\u00e1lez\",\"@id\":\"https:\/\/elcotarro.com\/#\/schema\/person\/af537ee7d60d15984c7e0affcd8a918b\"},\"headline\":\"UN COTARRO ESPECIAL \u201cMOVIDA\u201d PALMERA\",\"datePublished\":\"2018-09-30T10:05:07+00:00\",\"mainEntityOfPage\":{\"@id\":\"https:\/\/elcotarro.com\/?p=5927\"},\"wordCount\":99,\"commentCount\":0,\"publisher\":{\"@id\":\"https:\/\/elcotarro.com\/#organization\"},\"inLanguage\":\"es\",\"potentialAction\":[{\"@type\":\"CommentAction\",\"name\":\"Comment\",\"target\":[\"https:\/\/elcotarro.com\/?p=5927#respond\"]}]},{\"@type\":\"WebPage\",\"@id\":\"https:\/\/elcotarro.com\/?p=5927\",\"url\":\"https:\/\/elcotarro.com\/?p=5927\",\"name\":\"UN COTARRO ESPECIAL \u201cMOVIDA\u201d PALMERA - El Cotarro\",\"isPartOf\":{\"@id\":\"https:\/\/elcotarro.com\/#website\"},\"datePublished\":\"2018-09-30T10:05:07+00:00\",\"breadcrumb\":{\"@id\":\"https:\/\/elcotarro.com\/?p=5927#breadcrumb\"},\"inLanguage\":\"es\",\"potentialAction\":[{\"@type\":\"ReadAction\",\"target\":[\"https:\/\/elcotarro.com\/?p=5927\"]}]},{\"@type\":\"BreadcrumbList\",\"@id\":\"https:\/\/elcotarro.com\/?p=5927#breadcrumb\",\"itemListElement\":[{\"@type\":\"ListItem\",\"position\":1,\"name\":\"Portada\",\"item\":\"https:\/\/elcotarro.com\/\"},{\"@type\":\"ListItem\",\"position\":2,\"name\":\"UN COTARRO ESPECIAL \u201cMOVIDA\u201d PALMERA\"}]},{\"@type\":\"WebSite\",\"@id\":\"https:\/\/elcotarro.com\/#website\",\"url\":\"https:\/\/elcotarro.com\/\",\"name\":\"El Cotarro\",\"description\":\"Peri\u00f3dico Digital Independiente dirigido por Jos\u00e9 Carlos Marrero\",\"publisher\":{\"@id\":\"https:\/\/elcotarro.com\/#organization\"},\"potentialAction\":[{\"@type\":\"SearchAction\",\"target\":{\"@type\":\"EntryPoint\",\"urlTemplate\":\"https:\/\/elcotarro.com\/?s={search_term_string}\"},\"query-input\":{\"@type\":\"PropertyValueSpecification\",\"valueRequired\":true,\"valueName\":\"search_term_string\"}}],\"inLanguage\":\"es\"},{\"@type\":\"Organization\",\"@id\":\"https:\/\/elcotarro.com\/#organization\",\"name\":\"El Cotarro\",\"url\":\"https:\/\/elcotarro.com\/\",\"logo\":{\"@type\":\"ImageObject\",\"inLanguage\":\"es\",\"@id\":\"https:\/\/elcotarro.com\/#\/schema\/logo\/image\/\",\"url\":\"https:\/\/elcotarro.com\/wp-content\/uploads\/2014\/09\/Cabecera_El_Cotarro_v2.jpg\",\"contentUrl\":\"https:\/\/elcotarro.com\/wp-content\/uploads\/2014\/09\/Cabecera_El_Cotarro_v2.jpg\",\"width\":3540,\"height\":441,\"caption\":\"El Cotarro\"},\"image\":{\"@id\":\"https:\/\/elcotarro.com\/#\/schema\/logo\/image\/\"},\"sameAs\":[\"https:\/\/www.facebook.com\/ElCotarro.Tenerife\"]},{\"@type\":\"Person\",\"@id\":\"https:\/\/elcotarro.com\/#\/schema\/person\/af537ee7d60d15984c7e0affcd8a918b\",\"name\":\"Jos\u00e9 Carlos Marrero Gonz\u00e1lez\",\"image\":{\"@type\":\"ImageObject\",\"inLanguage\":\"es\",\"@id\":\"https:\/\/elcotarro.com\/#\/schema\/person\/image\/\",\"url\":\"https:\/\/secure.gravatar.com\/avatar\/def4da036efb5d32c74d49c351f6dccc064dd69ad9f3aadc295c5a9a5391ca01?s=96&d=mm&r=g\",\"contentUrl\":\"https:\/\/secure.gravatar.com\/avatar\/def4da036efb5d32c74d49c351f6dccc064dd69ad9f3aadc295c5a9a5391ca01?s=96&d=mm&r=g\",\"caption\":\"Jos\u00e9 Carlos Marrero Gonz\u00e1lez\"},\"sameAs\":[\"https:\/\/elcotarro.com\"],\"url\":\"https:\/\/elcotarro.com\/?author=2\"}]}<\/script>\n<!-- \/ Yoast SEO plugin. -->","yoast_head_json":{"title":"UN COTARRO ESPECIAL \u201cMOVIDA\u201d PALMERA - El Cotarro","robots":{"index":"index","follow":"follow","max-snippet":"max-snippet:-1","max-image-preview":"max-image-preview:large","max-video-preview":"max-video-preview:-1"},"canonical":"https:\/\/elcotarro.com\/?p=5927","og_locale":"es_ES","og_type":"article","og_title":"UN COTARRO ESPECIAL \u201cMOVIDA\u201d PALMERA - El Cotarro","og_description":"Hace tiempo que deb\u00eda una edici\u00f3n especial de El Cotarro,\u00a0dedicada a la querida \u201cIsla Bonita y a su buena gente. Ayer se celebr\u00f3 la festividad de San Miguel, patr\u00f3n de la isla de La Palma y, justo el d\u00eda despu\u00e9s, la ocasi\u00f3n me viene que ni pintada para solventar el compromiso pendiente. O sea que, ... Read more","og_url":"https:\/\/elcotarro.com\/?p=5927","og_site_name":"El Cotarro","article_publisher":"https:\/\/www.facebook.com\/ElCotarro.Tenerife","article_published_time":"2018-09-30T10:05:07+00:00","author":"Jos\u00e9 Carlos Marrero Gonz\u00e1lez","twitter_misc":{"Escrito por":"Jos\u00e9 Carlos Marrero Gonz\u00e1lez"},"schema":{"@context":"https:\/\/schema.org","@graph":[{"@type":"Article","@id":"https:\/\/elcotarro.com\/?p=5927#article","isPartOf":{"@id":"https:\/\/elcotarro.com\/?p=5927"},"author":{"name":"Jos\u00e9 Carlos Marrero Gonz\u00e1lez","@id":"https:\/\/elcotarro.com\/#\/schema\/person\/af537ee7d60d15984c7e0affcd8a918b"},"headline":"UN COTARRO ESPECIAL \u201cMOVIDA\u201d PALMERA","datePublished":"2018-09-30T10:05:07+00:00","mainEntityOfPage":{"@id":"https:\/\/elcotarro.com\/?p=5927"},"wordCount":99,"commentCount":0,"publisher":{"@id":"https:\/\/elcotarro.com\/#organization"},"inLanguage":"es","potentialAction":[{"@type":"CommentAction","name":"Comment","target":["https:\/\/elcotarro.com\/?p=5927#respond"]}]},{"@type":"WebPage","@id":"https:\/\/elcotarro.com\/?p=5927","url":"https:\/\/elcotarro.com\/?p=5927","name":"UN COTARRO ESPECIAL \u201cMOVIDA\u201d PALMERA - El Cotarro","isPartOf":{"@id":"https:\/\/elcotarro.com\/#website"},"datePublished":"2018-09-30T10:05:07+00:00","breadcrumb":{"@id":"https:\/\/elcotarro.com\/?p=5927#breadcrumb"},"inLanguage":"es","potentialAction":[{"@type":"ReadAction","target":["https:\/\/elcotarro.com\/?p=5927"]}]},{"@type":"BreadcrumbList","@id":"https:\/\/elcotarro.com\/?p=5927#breadcrumb","itemListElement":[{"@type":"ListItem","position":1,"name":"Portada","item":"https:\/\/elcotarro.com\/"},{"@type":"ListItem","position":2,"name":"UN COTARRO ESPECIAL \u201cMOVIDA\u201d PALMERA"}]},{"@type":"WebSite","@id":"https:\/\/elcotarro.com\/#website","url":"https:\/\/elcotarro.com\/","name":"El Cotarro","description":"Peri\u00f3dico Digital Independiente dirigido por Jos\u00e9 Carlos Marrero","publisher":{"@id":"https:\/\/elcotarro.com\/#organization"},"potentialAction":[{"@type":"SearchAction","target":{"@type":"EntryPoint","urlTemplate":"https:\/\/elcotarro.com\/?s={search_term_string}"},"query-input":{"@type":"PropertyValueSpecification","valueRequired":true,"valueName":"search_term_string"}}],"inLanguage":"es"},{"@type":"Organization","@id":"https:\/\/elcotarro.com\/#organization","name":"El Cotarro","url":"https:\/\/elcotarro.com\/","logo":{"@type":"ImageObject","inLanguage":"es","@id":"https:\/\/elcotarro.com\/#\/schema\/logo\/image\/","url":"https:\/\/elcotarro.com\/wp-content\/uploads\/2014\/09\/Cabecera_El_Cotarro_v2.jpg","contentUrl":"https:\/\/elcotarro.com\/wp-content\/uploads\/2014\/09\/Cabecera_El_Cotarro_v2.jpg","width":3540,"height":441,"caption":"El Cotarro"},"image":{"@id":"https:\/\/elcotarro.com\/#\/schema\/logo\/image\/"},"sameAs":["https:\/\/www.facebook.com\/ElCotarro.Tenerife"]},{"@type":"Person","@id":"https:\/\/elcotarro.com\/#\/schema\/person\/af537ee7d60d15984c7e0affcd8a918b","name":"Jos\u00e9 Carlos Marrero Gonz\u00e1lez","image":{"@type":"ImageObject","inLanguage":"es","@id":"https:\/\/elcotarro.com\/#\/schema\/person\/image\/","url":"https:\/\/secure.gravatar.com\/avatar\/def4da036efb5d32c74d49c351f6dccc064dd69ad9f3aadc295c5a9a5391ca01?s=96&d=mm&r=g","contentUrl":"https:\/\/secure.gravatar.com\/avatar\/def4da036efb5d32c74d49c351f6dccc064dd69ad9f3aadc295c5a9a5391ca01?s=96&d=mm&r=g","caption":"Jos\u00e9 Carlos Marrero Gonz\u00e1lez"},"sameAs":["https:\/\/elcotarro.com"],"url":"https:\/\/elcotarro.com\/?author=2"}]}},"jetpack_featured_media_url":"","jetpack_sharing_enabled":true,"_links":{"self":[{"href":"https:\/\/elcotarro.com\/index.php?rest_route=\/wp\/v2\/posts\/5927","targetHints":{"allow":["GET"]}}],"collection":[{"href":"https:\/\/elcotarro.com\/index.php?rest_route=\/wp\/v2\/posts"}],"about":[{"href":"https:\/\/elcotarro.com\/index.php?rest_route=\/wp\/v2\/types\/post"}],"author":[{"embeddable":true,"href":"https:\/\/elcotarro.com\/index.php?rest_route=\/wp\/v2\/users\/2"}],"replies":[{"embeddable":true,"href":"https:\/\/elcotarro.com\/index.php?rest_route=%2Fwp%2Fv2%2Fcomments&post=5927"}],"version-history":[{"count":1,"href":"https:\/\/elcotarro.com\/index.php?rest_route=\/wp\/v2\/posts\/5927\/revisions"}],"predecessor-version":[{"id":5929,"href":"https:\/\/elcotarro.com\/index.php?rest_route=\/wp\/v2\/posts\/5927\/revisions\/5929"}],"wp:attachment":[{"href":"https:\/\/elcotarro.com\/index.php?rest_route=%2Fwp%2Fv2%2Fmedia&parent=5927"}],"wp:term":[{"taxonomy":"category","embeddable":true,"href":"https:\/\/elcotarro.com\/index.php?rest_route=%2Fwp%2Fv2%2Fcategories&post=5927"},{"taxonomy":"post_tag","embeddable":true,"href":"https:\/\/elcotarro.com\/index.php?rest_route=%2Fwp%2Fv2%2Ftags&post=5927"}],"curies":[{"name":"wp","href":"https:\/\/api.w.org\/{rel}","templated":true}]}}