{"id":5939,"date":"2018-09-30T11:01:15","date_gmt":"2018-09-30T10:01:15","guid":{"rendered":"https:\/\/elcotarro.com\/?p=5939"},"modified":"2018-09-30T09:20:39","modified_gmt":"2018-09-30T08:20:39","slug":"gran-duo-marichu-fresno-y-juan-capote","status":"publish","type":"post","link":"https:\/\/elcotarro.com\/?p=5939","title":{"rendered":"GRAN DUO MARICHU FRESNO Y JUAN CAPOTE"},"content":{"rendered":"<p>En esta ocasi\u00f3n se ha unido al viaje la tambi\u00e9n prestigiosa veterinaria palmera <strong>Mar\u00eda del Rosario Fresno Baquero<\/strong>, popularmente conocida como <strong>\u201cMarichu\u201d<\/strong><strong>Fresno<\/strong>, exquisita gourmet, amante de la h\u00edpica, tambi\u00e9n investigadora y, actualmente, directora cient\u00edfica del ICIA. <strong>Marichu\u00a0<\/strong>es una experta en quesos en general y especialmente en quesos canarios, y de los palmeros en particular (de cuya Denominaci\u00f3n de Origen fue \u201calma mater\u201d). Durante el viaje, <strong>Juan<\/strong>y <strong>Marichu\u00a0<\/strong>participaron en la constituci\u00f3n de la Asociaci\u00f3n Internacional de la Industria Lechera en Peque\u00f1os Rumiantes. <strong>Marichu Fresno\u00a0<\/strong>fue nombrada vicepresidenta de dicha asociaci\u00f3n, mientras que, a <strong>Juan Capote<\/strong>, le han otorgado la Presidencia de Honor. Nos falta ver que, a alguien inteligente, se le pase por la cabeza lo del nombramiento de ambos como \u201cHijos Predilectos\u201d de La Palma. Am\u00e9n.<\/p>\n<p style=\"text-align: center\"><a href=\"https:\/\/elcotarro.com\/wp-content\/uploads\/2018\/09\/FOTO-5.-MARICHU-Y-JUAN-copia-2.jpg\"><img loading=\"lazy\" decoding=\"async\" class=\"alignnone size-full wp-image-5940\" src=\"https:\/\/elcotarro.com\/wp-content\/uploads\/2018\/09\/FOTO-5.-MARICHU-Y-JUAN-copia-2.jpg\" alt=\"FOTO-5.--MARICHU-Y-JUAN-copia-2\" width=\"2530\" height=\"1200\" srcset=\"https:\/\/elcotarro.com\/wp-content\/uploads\/2018\/09\/FOTO-5.-MARICHU-Y-JUAN-copia-2.jpg 2530w, https:\/\/elcotarro.com\/wp-content\/uploads\/2018\/09\/FOTO-5.-MARICHU-Y-JUAN-copia-2-300x142.jpg 300w, https:\/\/elcotarro.com\/wp-content\/uploads\/2018\/09\/FOTO-5.-MARICHU-Y-JUAN-copia-2-1024x486.jpg 1024w\" sizes=\"auto, (max-width: 2530px) 100vw, 2530px\" \/><\/a><\/p>\n<p style=\"text-align: center\"><em>Marichu Fresno y Juan Capote triunfando en China, donde casi se les venera.<\/em><\/p>\n","protected":false},"excerpt":{"rendered":"<p>En esta ocasi\u00f3n se ha unido al viaje la tambi\u00e9n prestigiosa veterinaria palmera Mar\u00eda del Rosario Fresno Baquero, popularmente conocida como \u201cMarichu\u201dFresno, exquisita gourmet, amante de la h\u00edpica, tambi\u00e9n investigadora y, actualmente, directora cient\u00edfica del ICIA. Marichu\u00a0es una experta en quesos en general y especialmente en quesos canarios, y de los palmeros en particular (de &#8230; <a class=\"read-more\" href=\"https:\/\/elcotarro.com\/?p=5939\">Read more<\/a><\/p>\n","protected":false},"author":2,"featured_media":0,"comment_status":"open","ping_status":"open","sticky":false,"template":"","format":"standard","meta":{"_jetpack_memberships_contains_paid_content":false,"footnotes":""},"categories":[1],"tags":[],"class_list":["post-5939","post","type-post","status-publish","format-standard","hentry","category-sin-categoria"],"yoast_head":"<!-- This site is optimized with the Yoast SEO plugin v27.0 - https:\/\/yoast.com\/product\/yoast-seo-wordpress\/ -->\n<title>GRAN DUO MARICHU FRESNO Y JUAN CAPOTE - El Cotarro<\/title>\n<meta name=\"robots\" content=\"index, follow, max-snippet:-1, max-image-preview:large, max-video-preview:-1\" \/>\n<link rel=\"canonical\" href=\"https:\/\/elcotarro.com\/?p=5939\" \/>\n<meta property=\"og:locale\" content=\"es_ES\" \/>\n<meta property=\"og:type\" content=\"article\" \/>\n<meta property=\"og:title\" content=\"GRAN DUO MARICHU FRESNO Y JUAN CAPOTE - El Cotarro\" \/>\n<meta property=\"og:description\" content=\"En esta ocasi\u00f3n se ha unido al viaje la tambi\u00e9n prestigiosa veterinaria palmera Mar\u00eda del Rosario Fresno Baquero, popularmente conocida como \u201cMarichu\u201dFresno, exquisita gourmet, amante de la h\u00edpica, tambi\u00e9n investigadora y, actualmente, directora cient\u00edfica del ICIA. Marichu\u00a0es una experta en quesos en general y especialmente en quesos canarios, y de los palmeros en particular (de ... Read more\" \/>\n<meta property=\"og:url\" content=\"https:\/\/elcotarro.com\/?p=5939\" \/>\n<meta property=\"og:site_name\" content=\"El Cotarro\" \/>\n<meta property=\"article:publisher\" content=\"https:\/\/www.facebook.com\/ElCotarro.Tenerife\" \/>\n<meta property=\"article:published_time\" content=\"2018-09-30T10:01:15+00:00\" \/>\n<meta property=\"og:image\" content=\"https:\/\/elcotarro.com\/wp-content\/uploads\/2018\/09\/FOTO-5.-MARICHU-Y-JUAN-copia-2.jpg\" \/>\n<meta name=\"author\" content=\"Jos\u00e9 Carlos Marrero Gonz\u00e1lez\" \/>\n<meta name=\"twitter:label1\" content=\"Escrito por\" \/>\n\t<meta name=\"twitter:data1\" content=\"Jos\u00e9 Carlos Marrero Gonz\u00e1lez\" \/>\n\t<meta name=\"twitter:label2\" content=\"Tiempo de lectura\" \/>\n\t<meta name=\"twitter:data2\" content=\"1 minuto\" \/>\n<script type=\"application\/ld+json\" class=\"yoast-schema-graph\">{\"@context\":\"https:\/\/schema.org\",\"@graph\":[{\"@type\":\"Article\",\"@id\":\"https:\/\/elcotarro.com\/?p=5939#article\",\"isPartOf\":{\"@id\":\"https:\/\/elcotarro.com\/?p=5939\"},\"author\":{\"name\":\"Jos\u00e9 Carlos Marrero Gonz\u00e1lez\",\"@id\":\"https:\/\/elcotarro.com\/#\/schema\/person\/af537ee7d60d15984c7e0affcd8a918b\"},\"headline\":\"GRAN DUO MARICHU FRESNO Y JUAN CAPOTE\",\"datePublished\":\"2018-09-30T10:01:15+00:00\",\"mainEntityOfPage\":{\"@id\":\"https:\/\/elcotarro.com\/?p=5939\"},\"wordCount\":161,\"commentCount\":0,\"publisher\":{\"@id\":\"https:\/\/elcotarro.com\/#organization\"},\"image\":{\"@id\":\"https:\/\/elcotarro.com\/?p=5939#primaryimage\"},\"thumbnailUrl\":\"https:\/\/elcotarro.com\/wp-content\/uploads\/2018\/09\/FOTO-5.-MARICHU-Y-JUAN-copia-2.jpg\",\"inLanguage\":\"es\",\"potentialAction\":[{\"@type\":\"CommentAction\",\"name\":\"Comment\",\"target\":[\"https:\/\/elcotarro.com\/?p=5939#respond\"]}]},{\"@type\":\"WebPage\",\"@id\":\"https:\/\/elcotarro.com\/?p=5939\",\"url\":\"https:\/\/elcotarro.com\/?p=5939\",\"name\":\"GRAN DUO MARICHU FRESNO Y JUAN CAPOTE - El Cotarro\",\"isPartOf\":{\"@id\":\"https:\/\/elcotarro.com\/#website\"},\"primaryImageOfPage\":{\"@id\":\"https:\/\/elcotarro.com\/?p=5939#primaryimage\"},\"image\":{\"@id\":\"https:\/\/elcotarro.com\/?p=5939#primaryimage\"},\"thumbnailUrl\":\"https:\/\/elcotarro.com\/wp-content\/uploads\/2018\/09\/FOTO-5.-MARICHU-Y-JUAN-copia-2.jpg\",\"datePublished\":\"2018-09-30T10:01:15+00:00\",\"breadcrumb\":{\"@id\":\"https:\/\/elcotarro.com\/?p=5939#breadcrumb\"},\"inLanguage\":\"es\",\"potentialAction\":[{\"@type\":\"ReadAction\",\"target\":[\"https:\/\/elcotarro.com\/?p=5939\"]}]},{\"@type\":\"ImageObject\",\"inLanguage\":\"es\",\"@id\":\"https:\/\/elcotarro.com\/?p=5939#primaryimage\",\"url\":\"https:\/\/elcotarro.com\/wp-content\/uploads\/2018\/09\/FOTO-5.-MARICHU-Y-JUAN-copia-2.jpg\",\"contentUrl\":\"https:\/\/elcotarro.com\/wp-content\/uploads\/2018\/09\/FOTO-5.-MARICHU-Y-JUAN-copia-2.jpg\",\"width\":2530,\"height\":1200},{\"@type\":\"BreadcrumbList\",\"@id\":\"https:\/\/elcotarro.com\/?p=5939#breadcrumb\",\"itemListElement\":[{\"@type\":\"ListItem\",\"position\":1,\"name\":\"Portada\",\"item\":\"https:\/\/elcotarro.com\/\"},{\"@type\":\"ListItem\",\"position\":2,\"name\":\"GRAN DUO MARICHU FRESNO Y JUAN CAPOTE\"}]},{\"@type\":\"WebSite\",\"@id\":\"https:\/\/elcotarro.com\/#website\",\"url\":\"https:\/\/elcotarro.com\/\",\"name\":\"El Cotarro\",\"description\":\"Peri\u00f3dico Digital Independiente dirigido por Jos\u00e9 Carlos Marrero\",\"publisher\":{\"@id\":\"https:\/\/elcotarro.com\/#organization\"},\"potentialAction\":[{\"@type\":\"SearchAction\",\"target\":{\"@type\":\"EntryPoint\",\"urlTemplate\":\"https:\/\/elcotarro.com\/?s={search_term_string}\"},\"query-input\":{\"@type\":\"PropertyValueSpecification\",\"valueRequired\":true,\"valueName\":\"search_term_string\"}}],\"inLanguage\":\"es\"},{\"@type\":\"Organization\",\"@id\":\"https:\/\/elcotarro.com\/#organization\",\"name\":\"El Cotarro\",\"url\":\"https:\/\/elcotarro.com\/\",\"logo\":{\"@type\":\"ImageObject\",\"inLanguage\":\"es\",\"@id\":\"https:\/\/elcotarro.com\/#\/schema\/logo\/image\/\",\"url\":\"https:\/\/elcotarro.com\/wp-content\/uploads\/2014\/09\/Cabecera_El_Cotarro_v2.jpg\",\"contentUrl\":\"https:\/\/elcotarro.com\/wp-content\/uploads\/2014\/09\/Cabecera_El_Cotarro_v2.jpg\",\"width\":3540,\"height\":441,\"caption\":\"El Cotarro\"},\"image\":{\"@id\":\"https:\/\/elcotarro.com\/#\/schema\/logo\/image\/\"},\"sameAs\":[\"https:\/\/www.facebook.com\/ElCotarro.Tenerife\"]},{\"@type\":\"Person\",\"@id\":\"https:\/\/elcotarro.com\/#\/schema\/person\/af537ee7d60d15984c7e0affcd8a918b\",\"name\":\"Jos\u00e9 Carlos Marrero Gonz\u00e1lez\",\"image\":{\"@type\":\"ImageObject\",\"inLanguage\":\"es\",\"@id\":\"https:\/\/elcotarro.com\/#\/schema\/person\/image\/\",\"url\":\"https:\/\/secure.gravatar.com\/avatar\/def4da036efb5d32c74d49c351f6dccc064dd69ad9f3aadc295c5a9a5391ca01?s=96&d=mm&r=g\",\"contentUrl\":\"https:\/\/secure.gravatar.com\/avatar\/def4da036efb5d32c74d49c351f6dccc064dd69ad9f3aadc295c5a9a5391ca01?s=96&d=mm&r=g\",\"caption\":\"Jos\u00e9 Carlos Marrero Gonz\u00e1lez\"},\"sameAs\":[\"https:\/\/elcotarro.com\"],\"url\":\"https:\/\/elcotarro.com\/?author=2\"}]}<\/script>\n<!-- \/ Yoast SEO plugin. -->","yoast_head_json":{"title":"GRAN DUO MARICHU FRESNO Y JUAN CAPOTE - El Cotarro","robots":{"index":"index","follow":"follow","max-snippet":"max-snippet:-1","max-image-preview":"max-image-preview:large","max-video-preview":"max-video-preview:-1"},"canonical":"https:\/\/elcotarro.com\/?p=5939","og_locale":"es_ES","og_type":"article","og_title":"GRAN DUO MARICHU FRESNO Y JUAN CAPOTE - El Cotarro","og_description":"En esta ocasi\u00f3n se ha unido al viaje la tambi\u00e9n prestigiosa veterinaria palmera Mar\u00eda del Rosario Fresno Baquero, popularmente conocida como \u201cMarichu\u201dFresno, exquisita gourmet, amante de la h\u00edpica, tambi\u00e9n investigadora y, actualmente, directora cient\u00edfica del ICIA. Marichu\u00a0es una experta en quesos en general y especialmente en quesos canarios, y de los palmeros en particular (de ... Read more","og_url":"https:\/\/elcotarro.com\/?p=5939","og_site_name":"El Cotarro","article_publisher":"https:\/\/www.facebook.com\/ElCotarro.Tenerife","article_published_time":"2018-09-30T10:01:15+00:00","og_image":[{"url":"https:\/\/elcotarro.com\/wp-content\/uploads\/2018\/09\/FOTO-5.-MARICHU-Y-JUAN-copia-2.jpg","type":"","width":"","height":""}],"author":"Jos\u00e9 Carlos Marrero Gonz\u00e1lez","twitter_misc":{"Escrito por":"Jos\u00e9 Carlos Marrero Gonz\u00e1lez","Tiempo de lectura":"1 minuto"},"schema":{"@context":"https:\/\/schema.org","@graph":[{"@type":"Article","@id":"https:\/\/elcotarro.com\/?p=5939#article","isPartOf":{"@id":"https:\/\/elcotarro.com\/?p=5939"},"author":{"name":"Jos\u00e9 Carlos Marrero Gonz\u00e1lez","@id":"https:\/\/elcotarro.com\/#\/schema\/person\/af537ee7d60d15984c7e0affcd8a918b"},"headline":"GRAN DUO MARICHU FRESNO Y JUAN CAPOTE","datePublished":"2018-09-30T10:01:15+00:00","mainEntityOfPage":{"@id":"https:\/\/elcotarro.com\/?p=5939"},"wordCount":161,"commentCount":0,"publisher":{"@id":"https:\/\/elcotarro.com\/#organization"},"image":{"@id":"https:\/\/elcotarro.com\/?p=5939#primaryimage"},"thumbnailUrl":"https:\/\/elcotarro.com\/wp-content\/uploads\/2018\/09\/FOTO-5.-MARICHU-Y-JUAN-copia-2.jpg","inLanguage":"es","potentialAction":[{"@type":"CommentAction","name":"Comment","target":["https:\/\/elcotarro.com\/?p=5939#respond"]}]},{"@type":"WebPage","@id":"https:\/\/elcotarro.com\/?p=5939","url":"https:\/\/elcotarro.com\/?p=5939","name":"GRAN DUO MARICHU FRESNO Y JUAN CAPOTE - El Cotarro","isPartOf":{"@id":"https:\/\/elcotarro.com\/#website"},"primaryImageOfPage":{"@id":"https:\/\/elcotarro.com\/?p=5939#primaryimage"},"image":{"@id":"https:\/\/elcotarro.com\/?p=5939#primaryimage"},"thumbnailUrl":"https:\/\/elcotarro.com\/wp-content\/uploads\/2018\/09\/FOTO-5.-MARICHU-Y-JUAN-copia-2.jpg","datePublished":"2018-09-30T10:01:15+00:00","breadcrumb":{"@id":"https:\/\/elcotarro.com\/?p=5939#breadcrumb"},"inLanguage":"es","potentialAction":[{"@type":"ReadAction","target":["https:\/\/elcotarro.com\/?p=5939"]}]},{"@type":"ImageObject","inLanguage":"es","@id":"https:\/\/elcotarro.com\/?p=5939#primaryimage","url":"https:\/\/elcotarro.com\/wp-content\/uploads\/2018\/09\/FOTO-5.-MARICHU-Y-JUAN-copia-2.jpg","contentUrl":"https:\/\/elcotarro.com\/wp-content\/uploads\/2018\/09\/FOTO-5.-MARICHU-Y-JUAN-copia-2.jpg","width":2530,"height":1200},{"@type":"BreadcrumbList","@id":"https:\/\/elcotarro.com\/?p=5939#breadcrumb","itemListElement":[{"@type":"ListItem","position":1,"name":"Portada","item":"https:\/\/elcotarro.com\/"},{"@type":"ListItem","position":2,"name":"GRAN DUO MARICHU FRESNO Y JUAN CAPOTE"}]},{"@type":"WebSite","@id":"https:\/\/elcotarro.com\/#website","url":"https:\/\/elcotarro.com\/","name":"El Cotarro","description":"Peri\u00f3dico Digital Independiente dirigido por Jos\u00e9 Carlos Marrero","publisher":{"@id":"https:\/\/elcotarro.com\/#organization"},"potentialAction":[{"@type":"SearchAction","target":{"@type":"EntryPoint","urlTemplate":"https:\/\/elcotarro.com\/?s={search_term_string}"},"query-input":{"@type":"PropertyValueSpecification","valueRequired":true,"valueName":"search_term_string"}}],"inLanguage":"es"},{"@type":"Organization","@id":"https:\/\/elcotarro.com\/#organization","name":"El Cotarro","url":"https:\/\/elcotarro.com\/","logo":{"@type":"ImageObject","inLanguage":"es","@id":"https:\/\/elcotarro.com\/#\/schema\/logo\/image\/","url":"https:\/\/elcotarro.com\/wp-content\/uploads\/2014\/09\/Cabecera_El_Cotarro_v2.jpg","contentUrl":"https:\/\/elcotarro.com\/wp-content\/uploads\/2014\/09\/Cabecera_El_Cotarro_v2.jpg","width":3540,"height":441,"caption":"El Cotarro"},"image":{"@id":"https:\/\/elcotarro.com\/#\/schema\/logo\/image\/"},"sameAs":["https:\/\/www.facebook.com\/ElCotarro.Tenerife"]},{"@type":"Person","@id":"https:\/\/elcotarro.com\/#\/schema\/person\/af537ee7d60d15984c7e0affcd8a918b","name":"Jos\u00e9 Carlos Marrero Gonz\u00e1lez","image":{"@type":"ImageObject","inLanguage":"es","@id":"https:\/\/elcotarro.com\/#\/schema\/person\/image\/","url":"https:\/\/secure.gravatar.com\/avatar\/def4da036efb5d32c74d49c351f6dccc064dd69ad9f3aadc295c5a9a5391ca01?s=96&d=mm&r=g","contentUrl":"https:\/\/secure.gravatar.com\/avatar\/def4da036efb5d32c74d49c351f6dccc064dd69ad9f3aadc295c5a9a5391ca01?s=96&d=mm&r=g","caption":"Jos\u00e9 Carlos Marrero Gonz\u00e1lez"},"sameAs":["https:\/\/elcotarro.com"],"url":"https:\/\/elcotarro.com\/?author=2"}]}},"jetpack_featured_media_url":"","jetpack_sharing_enabled":true,"_links":{"self":[{"href":"https:\/\/elcotarro.com\/index.php?rest_route=\/wp\/v2\/posts\/5939","targetHints":{"allow":["GET"]}}],"collection":[{"href":"https:\/\/elcotarro.com\/index.php?rest_route=\/wp\/v2\/posts"}],"about":[{"href":"https:\/\/elcotarro.com\/index.php?rest_route=\/wp\/v2\/types\/post"}],"author":[{"embeddable":true,"href":"https:\/\/elcotarro.com\/index.php?rest_route=\/wp\/v2\/users\/2"}],"replies":[{"embeddable":true,"href":"https:\/\/elcotarro.com\/index.php?rest_route=%2Fwp%2Fv2%2Fcomments&post=5939"}],"version-history":[{"count":1,"href":"https:\/\/elcotarro.com\/index.php?rest_route=\/wp\/v2\/posts\/5939\/revisions"}],"predecessor-version":[{"id":5941,"href":"https:\/\/elcotarro.com\/index.php?rest_route=\/wp\/v2\/posts\/5939\/revisions\/5941"}],"wp:attachment":[{"href":"https:\/\/elcotarro.com\/index.php?rest_route=%2Fwp%2Fv2%2Fmedia&parent=5939"}],"wp:term":[{"taxonomy":"category","embeddable":true,"href":"https:\/\/elcotarro.com\/index.php?rest_route=%2Fwp%2Fv2%2Fcategories&post=5939"},{"taxonomy":"post_tag","embeddable":true,"href":"https:\/\/elcotarro.com\/index.php?rest_route=%2Fwp%2Fv2%2Ftags&post=5939"}],"curies":[{"name":"wp","href":"https:\/\/api.w.org\/{rel}","templated":true}]}}