{"id":5942,"date":"2018-09-30T11:00:46","date_gmt":"2018-09-30T10:00:46","guid":{"rendered":"https:\/\/elcotarro.com\/?p=5942"},"modified":"2018-09-30T09:22:34","modified_gmt":"2018-09-30T08:22:34","slug":"pedro-hernandez-el-chef-ecologico","status":"publish","type":"post","link":"https:\/\/elcotarro.com\/?p=5942","title":{"rendered":"PEDRO HERN\u00c1NDEZ, EL CHEF ECOL\u00d3GICO"},"content":{"rendered":"<p>Los palmeros son muy especiales y la excelencia se pega. Eso se comprueba en el sencillo, callado y gran cocinero, <strong>Pedro Hern\u00e1ndez Castillo<\/strong>, que es un ejemplo de apuesta decidida por, como \u00e9l mismo dice, la \u201cgastronom\u00eda de la salud\u201d. El bueno de <strong>Pedro Hern\u00e1ndez\u00a0<\/strong>apuesta por una cocina que, sin perder calidad, permite disfrutar del sabor a personas con intolerancias o alergias alimentarias, pensando especialmente en las que, incluso, arriesgan su salud cuando salen a comer fuera de casa.<\/p>\n<p style=\"text-align: center\"><a href=\"https:\/\/elcotarro.com\/wp-content\/uploads\/2018\/09\/FOTO-7.-PEDRO-HERN\u00c1NDEZ.jpg\"><img loading=\"lazy\" decoding=\"async\" class=\"alignnone size-full wp-image-5943\" src=\"https:\/\/elcotarro.com\/wp-content\/uploads\/2018\/09\/FOTO-7.-PEDRO-HERN\u00c1NDEZ.jpg\" alt=\"FOTO 7.- PEDRO HERN\u00c1NDEZ\" width=\"1033\" height=\"813\" srcset=\"https:\/\/elcotarro.com\/wp-content\/uploads\/2018\/09\/FOTO-7.-PEDRO-HERN\u00c1NDEZ.jpg 1033w, https:\/\/elcotarro.com\/wp-content\/uploads\/2018\/09\/FOTO-7.-PEDRO-HERN\u00c1NDEZ-300x236.jpg 300w, https:\/\/elcotarro.com\/wp-content\/uploads\/2018\/09\/FOTO-7.-PEDRO-HERN\u00c1NDEZ-1024x806.jpg 1024w\" sizes=\"auto, (max-width: 1033px) 100vw, 1033px\" \/><\/a><\/p>\n<p style=\"text-align: center\"><em>Pedro Hern\u00e1ndez Castillo, chef y propietario del restaurante El Duende del Fuego.<\/em><\/p>\n","protected":false},"excerpt":{"rendered":"<p>Los palmeros son muy especiales y la excelencia se pega. Eso se comprueba en el sencillo, callado y gran cocinero, Pedro Hern\u00e1ndez Castillo, que es un ejemplo de apuesta decidida por, como \u00e9l mismo dice, la \u201cgastronom\u00eda de la salud\u201d. El bueno de Pedro Hern\u00e1ndez\u00a0apuesta por una cocina que, sin perder calidad, permite disfrutar del &#8230; <a class=\"read-more\" href=\"https:\/\/elcotarro.com\/?p=5942\">Read more<\/a><\/p>\n","protected":false},"author":2,"featured_media":0,"comment_status":"open","ping_status":"open","sticky":false,"template":"","format":"standard","meta":{"_jetpack_memberships_contains_paid_content":false,"footnotes":""},"categories":[1],"tags":[],"class_list":["post-5942","post","type-post","status-publish","format-standard","hentry","category-sin-categoria"],"yoast_head":"<!-- This site is optimized with the Yoast SEO plugin v27.0 - https:\/\/yoast.com\/product\/yoast-seo-wordpress\/ -->\n<title>PEDRO HERN\u00c1NDEZ, EL CHEF ECOL\u00d3GICO - El Cotarro<\/title>\n<meta name=\"robots\" content=\"index, follow, max-snippet:-1, max-image-preview:large, max-video-preview:-1\" \/>\n<link rel=\"canonical\" href=\"https:\/\/elcotarro.com\/?p=5942\" \/>\n<meta property=\"og:locale\" content=\"es_ES\" \/>\n<meta property=\"og:type\" content=\"article\" \/>\n<meta property=\"og:title\" content=\"PEDRO HERN\u00c1NDEZ, EL CHEF ECOL\u00d3GICO - El Cotarro\" \/>\n<meta property=\"og:description\" content=\"Los palmeros son muy especiales y la excelencia se pega. Eso se comprueba en el sencillo, callado y gran cocinero, Pedro Hern\u00e1ndez Castillo, que es un ejemplo de apuesta decidida por, como \u00e9l mismo dice, la \u201cgastronom\u00eda de la salud\u201d. El bueno de Pedro Hern\u00e1ndez\u00a0apuesta por una cocina que, sin perder calidad, permite disfrutar del ... Read more\" \/>\n<meta property=\"og:url\" content=\"https:\/\/elcotarro.com\/?p=5942\" \/>\n<meta property=\"og:site_name\" content=\"El Cotarro\" \/>\n<meta property=\"article:publisher\" content=\"https:\/\/www.facebook.com\/ElCotarro.Tenerife\" \/>\n<meta property=\"article:published_time\" content=\"2018-09-30T10:00:46+00:00\" \/>\n<meta name=\"author\" content=\"Jos\u00e9 Carlos Marrero Gonz\u00e1lez\" \/>\n<meta name=\"twitter:label1\" content=\"Escrito por\" \/>\n\t<meta name=\"twitter:data1\" content=\"Jos\u00e9 Carlos Marrero Gonz\u00e1lez\" \/>\n<script type=\"application\/ld+json\" class=\"yoast-schema-graph\">{\"@context\":\"https:\/\/schema.org\",\"@graph\":[{\"@type\":\"Article\",\"@id\":\"https:\/\/elcotarro.com\/?p=5942#article\",\"isPartOf\":{\"@id\":\"https:\/\/elcotarro.com\/?p=5942\"},\"author\":{\"name\":\"Jos\u00e9 Carlos Marrero Gonz\u00e1lez\",\"@id\":\"https:\/\/elcotarro.com\/#\/schema\/person\/af537ee7d60d15984c7e0affcd8a918b\"},\"headline\":\"PEDRO HERN\u00c1NDEZ, EL CHEF ECOL\u00d3GICO\",\"datePublished\":\"2018-09-30T10:00:46+00:00\",\"mainEntityOfPage\":{\"@id\":\"https:\/\/elcotarro.com\/?p=5942\"},\"wordCount\":103,\"commentCount\":0,\"publisher\":{\"@id\":\"https:\/\/elcotarro.com\/#organization\"},\"inLanguage\":\"es\",\"potentialAction\":[{\"@type\":\"CommentAction\",\"name\":\"Comment\",\"target\":[\"https:\/\/elcotarro.com\/?p=5942#respond\"]}]},{\"@type\":\"WebPage\",\"@id\":\"https:\/\/elcotarro.com\/?p=5942\",\"url\":\"https:\/\/elcotarro.com\/?p=5942\",\"name\":\"PEDRO HERN\u00c1NDEZ, EL CHEF ECOL\u00d3GICO - El Cotarro\",\"isPartOf\":{\"@id\":\"https:\/\/elcotarro.com\/#website\"},\"datePublished\":\"2018-09-30T10:00:46+00:00\",\"breadcrumb\":{\"@id\":\"https:\/\/elcotarro.com\/?p=5942#breadcrumb\"},\"inLanguage\":\"es\",\"potentialAction\":[{\"@type\":\"ReadAction\",\"target\":[\"https:\/\/elcotarro.com\/?p=5942\"]}]},{\"@type\":\"BreadcrumbList\",\"@id\":\"https:\/\/elcotarro.com\/?p=5942#breadcrumb\",\"itemListElement\":[{\"@type\":\"ListItem\",\"position\":1,\"name\":\"Portada\",\"item\":\"https:\/\/elcotarro.com\/\"},{\"@type\":\"ListItem\",\"position\":2,\"name\":\"PEDRO HERN\u00c1NDEZ, EL CHEF ECOL\u00d3GICO\"}]},{\"@type\":\"WebSite\",\"@id\":\"https:\/\/elcotarro.com\/#website\",\"url\":\"https:\/\/elcotarro.com\/\",\"name\":\"El Cotarro\",\"description\":\"Peri\u00f3dico Digital Independiente dirigido por Jos\u00e9 Carlos Marrero\",\"publisher\":{\"@id\":\"https:\/\/elcotarro.com\/#organization\"},\"potentialAction\":[{\"@type\":\"SearchAction\",\"target\":{\"@type\":\"EntryPoint\",\"urlTemplate\":\"https:\/\/elcotarro.com\/?s={search_term_string}\"},\"query-input\":{\"@type\":\"PropertyValueSpecification\",\"valueRequired\":true,\"valueName\":\"search_term_string\"}}],\"inLanguage\":\"es\"},{\"@type\":\"Organization\",\"@id\":\"https:\/\/elcotarro.com\/#organization\",\"name\":\"El Cotarro\",\"url\":\"https:\/\/elcotarro.com\/\",\"logo\":{\"@type\":\"ImageObject\",\"inLanguage\":\"es\",\"@id\":\"https:\/\/elcotarro.com\/#\/schema\/logo\/image\/\",\"url\":\"https:\/\/elcotarro.com\/wp-content\/uploads\/2014\/09\/Cabecera_El_Cotarro_v2.jpg\",\"contentUrl\":\"https:\/\/elcotarro.com\/wp-content\/uploads\/2014\/09\/Cabecera_El_Cotarro_v2.jpg\",\"width\":3540,\"height\":441,\"caption\":\"El Cotarro\"},\"image\":{\"@id\":\"https:\/\/elcotarro.com\/#\/schema\/logo\/image\/\"},\"sameAs\":[\"https:\/\/www.facebook.com\/ElCotarro.Tenerife\"]},{\"@type\":\"Person\",\"@id\":\"https:\/\/elcotarro.com\/#\/schema\/person\/af537ee7d60d15984c7e0affcd8a918b\",\"name\":\"Jos\u00e9 Carlos Marrero Gonz\u00e1lez\",\"image\":{\"@type\":\"ImageObject\",\"inLanguage\":\"es\",\"@id\":\"https:\/\/elcotarro.com\/#\/schema\/person\/image\/\",\"url\":\"https:\/\/secure.gravatar.com\/avatar\/def4da036efb5d32c74d49c351f6dccc064dd69ad9f3aadc295c5a9a5391ca01?s=96&d=mm&r=g\",\"contentUrl\":\"https:\/\/secure.gravatar.com\/avatar\/def4da036efb5d32c74d49c351f6dccc064dd69ad9f3aadc295c5a9a5391ca01?s=96&d=mm&r=g\",\"caption\":\"Jos\u00e9 Carlos Marrero Gonz\u00e1lez\"},\"sameAs\":[\"https:\/\/elcotarro.com\"],\"url\":\"https:\/\/elcotarro.com\/?author=2\"}]}<\/script>\n<!-- \/ Yoast SEO plugin. -->","yoast_head_json":{"title":"PEDRO HERN\u00c1NDEZ, EL CHEF ECOL\u00d3GICO - El Cotarro","robots":{"index":"index","follow":"follow","max-snippet":"max-snippet:-1","max-image-preview":"max-image-preview:large","max-video-preview":"max-video-preview:-1"},"canonical":"https:\/\/elcotarro.com\/?p=5942","og_locale":"es_ES","og_type":"article","og_title":"PEDRO HERN\u00c1NDEZ, EL CHEF ECOL\u00d3GICO - El Cotarro","og_description":"Los palmeros son muy especiales y la excelencia se pega. Eso se comprueba en el sencillo, callado y gran cocinero, Pedro Hern\u00e1ndez Castillo, que es un ejemplo de apuesta decidida por, como \u00e9l mismo dice, la \u201cgastronom\u00eda de la salud\u201d. El bueno de Pedro Hern\u00e1ndez\u00a0apuesta por una cocina que, sin perder calidad, permite disfrutar del ... Read more","og_url":"https:\/\/elcotarro.com\/?p=5942","og_site_name":"El Cotarro","article_publisher":"https:\/\/www.facebook.com\/ElCotarro.Tenerife","article_published_time":"2018-09-30T10:00:46+00:00","author":"Jos\u00e9 Carlos Marrero Gonz\u00e1lez","twitter_misc":{"Escrito por":"Jos\u00e9 Carlos Marrero Gonz\u00e1lez"},"schema":{"@context":"https:\/\/schema.org","@graph":[{"@type":"Article","@id":"https:\/\/elcotarro.com\/?p=5942#article","isPartOf":{"@id":"https:\/\/elcotarro.com\/?p=5942"},"author":{"name":"Jos\u00e9 Carlos Marrero Gonz\u00e1lez","@id":"https:\/\/elcotarro.com\/#\/schema\/person\/af537ee7d60d15984c7e0affcd8a918b"},"headline":"PEDRO HERN\u00c1NDEZ, EL CHEF ECOL\u00d3GICO","datePublished":"2018-09-30T10:00:46+00:00","mainEntityOfPage":{"@id":"https:\/\/elcotarro.com\/?p=5942"},"wordCount":103,"commentCount":0,"publisher":{"@id":"https:\/\/elcotarro.com\/#organization"},"inLanguage":"es","potentialAction":[{"@type":"CommentAction","name":"Comment","target":["https:\/\/elcotarro.com\/?p=5942#respond"]}]},{"@type":"WebPage","@id":"https:\/\/elcotarro.com\/?p=5942","url":"https:\/\/elcotarro.com\/?p=5942","name":"PEDRO HERN\u00c1NDEZ, EL CHEF ECOL\u00d3GICO - El Cotarro","isPartOf":{"@id":"https:\/\/elcotarro.com\/#website"},"datePublished":"2018-09-30T10:00:46+00:00","breadcrumb":{"@id":"https:\/\/elcotarro.com\/?p=5942#breadcrumb"},"inLanguage":"es","potentialAction":[{"@type":"ReadAction","target":["https:\/\/elcotarro.com\/?p=5942"]}]},{"@type":"BreadcrumbList","@id":"https:\/\/elcotarro.com\/?p=5942#breadcrumb","itemListElement":[{"@type":"ListItem","position":1,"name":"Portada","item":"https:\/\/elcotarro.com\/"},{"@type":"ListItem","position":2,"name":"PEDRO HERN\u00c1NDEZ, EL CHEF ECOL\u00d3GICO"}]},{"@type":"WebSite","@id":"https:\/\/elcotarro.com\/#website","url":"https:\/\/elcotarro.com\/","name":"El Cotarro","description":"Peri\u00f3dico Digital Independiente dirigido por Jos\u00e9 Carlos Marrero","publisher":{"@id":"https:\/\/elcotarro.com\/#organization"},"potentialAction":[{"@type":"SearchAction","target":{"@type":"EntryPoint","urlTemplate":"https:\/\/elcotarro.com\/?s={search_term_string}"},"query-input":{"@type":"PropertyValueSpecification","valueRequired":true,"valueName":"search_term_string"}}],"inLanguage":"es"},{"@type":"Organization","@id":"https:\/\/elcotarro.com\/#organization","name":"El Cotarro","url":"https:\/\/elcotarro.com\/","logo":{"@type":"ImageObject","inLanguage":"es","@id":"https:\/\/elcotarro.com\/#\/schema\/logo\/image\/","url":"https:\/\/elcotarro.com\/wp-content\/uploads\/2014\/09\/Cabecera_El_Cotarro_v2.jpg","contentUrl":"https:\/\/elcotarro.com\/wp-content\/uploads\/2014\/09\/Cabecera_El_Cotarro_v2.jpg","width":3540,"height":441,"caption":"El Cotarro"},"image":{"@id":"https:\/\/elcotarro.com\/#\/schema\/logo\/image\/"},"sameAs":["https:\/\/www.facebook.com\/ElCotarro.Tenerife"]},{"@type":"Person","@id":"https:\/\/elcotarro.com\/#\/schema\/person\/af537ee7d60d15984c7e0affcd8a918b","name":"Jos\u00e9 Carlos Marrero Gonz\u00e1lez","image":{"@type":"ImageObject","inLanguage":"es","@id":"https:\/\/elcotarro.com\/#\/schema\/person\/image\/","url":"https:\/\/secure.gravatar.com\/avatar\/def4da036efb5d32c74d49c351f6dccc064dd69ad9f3aadc295c5a9a5391ca01?s=96&d=mm&r=g","contentUrl":"https:\/\/secure.gravatar.com\/avatar\/def4da036efb5d32c74d49c351f6dccc064dd69ad9f3aadc295c5a9a5391ca01?s=96&d=mm&r=g","caption":"Jos\u00e9 Carlos Marrero Gonz\u00e1lez"},"sameAs":["https:\/\/elcotarro.com"],"url":"https:\/\/elcotarro.com\/?author=2"}]}},"jetpack_featured_media_url":"","jetpack_sharing_enabled":true,"_links":{"self":[{"href":"https:\/\/elcotarro.com\/index.php?rest_route=\/wp\/v2\/posts\/5942","targetHints":{"allow":["GET"]}}],"collection":[{"href":"https:\/\/elcotarro.com\/index.php?rest_route=\/wp\/v2\/posts"}],"about":[{"href":"https:\/\/elcotarro.com\/index.php?rest_route=\/wp\/v2\/types\/post"}],"author":[{"embeddable":true,"href":"https:\/\/elcotarro.com\/index.php?rest_route=\/wp\/v2\/users\/2"}],"replies":[{"embeddable":true,"href":"https:\/\/elcotarro.com\/index.php?rest_route=%2Fwp%2Fv2%2Fcomments&post=5942"}],"version-history":[{"count":1,"href":"https:\/\/elcotarro.com\/index.php?rest_route=\/wp\/v2\/posts\/5942\/revisions"}],"predecessor-version":[{"id":5944,"href":"https:\/\/elcotarro.com\/index.php?rest_route=\/wp\/v2\/posts\/5942\/revisions\/5944"}],"wp:attachment":[{"href":"https:\/\/elcotarro.com\/index.php?rest_route=%2Fwp%2Fv2%2Fmedia&parent=5942"}],"wp:term":[{"taxonomy":"category","embeddable":true,"href":"https:\/\/elcotarro.com\/index.php?rest_route=%2Fwp%2Fv2%2Fcategories&post=5942"},{"taxonomy":"post_tag","embeddable":true,"href":"https:\/\/elcotarro.com\/index.php?rest_route=%2Fwp%2Fv2%2Ftags&post=5942"}],"curies":[{"name":"wp","href":"https:\/\/api.w.org\/{rel}","templated":true}]}}