{"id":598,"date":"2014-12-28T12:01:33","date_gmt":"2014-12-28T12:01:33","guid":{"rendered":"https:\/\/elcotarro.com\/?p=598"},"modified":"2014-12-28T10:11:59","modified_gmt":"2014-12-28T10:11:59","slug":"faltan-ahora-tan-solo-147-dias","status":"publish","type":"post","link":"https:\/\/elcotarro.com\/?p=598","title":{"rendered":"FALTAN  AHORA TAN SOLO 147 D\u00cdAS"},"content":{"rendered":"<p style=\"text-align: justify;\">\u2666\u00a0Y cuando faltan s\u00f3lo 147 d\u00edas para las pr\u00f3ximas elecciones locales, tremendo mosqueo corre por las interioridades de adentro (que dir\u00eda el humorista Pepe Monagas) de Coalici\u00f3n Canaria, por unas manifestaciones del presidente nacional del Partido Nacionalista Canario (PNC), <strong>Juan-Manuel Garc\u00eda Ramos<\/strong>, realizadas durante el fiestorro navide\u00f1o del PNC en Santa Cruz de Tenerife y en las que <strong>Juan-Manuel<\/strong> denunci\u00f3 la supuesta deriva \u201cinsularista y derechista de CC\u201d, al tiempo que arremeti\u00f3 contra la manera de pensar del presidente del Cabildo de Tenerife, <strong>Carlos Alonso<\/strong>, y del alcalde lagunero, <strong>Fernando Clavijo Batlle<\/strong>, candidato de CC a la presidencia del Gobierno de Canarias, mientras no se demuestre lo contrario.<\/p>\n<p style=\"text-align: justify;\"><a href=\"https:\/\/elcotarro.com\/wp-content\/uploads\/2014\/12\/Foto-7.-Juan-Manuel-Garc\u00eda-Ramos.jpg\"><img loading=\"lazy\" decoding=\"async\" class=\"aligncenter size-full wp-image-599\" src=\"https:\/\/elcotarro.com\/wp-content\/uploads\/2014\/12\/Foto-7.-Juan-Manuel-Garc\u00eda-Ramos.jpg\" alt=\"Foto 7.- Juan-Manuel Garc\u00eda Ramos\" width=\"318\" height=\"215\" srcset=\"https:\/\/elcotarro.com\/wp-content\/uploads\/2014\/12\/Foto-7.-Juan-Manuel-Garc\u00eda-Ramos.jpg 318w, https:\/\/elcotarro.com\/wp-content\/uploads\/2014\/12\/Foto-7.-Juan-Manuel-Garc\u00eda-Ramos-300x203.jpg 300w\" sizes=\"auto, (max-width: 318px) 100vw, 318px\" \/><\/a><\/p>\n<p class=\"comentario\" style=\"text-align: center;\">Juan-Manuel Garc\u00eda Ramos, presidente nacional del Partido Nacionalista Canario<\/p>\n","protected":false},"excerpt":{"rendered":"<p>\u2666\u00a0Y cuando faltan s\u00f3lo 147 d\u00edas para las pr\u00f3ximas elecciones locales, tremendo mosqueo corre por las interioridades de adentro (que dir\u00eda el humorista Pepe Monagas) de Coalici\u00f3n Canaria, por unas manifestaciones del presidente nacional del Partido Nacionalista Canario (PNC), Juan-Manuel Garc\u00eda Ramos, realizadas durante el fiestorro navide\u00f1o del PNC en Santa Cruz de Tenerife y &#8230; <a class=\"read-more\" href=\"https:\/\/elcotarro.com\/?p=598\">Read more<\/a><\/p>\n","protected":false},"author":2,"featured_media":0,"comment_status":"open","ping_status":"open","sticky":false,"template":"","format":"standard","meta":{"_jetpack_memberships_contains_paid_content":false,"footnotes":""},"categories":[7],"tags":[291,107,290],"class_list":["post-598","post","type-post","status-publish","format-standard","hentry","category-politica","tag-carlos-alonso","tag-fernando-clavijo-batlle","tag-juan-manuel-garcia-ramos"],"yoast_head":"<!-- This site is optimized with the Yoast SEO plugin v27.0 - https:\/\/yoast.com\/product\/yoast-seo-wordpress\/ -->\n<title>FALTAN AHORA TAN SOLO 147 D\u00cdAS - El Cotarrro<\/title>\n<meta name=\"description\" content=\"Coalici\u00f3n Canaria, por unas manifestaciones del presidente nacional del Partido Nacionalista Canario (PNC), Juan-Manuel ...\" \/>\n<meta name=\"robots\" content=\"index, follow, max-snippet:-1, max-image-preview:large, max-video-preview:-1\" \/>\n<link rel=\"canonical\" href=\"https:\/\/elcotarro.com\/?p=598\" \/>\n<meta property=\"og:locale\" content=\"es_ES\" \/>\n<meta property=\"og:type\" content=\"article\" \/>\n<meta property=\"og:title\" content=\"FALTAN AHORA TAN SOLO 147 D\u00cdAS - El Cotarrro\" \/>\n<meta property=\"og:description\" content=\"Coalici\u00f3n Canaria, por unas manifestaciones del presidente nacional del Partido Nacionalista Canario (PNC), Juan-Manuel ...\" \/>\n<meta property=\"og:url\" content=\"https:\/\/elcotarro.com\/?p=598\" \/>\n<meta property=\"og:site_name\" content=\"El Cotarro\" \/>\n<meta property=\"article:publisher\" content=\"https:\/\/www.facebook.com\/ElCotarro.Tenerife\" \/>\n<meta property=\"article:published_time\" content=\"2014-12-28T12:01:33+00:00\" \/>\n<meta name=\"author\" content=\"Jos\u00e9 Carlos Marrero Gonz\u00e1lez\" \/>\n<meta name=\"twitter:label1\" content=\"Escrito por\" \/>\n\t<meta name=\"twitter:data1\" content=\"Jos\u00e9 Carlos Marrero Gonz\u00e1lez\" \/>\n\t<meta name=\"twitter:label2\" content=\"Tiempo de lectura\" \/>\n\t<meta name=\"twitter:data2\" content=\"1 minuto\" \/>\n<script type=\"application\/ld+json\" class=\"yoast-schema-graph\">{\"@context\":\"https:\/\/schema.org\",\"@graph\":[{\"@type\":\"Article\",\"@id\":\"https:\/\/elcotarro.com\/?p=598#article\",\"isPartOf\":{\"@id\":\"https:\/\/elcotarro.com\/?p=598\"},\"author\":{\"name\":\"Jos\u00e9 Carlos Marrero Gonz\u00e1lez\",\"@id\":\"https:\/\/elcotarro.com\/#\/schema\/person\/af537ee7d60d15984c7e0affcd8a918b\"},\"headline\":\"FALTAN AHORA TAN SOLO 147 D\u00cdAS\",\"datePublished\":\"2014-12-28T12:01:33+00:00\",\"mainEntityOfPage\":{\"@id\":\"https:\/\/elcotarro.com\/?p=598\"},\"wordCount\":130,\"commentCount\":0,\"publisher\":{\"@id\":\"https:\/\/elcotarro.com\/#organization\"},\"keywords\":[\"Carlos Alonso\",\"Fernando Clavijo Batlle\",\"Juan-Manuel Garc\u00eda Ramos\"],\"articleSection\":[\"Pol\u00edtica\"],\"inLanguage\":\"es\",\"potentialAction\":[{\"@type\":\"CommentAction\",\"name\":\"Comment\",\"target\":[\"https:\/\/elcotarro.com\/?p=598#respond\"]}]},{\"@type\":\"WebPage\",\"@id\":\"https:\/\/elcotarro.com\/?p=598\",\"url\":\"https:\/\/elcotarro.com\/?p=598\",\"name\":\"FALTAN AHORA TAN SOLO 147 D\u00cdAS - El Cotarrro\",\"isPartOf\":{\"@id\":\"https:\/\/elcotarro.com\/#website\"},\"datePublished\":\"2014-12-28T12:01:33+00:00\",\"description\":\"Coalici\u00f3n Canaria, por unas manifestaciones del presidente nacional del Partido Nacionalista Canario (PNC), Juan-Manuel ...\",\"breadcrumb\":{\"@id\":\"https:\/\/elcotarro.com\/?p=598#breadcrumb\"},\"inLanguage\":\"es\",\"potentialAction\":[{\"@type\":\"ReadAction\",\"target\":[\"https:\/\/elcotarro.com\/?p=598\"]}]},{\"@type\":\"BreadcrumbList\",\"@id\":\"https:\/\/elcotarro.com\/?p=598#breadcrumb\",\"itemListElement\":[{\"@type\":\"ListItem\",\"position\":1,\"name\":\"Portada\",\"item\":\"https:\/\/elcotarro.com\/\"},{\"@type\":\"ListItem\",\"position\":2,\"name\":\"FALTAN AHORA TAN SOLO 147 D\u00cdAS\"}]},{\"@type\":\"WebSite\",\"@id\":\"https:\/\/elcotarro.com\/#website\",\"url\":\"https:\/\/elcotarro.com\/\",\"name\":\"El Cotarro\",\"description\":\"Peri\u00f3dico Digital Independiente dirigido por Jos\u00e9 Carlos Marrero\",\"publisher\":{\"@id\":\"https:\/\/elcotarro.com\/#organization\"},\"potentialAction\":[{\"@type\":\"SearchAction\",\"target\":{\"@type\":\"EntryPoint\",\"urlTemplate\":\"https:\/\/elcotarro.com\/?s={search_term_string}\"},\"query-input\":{\"@type\":\"PropertyValueSpecification\",\"valueRequired\":true,\"valueName\":\"search_term_string\"}}],\"inLanguage\":\"es\"},{\"@type\":\"Organization\",\"@id\":\"https:\/\/elcotarro.com\/#organization\",\"name\":\"El Cotarro\",\"url\":\"https:\/\/elcotarro.com\/\",\"logo\":{\"@type\":\"ImageObject\",\"inLanguage\":\"es\",\"@id\":\"https:\/\/elcotarro.com\/#\/schema\/logo\/image\/\",\"url\":\"https:\/\/elcotarro.com\/wp-content\/uploads\/2014\/09\/Cabecera_El_Cotarro_v2.jpg\",\"contentUrl\":\"https:\/\/elcotarro.com\/wp-content\/uploads\/2014\/09\/Cabecera_El_Cotarro_v2.jpg\",\"width\":3540,\"height\":441,\"caption\":\"El Cotarro\"},\"image\":{\"@id\":\"https:\/\/elcotarro.com\/#\/schema\/logo\/image\/\"},\"sameAs\":[\"https:\/\/www.facebook.com\/ElCotarro.Tenerife\"]},{\"@type\":\"Person\",\"@id\":\"https:\/\/elcotarro.com\/#\/schema\/person\/af537ee7d60d15984c7e0affcd8a918b\",\"name\":\"Jos\u00e9 Carlos Marrero Gonz\u00e1lez\",\"image\":{\"@type\":\"ImageObject\",\"inLanguage\":\"es\",\"@id\":\"https:\/\/elcotarro.com\/#\/schema\/person\/image\/\",\"url\":\"https:\/\/secure.gravatar.com\/avatar\/def4da036efb5d32c74d49c351f6dccc064dd69ad9f3aadc295c5a9a5391ca01?s=96&d=mm&r=g\",\"contentUrl\":\"https:\/\/secure.gravatar.com\/avatar\/def4da036efb5d32c74d49c351f6dccc064dd69ad9f3aadc295c5a9a5391ca01?s=96&d=mm&r=g\",\"caption\":\"Jos\u00e9 Carlos Marrero Gonz\u00e1lez\"},\"sameAs\":[\"https:\/\/elcotarro.com\"],\"url\":\"https:\/\/elcotarro.com\/?author=2\"}]}<\/script>\n<!-- \/ Yoast SEO plugin. -->","yoast_head_json":{"title":"FALTAN AHORA TAN SOLO 147 D\u00cdAS - El Cotarrro","description":"Coalici\u00f3n Canaria, por unas manifestaciones del presidente nacional del Partido Nacionalista Canario (PNC), Juan-Manuel ...","robots":{"index":"index","follow":"follow","max-snippet":"max-snippet:-1","max-image-preview":"max-image-preview:large","max-video-preview":"max-video-preview:-1"},"canonical":"https:\/\/elcotarro.com\/?p=598","og_locale":"es_ES","og_type":"article","og_title":"FALTAN AHORA TAN SOLO 147 D\u00cdAS - El Cotarrro","og_description":"Coalici\u00f3n Canaria, por unas manifestaciones del presidente nacional del Partido Nacionalista Canario (PNC), Juan-Manuel ...","og_url":"https:\/\/elcotarro.com\/?p=598","og_site_name":"El Cotarro","article_publisher":"https:\/\/www.facebook.com\/ElCotarro.Tenerife","article_published_time":"2014-12-28T12:01:33+00:00","author":"Jos\u00e9 Carlos Marrero Gonz\u00e1lez","twitter_misc":{"Escrito por":"Jos\u00e9 Carlos Marrero Gonz\u00e1lez","Tiempo de lectura":"1 minuto"},"schema":{"@context":"https:\/\/schema.org","@graph":[{"@type":"Article","@id":"https:\/\/elcotarro.com\/?p=598#article","isPartOf":{"@id":"https:\/\/elcotarro.com\/?p=598"},"author":{"name":"Jos\u00e9 Carlos Marrero Gonz\u00e1lez","@id":"https:\/\/elcotarro.com\/#\/schema\/person\/af537ee7d60d15984c7e0affcd8a918b"},"headline":"FALTAN AHORA TAN SOLO 147 D\u00cdAS","datePublished":"2014-12-28T12:01:33+00:00","mainEntityOfPage":{"@id":"https:\/\/elcotarro.com\/?p=598"},"wordCount":130,"commentCount":0,"publisher":{"@id":"https:\/\/elcotarro.com\/#organization"},"keywords":["Carlos Alonso","Fernando Clavijo Batlle","Juan-Manuel Garc\u00eda Ramos"],"articleSection":["Pol\u00edtica"],"inLanguage":"es","potentialAction":[{"@type":"CommentAction","name":"Comment","target":["https:\/\/elcotarro.com\/?p=598#respond"]}]},{"@type":"WebPage","@id":"https:\/\/elcotarro.com\/?p=598","url":"https:\/\/elcotarro.com\/?p=598","name":"FALTAN AHORA TAN SOLO 147 D\u00cdAS - El Cotarrro","isPartOf":{"@id":"https:\/\/elcotarro.com\/#website"},"datePublished":"2014-12-28T12:01:33+00:00","description":"Coalici\u00f3n Canaria, por unas manifestaciones del presidente nacional del Partido Nacionalista Canario (PNC), Juan-Manuel ...","breadcrumb":{"@id":"https:\/\/elcotarro.com\/?p=598#breadcrumb"},"inLanguage":"es","potentialAction":[{"@type":"ReadAction","target":["https:\/\/elcotarro.com\/?p=598"]}]},{"@type":"BreadcrumbList","@id":"https:\/\/elcotarro.com\/?p=598#breadcrumb","itemListElement":[{"@type":"ListItem","position":1,"name":"Portada","item":"https:\/\/elcotarro.com\/"},{"@type":"ListItem","position":2,"name":"FALTAN AHORA TAN SOLO 147 D\u00cdAS"}]},{"@type":"WebSite","@id":"https:\/\/elcotarro.com\/#website","url":"https:\/\/elcotarro.com\/","name":"El Cotarro","description":"Peri\u00f3dico Digital Independiente dirigido por Jos\u00e9 Carlos Marrero","publisher":{"@id":"https:\/\/elcotarro.com\/#organization"},"potentialAction":[{"@type":"SearchAction","target":{"@type":"EntryPoint","urlTemplate":"https:\/\/elcotarro.com\/?s={search_term_string}"},"query-input":{"@type":"PropertyValueSpecification","valueRequired":true,"valueName":"search_term_string"}}],"inLanguage":"es"},{"@type":"Organization","@id":"https:\/\/elcotarro.com\/#organization","name":"El Cotarro","url":"https:\/\/elcotarro.com\/","logo":{"@type":"ImageObject","inLanguage":"es","@id":"https:\/\/elcotarro.com\/#\/schema\/logo\/image\/","url":"https:\/\/elcotarro.com\/wp-content\/uploads\/2014\/09\/Cabecera_El_Cotarro_v2.jpg","contentUrl":"https:\/\/elcotarro.com\/wp-content\/uploads\/2014\/09\/Cabecera_El_Cotarro_v2.jpg","width":3540,"height":441,"caption":"El Cotarro"},"image":{"@id":"https:\/\/elcotarro.com\/#\/schema\/logo\/image\/"},"sameAs":["https:\/\/www.facebook.com\/ElCotarro.Tenerife"]},{"@type":"Person","@id":"https:\/\/elcotarro.com\/#\/schema\/person\/af537ee7d60d15984c7e0affcd8a918b","name":"Jos\u00e9 Carlos Marrero Gonz\u00e1lez","image":{"@type":"ImageObject","inLanguage":"es","@id":"https:\/\/elcotarro.com\/#\/schema\/person\/image\/","url":"https:\/\/secure.gravatar.com\/avatar\/def4da036efb5d32c74d49c351f6dccc064dd69ad9f3aadc295c5a9a5391ca01?s=96&d=mm&r=g","contentUrl":"https:\/\/secure.gravatar.com\/avatar\/def4da036efb5d32c74d49c351f6dccc064dd69ad9f3aadc295c5a9a5391ca01?s=96&d=mm&r=g","caption":"Jos\u00e9 Carlos Marrero Gonz\u00e1lez"},"sameAs":["https:\/\/elcotarro.com"],"url":"https:\/\/elcotarro.com\/?author=2"}]}},"jetpack_featured_media_url":"","jetpack_sharing_enabled":true,"_links":{"self":[{"href":"https:\/\/elcotarro.com\/index.php?rest_route=\/wp\/v2\/posts\/598","targetHints":{"allow":["GET"]}}],"collection":[{"href":"https:\/\/elcotarro.com\/index.php?rest_route=\/wp\/v2\/posts"}],"about":[{"href":"https:\/\/elcotarro.com\/index.php?rest_route=\/wp\/v2\/types\/post"}],"author":[{"embeddable":true,"href":"https:\/\/elcotarro.com\/index.php?rest_route=\/wp\/v2\/users\/2"}],"replies":[{"embeddable":true,"href":"https:\/\/elcotarro.com\/index.php?rest_route=%2Fwp%2Fv2%2Fcomments&post=598"}],"version-history":[{"count":1,"href":"https:\/\/elcotarro.com\/index.php?rest_route=\/wp\/v2\/posts\/598\/revisions"}],"predecessor-version":[{"id":600,"href":"https:\/\/elcotarro.com\/index.php?rest_route=\/wp\/v2\/posts\/598\/revisions\/600"}],"wp:attachment":[{"href":"https:\/\/elcotarro.com\/index.php?rest_route=%2Fwp%2Fv2%2Fmedia&parent=598"}],"wp:term":[{"taxonomy":"category","embeddable":true,"href":"https:\/\/elcotarro.com\/index.php?rest_route=%2Fwp%2Fv2%2Fcategories&post=598"},{"taxonomy":"post_tag","embeddable":true,"href":"https:\/\/elcotarro.com\/index.php?rest_route=%2Fwp%2Fv2%2Ftags&post=598"}],"curies":[{"name":"wp","href":"https:\/\/api.w.org\/{rel}","templated":true}]}}