{"id":601,"date":"2014-12-28T12:02:47","date_gmt":"2014-12-28T12:02:47","guid":{"rendered":"https:\/\/elcotarro.com\/?p=601"},"modified":"2014-12-28T10:17:17","modified_gmt":"2014-12-28T10:17:17","slug":"bicicletas-en-el-ambulatorio","status":"publish","type":"post","link":"https:\/\/elcotarro.com\/?p=601","title":{"rendered":"BICICLETAS EN EL AMBULATORIO"},"content":{"rendered":"<p style=\"text-align: justify;\">\u2666\u00a0Siempre <em>El Cotarro<\/em> se ha surtido y engrandecido gracias a las confidencias, an\u00e9cdotas, fotograf\u00edas y otras aportaciones que, muy gentilmente, nos hacen llegar nuestras lectoras y lectores\u2026 Saben que siempre guardo celosamente y respeto mis fuentes de informaci\u00f3n y, en este caso, tambi\u00e9n lo hago\u2026 La foto que me hace llegar en exclusiva <strong>JFP<\/strong>, un leal lector de esta p\u00e1gina dominguera, recoge la imagen de una bicicleta (al parecer bastante sucia y llena de tierra) \u00abaparcada\u00bb no en el exterior ni en el vest\u00edbulo de\u00a0 la planta baja, sino \u00a1en la tercera planta! del centro de salud de San Benito, en La Laguna, justo por fuera de la consulta n\u00famero 7, donde atienden a sus pacientes las doctoras <strong>Blanca Nieves Cejas-Fuentes<\/strong> y <strong>Teresa Malla<\/strong> (grandes profesionales que no tienen ninguna culpa de la an\u00e9cdota)\u2026 Pero la directora del Servicio Canario de Salud, <strong>Juana Mar\u00eda Reyes<\/strong>, el responsable de Salud P\u00fablica, <strong>Jos\u00e9 D\u00edaz-Flores<\/strong>, el director del \u00e1rea de Tenerife del SCS, <strong>Alberto Talavera<\/strong>, el responsable de citado ambulatorio o quien corresponda,\u00a0 deber\u00eda cuidar de que, por higiene y salubridad, la suciedad y los posibles virus no entren hasta el mism\u00edsimo coraz\u00f3n de un centro sanitario\u2026 en bicicleta.<\/p>\n<p style=\"text-align: justify;\"><a href=\"https:\/\/elcotarro.com\/wp-content\/uploads\/2014\/12\/Foto-6.-Bicicleta-en-el-ambulatorio.jpg\"><img loading=\"lazy\" decoding=\"async\" class=\"aligncenter wp-image-603\" src=\"https:\/\/elcotarro.com\/wp-content\/uploads\/2014\/12\/Foto-6.-Bicicleta-en-el-ambulatorio.jpg\" alt=\"Foto 6.- Bicicleta en el ambulatorio\" width=\"600\" height=\"369\" srcset=\"https:\/\/elcotarro.com\/wp-content\/uploads\/2014\/12\/Foto-6.-Bicicleta-en-el-ambulatorio.jpg 1271w, https:\/\/elcotarro.com\/wp-content\/uploads\/2014\/12\/Foto-6.-Bicicleta-en-el-ambulatorio-300x185.jpg 300w, https:\/\/elcotarro.com\/wp-content\/uploads\/2014\/12\/Foto-6.-Bicicleta-en-el-ambulatorio-1024x630.jpg 1024w\" sizes=\"auto, (max-width: 600px) 100vw, 600px\" \/><\/a><\/p>\n<p class=\"comentario\" style=\"text-align: center;\">La sucia bicicleta en la puerta de la consulta, en la 3\u00aa planta del ambulatorio<\/p>\n","protected":false},"excerpt":{"rendered":"<p>\u2666\u00a0Siempre El Cotarro se ha surtido y engrandecido gracias a las confidencias, an\u00e9cdotas, fotograf\u00edas y otras aportaciones que, muy gentilmente, nos hacen llegar nuestras lectoras y lectores\u2026 Saben que siempre guardo celosamente y respeto mis fuentes de informaci\u00f3n y, en este caso, tambi\u00e9n lo hago\u2026 La foto que me hace llegar en exclusiva JFP, un &#8230; <a class=\"read-more\" href=\"https:\/\/elcotarro.com\/?p=601\">Read more<\/a><\/p>\n","protected":false},"author":2,"featured_media":0,"comment_status":"open","ping_status":"open","sticky":false,"template":"","format":"standard","meta":{"_jetpack_memberships_contains_paid_content":false,"footnotes":""},"categories":[43],"tags":[295,292,294,42,293],"class_list":["post-601","post","type-post","status-publish","format-standard","hentry","category-sociedad","tag-alberto-talavera","tag-blanca-nieves-cejas-fuentes","tag-jose-diaz-flores","tag-juana-maria-reyes","tag-teresa-malla"],"yoast_head":"<!-- This site is optimized with the Yoast SEO plugin v27.0 - https:\/\/yoast.com\/product\/yoast-seo-wordpress\/ -->\n<title>BICICLETAS EN EL AMBULATORIO - El Cotarrro<\/title>\n<meta name=\"description\" content=\"Siempre El Cotarro se ha surtido y engrandecido gracias a las confidencias, an\u00e9cdotas, fotograf\u00edas y otras aportaciones que, muy ...\" \/>\n<meta name=\"robots\" content=\"index, follow, max-snippet:-1, max-image-preview:large, max-video-preview:-1\" \/>\n<link rel=\"canonical\" href=\"https:\/\/elcotarro.com\/?p=601\" \/>\n<meta property=\"og:locale\" content=\"es_ES\" \/>\n<meta property=\"og:type\" content=\"article\" \/>\n<meta property=\"og:title\" content=\"BICICLETAS EN EL AMBULATORIO - El Cotarrro\" \/>\n<meta property=\"og:description\" content=\"Siempre El Cotarro se ha surtido y engrandecido gracias a las confidencias, an\u00e9cdotas, fotograf\u00edas y otras aportaciones que, muy ...\" \/>\n<meta property=\"og:url\" content=\"https:\/\/elcotarro.com\/?p=601\" \/>\n<meta property=\"og:site_name\" content=\"El Cotarro\" \/>\n<meta property=\"article:publisher\" content=\"https:\/\/www.facebook.com\/ElCotarro.Tenerife\" \/>\n<meta property=\"article:published_time\" content=\"2014-12-28T12:02:47+00:00\" \/>\n<meta property=\"og:image\" content=\"https:\/\/elcotarro.com\/wp-content\/uploads\/2014\/12\/Foto-6.-Bicicleta-en-el-ambulatorio.jpg\" \/>\n<meta name=\"author\" content=\"Jos\u00e9 Carlos Marrero Gonz\u00e1lez\" \/>\n<meta name=\"twitter:label1\" content=\"Escrito por\" \/>\n\t<meta name=\"twitter:data1\" content=\"Jos\u00e9 Carlos Marrero Gonz\u00e1lez\" \/>\n\t<meta name=\"twitter:label2\" content=\"Tiempo de lectura\" \/>\n\t<meta name=\"twitter:data2\" content=\"1 minuto\" \/>\n<script type=\"application\/ld+json\" class=\"yoast-schema-graph\">{\"@context\":\"https:\/\/schema.org\",\"@graph\":[{\"@type\":\"Article\",\"@id\":\"https:\/\/elcotarro.com\/?p=601#article\",\"isPartOf\":{\"@id\":\"https:\/\/elcotarro.com\/?p=601\"},\"author\":{\"name\":\"Jos\u00e9 Carlos Marrero Gonz\u00e1lez\",\"@id\":\"https:\/\/elcotarro.com\/#\/schema\/person\/af537ee7d60d15984c7e0affcd8a918b\"},\"headline\":\"BICICLETAS EN EL AMBULATORIO\",\"datePublished\":\"2014-12-28T12:02:47+00:00\",\"mainEntityOfPage\":{\"@id\":\"https:\/\/elcotarro.com\/?p=601\"},\"wordCount\":227,\"commentCount\":0,\"publisher\":{\"@id\":\"https:\/\/elcotarro.com\/#organization\"},\"image\":{\"@id\":\"https:\/\/elcotarro.com\/?p=601#primaryimage\"},\"thumbnailUrl\":\"https:\/\/elcotarro.com\/wp-content\/uploads\/2014\/12\/Foto-6.-Bicicleta-en-el-ambulatorio.jpg\",\"keywords\":[\"Alberto Talavera\",\"Blanca Nieves Cejas-Fuentes\",\"Jos\u00e9 D\u00edaz-Flores\",\"Juana Mar\u00eda Reyes\",\"Teresa Malla\"],\"articleSection\":[\"Sociedad\"],\"inLanguage\":\"es\",\"potentialAction\":[{\"@type\":\"CommentAction\",\"name\":\"Comment\",\"target\":[\"https:\/\/elcotarro.com\/?p=601#respond\"]}]},{\"@type\":\"WebPage\",\"@id\":\"https:\/\/elcotarro.com\/?p=601\",\"url\":\"https:\/\/elcotarro.com\/?p=601\",\"name\":\"BICICLETAS EN EL AMBULATORIO - El Cotarrro\",\"isPartOf\":{\"@id\":\"https:\/\/elcotarro.com\/#website\"},\"primaryImageOfPage\":{\"@id\":\"https:\/\/elcotarro.com\/?p=601#primaryimage\"},\"image\":{\"@id\":\"https:\/\/elcotarro.com\/?p=601#primaryimage\"},\"thumbnailUrl\":\"https:\/\/elcotarro.com\/wp-content\/uploads\/2014\/12\/Foto-6.-Bicicleta-en-el-ambulatorio.jpg\",\"datePublished\":\"2014-12-28T12:02:47+00:00\",\"description\":\"Siempre El Cotarro se ha surtido y engrandecido gracias a las confidencias, an\u00e9cdotas, fotograf\u00edas y otras aportaciones que, muy ...\",\"breadcrumb\":{\"@id\":\"https:\/\/elcotarro.com\/?p=601#breadcrumb\"},\"inLanguage\":\"es\",\"potentialAction\":[{\"@type\":\"ReadAction\",\"target\":[\"https:\/\/elcotarro.com\/?p=601\"]}]},{\"@type\":\"ImageObject\",\"inLanguage\":\"es\",\"@id\":\"https:\/\/elcotarro.com\/?p=601#primaryimage\",\"url\":\"https:\/\/elcotarro.com\/wp-content\/uploads\/2014\/12\/Foto-6.-Bicicleta-en-el-ambulatorio.jpg\",\"contentUrl\":\"https:\/\/elcotarro.com\/wp-content\/uploads\/2014\/12\/Foto-6.-Bicicleta-en-el-ambulatorio.jpg\",\"width\":1271,\"height\":782},{\"@type\":\"BreadcrumbList\",\"@id\":\"https:\/\/elcotarro.com\/?p=601#breadcrumb\",\"itemListElement\":[{\"@type\":\"ListItem\",\"position\":1,\"name\":\"Portada\",\"item\":\"https:\/\/elcotarro.com\/\"},{\"@type\":\"ListItem\",\"position\":2,\"name\":\"BICICLETAS EN EL AMBULATORIO\"}]},{\"@type\":\"WebSite\",\"@id\":\"https:\/\/elcotarro.com\/#website\",\"url\":\"https:\/\/elcotarro.com\/\",\"name\":\"El Cotarro\",\"description\":\"Peri\u00f3dico Digital Independiente dirigido por Jos\u00e9 Carlos Marrero\",\"publisher\":{\"@id\":\"https:\/\/elcotarro.com\/#organization\"},\"potentialAction\":[{\"@type\":\"SearchAction\",\"target\":{\"@type\":\"EntryPoint\",\"urlTemplate\":\"https:\/\/elcotarro.com\/?s={search_term_string}\"},\"query-input\":{\"@type\":\"PropertyValueSpecification\",\"valueRequired\":true,\"valueName\":\"search_term_string\"}}],\"inLanguage\":\"es\"},{\"@type\":\"Organization\",\"@id\":\"https:\/\/elcotarro.com\/#organization\",\"name\":\"El Cotarro\",\"url\":\"https:\/\/elcotarro.com\/\",\"logo\":{\"@type\":\"ImageObject\",\"inLanguage\":\"es\",\"@id\":\"https:\/\/elcotarro.com\/#\/schema\/logo\/image\/\",\"url\":\"https:\/\/elcotarro.com\/wp-content\/uploads\/2014\/09\/Cabecera_El_Cotarro_v2.jpg\",\"contentUrl\":\"https:\/\/elcotarro.com\/wp-content\/uploads\/2014\/09\/Cabecera_El_Cotarro_v2.jpg\",\"width\":3540,\"height\":441,\"caption\":\"El Cotarro\"},\"image\":{\"@id\":\"https:\/\/elcotarro.com\/#\/schema\/logo\/image\/\"},\"sameAs\":[\"https:\/\/www.facebook.com\/ElCotarro.Tenerife\"]},{\"@type\":\"Person\",\"@id\":\"https:\/\/elcotarro.com\/#\/schema\/person\/af537ee7d60d15984c7e0affcd8a918b\",\"name\":\"Jos\u00e9 Carlos Marrero Gonz\u00e1lez\",\"image\":{\"@type\":\"ImageObject\",\"inLanguage\":\"es\",\"@id\":\"https:\/\/elcotarro.com\/#\/schema\/person\/image\/\",\"url\":\"https:\/\/secure.gravatar.com\/avatar\/def4da036efb5d32c74d49c351f6dccc064dd69ad9f3aadc295c5a9a5391ca01?s=96&d=mm&r=g\",\"contentUrl\":\"https:\/\/secure.gravatar.com\/avatar\/def4da036efb5d32c74d49c351f6dccc064dd69ad9f3aadc295c5a9a5391ca01?s=96&d=mm&r=g\",\"caption\":\"Jos\u00e9 Carlos Marrero Gonz\u00e1lez\"},\"sameAs\":[\"https:\/\/elcotarro.com\"],\"url\":\"https:\/\/elcotarro.com\/?author=2\"}]}<\/script>\n<!-- \/ Yoast SEO plugin. -->","yoast_head_json":{"title":"BICICLETAS EN EL AMBULATORIO - El Cotarrro","description":"Siempre El Cotarro se ha surtido y engrandecido gracias a las confidencias, an\u00e9cdotas, fotograf\u00edas y otras aportaciones que, muy ...","robots":{"index":"index","follow":"follow","max-snippet":"max-snippet:-1","max-image-preview":"max-image-preview:large","max-video-preview":"max-video-preview:-1"},"canonical":"https:\/\/elcotarro.com\/?p=601","og_locale":"es_ES","og_type":"article","og_title":"BICICLETAS EN EL AMBULATORIO - El Cotarrro","og_description":"Siempre El Cotarro se ha surtido y engrandecido gracias a las confidencias, an\u00e9cdotas, fotograf\u00edas y otras aportaciones que, muy ...","og_url":"https:\/\/elcotarro.com\/?p=601","og_site_name":"El Cotarro","article_publisher":"https:\/\/www.facebook.com\/ElCotarro.Tenerife","article_published_time":"2014-12-28T12:02:47+00:00","og_image":[{"url":"https:\/\/elcotarro.com\/wp-content\/uploads\/2014\/12\/Foto-6.-Bicicleta-en-el-ambulatorio.jpg","type":"","width":"","height":""}],"author":"Jos\u00e9 Carlos Marrero Gonz\u00e1lez","twitter_misc":{"Escrito por":"Jos\u00e9 Carlos Marrero Gonz\u00e1lez","Tiempo de lectura":"1 minuto"},"schema":{"@context":"https:\/\/schema.org","@graph":[{"@type":"Article","@id":"https:\/\/elcotarro.com\/?p=601#article","isPartOf":{"@id":"https:\/\/elcotarro.com\/?p=601"},"author":{"name":"Jos\u00e9 Carlos Marrero Gonz\u00e1lez","@id":"https:\/\/elcotarro.com\/#\/schema\/person\/af537ee7d60d15984c7e0affcd8a918b"},"headline":"BICICLETAS EN EL AMBULATORIO","datePublished":"2014-12-28T12:02:47+00:00","mainEntityOfPage":{"@id":"https:\/\/elcotarro.com\/?p=601"},"wordCount":227,"commentCount":0,"publisher":{"@id":"https:\/\/elcotarro.com\/#organization"},"image":{"@id":"https:\/\/elcotarro.com\/?p=601#primaryimage"},"thumbnailUrl":"https:\/\/elcotarro.com\/wp-content\/uploads\/2014\/12\/Foto-6.-Bicicleta-en-el-ambulatorio.jpg","keywords":["Alberto Talavera","Blanca Nieves Cejas-Fuentes","Jos\u00e9 D\u00edaz-Flores","Juana Mar\u00eda Reyes","Teresa Malla"],"articleSection":["Sociedad"],"inLanguage":"es","potentialAction":[{"@type":"CommentAction","name":"Comment","target":["https:\/\/elcotarro.com\/?p=601#respond"]}]},{"@type":"WebPage","@id":"https:\/\/elcotarro.com\/?p=601","url":"https:\/\/elcotarro.com\/?p=601","name":"BICICLETAS EN EL AMBULATORIO - El Cotarrro","isPartOf":{"@id":"https:\/\/elcotarro.com\/#website"},"primaryImageOfPage":{"@id":"https:\/\/elcotarro.com\/?p=601#primaryimage"},"image":{"@id":"https:\/\/elcotarro.com\/?p=601#primaryimage"},"thumbnailUrl":"https:\/\/elcotarro.com\/wp-content\/uploads\/2014\/12\/Foto-6.-Bicicleta-en-el-ambulatorio.jpg","datePublished":"2014-12-28T12:02:47+00:00","description":"Siempre El Cotarro se ha surtido y engrandecido gracias a las confidencias, an\u00e9cdotas, fotograf\u00edas y otras aportaciones que, muy ...","breadcrumb":{"@id":"https:\/\/elcotarro.com\/?p=601#breadcrumb"},"inLanguage":"es","potentialAction":[{"@type":"ReadAction","target":["https:\/\/elcotarro.com\/?p=601"]}]},{"@type":"ImageObject","inLanguage":"es","@id":"https:\/\/elcotarro.com\/?p=601#primaryimage","url":"https:\/\/elcotarro.com\/wp-content\/uploads\/2014\/12\/Foto-6.-Bicicleta-en-el-ambulatorio.jpg","contentUrl":"https:\/\/elcotarro.com\/wp-content\/uploads\/2014\/12\/Foto-6.-Bicicleta-en-el-ambulatorio.jpg","width":1271,"height":782},{"@type":"BreadcrumbList","@id":"https:\/\/elcotarro.com\/?p=601#breadcrumb","itemListElement":[{"@type":"ListItem","position":1,"name":"Portada","item":"https:\/\/elcotarro.com\/"},{"@type":"ListItem","position":2,"name":"BICICLETAS EN EL AMBULATORIO"}]},{"@type":"WebSite","@id":"https:\/\/elcotarro.com\/#website","url":"https:\/\/elcotarro.com\/","name":"El Cotarro","description":"Peri\u00f3dico Digital Independiente dirigido por Jos\u00e9 Carlos Marrero","publisher":{"@id":"https:\/\/elcotarro.com\/#organization"},"potentialAction":[{"@type":"SearchAction","target":{"@type":"EntryPoint","urlTemplate":"https:\/\/elcotarro.com\/?s={search_term_string}"},"query-input":{"@type":"PropertyValueSpecification","valueRequired":true,"valueName":"search_term_string"}}],"inLanguage":"es"},{"@type":"Organization","@id":"https:\/\/elcotarro.com\/#organization","name":"El Cotarro","url":"https:\/\/elcotarro.com\/","logo":{"@type":"ImageObject","inLanguage":"es","@id":"https:\/\/elcotarro.com\/#\/schema\/logo\/image\/","url":"https:\/\/elcotarro.com\/wp-content\/uploads\/2014\/09\/Cabecera_El_Cotarro_v2.jpg","contentUrl":"https:\/\/elcotarro.com\/wp-content\/uploads\/2014\/09\/Cabecera_El_Cotarro_v2.jpg","width":3540,"height":441,"caption":"El Cotarro"},"image":{"@id":"https:\/\/elcotarro.com\/#\/schema\/logo\/image\/"},"sameAs":["https:\/\/www.facebook.com\/ElCotarro.Tenerife"]},{"@type":"Person","@id":"https:\/\/elcotarro.com\/#\/schema\/person\/af537ee7d60d15984c7e0affcd8a918b","name":"Jos\u00e9 Carlos Marrero Gonz\u00e1lez","image":{"@type":"ImageObject","inLanguage":"es","@id":"https:\/\/elcotarro.com\/#\/schema\/person\/image\/","url":"https:\/\/secure.gravatar.com\/avatar\/def4da036efb5d32c74d49c351f6dccc064dd69ad9f3aadc295c5a9a5391ca01?s=96&d=mm&r=g","contentUrl":"https:\/\/secure.gravatar.com\/avatar\/def4da036efb5d32c74d49c351f6dccc064dd69ad9f3aadc295c5a9a5391ca01?s=96&d=mm&r=g","caption":"Jos\u00e9 Carlos Marrero Gonz\u00e1lez"},"sameAs":["https:\/\/elcotarro.com"],"url":"https:\/\/elcotarro.com\/?author=2"}]}},"jetpack_featured_media_url":"","jetpack_sharing_enabled":true,"_links":{"self":[{"href":"https:\/\/elcotarro.com\/index.php?rest_route=\/wp\/v2\/posts\/601","targetHints":{"allow":["GET"]}}],"collection":[{"href":"https:\/\/elcotarro.com\/index.php?rest_route=\/wp\/v2\/posts"}],"about":[{"href":"https:\/\/elcotarro.com\/index.php?rest_route=\/wp\/v2\/types\/post"}],"author":[{"embeddable":true,"href":"https:\/\/elcotarro.com\/index.php?rest_route=\/wp\/v2\/users\/2"}],"replies":[{"embeddable":true,"href":"https:\/\/elcotarro.com\/index.php?rest_route=%2Fwp%2Fv2%2Fcomments&post=601"}],"version-history":[{"count":2,"href":"https:\/\/elcotarro.com\/index.php?rest_route=\/wp\/v2\/posts\/601\/revisions"}],"predecessor-version":[{"id":604,"href":"https:\/\/elcotarro.com\/index.php?rest_route=\/wp\/v2\/posts\/601\/revisions\/604"}],"wp:attachment":[{"href":"https:\/\/elcotarro.com\/index.php?rest_route=%2Fwp%2Fv2%2Fmedia&parent=601"}],"wp:term":[{"taxonomy":"category","embeddable":true,"href":"https:\/\/elcotarro.com\/index.php?rest_route=%2Fwp%2Fv2%2Fcategories&post=601"},{"taxonomy":"post_tag","embeddable":true,"href":"https:\/\/elcotarro.com\/index.php?rest_route=%2Fwp%2Fv2%2Ftags&post=601"}],"curies":[{"name":"wp","href":"https:\/\/api.w.org\/{rel}","templated":true}]}}