{"id":6013,"date":"2018-10-21T11:04:49","date_gmt":"2018-10-21T10:04:49","guid":{"rendered":"https:\/\/elcotarro.com\/?p=6013"},"modified":"2018-10-21T11:06:49","modified_gmt":"2018-10-21T10:06:49","slug":"a-por-200-cochinillos-asados-en-9-dias","status":"publish","type":"post","link":"https:\/\/elcotarro.com\/?p=6013","title":{"rendered":"A POR 200 COCHINILLOS ASADOS EN 9 D\u00cdAS"},"content":{"rendered":"<p>Aunque no se lo crean, aparte de los tradicionales judiones de La Granja, los torreznos, el cochifrito, los tacos de bacalao o el dulce Ponche Segoviano (que siguen presentes) el a\u00f1o pasado se asaron 183 cochinillos en los 9 d\u00edas que duraron las jornadas, a una media de casi 21 cochinillos al d\u00eda. Este a\u00f1o, <strong>Marisa Duque<\/strong>y <strong>Carlos Mart\u00edn\u00a0<\/strong>junto a su equipo de Segovia, unido al equipo tinerfe\u00f1o de <strong>Roberto Rivetti\u00a0<\/strong>(y las bocas y est\u00f3magos de la ya leal clientela) tienen previsto superar la cifra de 200 cochinillos asados&#8230; A una media de casi 23 cochinillos al d\u00eda <em>\u00a1ta\u00edn!<\/em>y eso tambi\u00e9n en solo 9 d\u00edas, porque las jornadas concluir\u00e1n el pr\u00f3ximo s\u00e1bado, 27 de octubre. Y si no se lo quieren perder, reserven mesa lo antes que puedan llamando r\u00e1pidamente a <strong>Silvia Mart\u00edn\u00a0<\/strong>al 630 016 031. El que avisa con sabor, no es traidor.<\/p>\n<p style=\"text-align: center;\"><a href=\"https:\/\/elcotarro.com\/wp-content\/uploads\/2018\/10\/FOTO-2.-PARTIR-COCHINILLO.jpg\"><img loading=\"lazy\" decoding=\"async\" class=\"aligncenter size-large wp-image-6014\" src=\"https:\/\/elcotarro.com\/wp-content\/uploads\/2018\/10\/FOTO-2.-PARTIR-COCHINILLO-1024x563.jpg\" alt=\"FOTO 2.- PARTIR COCHINILLO\" width=\"1024\" height=\"563\" srcset=\"https:\/\/elcotarro.com\/wp-content\/uploads\/2018\/10\/FOTO-2.-PARTIR-COCHINILLO-1024x563.jpg 1024w, https:\/\/elcotarro.com\/wp-content\/uploads\/2018\/10\/FOTO-2.-PARTIR-COCHINILLO-300x165.jpg 300w, https:\/\/elcotarro.com\/wp-content\/uploads\/2018\/10\/FOTO-2.-PARTIR-COCHINILLO.jpg 1322w\" sizes=\"auto, (max-width: 1024px) 100vw, 1024px\" \/><\/a><\/p>\n<p style=\"text-align: center;\"><em>De izquierda a derecha: Roberto Rivetti, Marisa Duque, Jos\u00e9 Carlos Marrero y Carlos Mart\u00edn, durante la protocolaria y tradicional ceremonia de partir el cochinillo.<\/em><\/p>\n","protected":false},"excerpt":{"rendered":"<p>Aunque no se lo crean, aparte de los tradicionales judiones de La Granja, los torreznos, el cochifrito, los tacos de bacalao o el dulce Ponche Segoviano (que siguen presentes) el a\u00f1o pasado se asaron 183 cochinillos en los 9 d\u00edas que duraron las jornadas, a una media de casi 21 cochinillos al d\u00eda. Este a\u00f1o, &#8230; <a class=\"read-more\" href=\"https:\/\/elcotarro.com\/?p=6013\">Read more<\/a><\/p>\n","protected":false},"author":2,"featured_media":0,"comment_status":"open","ping_status":"open","sticky":false,"template":"","format":"standard","meta":{"_jetpack_memberships_contains_paid_content":false,"footnotes":""},"categories":[1],"tags":[],"class_list":["post-6013","post","type-post","status-publish","format-standard","hentry","category-sin-categoria"],"yoast_head":"<!-- This site is optimized with the Yoast SEO plugin v27.0 - https:\/\/yoast.com\/product\/yoast-seo-wordpress\/ -->\n<title>A POR 200 COCHINILLOS ASADOS EN 9 D\u00cdAS - El Cotarro<\/title>\n<meta name=\"robots\" content=\"index, follow, max-snippet:-1, max-image-preview:large, max-video-preview:-1\" \/>\n<link rel=\"canonical\" href=\"https:\/\/elcotarro.com\/?p=6013\" \/>\n<meta property=\"og:locale\" content=\"es_ES\" \/>\n<meta property=\"og:type\" content=\"article\" \/>\n<meta property=\"og:title\" content=\"A POR 200 COCHINILLOS ASADOS EN 9 D\u00cdAS - El Cotarro\" \/>\n<meta property=\"og:description\" content=\"Aunque no se lo crean, aparte de los tradicionales judiones de La Granja, los torreznos, el cochifrito, los tacos de bacalao o el dulce Ponche Segoviano (que siguen presentes) el a\u00f1o pasado se asaron 183 cochinillos en los 9 d\u00edas que duraron las jornadas, a una media de casi 21 cochinillos al d\u00eda. Este a\u00f1o, ... Read more\" \/>\n<meta property=\"og:url\" content=\"https:\/\/elcotarro.com\/?p=6013\" \/>\n<meta property=\"og:site_name\" content=\"El Cotarro\" \/>\n<meta property=\"article:publisher\" content=\"https:\/\/www.facebook.com\/ElCotarro.Tenerife\" \/>\n<meta property=\"article:published_time\" content=\"2018-10-21T10:04:49+00:00\" \/>\n<meta property=\"article:modified_time\" content=\"2018-10-21T10:06:49+00:00\" \/>\n<meta property=\"og:image\" content=\"https:\/\/elcotarro.com\/wp-content\/uploads\/2018\/10\/FOTO-2.-PARTIR-COCHINILLO-1024x563.jpg\" \/>\n<meta name=\"author\" content=\"Jos\u00e9 Carlos Marrero Gonz\u00e1lez\" \/>\n<meta name=\"twitter:label1\" content=\"Escrito por\" \/>\n\t<meta name=\"twitter:data1\" content=\"Jos\u00e9 Carlos Marrero Gonz\u00e1lez\" \/>\n\t<meta name=\"twitter:label2\" content=\"Tiempo de lectura\" \/>\n\t<meta name=\"twitter:data2\" content=\"1 minuto\" \/>\n<script type=\"application\/ld+json\" class=\"yoast-schema-graph\">{\"@context\":\"https:\/\/schema.org\",\"@graph\":[{\"@type\":\"Article\",\"@id\":\"https:\/\/elcotarro.com\/?p=6013#article\",\"isPartOf\":{\"@id\":\"https:\/\/elcotarro.com\/?p=6013\"},\"author\":{\"name\":\"Jos\u00e9 Carlos Marrero Gonz\u00e1lez\",\"@id\":\"https:\/\/elcotarro.com\/#\/schema\/person\/af537ee7d60d15984c7e0affcd8a918b\"},\"headline\":\"A POR 200 COCHINILLOS ASADOS EN 9 D\u00cdAS\",\"datePublished\":\"2018-10-21T10:04:49+00:00\",\"dateModified\":\"2018-10-21T10:06:49+00:00\",\"mainEntityOfPage\":{\"@id\":\"https:\/\/elcotarro.com\/?p=6013\"},\"wordCount\":186,\"commentCount\":0,\"publisher\":{\"@id\":\"https:\/\/elcotarro.com\/#organization\"},\"image\":{\"@id\":\"https:\/\/elcotarro.com\/?p=6013#primaryimage\"},\"thumbnailUrl\":\"https:\/\/elcotarro.com\/wp-content\/uploads\/2018\/10\/FOTO-2.-PARTIR-COCHINILLO-1024x563.jpg\",\"inLanguage\":\"es\",\"potentialAction\":[{\"@type\":\"CommentAction\",\"name\":\"Comment\",\"target\":[\"https:\/\/elcotarro.com\/?p=6013#respond\"]}]},{\"@type\":\"WebPage\",\"@id\":\"https:\/\/elcotarro.com\/?p=6013\",\"url\":\"https:\/\/elcotarro.com\/?p=6013\",\"name\":\"A POR 200 COCHINILLOS ASADOS EN 9 D\u00cdAS - El Cotarro\",\"isPartOf\":{\"@id\":\"https:\/\/elcotarro.com\/#website\"},\"primaryImageOfPage\":{\"@id\":\"https:\/\/elcotarro.com\/?p=6013#primaryimage\"},\"image\":{\"@id\":\"https:\/\/elcotarro.com\/?p=6013#primaryimage\"},\"thumbnailUrl\":\"https:\/\/elcotarro.com\/wp-content\/uploads\/2018\/10\/FOTO-2.-PARTIR-COCHINILLO-1024x563.jpg\",\"datePublished\":\"2018-10-21T10:04:49+00:00\",\"dateModified\":\"2018-10-21T10:06:49+00:00\",\"breadcrumb\":{\"@id\":\"https:\/\/elcotarro.com\/?p=6013#breadcrumb\"},\"inLanguage\":\"es\",\"potentialAction\":[{\"@type\":\"ReadAction\",\"target\":[\"https:\/\/elcotarro.com\/?p=6013\"]}]},{\"@type\":\"ImageObject\",\"inLanguage\":\"es\",\"@id\":\"https:\/\/elcotarro.com\/?p=6013#primaryimage\",\"url\":\"https:\/\/elcotarro.com\/wp-content\/uploads\/2018\/10\/FOTO-2.-PARTIR-COCHINILLO.jpg\",\"contentUrl\":\"https:\/\/elcotarro.com\/wp-content\/uploads\/2018\/10\/FOTO-2.-PARTIR-COCHINILLO.jpg\",\"width\":1322,\"height\":727},{\"@type\":\"BreadcrumbList\",\"@id\":\"https:\/\/elcotarro.com\/?p=6013#breadcrumb\",\"itemListElement\":[{\"@type\":\"ListItem\",\"position\":1,\"name\":\"Portada\",\"item\":\"https:\/\/elcotarro.com\/\"},{\"@type\":\"ListItem\",\"position\":2,\"name\":\"A POR 200 COCHINILLOS ASADOS EN 9 D\u00cdAS\"}]},{\"@type\":\"WebSite\",\"@id\":\"https:\/\/elcotarro.com\/#website\",\"url\":\"https:\/\/elcotarro.com\/\",\"name\":\"El Cotarro\",\"description\":\"Peri\u00f3dico Digital Independiente dirigido por Jos\u00e9 Carlos Marrero\",\"publisher\":{\"@id\":\"https:\/\/elcotarro.com\/#organization\"},\"potentialAction\":[{\"@type\":\"SearchAction\",\"target\":{\"@type\":\"EntryPoint\",\"urlTemplate\":\"https:\/\/elcotarro.com\/?s={search_term_string}\"},\"query-input\":{\"@type\":\"PropertyValueSpecification\",\"valueRequired\":true,\"valueName\":\"search_term_string\"}}],\"inLanguage\":\"es\"},{\"@type\":\"Organization\",\"@id\":\"https:\/\/elcotarro.com\/#organization\",\"name\":\"El Cotarro\",\"url\":\"https:\/\/elcotarro.com\/\",\"logo\":{\"@type\":\"ImageObject\",\"inLanguage\":\"es\",\"@id\":\"https:\/\/elcotarro.com\/#\/schema\/logo\/image\/\",\"url\":\"https:\/\/elcotarro.com\/wp-content\/uploads\/2014\/09\/Cabecera_El_Cotarro_v2.jpg\",\"contentUrl\":\"https:\/\/elcotarro.com\/wp-content\/uploads\/2014\/09\/Cabecera_El_Cotarro_v2.jpg\",\"width\":3540,\"height\":441,\"caption\":\"El Cotarro\"},\"image\":{\"@id\":\"https:\/\/elcotarro.com\/#\/schema\/logo\/image\/\"},\"sameAs\":[\"https:\/\/www.facebook.com\/ElCotarro.Tenerife\"]},{\"@type\":\"Person\",\"@id\":\"https:\/\/elcotarro.com\/#\/schema\/person\/af537ee7d60d15984c7e0affcd8a918b\",\"name\":\"Jos\u00e9 Carlos Marrero Gonz\u00e1lez\",\"image\":{\"@type\":\"ImageObject\",\"inLanguage\":\"es\",\"@id\":\"https:\/\/elcotarro.com\/#\/schema\/person\/image\/\",\"url\":\"https:\/\/secure.gravatar.com\/avatar\/def4da036efb5d32c74d49c351f6dccc064dd69ad9f3aadc295c5a9a5391ca01?s=96&d=mm&r=g\",\"contentUrl\":\"https:\/\/secure.gravatar.com\/avatar\/def4da036efb5d32c74d49c351f6dccc064dd69ad9f3aadc295c5a9a5391ca01?s=96&d=mm&r=g\",\"caption\":\"Jos\u00e9 Carlos Marrero Gonz\u00e1lez\"},\"sameAs\":[\"https:\/\/elcotarro.com\"],\"url\":\"https:\/\/elcotarro.com\/?author=2\"}]}<\/script>\n<!-- \/ Yoast SEO plugin. -->","yoast_head_json":{"title":"A POR 200 COCHINILLOS ASADOS EN 9 D\u00cdAS - El Cotarro","robots":{"index":"index","follow":"follow","max-snippet":"max-snippet:-1","max-image-preview":"max-image-preview:large","max-video-preview":"max-video-preview:-1"},"canonical":"https:\/\/elcotarro.com\/?p=6013","og_locale":"es_ES","og_type":"article","og_title":"A POR 200 COCHINILLOS ASADOS EN 9 D\u00cdAS - El Cotarro","og_description":"Aunque no se lo crean, aparte de los tradicionales judiones de La Granja, los torreznos, el cochifrito, los tacos de bacalao o el dulce Ponche Segoviano (que siguen presentes) el a\u00f1o pasado se asaron 183 cochinillos en los 9 d\u00edas que duraron las jornadas, a una media de casi 21 cochinillos al d\u00eda. Este a\u00f1o, ... Read more","og_url":"https:\/\/elcotarro.com\/?p=6013","og_site_name":"El Cotarro","article_publisher":"https:\/\/www.facebook.com\/ElCotarro.Tenerife","article_published_time":"2018-10-21T10:04:49+00:00","article_modified_time":"2018-10-21T10:06:49+00:00","og_image":[{"url":"https:\/\/elcotarro.com\/wp-content\/uploads\/2018\/10\/FOTO-2.-PARTIR-COCHINILLO-1024x563.jpg","type":"","width":"","height":""}],"author":"Jos\u00e9 Carlos Marrero Gonz\u00e1lez","twitter_misc":{"Escrito por":"Jos\u00e9 Carlos Marrero Gonz\u00e1lez","Tiempo de lectura":"1 minuto"},"schema":{"@context":"https:\/\/schema.org","@graph":[{"@type":"Article","@id":"https:\/\/elcotarro.com\/?p=6013#article","isPartOf":{"@id":"https:\/\/elcotarro.com\/?p=6013"},"author":{"name":"Jos\u00e9 Carlos Marrero Gonz\u00e1lez","@id":"https:\/\/elcotarro.com\/#\/schema\/person\/af537ee7d60d15984c7e0affcd8a918b"},"headline":"A POR 200 COCHINILLOS ASADOS EN 9 D\u00cdAS","datePublished":"2018-10-21T10:04:49+00:00","dateModified":"2018-10-21T10:06:49+00:00","mainEntityOfPage":{"@id":"https:\/\/elcotarro.com\/?p=6013"},"wordCount":186,"commentCount":0,"publisher":{"@id":"https:\/\/elcotarro.com\/#organization"},"image":{"@id":"https:\/\/elcotarro.com\/?p=6013#primaryimage"},"thumbnailUrl":"https:\/\/elcotarro.com\/wp-content\/uploads\/2018\/10\/FOTO-2.-PARTIR-COCHINILLO-1024x563.jpg","inLanguage":"es","potentialAction":[{"@type":"CommentAction","name":"Comment","target":["https:\/\/elcotarro.com\/?p=6013#respond"]}]},{"@type":"WebPage","@id":"https:\/\/elcotarro.com\/?p=6013","url":"https:\/\/elcotarro.com\/?p=6013","name":"A POR 200 COCHINILLOS ASADOS EN 9 D\u00cdAS - El Cotarro","isPartOf":{"@id":"https:\/\/elcotarro.com\/#website"},"primaryImageOfPage":{"@id":"https:\/\/elcotarro.com\/?p=6013#primaryimage"},"image":{"@id":"https:\/\/elcotarro.com\/?p=6013#primaryimage"},"thumbnailUrl":"https:\/\/elcotarro.com\/wp-content\/uploads\/2018\/10\/FOTO-2.-PARTIR-COCHINILLO-1024x563.jpg","datePublished":"2018-10-21T10:04:49+00:00","dateModified":"2018-10-21T10:06:49+00:00","breadcrumb":{"@id":"https:\/\/elcotarro.com\/?p=6013#breadcrumb"},"inLanguage":"es","potentialAction":[{"@type":"ReadAction","target":["https:\/\/elcotarro.com\/?p=6013"]}]},{"@type":"ImageObject","inLanguage":"es","@id":"https:\/\/elcotarro.com\/?p=6013#primaryimage","url":"https:\/\/elcotarro.com\/wp-content\/uploads\/2018\/10\/FOTO-2.-PARTIR-COCHINILLO.jpg","contentUrl":"https:\/\/elcotarro.com\/wp-content\/uploads\/2018\/10\/FOTO-2.-PARTIR-COCHINILLO.jpg","width":1322,"height":727},{"@type":"BreadcrumbList","@id":"https:\/\/elcotarro.com\/?p=6013#breadcrumb","itemListElement":[{"@type":"ListItem","position":1,"name":"Portada","item":"https:\/\/elcotarro.com\/"},{"@type":"ListItem","position":2,"name":"A POR 200 COCHINILLOS ASADOS EN 9 D\u00cdAS"}]},{"@type":"WebSite","@id":"https:\/\/elcotarro.com\/#website","url":"https:\/\/elcotarro.com\/","name":"El Cotarro","description":"Peri\u00f3dico Digital Independiente dirigido por Jos\u00e9 Carlos Marrero","publisher":{"@id":"https:\/\/elcotarro.com\/#organization"},"potentialAction":[{"@type":"SearchAction","target":{"@type":"EntryPoint","urlTemplate":"https:\/\/elcotarro.com\/?s={search_term_string}"},"query-input":{"@type":"PropertyValueSpecification","valueRequired":true,"valueName":"search_term_string"}}],"inLanguage":"es"},{"@type":"Organization","@id":"https:\/\/elcotarro.com\/#organization","name":"El Cotarro","url":"https:\/\/elcotarro.com\/","logo":{"@type":"ImageObject","inLanguage":"es","@id":"https:\/\/elcotarro.com\/#\/schema\/logo\/image\/","url":"https:\/\/elcotarro.com\/wp-content\/uploads\/2014\/09\/Cabecera_El_Cotarro_v2.jpg","contentUrl":"https:\/\/elcotarro.com\/wp-content\/uploads\/2014\/09\/Cabecera_El_Cotarro_v2.jpg","width":3540,"height":441,"caption":"El Cotarro"},"image":{"@id":"https:\/\/elcotarro.com\/#\/schema\/logo\/image\/"},"sameAs":["https:\/\/www.facebook.com\/ElCotarro.Tenerife"]},{"@type":"Person","@id":"https:\/\/elcotarro.com\/#\/schema\/person\/af537ee7d60d15984c7e0affcd8a918b","name":"Jos\u00e9 Carlos Marrero Gonz\u00e1lez","image":{"@type":"ImageObject","inLanguage":"es","@id":"https:\/\/elcotarro.com\/#\/schema\/person\/image\/","url":"https:\/\/secure.gravatar.com\/avatar\/def4da036efb5d32c74d49c351f6dccc064dd69ad9f3aadc295c5a9a5391ca01?s=96&d=mm&r=g","contentUrl":"https:\/\/secure.gravatar.com\/avatar\/def4da036efb5d32c74d49c351f6dccc064dd69ad9f3aadc295c5a9a5391ca01?s=96&d=mm&r=g","caption":"Jos\u00e9 Carlos Marrero Gonz\u00e1lez"},"sameAs":["https:\/\/elcotarro.com"],"url":"https:\/\/elcotarro.com\/?author=2"}]}},"jetpack_featured_media_url":"","jetpack_sharing_enabled":true,"_links":{"self":[{"href":"https:\/\/elcotarro.com\/index.php?rest_route=\/wp\/v2\/posts\/6013","targetHints":{"allow":["GET"]}}],"collection":[{"href":"https:\/\/elcotarro.com\/index.php?rest_route=\/wp\/v2\/posts"}],"about":[{"href":"https:\/\/elcotarro.com\/index.php?rest_route=\/wp\/v2\/types\/post"}],"author":[{"embeddable":true,"href":"https:\/\/elcotarro.com\/index.php?rest_route=\/wp\/v2\/users\/2"}],"replies":[{"embeddable":true,"href":"https:\/\/elcotarro.com\/index.php?rest_route=%2Fwp%2Fv2%2Fcomments&post=6013"}],"version-history":[{"count":1,"href":"https:\/\/elcotarro.com\/index.php?rest_route=\/wp\/v2\/posts\/6013\/revisions"}],"predecessor-version":[{"id":6015,"href":"https:\/\/elcotarro.com\/index.php?rest_route=\/wp\/v2\/posts\/6013\/revisions\/6015"}],"wp:attachment":[{"href":"https:\/\/elcotarro.com\/index.php?rest_route=%2Fwp%2Fv2%2Fmedia&parent=6013"}],"wp:term":[{"taxonomy":"category","embeddable":true,"href":"https:\/\/elcotarro.com\/index.php?rest_route=%2Fwp%2Fv2%2Fcategories&post=6013"},{"taxonomy":"post_tag","embeddable":true,"href":"https:\/\/elcotarro.com\/index.php?rest_route=%2Fwp%2Fv2%2Ftags&post=6013"}],"curies":[{"name":"wp","href":"https:\/\/api.w.org\/{rel}","templated":true}]}}