{"id":6043,"date":"2018-10-28T11:03:52","date_gmt":"2018-10-28T11:03:52","guid":{"rendered":"https:\/\/elcotarro.com\/?p=6043"},"modified":"2018-10-28T10:28:44","modified_gmt":"2018-10-28T10:28:44","slug":"la-ciudadania-no-merece-el-espectaculo","status":"publish","type":"post","link":"https:\/\/elcotarro.com\/?p=6043","title":{"rendered":"LA CIUDADAN\u00cdA NO MERECE EL ESPECT\u00c1CULO"},"content":{"rendered":"<p>Y si ya puestos y, por \u00faltimo, a \u00e9stos le rest\u00e1ramos los 48 d\u00edas de los fines de semana que nos quedan (solo s\u00e1bados y domingos) pues 48 d\u00edas menos. Total, que nos quedan \u201claborables\u201d 113 d\u00edas, perra m\u00e1s o perra menos. Me parece a m\u00ed que, a esta altura de la pel\u00edcula, ni San Crist\u00f3bal de La Laguna, ni municipio alguno de estas siete islas, se merece que una moci\u00f3n de censura perturbe lo que resta de legislatura municipal. Pero, sobre todo, creo que no se lo merecen sus ciudadanas y ciudadanos. Ni para quitar a <strong>Jos\u00e9 Alberto D\u00edaz\u00a0<\/strong>(actual alcalde lagunero) ni para quitar al <strong><em>Sursum Corda<\/em><\/strong>. Y creo, sinceramente, que al pol\u00edtico y a los partidos pol\u00edticos que perturben esta realidad, el pr\u00f3ximo futuro y el disperso voto que se avecina les pasar\u00e1 una cruda factura. Y, si no, al tiempo. El que avisa no es traidor&#8230;<\/p>\n<p style=\"text-align: center\"><a href=\"https:\/\/elcotarro.com\/wp-content\/uploads\/2018\/10\/FOTO-3.-\u00c1NGEL-V\u00cdCTOR-Y-LUIS-YERAY.jpg\"><img loading=\"lazy\" decoding=\"async\" class=\"alignnone size-full wp-image-6044\" src=\"https:\/\/elcotarro.com\/wp-content\/uploads\/2018\/10\/FOTO-3.-\u00c1NGEL-V\u00cdCTOR-Y-LUIS-YERAY.jpg\" alt=\"FOTO 3.- \u00c1NGEL V\u00cdCTOR Y LUIS YERAY\" width=\"768\" height=\"432\" srcset=\"https:\/\/elcotarro.com\/wp-content\/uploads\/2018\/10\/FOTO-3.-\u00c1NGEL-V\u00cdCTOR-Y-LUIS-YERAY.jpg 768w, https:\/\/elcotarro.com\/wp-content\/uploads\/2018\/10\/FOTO-3.-\u00c1NGEL-V\u00cdCTOR-Y-LUIS-YERAY-300x169.jpg 300w\" sizes=\"auto, (max-width: 768px) 100vw, 768px\" \/><\/a><\/p>\n<p style=\"text-align: center\"><em>Angel V\u00edctor Torres (secretario general del PSOE en Canarias) y Luis Yeray Guti\u00e9rrez (secretario general del PSOE en La Laguna) permitir\u00e1n que prospere una moci\u00f3n de censura en La laguna, a estas alturas de la legislatura municipal?<\/em><\/p>\n","protected":false},"excerpt":{"rendered":"<p>Y si ya puestos y, por \u00faltimo, a \u00e9stos le rest\u00e1ramos los 48 d\u00edas de los fines de semana que nos quedan (solo s\u00e1bados y domingos) pues 48 d\u00edas menos. Total, que nos quedan \u201claborables\u201d 113 d\u00edas, perra m\u00e1s o perra menos. Me parece a m\u00ed que, a esta altura de la pel\u00edcula, ni San &#8230; <a class=\"read-more\" href=\"https:\/\/elcotarro.com\/?p=6043\">Read more<\/a><\/p>\n","protected":false},"author":2,"featured_media":0,"comment_status":"open","ping_status":"open","sticky":false,"template":"","format":"standard","meta":{"_jetpack_memberships_contains_paid_content":false,"footnotes":""},"categories":[1],"tags":[],"class_list":["post-6043","post","type-post","status-publish","format-standard","hentry","category-sin-categoria"],"yoast_head":"<!-- This site is optimized with the Yoast SEO plugin v27.0 - https:\/\/yoast.com\/product\/yoast-seo-wordpress\/ -->\n<title>LA CIUDADAN\u00cdA NO MERECE EL ESPECT\u00c1CULO - El Cotarro<\/title>\n<meta name=\"robots\" content=\"index, follow, max-snippet:-1, max-image-preview:large, max-video-preview:-1\" \/>\n<link rel=\"canonical\" href=\"https:\/\/elcotarro.com\/?p=6043\" \/>\n<meta property=\"og:locale\" content=\"es_ES\" \/>\n<meta property=\"og:type\" content=\"article\" \/>\n<meta property=\"og:title\" content=\"LA CIUDADAN\u00cdA NO MERECE EL ESPECT\u00c1CULO - El Cotarro\" \/>\n<meta property=\"og:description\" content=\"Y si ya puestos y, por \u00faltimo, a \u00e9stos le rest\u00e1ramos los 48 d\u00edas de los fines de semana que nos quedan (solo s\u00e1bados y domingos) pues 48 d\u00edas menos. Total, que nos quedan \u201claborables\u201d 113 d\u00edas, perra m\u00e1s o perra menos. Me parece a m\u00ed que, a esta altura de la pel\u00edcula, ni San ... Read more\" \/>\n<meta property=\"og:url\" content=\"https:\/\/elcotarro.com\/?p=6043\" \/>\n<meta property=\"og:site_name\" content=\"El Cotarro\" \/>\n<meta property=\"article:publisher\" content=\"https:\/\/www.facebook.com\/ElCotarro.Tenerife\" \/>\n<meta property=\"article:published_time\" content=\"2018-10-28T11:03:52+00:00\" \/>\n<meta name=\"author\" content=\"Jos\u00e9 Carlos Marrero Gonz\u00e1lez\" \/>\n<meta name=\"twitter:label1\" content=\"Escrito por\" \/>\n\t<meta name=\"twitter:data1\" content=\"Jos\u00e9 Carlos Marrero Gonz\u00e1lez\" \/>\n\t<meta name=\"twitter:label2\" content=\"Tiempo de lectura\" \/>\n\t<meta name=\"twitter:data2\" content=\"1 minuto\" \/>\n<script type=\"application\/ld+json\" class=\"yoast-schema-graph\">{\"@context\":\"https:\/\/schema.org\",\"@graph\":[{\"@type\":\"Article\",\"@id\":\"https:\/\/elcotarro.com\/?p=6043#article\",\"isPartOf\":{\"@id\":\"https:\/\/elcotarro.com\/?p=6043\"},\"author\":{\"name\":\"Jos\u00e9 Carlos Marrero Gonz\u00e1lez\",\"@id\":\"https:\/\/elcotarro.com\/#\/schema\/person\/af537ee7d60d15984c7e0affcd8a918b\"},\"headline\":\"LA CIUDADAN\u00cdA NO MERECE EL ESPECT\u00c1CULO\",\"datePublished\":\"2018-10-28T11:03:52+00:00\",\"mainEntityOfPage\":{\"@id\":\"https:\/\/elcotarro.com\/?p=6043\"},\"wordCount\":209,\"commentCount\":0,\"publisher\":{\"@id\":\"https:\/\/elcotarro.com\/#organization\"},\"inLanguage\":\"es\",\"potentialAction\":[{\"@type\":\"CommentAction\",\"name\":\"Comment\",\"target\":[\"https:\/\/elcotarro.com\/?p=6043#respond\"]}]},{\"@type\":\"WebPage\",\"@id\":\"https:\/\/elcotarro.com\/?p=6043\",\"url\":\"https:\/\/elcotarro.com\/?p=6043\",\"name\":\"LA CIUDADAN\u00cdA NO MERECE EL ESPECT\u00c1CULO - El Cotarro\",\"isPartOf\":{\"@id\":\"https:\/\/elcotarro.com\/#website\"},\"datePublished\":\"2018-10-28T11:03:52+00:00\",\"breadcrumb\":{\"@id\":\"https:\/\/elcotarro.com\/?p=6043#breadcrumb\"},\"inLanguage\":\"es\",\"potentialAction\":[{\"@type\":\"ReadAction\",\"target\":[\"https:\/\/elcotarro.com\/?p=6043\"]}]},{\"@type\":\"BreadcrumbList\",\"@id\":\"https:\/\/elcotarro.com\/?p=6043#breadcrumb\",\"itemListElement\":[{\"@type\":\"ListItem\",\"position\":1,\"name\":\"Portada\",\"item\":\"https:\/\/elcotarro.com\/\"},{\"@type\":\"ListItem\",\"position\":2,\"name\":\"LA CIUDADAN\u00cdA NO MERECE EL ESPECT\u00c1CULO\"}]},{\"@type\":\"WebSite\",\"@id\":\"https:\/\/elcotarro.com\/#website\",\"url\":\"https:\/\/elcotarro.com\/\",\"name\":\"El Cotarro\",\"description\":\"Peri\u00f3dico Digital Independiente dirigido por Jos\u00e9 Carlos Marrero\",\"publisher\":{\"@id\":\"https:\/\/elcotarro.com\/#organization\"},\"potentialAction\":[{\"@type\":\"SearchAction\",\"target\":{\"@type\":\"EntryPoint\",\"urlTemplate\":\"https:\/\/elcotarro.com\/?s={search_term_string}\"},\"query-input\":{\"@type\":\"PropertyValueSpecification\",\"valueRequired\":true,\"valueName\":\"search_term_string\"}}],\"inLanguage\":\"es\"},{\"@type\":\"Organization\",\"@id\":\"https:\/\/elcotarro.com\/#organization\",\"name\":\"El Cotarro\",\"url\":\"https:\/\/elcotarro.com\/\",\"logo\":{\"@type\":\"ImageObject\",\"inLanguage\":\"es\",\"@id\":\"https:\/\/elcotarro.com\/#\/schema\/logo\/image\/\",\"url\":\"https:\/\/elcotarro.com\/wp-content\/uploads\/2014\/09\/Cabecera_El_Cotarro_v2.jpg\",\"contentUrl\":\"https:\/\/elcotarro.com\/wp-content\/uploads\/2014\/09\/Cabecera_El_Cotarro_v2.jpg\",\"width\":3540,\"height\":441,\"caption\":\"El Cotarro\"},\"image\":{\"@id\":\"https:\/\/elcotarro.com\/#\/schema\/logo\/image\/\"},\"sameAs\":[\"https:\/\/www.facebook.com\/ElCotarro.Tenerife\"]},{\"@type\":\"Person\",\"@id\":\"https:\/\/elcotarro.com\/#\/schema\/person\/af537ee7d60d15984c7e0affcd8a918b\",\"name\":\"Jos\u00e9 Carlos Marrero Gonz\u00e1lez\",\"image\":{\"@type\":\"ImageObject\",\"inLanguage\":\"es\",\"@id\":\"https:\/\/elcotarro.com\/#\/schema\/person\/image\/\",\"url\":\"https:\/\/secure.gravatar.com\/avatar\/def4da036efb5d32c74d49c351f6dccc064dd69ad9f3aadc295c5a9a5391ca01?s=96&d=mm&r=g\",\"contentUrl\":\"https:\/\/secure.gravatar.com\/avatar\/def4da036efb5d32c74d49c351f6dccc064dd69ad9f3aadc295c5a9a5391ca01?s=96&d=mm&r=g\",\"caption\":\"Jos\u00e9 Carlos Marrero Gonz\u00e1lez\"},\"sameAs\":[\"https:\/\/elcotarro.com\"],\"url\":\"https:\/\/elcotarro.com\/?author=2\"}]}<\/script>\n<!-- \/ Yoast SEO plugin. -->","yoast_head_json":{"title":"LA CIUDADAN\u00cdA NO MERECE EL ESPECT\u00c1CULO - El Cotarro","robots":{"index":"index","follow":"follow","max-snippet":"max-snippet:-1","max-image-preview":"max-image-preview:large","max-video-preview":"max-video-preview:-1"},"canonical":"https:\/\/elcotarro.com\/?p=6043","og_locale":"es_ES","og_type":"article","og_title":"LA CIUDADAN\u00cdA NO MERECE EL ESPECT\u00c1CULO - El Cotarro","og_description":"Y si ya puestos y, por \u00faltimo, a \u00e9stos le rest\u00e1ramos los 48 d\u00edas de los fines de semana que nos quedan (solo s\u00e1bados y domingos) pues 48 d\u00edas menos. Total, que nos quedan \u201claborables\u201d 113 d\u00edas, perra m\u00e1s o perra menos. Me parece a m\u00ed que, a esta altura de la pel\u00edcula, ni San ... Read more","og_url":"https:\/\/elcotarro.com\/?p=6043","og_site_name":"El Cotarro","article_publisher":"https:\/\/www.facebook.com\/ElCotarro.Tenerife","article_published_time":"2018-10-28T11:03:52+00:00","author":"Jos\u00e9 Carlos Marrero Gonz\u00e1lez","twitter_misc":{"Escrito por":"Jos\u00e9 Carlos Marrero Gonz\u00e1lez","Tiempo de lectura":"1 minuto"},"schema":{"@context":"https:\/\/schema.org","@graph":[{"@type":"Article","@id":"https:\/\/elcotarro.com\/?p=6043#article","isPartOf":{"@id":"https:\/\/elcotarro.com\/?p=6043"},"author":{"name":"Jos\u00e9 Carlos Marrero Gonz\u00e1lez","@id":"https:\/\/elcotarro.com\/#\/schema\/person\/af537ee7d60d15984c7e0affcd8a918b"},"headline":"LA CIUDADAN\u00cdA NO MERECE EL ESPECT\u00c1CULO","datePublished":"2018-10-28T11:03:52+00:00","mainEntityOfPage":{"@id":"https:\/\/elcotarro.com\/?p=6043"},"wordCount":209,"commentCount":0,"publisher":{"@id":"https:\/\/elcotarro.com\/#organization"},"inLanguage":"es","potentialAction":[{"@type":"CommentAction","name":"Comment","target":["https:\/\/elcotarro.com\/?p=6043#respond"]}]},{"@type":"WebPage","@id":"https:\/\/elcotarro.com\/?p=6043","url":"https:\/\/elcotarro.com\/?p=6043","name":"LA CIUDADAN\u00cdA NO MERECE EL ESPECT\u00c1CULO - El Cotarro","isPartOf":{"@id":"https:\/\/elcotarro.com\/#website"},"datePublished":"2018-10-28T11:03:52+00:00","breadcrumb":{"@id":"https:\/\/elcotarro.com\/?p=6043#breadcrumb"},"inLanguage":"es","potentialAction":[{"@type":"ReadAction","target":["https:\/\/elcotarro.com\/?p=6043"]}]},{"@type":"BreadcrumbList","@id":"https:\/\/elcotarro.com\/?p=6043#breadcrumb","itemListElement":[{"@type":"ListItem","position":1,"name":"Portada","item":"https:\/\/elcotarro.com\/"},{"@type":"ListItem","position":2,"name":"LA CIUDADAN\u00cdA NO MERECE EL ESPECT\u00c1CULO"}]},{"@type":"WebSite","@id":"https:\/\/elcotarro.com\/#website","url":"https:\/\/elcotarro.com\/","name":"El Cotarro","description":"Peri\u00f3dico Digital Independiente dirigido por Jos\u00e9 Carlos Marrero","publisher":{"@id":"https:\/\/elcotarro.com\/#organization"},"potentialAction":[{"@type":"SearchAction","target":{"@type":"EntryPoint","urlTemplate":"https:\/\/elcotarro.com\/?s={search_term_string}"},"query-input":{"@type":"PropertyValueSpecification","valueRequired":true,"valueName":"search_term_string"}}],"inLanguage":"es"},{"@type":"Organization","@id":"https:\/\/elcotarro.com\/#organization","name":"El Cotarro","url":"https:\/\/elcotarro.com\/","logo":{"@type":"ImageObject","inLanguage":"es","@id":"https:\/\/elcotarro.com\/#\/schema\/logo\/image\/","url":"https:\/\/elcotarro.com\/wp-content\/uploads\/2014\/09\/Cabecera_El_Cotarro_v2.jpg","contentUrl":"https:\/\/elcotarro.com\/wp-content\/uploads\/2014\/09\/Cabecera_El_Cotarro_v2.jpg","width":3540,"height":441,"caption":"El Cotarro"},"image":{"@id":"https:\/\/elcotarro.com\/#\/schema\/logo\/image\/"},"sameAs":["https:\/\/www.facebook.com\/ElCotarro.Tenerife"]},{"@type":"Person","@id":"https:\/\/elcotarro.com\/#\/schema\/person\/af537ee7d60d15984c7e0affcd8a918b","name":"Jos\u00e9 Carlos Marrero Gonz\u00e1lez","image":{"@type":"ImageObject","inLanguage":"es","@id":"https:\/\/elcotarro.com\/#\/schema\/person\/image\/","url":"https:\/\/secure.gravatar.com\/avatar\/def4da036efb5d32c74d49c351f6dccc064dd69ad9f3aadc295c5a9a5391ca01?s=96&d=mm&r=g","contentUrl":"https:\/\/secure.gravatar.com\/avatar\/def4da036efb5d32c74d49c351f6dccc064dd69ad9f3aadc295c5a9a5391ca01?s=96&d=mm&r=g","caption":"Jos\u00e9 Carlos Marrero Gonz\u00e1lez"},"sameAs":["https:\/\/elcotarro.com"],"url":"https:\/\/elcotarro.com\/?author=2"}]}},"jetpack_featured_media_url":"","jetpack_sharing_enabled":true,"_links":{"self":[{"href":"https:\/\/elcotarro.com\/index.php?rest_route=\/wp\/v2\/posts\/6043","targetHints":{"allow":["GET"]}}],"collection":[{"href":"https:\/\/elcotarro.com\/index.php?rest_route=\/wp\/v2\/posts"}],"about":[{"href":"https:\/\/elcotarro.com\/index.php?rest_route=\/wp\/v2\/types\/post"}],"author":[{"embeddable":true,"href":"https:\/\/elcotarro.com\/index.php?rest_route=\/wp\/v2\/users\/2"}],"replies":[{"embeddable":true,"href":"https:\/\/elcotarro.com\/index.php?rest_route=%2Fwp%2Fv2%2Fcomments&post=6043"}],"version-history":[{"count":1,"href":"https:\/\/elcotarro.com\/index.php?rest_route=\/wp\/v2\/posts\/6043\/revisions"}],"predecessor-version":[{"id":6045,"href":"https:\/\/elcotarro.com\/index.php?rest_route=\/wp\/v2\/posts\/6043\/revisions\/6045"}],"wp:attachment":[{"href":"https:\/\/elcotarro.com\/index.php?rest_route=%2Fwp%2Fv2%2Fmedia&parent=6043"}],"wp:term":[{"taxonomy":"category","embeddable":true,"href":"https:\/\/elcotarro.com\/index.php?rest_route=%2Fwp%2Fv2%2Fcategories&post=6043"},{"taxonomy":"post_tag","embeddable":true,"href":"https:\/\/elcotarro.com\/index.php?rest_route=%2Fwp%2Fv2%2Ftags&post=6043"}],"curies":[{"name":"wp","href":"https:\/\/api.w.org\/{rel}","templated":true}]}}