{"id":6086,"date":"2018-11-11T11:05:56","date_gmt":"2018-11-11T11:05:56","guid":{"rendered":"https:\/\/elcotarro.com\/?p=6086"},"modified":"2018-11-10T22:24:07","modified_gmt":"2018-11-10T22:24:07","slug":"reconocimiento-a-una-misionera-visita","status":"publish","type":"post","link":"https:\/\/elcotarro.com\/?p=6086","title":{"rendered":"RECONOCIMIENTO A UNA MISIONERA VISITA"},"content":{"rendered":"<p>Deseaba hacer reconocer y valorar p\u00fablicamente el generoso y eficaz trabajo de todas personas que han hecho posible que la visita misionera de <strong>Nuestra Se\u00f1ora la Virgen de Candelaria<\/strong> realiz\u00f3 el pasado mes al \u00e1rea metropolitana de Tenerife, haya sido una feliz y exitosa realidad. Y he querido hacerlo hoy, dejando pasar unos d\u00edas para \u201chacer la digesti\u00f3n\u201d de tantas buenas emociones, manifestaciones de fe y ejemplos en positivo. El sacerdote <strong>Jes\u00fas Manuel Adonai Gil Ag\u00fc\u00edn<\/strong>, delegado pastoral que el obispo Nivariense, <strong>Bernardo \u00c1lvarez<\/strong>, nombr\u00f3 como m\u00e1ximo responsable para esta visita de la Patrona de Canarias, puede estar m\u00e1s que satisfecho. Mi homenaje a \u00e9l y a todas las personas, va en forma de peque\u00f1as y curiosas an\u00e9cdotas, que encierran mucho cari\u00f1o.<\/p>\n<p><a href=\"https:\/\/elcotarro.com\/wp-content\/uploads\/2018\/11\/FOTO-1.-JES\u00daS-AG\u00dc\u00cdN.jpeg\"><img loading=\"lazy\" decoding=\"async\" class=\"alignnone size-full wp-image-6087\" src=\"https:\/\/elcotarro.com\/wp-content\/uploads\/2018\/11\/FOTO-1.-JES\u00daS-AG\u00dc\u00cdN.jpeg\" alt=\"FOTO 1.- JES\u00daS AG\u00dc\u00cdN\" width=\"1600\" height=\"1066\" srcset=\"https:\/\/elcotarro.com\/wp-content\/uploads\/2018\/11\/FOTO-1.-JES\u00daS-AG\u00dc\u00cdN.jpeg 1600w, https:\/\/elcotarro.com\/wp-content\/uploads\/2018\/11\/FOTO-1.-JES\u00daS-AG\u00dc\u00cdN-300x200.jpeg 300w, https:\/\/elcotarro.com\/wp-content\/uploads\/2018\/11\/FOTO-1.-JES\u00daS-AG\u00dc\u00cdN-1024x682.jpeg 1024w\" sizes=\"auto, (max-width: 1600px) 100vw, 1600px\" \/><\/a><\/p>\n<p style=\"text-align: center\"><em>Jes\u00fas Manuel Gil Ag\u00fc\u00edn, un merecidamente satisfecho Delegado Episcopal para la visita de Nuestra Se\u00f1ora la Virgen de Candelaria, junto a la Sagrada Imagen.<\/em><\/p>\n","protected":false},"excerpt":{"rendered":"<p>Deseaba hacer reconocer y valorar p\u00fablicamente el generoso y eficaz trabajo de todas personas que han hecho posible que la visita misionera de Nuestra Se\u00f1ora la Virgen de Candelaria realiz\u00f3 el pasado mes al \u00e1rea metropolitana de Tenerife, haya sido una feliz y exitosa realidad. Y he querido hacerlo hoy, dejando pasar unos d\u00edas para &#8230; <a class=\"read-more\" href=\"https:\/\/elcotarro.com\/?p=6086\">Read more<\/a><\/p>\n","protected":false},"author":2,"featured_media":0,"comment_status":"open","ping_status":"open","sticky":false,"template":"","format":"standard","meta":{"_jetpack_memberships_contains_paid_content":false,"footnotes":""},"categories":[1],"tags":[],"class_list":["post-6086","post","type-post","status-publish","format-standard","hentry","category-sin-categoria"],"yoast_head":"<!-- This site is optimized with the Yoast SEO plugin v27.0 - https:\/\/yoast.com\/product\/yoast-seo-wordpress\/ -->\n<title>RECONOCIMIENTO A UNA MISIONERA VISITA - El Cotarro<\/title>\n<meta name=\"robots\" content=\"index, follow, max-snippet:-1, max-image-preview:large, max-video-preview:-1\" \/>\n<link rel=\"canonical\" href=\"https:\/\/elcotarro.com\/?p=6086\" \/>\n<meta property=\"og:locale\" content=\"es_ES\" \/>\n<meta property=\"og:type\" content=\"article\" \/>\n<meta property=\"og:title\" content=\"RECONOCIMIENTO A UNA MISIONERA VISITA - El Cotarro\" \/>\n<meta property=\"og:description\" content=\"Deseaba hacer reconocer y valorar p\u00fablicamente el generoso y eficaz trabajo de todas personas que han hecho posible que la visita misionera de Nuestra Se\u00f1ora la Virgen de Candelaria realiz\u00f3 el pasado mes al \u00e1rea metropolitana de Tenerife, haya sido una feliz y exitosa realidad. Y he querido hacerlo hoy, dejando pasar unos d\u00edas para ... Read more\" \/>\n<meta property=\"og:url\" content=\"https:\/\/elcotarro.com\/?p=6086\" \/>\n<meta property=\"og:site_name\" content=\"El Cotarro\" \/>\n<meta property=\"article:publisher\" content=\"https:\/\/www.facebook.com\/ElCotarro.Tenerife\" \/>\n<meta property=\"article:published_time\" content=\"2018-11-11T11:05:56+00:00\" \/>\n<meta name=\"author\" content=\"Jos\u00e9 Carlos Marrero Gonz\u00e1lez\" \/>\n<meta name=\"twitter:label1\" content=\"Escrito por\" \/>\n\t<meta name=\"twitter:data1\" content=\"Jos\u00e9 Carlos Marrero Gonz\u00e1lez\" \/>\n\t<meta name=\"twitter:label2\" content=\"Tiempo de lectura\" \/>\n\t<meta name=\"twitter:data2\" content=\"1 minuto\" \/>\n<script type=\"application\/ld+json\" class=\"yoast-schema-graph\">{\"@context\":\"https:\/\/schema.org\",\"@graph\":[{\"@type\":\"Article\",\"@id\":\"https:\/\/elcotarro.com\/?p=6086#article\",\"isPartOf\":{\"@id\":\"https:\/\/elcotarro.com\/?p=6086\"},\"author\":{\"name\":\"Jos\u00e9 Carlos Marrero Gonz\u00e1lez\",\"@id\":\"https:\/\/elcotarro.com\/#\/schema\/person\/af537ee7d60d15984c7e0affcd8a918b\"},\"headline\":\"RECONOCIMIENTO A UNA MISIONERA VISITA\",\"datePublished\":\"2018-11-11T11:05:56+00:00\",\"mainEntityOfPage\":{\"@id\":\"https:\/\/elcotarro.com\/?p=6086\"},\"wordCount\":165,\"commentCount\":0,\"publisher\":{\"@id\":\"https:\/\/elcotarro.com\/#organization\"},\"inLanguage\":\"es\",\"potentialAction\":[{\"@type\":\"CommentAction\",\"name\":\"Comment\",\"target\":[\"https:\/\/elcotarro.com\/?p=6086#respond\"]}]},{\"@type\":\"WebPage\",\"@id\":\"https:\/\/elcotarro.com\/?p=6086\",\"url\":\"https:\/\/elcotarro.com\/?p=6086\",\"name\":\"RECONOCIMIENTO A UNA MISIONERA VISITA - El Cotarro\",\"isPartOf\":{\"@id\":\"https:\/\/elcotarro.com\/#website\"},\"datePublished\":\"2018-11-11T11:05:56+00:00\",\"breadcrumb\":{\"@id\":\"https:\/\/elcotarro.com\/?p=6086#breadcrumb\"},\"inLanguage\":\"es\",\"potentialAction\":[{\"@type\":\"ReadAction\",\"target\":[\"https:\/\/elcotarro.com\/?p=6086\"]}]},{\"@type\":\"BreadcrumbList\",\"@id\":\"https:\/\/elcotarro.com\/?p=6086#breadcrumb\",\"itemListElement\":[{\"@type\":\"ListItem\",\"position\":1,\"name\":\"Portada\",\"item\":\"https:\/\/elcotarro.com\/\"},{\"@type\":\"ListItem\",\"position\":2,\"name\":\"RECONOCIMIENTO A UNA MISIONERA VISITA\"}]},{\"@type\":\"WebSite\",\"@id\":\"https:\/\/elcotarro.com\/#website\",\"url\":\"https:\/\/elcotarro.com\/\",\"name\":\"El Cotarro\",\"description\":\"Peri\u00f3dico Digital Independiente dirigido por Jos\u00e9 Carlos Marrero\",\"publisher\":{\"@id\":\"https:\/\/elcotarro.com\/#organization\"},\"potentialAction\":[{\"@type\":\"SearchAction\",\"target\":{\"@type\":\"EntryPoint\",\"urlTemplate\":\"https:\/\/elcotarro.com\/?s={search_term_string}\"},\"query-input\":{\"@type\":\"PropertyValueSpecification\",\"valueRequired\":true,\"valueName\":\"search_term_string\"}}],\"inLanguage\":\"es\"},{\"@type\":\"Organization\",\"@id\":\"https:\/\/elcotarro.com\/#organization\",\"name\":\"El Cotarro\",\"url\":\"https:\/\/elcotarro.com\/\",\"logo\":{\"@type\":\"ImageObject\",\"inLanguage\":\"es\",\"@id\":\"https:\/\/elcotarro.com\/#\/schema\/logo\/image\/\",\"url\":\"https:\/\/elcotarro.com\/wp-content\/uploads\/2014\/09\/Cabecera_El_Cotarro_v2.jpg\",\"contentUrl\":\"https:\/\/elcotarro.com\/wp-content\/uploads\/2014\/09\/Cabecera_El_Cotarro_v2.jpg\",\"width\":3540,\"height\":441,\"caption\":\"El Cotarro\"},\"image\":{\"@id\":\"https:\/\/elcotarro.com\/#\/schema\/logo\/image\/\"},\"sameAs\":[\"https:\/\/www.facebook.com\/ElCotarro.Tenerife\"]},{\"@type\":\"Person\",\"@id\":\"https:\/\/elcotarro.com\/#\/schema\/person\/af537ee7d60d15984c7e0affcd8a918b\",\"name\":\"Jos\u00e9 Carlos Marrero Gonz\u00e1lez\",\"image\":{\"@type\":\"ImageObject\",\"inLanguage\":\"es\",\"@id\":\"https:\/\/elcotarro.com\/#\/schema\/person\/image\/\",\"url\":\"https:\/\/secure.gravatar.com\/avatar\/def4da036efb5d32c74d49c351f6dccc064dd69ad9f3aadc295c5a9a5391ca01?s=96&d=mm&r=g\",\"contentUrl\":\"https:\/\/secure.gravatar.com\/avatar\/def4da036efb5d32c74d49c351f6dccc064dd69ad9f3aadc295c5a9a5391ca01?s=96&d=mm&r=g\",\"caption\":\"Jos\u00e9 Carlos Marrero Gonz\u00e1lez\"},\"sameAs\":[\"https:\/\/elcotarro.com\"],\"url\":\"https:\/\/elcotarro.com\/?author=2\"}]}<\/script>\n<!-- \/ Yoast SEO plugin. -->","yoast_head_json":{"title":"RECONOCIMIENTO A UNA MISIONERA VISITA - El Cotarro","robots":{"index":"index","follow":"follow","max-snippet":"max-snippet:-1","max-image-preview":"max-image-preview:large","max-video-preview":"max-video-preview:-1"},"canonical":"https:\/\/elcotarro.com\/?p=6086","og_locale":"es_ES","og_type":"article","og_title":"RECONOCIMIENTO A UNA MISIONERA VISITA - El Cotarro","og_description":"Deseaba hacer reconocer y valorar p\u00fablicamente el generoso y eficaz trabajo de todas personas que han hecho posible que la visita misionera de Nuestra Se\u00f1ora la Virgen de Candelaria realiz\u00f3 el pasado mes al \u00e1rea metropolitana de Tenerife, haya sido una feliz y exitosa realidad. Y he querido hacerlo hoy, dejando pasar unos d\u00edas para ... Read more","og_url":"https:\/\/elcotarro.com\/?p=6086","og_site_name":"El Cotarro","article_publisher":"https:\/\/www.facebook.com\/ElCotarro.Tenerife","article_published_time":"2018-11-11T11:05:56+00:00","author":"Jos\u00e9 Carlos Marrero Gonz\u00e1lez","twitter_misc":{"Escrito por":"Jos\u00e9 Carlos Marrero Gonz\u00e1lez","Tiempo de lectura":"1 minuto"},"schema":{"@context":"https:\/\/schema.org","@graph":[{"@type":"Article","@id":"https:\/\/elcotarro.com\/?p=6086#article","isPartOf":{"@id":"https:\/\/elcotarro.com\/?p=6086"},"author":{"name":"Jos\u00e9 Carlos Marrero Gonz\u00e1lez","@id":"https:\/\/elcotarro.com\/#\/schema\/person\/af537ee7d60d15984c7e0affcd8a918b"},"headline":"RECONOCIMIENTO A UNA MISIONERA VISITA","datePublished":"2018-11-11T11:05:56+00:00","mainEntityOfPage":{"@id":"https:\/\/elcotarro.com\/?p=6086"},"wordCount":165,"commentCount":0,"publisher":{"@id":"https:\/\/elcotarro.com\/#organization"},"inLanguage":"es","potentialAction":[{"@type":"CommentAction","name":"Comment","target":["https:\/\/elcotarro.com\/?p=6086#respond"]}]},{"@type":"WebPage","@id":"https:\/\/elcotarro.com\/?p=6086","url":"https:\/\/elcotarro.com\/?p=6086","name":"RECONOCIMIENTO A UNA MISIONERA VISITA - El Cotarro","isPartOf":{"@id":"https:\/\/elcotarro.com\/#website"},"datePublished":"2018-11-11T11:05:56+00:00","breadcrumb":{"@id":"https:\/\/elcotarro.com\/?p=6086#breadcrumb"},"inLanguage":"es","potentialAction":[{"@type":"ReadAction","target":["https:\/\/elcotarro.com\/?p=6086"]}]},{"@type":"BreadcrumbList","@id":"https:\/\/elcotarro.com\/?p=6086#breadcrumb","itemListElement":[{"@type":"ListItem","position":1,"name":"Portada","item":"https:\/\/elcotarro.com\/"},{"@type":"ListItem","position":2,"name":"RECONOCIMIENTO A UNA MISIONERA VISITA"}]},{"@type":"WebSite","@id":"https:\/\/elcotarro.com\/#website","url":"https:\/\/elcotarro.com\/","name":"El Cotarro","description":"Peri\u00f3dico Digital Independiente dirigido por Jos\u00e9 Carlos Marrero","publisher":{"@id":"https:\/\/elcotarro.com\/#organization"},"potentialAction":[{"@type":"SearchAction","target":{"@type":"EntryPoint","urlTemplate":"https:\/\/elcotarro.com\/?s={search_term_string}"},"query-input":{"@type":"PropertyValueSpecification","valueRequired":true,"valueName":"search_term_string"}}],"inLanguage":"es"},{"@type":"Organization","@id":"https:\/\/elcotarro.com\/#organization","name":"El Cotarro","url":"https:\/\/elcotarro.com\/","logo":{"@type":"ImageObject","inLanguage":"es","@id":"https:\/\/elcotarro.com\/#\/schema\/logo\/image\/","url":"https:\/\/elcotarro.com\/wp-content\/uploads\/2014\/09\/Cabecera_El_Cotarro_v2.jpg","contentUrl":"https:\/\/elcotarro.com\/wp-content\/uploads\/2014\/09\/Cabecera_El_Cotarro_v2.jpg","width":3540,"height":441,"caption":"El Cotarro"},"image":{"@id":"https:\/\/elcotarro.com\/#\/schema\/logo\/image\/"},"sameAs":["https:\/\/www.facebook.com\/ElCotarro.Tenerife"]},{"@type":"Person","@id":"https:\/\/elcotarro.com\/#\/schema\/person\/af537ee7d60d15984c7e0affcd8a918b","name":"Jos\u00e9 Carlos Marrero Gonz\u00e1lez","image":{"@type":"ImageObject","inLanguage":"es","@id":"https:\/\/elcotarro.com\/#\/schema\/person\/image\/","url":"https:\/\/secure.gravatar.com\/avatar\/def4da036efb5d32c74d49c351f6dccc064dd69ad9f3aadc295c5a9a5391ca01?s=96&d=mm&r=g","contentUrl":"https:\/\/secure.gravatar.com\/avatar\/def4da036efb5d32c74d49c351f6dccc064dd69ad9f3aadc295c5a9a5391ca01?s=96&d=mm&r=g","caption":"Jos\u00e9 Carlos Marrero Gonz\u00e1lez"},"sameAs":["https:\/\/elcotarro.com"],"url":"https:\/\/elcotarro.com\/?author=2"}]}},"jetpack_featured_media_url":"","jetpack_sharing_enabled":true,"_links":{"self":[{"href":"https:\/\/elcotarro.com\/index.php?rest_route=\/wp\/v2\/posts\/6086","targetHints":{"allow":["GET"]}}],"collection":[{"href":"https:\/\/elcotarro.com\/index.php?rest_route=\/wp\/v2\/posts"}],"about":[{"href":"https:\/\/elcotarro.com\/index.php?rest_route=\/wp\/v2\/types\/post"}],"author":[{"embeddable":true,"href":"https:\/\/elcotarro.com\/index.php?rest_route=\/wp\/v2\/users\/2"}],"replies":[{"embeddable":true,"href":"https:\/\/elcotarro.com\/index.php?rest_route=%2Fwp%2Fv2%2Fcomments&post=6086"}],"version-history":[{"count":1,"href":"https:\/\/elcotarro.com\/index.php?rest_route=\/wp\/v2\/posts\/6086\/revisions"}],"predecessor-version":[{"id":6088,"href":"https:\/\/elcotarro.com\/index.php?rest_route=\/wp\/v2\/posts\/6086\/revisions\/6088"}],"wp:attachment":[{"href":"https:\/\/elcotarro.com\/index.php?rest_route=%2Fwp%2Fv2%2Fmedia&parent=6086"}],"wp:term":[{"taxonomy":"category","embeddable":true,"href":"https:\/\/elcotarro.com\/index.php?rest_route=%2Fwp%2Fv2%2Fcategories&post=6086"},{"taxonomy":"post_tag","embeddable":true,"href":"https:\/\/elcotarro.com\/index.php?rest_route=%2Fwp%2Fv2%2Ftags&post=6086"}],"curies":[{"name":"wp","href":"https:\/\/api.w.org\/{rel}","templated":true}]}}