{"id":6092,"date":"2018-11-11T11:03:46","date_gmt":"2018-11-11T11:03:46","guid":{"rendered":"https:\/\/elcotarro.com\/?p=6092"},"modified":"2018-11-10T22:29:38","modified_gmt":"2018-11-10T22:29:38","slug":"antonio-diaz-herrera-el-milimetrico","status":"publish","type":"post","link":"https:\/\/elcotarro.com\/?p=6092","title":{"rendered":"ANTONIO D\u00cdAZ HERRERA \u201cEL MILIM\u00c9TRICO\u201d"},"content":{"rendered":"<p>Dos \u201cpasos\u201d movieron a nuestra Morenita. Uno de ellos, la \u201curna de viaje\u201d, enganchada un a\u00f1o m\u00e1s al veh\u00edculo cedido por Gr\u00faas Cuchi, conducido por <b>Trino<\/b> y su hijo <b>V\u00edctor<\/b>. El otro, las andas de plata del Siglo XVIII de la Inmaculada, cedidas por la Parroquia de la Concepci\u00f3n de La Laguna, que se movi\u00f3 bajo las directrices del gran sacrist\u00e1n, <b>Antonio D\u00edaz Herrera<\/b>. El trono tuvo que pasar m\u00e1s de una vez por espacios en los que solo hab\u00eda dos dedos de margen por los lados. Tanto que a <b>Antonio<\/b> ya lo llaman <i>\u201cEl Milim\u00e9trico\u201d.<\/i> Y\u2008por mil\u00edmetros de inclinaci\u00f3n, el trono estuvo a punto de hacer <i>\u201cel caballito\u201d <\/i>cuando lleg\u00f3 al escenario previsto en La Alameda para dar la bienvenida de la Virgen a Santa Cruz. La inclinaci\u00f3n de la rampa del escenario (usada d\u00edas anteriores para la fiesta de Los 4o), era demasiado para la Virgen. <b>Jes\u00fas Ag\u00fc\u00edn<\/b> y <b>Antonio Herrera<\/b> estuvieron unos minutos con el coraz\u00f3n encogido.<\/p>\n<p style=\"text-align: center\"><a href=\"https:\/\/elcotarro.com\/wp-content\/uploads\/2018\/11\/FOTO-3.-ANTONIO-D\u00cdAZ.jpeg\"><img loading=\"lazy\" decoding=\"async\" class=\"alignnone size-full wp-image-6093\" src=\"https:\/\/elcotarro.com\/wp-content\/uploads\/2018\/11\/FOTO-3.-ANTONIO-D\u00cdAZ.jpeg\" alt=\"FOTO 3.- ANTONIO D\u00cdAZ\" width=\"768\" height=\"1024\" srcset=\"https:\/\/elcotarro.com\/wp-content\/uploads\/2018\/11\/FOTO-3.-ANTONIO-D\u00cdAZ.jpeg 768w, https:\/\/elcotarro.com\/wp-content\/uploads\/2018\/11\/FOTO-3.-ANTONIO-D\u00cdAZ-225x300.jpeg 225w\" sizes=\"auto, (max-width: 768px) 100vw, 768px\" \/><\/a><\/p>\n<p style=\"text-align: center\"><em>El gran Antonio D\u00edaz Herrera \u201cEl Milim\u00e9trico, experto \u201cconductor\u201d del trono de la Virgen.<\/em><\/p>\n","protected":false},"excerpt":{"rendered":"<p>Dos \u201cpasos\u201d movieron a nuestra Morenita. Uno de ellos, la \u201curna de viaje\u201d, enganchada un a\u00f1o m\u00e1s al veh\u00edculo cedido por Gr\u00faas Cuchi, conducido por Trino y su hijo V\u00edctor. El otro, las andas de plata del Siglo XVIII de la Inmaculada, cedidas por la Parroquia de la Concepci\u00f3n de La Laguna, que se movi\u00f3 &#8230; <a class=\"read-more\" href=\"https:\/\/elcotarro.com\/?p=6092\">Read more<\/a><\/p>\n","protected":false},"author":2,"featured_media":0,"comment_status":"open","ping_status":"open","sticky":false,"template":"","format":"standard","meta":{"_jetpack_memberships_contains_paid_content":false,"footnotes":""},"categories":[1],"tags":[],"class_list":["post-6092","post","type-post","status-publish","format-standard","hentry","category-sin-categoria"],"yoast_head":"<!-- This site is optimized with the Yoast SEO plugin v27.0 - https:\/\/yoast.com\/product\/yoast-seo-wordpress\/ -->\n<title>ANTONIO D\u00cdAZ HERRERA \u201cEL MILIM\u00c9TRICO\u201d - El Cotarro<\/title>\n<meta name=\"robots\" content=\"index, follow, max-snippet:-1, max-image-preview:large, max-video-preview:-1\" \/>\n<link rel=\"canonical\" href=\"https:\/\/elcotarro.com\/?p=6092\" \/>\n<meta property=\"og:locale\" content=\"es_ES\" \/>\n<meta property=\"og:type\" content=\"article\" \/>\n<meta property=\"og:title\" content=\"ANTONIO D\u00cdAZ HERRERA \u201cEL MILIM\u00c9TRICO\u201d - El Cotarro\" \/>\n<meta property=\"og:description\" content=\"Dos \u201cpasos\u201d movieron a nuestra Morenita. Uno de ellos, la \u201curna de viaje\u201d, enganchada un a\u00f1o m\u00e1s al veh\u00edculo cedido por Gr\u00faas Cuchi, conducido por Trino y su hijo V\u00edctor. El otro, las andas de plata del Siglo XVIII de la Inmaculada, cedidas por la Parroquia de la Concepci\u00f3n de La Laguna, que se movi\u00f3 ... Read more\" \/>\n<meta property=\"og:url\" content=\"https:\/\/elcotarro.com\/?p=6092\" \/>\n<meta property=\"og:site_name\" content=\"El Cotarro\" \/>\n<meta property=\"article:publisher\" content=\"https:\/\/www.facebook.com\/ElCotarro.Tenerife\" \/>\n<meta property=\"article:published_time\" content=\"2018-11-11T11:03:46+00:00\" \/>\n<meta name=\"author\" content=\"Jos\u00e9 Carlos Marrero Gonz\u00e1lez\" \/>\n<meta name=\"twitter:label1\" content=\"Escrito por\" \/>\n\t<meta name=\"twitter:data1\" content=\"Jos\u00e9 Carlos Marrero Gonz\u00e1lez\" \/>\n\t<meta name=\"twitter:label2\" content=\"Tiempo de lectura\" \/>\n\t<meta name=\"twitter:data2\" content=\"1 minuto\" \/>\n<script type=\"application\/ld+json\" class=\"yoast-schema-graph\">{\"@context\":\"https:\/\/schema.org\",\"@graph\":[{\"@type\":\"Article\",\"@id\":\"https:\/\/elcotarro.com\/?p=6092#article\",\"isPartOf\":{\"@id\":\"https:\/\/elcotarro.com\/?p=6092\"},\"author\":{\"name\":\"Jos\u00e9 Carlos Marrero Gonz\u00e1lez\",\"@id\":\"https:\/\/elcotarro.com\/#\/schema\/person\/af537ee7d60d15984c7e0affcd8a918b\"},\"headline\":\"ANTONIO D\u00cdAZ HERRERA \u201cEL MILIM\u00c9TRICO\u201d\",\"datePublished\":\"2018-11-11T11:03:46+00:00\",\"mainEntityOfPage\":{\"@id\":\"https:\/\/elcotarro.com\/?p=6092\"},\"wordCount\":202,\"commentCount\":0,\"publisher\":{\"@id\":\"https:\/\/elcotarro.com\/#organization\"},\"inLanguage\":\"es\",\"potentialAction\":[{\"@type\":\"CommentAction\",\"name\":\"Comment\",\"target\":[\"https:\/\/elcotarro.com\/?p=6092#respond\"]}]},{\"@type\":\"WebPage\",\"@id\":\"https:\/\/elcotarro.com\/?p=6092\",\"url\":\"https:\/\/elcotarro.com\/?p=6092\",\"name\":\"ANTONIO D\u00cdAZ HERRERA \u201cEL MILIM\u00c9TRICO\u201d - El Cotarro\",\"isPartOf\":{\"@id\":\"https:\/\/elcotarro.com\/#website\"},\"datePublished\":\"2018-11-11T11:03:46+00:00\",\"breadcrumb\":{\"@id\":\"https:\/\/elcotarro.com\/?p=6092#breadcrumb\"},\"inLanguage\":\"es\",\"potentialAction\":[{\"@type\":\"ReadAction\",\"target\":[\"https:\/\/elcotarro.com\/?p=6092\"]}]},{\"@type\":\"BreadcrumbList\",\"@id\":\"https:\/\/elcotarro.com\/?p=6092#breadcrumb\",\"itemListElement\":[{\"@type\":\"ListItem\",\"position\":1,\"name\":\"Portada\",\"item\":\"https:\/\/elcotarro.com\/\"},{\"@type\":\"ListItem\",\"position\":2,\"name\":\"ANTONIO D\u00cdAZ HERRERA \u201cEL MILIM\u00c9TRICO\u201d\"}]},{\"@type\":\"WebSite\",\"@id\":\"https:\/\/elcotarro.com\/#website\",\"url\":\"https:\/\/elcotarro.com\/\",\"name\":\"El Cotarro\",\"description\":\"Peri\u00f3dico Digital Independiente dirigido por Jos\u00e9 Carlos Marrero\",\"publisher\":{\"@id\":\"https:\/\/elcotarro.com\/#organization\"},\"potentialAction\":[{\"@type\":\"SearchAction\",\"target\":{\"@type\":\"EntryPoint\",\"urlTemplate\":\"https:\/\/elcotarro.com\/?s={search_term_string}\"},\"query-input\":{\"@type\":\"PropertyValueSpecification\",\"valueRequired\":true,\"valueName\":\"search_term_string\"}}],\"inLanguage\":\"es\"},{\"@type\":\"Organization\",\"@id\":\"https:\/\/elcotarro.com\/#organization\",\"name\":\"El Cotarro\",\"url\":\"https:\/\/elcotarro.com\/\",\"logo\":{\"@type\":\"ImageObject\",\"inLanguage\":\"es\",\"@id\":\"https:\/\/elcotarro.com\/#\/schema\/logo\/image\/\",\"url\":\"https:\/\/elcotarro.com\/wp-content\/uploads\/2014\/09\/Cabecera_El_Cotarro_v2.jpg\",\"contentUrl\":\"https:\/\/elcotarro.com\/wp-content\/uploads\/2014\/09\/Cabecera_El_Cotarro_v2.jpg\",\"width\":3540,\"height\":441,\"caption\":\"El Cotarro\"},\"image\":{\"@id\":\"https:\/\/elcotarro.com\/#\/schema\/logo\/image\/\"},\"sameAs\":[\"https:\/\/www.facebook.com\/ElCotarro.Tenerife\"]},{\"@type\":\"Person\",\"@id\":\"https:\/\/elcotarro.com\/#\/schema\/person\/af537ee7d60d15984c7e0affcd8a918b\",\"name\":\"Jos\u00e9 Carlos Marrero Gonz\u00e1lez\",\"image\":{\"@type\":\"ImageObject\",\"inLanguage\":\"es\",\"@id\":\"https:\/\/elcotarro.com\/#\/schema\/person\/image\/\",\"url\":\"https:\/\/secure.gravatar.com\/avatar\/def4da036efb5d32c74d49c351f6dccc064dd69ad9f3aadc295c5a9a5391ca01?s=96&d=mm&r=g\",\"contentUrl\":\"https:\/\/secure.gravatar.com\/avatar\/def4da036efb5d32c74d49c351f6dccc064dd69ad9f3aadc295c5a9a5391ca01?s=96&d=mm&r=g\",\"caption\":\"Jos\u00e9 Carlos Marrero Gonz\u00e1lez\"},\"sameAs\":[\"https:\/\/elcotarro.com\"],\"url\":\"https:\/\/elcotarro.com\/?author=2\"}]}<\/script>\n<!-- \/ Yoast SEO plugin. -->","yoast_head_json":{"title":"ANTONIO D\u00cdAZ HERRERA \u201cEL MILIM\u00c9TRICO\u201d - El Cotarro","robots":{"index":"index","follow":"follow","max-snippet":"max-snippet:-1","max-image-preview":"max-image-preview:large","max-video-preview":"max-video-preview:-1"},"canonical":"https:\/\/elcotarro.com\/?p=6092","og_locale":"es_ES","og_type":"article","og_title":"ANTONIO D\u00cdAZ HERRERA \u201cEL MILIM\u00c9TRICO\u201d - El Cotarro","og_description":"Dos \u201cpasos\u201d movieron a nuestra Morenita. Uno de ellos, la \u201curna de viaje\u201d, enganchada un a\u00f1o m\u00e1s al veh\u00edculo cedido por Gr\u00faas Cuchi, conducido por Trino y su hijo V\u00edctor. El otro, las andas de plata del Siglo XVIII de la Inmaculada, cedidas por la Parroquia de la Concepci\u00f3n de La Laguna, que se movi\u00f3 ... Read more","og_url":"https:\/\/elcotarro.com\/?p=6092","og_site_name":"El Cotarro","article_publisher":"https:\/\/www.facebook.com\/ElCotarro.Tenerife","article_published_time":"2018-11-11T11:03:46+00:00","author":"Jos\u00e9 Carlos Marrero Gonz\u00e1lez","twitter_misc":{"Escrito por":"Jos\u00e9 Carlos Marrero Gonz\u00e1lez","Tiempo de lectura":"1 minuto"},"schema":{"@context":"https:\/\/schema.org","@graph":[{"@type":"Article","@id":"https:\/\/elcotarro.com\/?p=6092#article","isPartOf":{"@id":"https:\/\/elcotarro.com\/?p=6092"},"author":{"name":"Jos\u00e9 Carlos Marrero Gonz\u00e1lez","@id":"https:\/\/elcotarro.com\/#\/schema\/person\/af537ee7d60d15984c7e0affcd8a918b"},"headline":"ANTONIO D\u00cdAZ HERRERA \u201cEL MILIM\u00c9TRICO\u201d","datePublished":"2018-11-11T11:03:46+00:00","mainEntityOfPage":{"@id":"https:\/\/elcotarro.com\/?p=6092"},"wordCount":202,"commentCount":0,"publisher":{"@id":"https:\/\/elcotarro.com\/#organization"},"inLanguage":"es","potentialAction":[{"@type":"CommentAction","name":"Comment","target":["https:\/\/elcotarro.com\/?p=6092#respond"]}]},{"@type":"WebPage","@id":"https:\/\/elcotarro.com\/?p=6092","url":"https:\/\/elcotarro.com\/?p=6092","name":"ANTONIO D\u00cdAZ HERRERA \u201cEL MILIM\u00c9TRICO\u201d - El Cotarro","isPartOf":{"@id":"https:\/\/elcotarro.com\/#website"},"datePublished":"2018-11-11T11:03:46+00:00","breadcrumb":{"@id":"https:\/\/elcotarro.com\/?p=6092#breadcrumb"},"inLanguage":"es","potentialAction":[{"@type":"ReadAction","target":["https:\/\/elcotarro.com\/?p=6092"]}]},{"@type":"BreadcrumbList","@id":"https:\/\/elcotarro.com\/?p=6092#breadcrumb","itemListElement":[{"@type":"ListItem","position":1,"name":"Portada","item":"https:\/\/elcotarro.com\/"},{"@type":"ListItem","position":2,"name":"ANTONIO D\u00cdAZ HERRERA \u201cEL MILIM\u00c9TRICO\u201d"}]},{"@type":"WebSite","@id":"https:\/\/elcotarro.com\/#website","url":"https:\/\/elcotarro.com\/","name":"El Cotarro","description":"Peri\u00f3dico Digital Independiente dirigido por Jos\u00e9 Carlos Marrero","publisher":{"@id":"https:\/\/elcotarro.com\/#organization"},"potentialAction":[{"@type":"SearchAction","target":{"@type":"EntryPoint","urlTemplate":"https:\/\/elcotarro.com\/?s={search_term_string}"},"query-input":{"@type":"PropertyValueSpecification","valueRequired":true,"valueName":"search_term_string"}}],"inLanguage":"es"},{"@type":"Organization","@id":"https:\/\/elcotarro.com\/#organization","name":"El Cotarro","url":"https:\/\/elcotarro.com\/","logo":{"@type":"ImageObject","inLanguage":"es","@id":"https:\/\/elcotarro.com\/#\/schema\/logo\/image\/","url":"https:\/\/elcotarro.com\/wp-content\/uploads\/2014\/09\/Cabecera_El_Cotarro_v2.jpg","contentUrl":"https:\/\/elcotarro.com\/wp-content\/uploads\/2014\/09\/Cabecera_El_Cotarro_v2.jpg","width":3540,"height":441,"caption":"El Cotarro"},"image":{"@id":"https:\/\/elcotarro.com\/#\/schema\/logo\/image\/"},"sameAs":["https:\/\/www.facebook.com\/ElCotarro.Tenerife"]},{"@type":"Person","@id":"https:\/\/elcotarro.com\/#\/schema\/person\/af537ee7d60d15984c7e0affcd8a918b","name":"Jos\u00e9 Carlos Marrero Gonz\u00e1lez","image":{"@type":"ImageObject","inLanguage":"es","@id":"https:\/\/elcotarro.com\/#\/schema\/person\/image\/","url":"https:\/\/secure.gravatar.com\/avatar\/def4da036efb5d32c74d49c351f6dccc064dd69ad9f3aadc295c5a9a5391ca01?s=96&d=mm&r=g","contentUrl":"https:\/\/secure.gravatar.com\/avatar\/def4da036efb5d32c74d49c351f6dccc064dd69ad9f3aadc295c5a9a5391ca01?s=96&d=mm&r=g","caption":"Jos\u00e9 Carlos Marrero Gonz\u00e1lez"},"sameAs":["https:\/\/elcotarro.com"],"url":"https:\/\/elcotarro.com\/?author=2"}]}},"jetpack_featured_media_url":"","jetpack_sharing_enabled":true,"_links":{"self":[{"href":"https:\/\/elcotarro.com\/index.php?rest_route=\/wp\/v2\/posts\/6092","targetHints":{"allow":["GET"]}}],"collection":[{"href":"https:\/\/elcotarro.com\/index.php?rest_route=\/wp\/v2\/posts"}],"about":[{"href":"https:\/\/elcotarro.com\/index.php?rest_route=\/wp\/v2\/types\/post"}],"author":[{"embeddable":true,"href":"https:\/\/elcotarro.com\/index.php?rest_route=\/wp\/v2\/users\/2"}],"replies":[{"embeddable":true,"href":"https:\/\/elcotarro.com\/index.php?rest_route=%2Fwp%2Fv2%2Fcomments&post=6092"}],"version-history":[{"count":1,"href":"https:\/\/elcotarro.com\/index.php?rest_route=\/wp\/v2\/posts\/6092\/revisions"}],"predecessor-version":[{"id":6094,"href":"https:\/\/elcotarro.com\/index.php?rest_route=\/wp\/v2\/posts\/6092\/revisions\/6094"}],"wp:attachment":[{"href":"https:\/\/elcotarro.com\/index.php?rest_route=%2Fwp%2Fv2%2Fmedia&parent=6092"}],"wp:term":[{"taxonomy":"category","embeddable":true,"href":"https:\/\/elcotarro.com\/index.php?rest_route=%2Fwp%2Fv2%2Fcategories&post=6092"},{"taxonomy":"post_tag","embeddable":true,"href":"https:\/\/elcotarro.com\/index.php?rest_route=%2Fwp%2Fv2%2Ftags&post=6092"}],"curies":[{"name":"wp","href":"https:\/\/api.w.org\/{rel}","templated":true}]}}