{"id":6126,"date":"2018-11-18T11:01:25","date_gmt":"2018-11-18T11:01:25","guid":{"rendered":"https:\/\/elcotarro.com\/?p=6126"},"modified":"2018-11-18T10:19:53","modified_gmt":"2018-11-18T10:19:53","slug":"ni-facilitador-ni-representante-ni","status":"publish","type":"post","link":"https:\/\/elcotarro.com\/?p=6126","title":{"rendered":"NI FACILITADOR, NI REPRESENTANTE, NI&#8230;"},"content":{"rendered":"<p>Con documentos, creo que <strong>Iv\u00e1n Gonz\u00e1lez\u00a0<\/strong>acredita la falsedad de las acusaciones.\u2008Que no es facilitador de retraso de una moci\u00f3n, porque quien \u00fanico puede posponer el debate de una de ellas es el alcalde o el propio proponente. Que no le pagaron el viajito porque ha presentado la factura de viajes El Corte Ingl\u00e9s y el cargo en su cuenta. Que no fue como autoridad porque, por no llevar, no lleva ni el escudo del ayuntamiento, sino la medalla de la Esclavitud. Que no viaj\u00f3 como representante, porque el alcalde no firm\u00f3 ning\u00fan decreto en tal sentido. Y a lo de <em>\u201cun aviso por lo que est\u00e1 por venir\u201d<\/em>y, sobre todo, lo de <em>\u201cun premio por los servicios prestados\u201d<\/em>&#8230; sin comentario (por el momento). Como al parecer en la demanda hay que reclamar alguna cantidad de dinero, <strong>Iv\u00e1n Gonz\u00e1lez\u00a0<\/strong>ha dicho que va a pedirle a <strong>Rubens\u00a0<\/strong>un euro&#8230; Aunque yo le pedir\u00eda 100.000, todos para las obras sociales de la Esclavitud (o para el velatorio)<\/p>\n<p style=\"text-align: center\"><a href=\"https:\/\/elcotarro.com\/wp-content\/uploads\/2018\/11\/FOTO-5.-VATICANO.jpg\"><img loading=\"lazy\" decoding=\"async\" class=\"alignnone size-full wp-image-6127\" src=\"https:\/\/elcotarro.com\/wp-content\/uploads\/2018\/11\/FOTO-5.-VATICANO.jpg\" alt=\"FOTO 5.- VATICANO\" width=\"2268\" height=\"1512\" srcset=\"https:\/\/elcotarro.com\/wp-content\/uploads\/2018\/11\/FOTO-5.-VATICANO.jpg 2268w, https:\/\/elcotarro.com\/wp-content\/uploads\/2018\/11\/FOTO-5.-VATICANO-300x200.jpg 300w, https:\/\/elcotarro.com\/wp-content\/uploads\/2018\/11\/FOTO-5.-VATICANO-1024x683.jpg 1024w\" sizes=\"auto, (max-width: 2268px) 100vw, 2268px\" \/><\/a><\/p>\n<p style=\"text-align: center\"><em>Iv\u00e1n Gonz\u00e1lez entrega a Papa Francisco un libro con la historia de la Virgen de Candelaria, Patrona de Canarias.<\/em><\/p>\n","protected":false},"excerpt":{"rendered":"<p>Con documentos, creo que Iv\u00e1n Gonz\u00e1lez\u00a0acredita la falsedad de las acusaciones.\u2008Que no es facilitador de retraso de una moci\u00f3n, porque quien \u00fanico puede posponer el debate de una de ellas es el alcalde o el propio proponente. Que no le pagaron el viajito porque ha presentado la factura de viajes El Corte Ingl\u00e9s y el &#8230; <a class=\"read-more\" href=\"https:\/\/elcotarro.com\/?p=6126\">Read more<\/a><\/p>\n","protected":false},"author":2,"featured_media":0,"comment_status":"open","ping_status":"open","sticky":false,"template":"","format":"standard","meta":{"_jetpack_memberships_contains_paid_content":false,"footnotes":""},"categories":[1],"tags":[],"class_list":["post-6126","post","type-post","status-publish","format-standard","hentry","category-sin-categoria"],"yoast_head":"<!-- This site is optimized with the Yoast SEO plugin v27.0 - https:\/\/yoast.com\/product\/yoast-seo-wordpress\/ -->\n<title>NI FACILITADOR, NI REPRESENTANTE, NI... - El Cotarro<\/title>\n<meta name=\"robots\" content=\"index, follow, max-snippet:-1, max-image-preview:large, max-video-preview:-1\" \/>\n<link rel=\"canonical\" href=\"https:\/\/elcotarro.com\/?p=6126\" \/>\n<meta property=\"og:locale\" content=\"es_ES\" \/>\n<meta property=\"og:type\" content=\"article\" \/>\n<meta property=\"og:title\" content=\"NI FACILITADOR, NI REPRESENTANTE, NI... - El Cotarro\" \/>\n<meta property=\"og:description\" content=\"Con documentos, creo que Iv\u00e1n Gonz\u00e1lez\u00a0acredita la falsedad de las acusaciones.\u2008Que no es facilitador de retraso de una moci\u00f3n, porque quien \u00fanico puede posponer el debate de una de ellas es el alcalde o el propio proponente. Que no le pagaron el viajito porque ha presentado la factura de viajes El Corte Ingl\u00e9s y el ... Read more\" \/>\n<meta property=\"og:url\" content=\"https:\/\/elcotarro.com\/?p=6126\" \/>\n<meta property=\"og:site_name\" content=\"El Cotarro\" \/>\n<meta property=\"article:publisher\" content=\"https:\/\/www.facebook.com\/ElCotarro.Tenerife\" \/>\n<meta property=\"article:published_time\" content=\"2018-11-18T11:01:25+00:00\" \/>\n<meta property=\"og:image\" content=\"https:\/\/elcotarro.com\/wp-content\/uploads\/2018\/11\/FOTO-5.-VATICANO.jpg\" \/>\n<meta name=\"author\" content=\"Jos\u00e9 Carlos Marrero Gonz\u00e1lez\" \/>\n<meta name=\"twitter:label1\" content=\"Escrito por\" \/>\n\t<meta name=\"twitter:data1\" content=\"Jos\u00e9 Carlos Marrero Gonz\u00e1lez\" \/>\n\t<meta name=\"twitter:label2\" content=\"Tiempo de lectura\" \/>\n\t<meta name=\"twitter:data2\" content=\"1 minuto\" \/>\n<script type=\"application\/ld+json\" class=\"yoast-schema-graph\">{\"@context\":\"https:\/\/schema.org\",\"@graph\":[{\"@type\":\"Article\",\"@id\":\"https:\/\/elcotarro.com\/?p=6126#article\",\"isPartOf\":{\"@id\":\"https:\/\/elcotarro.com\/?p=6126\"},\"author\":{\"name\":\"Jos\u00e9 Carlos Marrero Gonz\u00e1lez\",\"@id\":\"https:\/\/elcotarro.com\/#\/schema\/person\/af537ee7d60d15984c7e0affcd8a918b\"},\"headline\":\"NI FACILITADOR, NI REPRESENTANTE, NI&#8230;\",\"datePublished\":\"2018-11-18T11:01:25+00:00\",\"mainEntityOfPage\":{\"@id\":\"https:\/\/elcotarro.com\/?p=6126\"},\"wordCount\":201,\"commentCount\":0,\"publisher\":{\"@id\":\"https:\/\/elcotarro.com\/#organization\"},\"image\":{\"@id\":\"https:\/\/elcotarro.com\/?p=6126#primaryimage\"},\"thumbnailUrl\":\"https:\/\/elcotarro.com\/wp-content\/uploads\/2018\/11\/FOTO-5.-VATICANO.jpg\",\"inLanguage\":\"es\",\"potentialAction\":[{\"@type\":\"CommentAction\",\"name\":\"Comment\",\"target\":[\"https:\/\/elcotarro.com\/?p=6126#respond\"]}]},{\"@type\":\"WebPage\",\"@id\":\"https:\/\/elcotarro.com\/?p=6126\",\"url\":\"https:\/\/elcotarro.com\/?p=6126\",\"name\":\"NI FACILITADOR, NI REPRESENTANTE, NI... - El Cotarro\",\"isPartOf\":{\"@id\":\"https:\/\/elcotarro.com\/#website\"},\"primaryImageOfPage\":{\"@id\":\"https:\/\/elcotarro.com\/?p=6126#primaryimage\"},\"image\":{\"@id\":\"https:\/\/elcotarro.com\/?p=6126#primaryimage\"},\"thumbnailUrl\":\"https:\/\/elcotarro.com\/wp-content\/uploads\/2018\/11\/FOTO-5.-VATICANO.jpg\",\"datePublished\":\"2018-11-18T11:01:25+00:00\",\"breadcrumb\":{\"@id\":\"https:\/\/elcotarro.com\/?p=6126#breadcrumb\"},\"inLanguage\":\"es\",\"potentialAction\":[{\"@type\":\"ReadAction\",\"target\":[\"https:\/\/elcotarro.com\/?p=6126\"]}]},{\"@type\":\"ImageObject\",\"inLanguage\":\"es\",\"@id\":\"https:\/\/elcotarro.com\/?p=6126#primaryimage\",\"url\":\"https:\/\/elcotarro.com\/wp-content\/uploads\/2018\/11\/FOTO-5.-VATICANO.jpg\",\"contentUrl\":\"https:\/\/elcotarro.com\/wp-content\/uploads\/2018\/11\/FOTO-5.-VATICANO.jpg\",\"width\":2268,\"height\":1512},{\"@type\":\"BreadcrumbList\",\"@id\":\"https:\/\/elcotarro.com\/?p=6126#breadcrumb\",\"itemListElement\":[{\"@type\":\"ListItem\",\"position\":1,\"name\":\"Portada\",\"item\":\"https:\/\/elcotarro.com\/\"},{\"@type\":\"ListItem\",\"position\":2,\"name\":\"NI FACILITADOR, NI REPRESENTANTE, NI&#8230;\"}]},{\"@type\":\"WebSite\",\"@id\":\"https:\/\/elcotarro.com\/#website\",\"url\":\"https:\/\/elcotarro.com\/\",\"name\":\"El Cotarro\",\"description\":\"Peri\u00f3dico Digital Independiente dirigido por Jos\u00e9 Carlos Marrero\",\"publisher\":{\"@id\":\"https:\/\/elcotarro.com\/#organization\"},\"potentialAction\":[{\"@type\":\"SearchAction\",\"target\":{\"@type\":\"EntryPoint\",\"urlTemplate\":\"https:\/\/elcotarro.com\/?s={search_term_string}\"},\"query-input\":{\"@type\":\"PropertyValueSpecification\",\"valueRequired\":true,\"valueName\":\"search_term_string\"}}],\"inLanguage\":\"es\"},{\"@type\":\"Organization\",\"@id\":\"https:\/\/elcotarro.com\/#organization\",\"name\":\"El Cotarro\",\"url\":\"https:\/\/elcotarro.com\/\",\"logo\":{\"@type\":\"ImageObject\",\"inLanguage\":\"es\",\"@id\":\"https:\/\/elcotarro.com\/#\/schema\/logo\/image\/\",\"url\":\"https:\/\/elcotarro.com\/wp-content\/uploads\/2014\/09\/Cabecera_El_Cotarro_v2.jpg\",\"contentUrl\":\"https:\/\/elcotarro.com\/wp-content\/uploads\/2014\/09\/Cabecera_El_Cotarro_v2.jpg\",\"width\":3540,\"height\":441,\"caption\":\"El Cotarro\"},\"image\":{\"@id\":\"https:\/\/elcotarro.com\/#\/schema\/logo\/image\/\"},\"sameAs\":[\"https:\/\/www.facebook.com\/ElCotarro.Tenerife\"]},{\"@type\":\"Person\",\"@id\":\"https:\/\/elcotarro.com\/#\/schema\/person\/af537ee7d60d15984c7e0affcd8a918b\",\"name\":\"Jos\u00e9 Carlos Marrero Gonz\u00e1lez\",\"image\":{\"@type\":\"ImageObject\",\"inLanguage\":\"es\",\"@id\":\"https:\/\/elcotarro.com\/#\/schema\/person\/image\/\",\"url\":\"https:\/\/secure.gravatar.com\/avatar\/def4da036efb5d32c74d49c351f6dccc064dd69ad9f3aadc295c5a9a5391ca01?s=96&d=mm&r=g\",\"contentUrl\":\"https:\/\/secure.gravatar.com\/avatar\/def4da036efb5d32c74d49c351f6dccc064dd69ad9f3aadc295c5a9a5391ca01?s=96&d=mm&r=g\",\"caption\":\"Jos\u00e9 Carlos Marrero Gonz\u00e1lez\"},\"sameAs\":[\"https:\/\/elcotarro.com\"],\"url\":\"https:\/\/elcotarro.com\/?author=2\"}]}<\/script>\n<!-- \/ Yoast SEO plugin. -->","yoast_head_json":{"title":"NI FACILITADOR, NI REPRESENTANTE, NI... - El Cotarro","robots":{"index":"index","follow":"follow","max-snippet":"max-snippet:-1","max-image-preview":"max-image-preview:large","max-video-preview":"max-video-preview:-1"},"canonical":"https:\/\/elcotarro.com\/?p=6126","og_locale":"es_ES","og_type":"article","og_title":"NI FACILITADOR, NI REPRESENTANTE, NI... - El Cotarro","og_description":"Con documentos, creo que Iv\u00e1n Gonz\u00e1lez\u00a0acredita la falsedad de las acusaciones.\u2008Que no es facilitador de retraso de una moci\u00f3n, porque quien \u00fanico puede posponer el debate de una de ellas es el alcalde o el propio proponente. Que no le pagaron el viajito porque ha presentado la factura de viajes El Corte Ingl\u00e9s y el ... Read more","og_url":"https:\/\/elcotarro.com\/?p=6126","og_site_name":"El Cotarro","article_publisher":"https:\/\/www.facebook.com\/ElCotarro.Tenerife","article_published_time":"2018-11-18T11:01:25+00:00","og_image":[{"url":"https:\/\/elcotarro.com\/wp-content\/uploads\/2018\/11\/FOTO-5.-VATICANO.jpg","type":"","width":"","height":""}],"author":"Jos\u00e9 Carlos Marrero Gonz\u00e1lez","twitter_misc":{"Escrito por":"Jos\u00e9 Carlos Marrero Gonz\u00e1lez","Tiempo de lectura":"1 minuto"},"schema":{"@context":"https:\/\/schema.org","@graph":[{"@type":"Article","@id":"https:\/\/elcotarro.com\/?p=6126#article","isPartOf":{"@id":"https:\/\/elcotarro.com\/?p=6126"},"author":{"name":"Jos\u00e9 Carlos Marrero Gonz\u00e1lez","@id":"https:\/\/elcotarro.com\/#\/schema\/person\/af537ee7d60d15984c7e0affcd8a918b"},"headline":"NI FACILITADOR, NI REPRESENTANTE, NI&#8230;","datePublished":"2018-11-18T11:01:25+00:00","mainEntityOfPage":{"@id":"https:\/\/elcotarro.com\/?p=6126"},"wordCount":201,"commentCount":0,"publisher":{"@id":"https:\/\/elcotarro.com\/#organization"},"image":{"@id":"https:\/\/elcotarro.com\/?p=6126#primaryimage"},"thumbnailUrl":"https:\/\/elcotarro.com\/wp-content\/uploads\/2018\/11\/FOTO-5.-VATICANO.jpg","inLanguage":"es","potentialAction":[{"@type":"CommentAction","name":"Comment","target":["https:\/\/elcotarro.com\/?p=6126#respond"]}]},{"@type":"WebPage","@id":"https:\/\/elcotarro.com\/?p=6126","url":"https:\/\/elcotarro.com\/?p=6126","name":"NI FACILITADOR, NI REPRESENTANTE, NI... - El Cotarro","isPartOf":{"@id":"https:\/\/elcotarro.com\/#website"},"primaryImageOfPage":{"@id":"https:\/\/elcotarro.com\/?p=6126#primaryimage"},"image":{"@id":"https:\/\/elcotarro.com\/?p=6126#primaryimage"},"thumbnailUrl":"https:\/\/elcotarro.com\/wp-content\/uploads\/2018\/11\/FOTO-5.-VATICANO.jpg","datePublished":"2018-11-18T11:01:25+00:00","breadcrumb":{"@id":"https:\/\/elcotarro.com\/?p=6126#breadcrumb"},"inLanguage":"es","potentialAction":[{"@type":"ReadAction","target":["https:\/\/elcotarro.com\/?p=6126"]}]},{"@type":"ImageObject","inLanguage":"es","@id":"https:\/\/elcotarro.com\/?p=6126#primaryimage","url":"https:\/\/elcotarro.com\/wp-content\/uploads\/2018\/11\/FOTO-5.-VATICANO.jpg","contentUrl":"https:\/\/elcotarro.com\/wp-content\/uploads\/2018\/11\/FOTO-5.-VATICANO.jpg","width":2268,"height":1512},{"@type":"BreadcrumbList","@id":"https:\/\/elcotarro.com\/?p=6126#breadcrumb","itemListElement":[{"@type":"ListItem","position":1,"name":"Portada","item":"https:\/\/elcotarro.com\/"},{"@type":"ListItem","position":2,"name":"NI FACILITADOR, NI REPRESENTANTE, NI&#8230;"}]},{"@type":"WebSite","@id":"https:\/\/elcotarro.com\/#website","url":"https:\/\/elcotarro.com\/","name":"El Cotarro","description":"Peri\u00f3dico Digital Independiente dirigido por Jos\u00e9 Carlos Marrero","publisher":{"@id":"https:\/\/elcotarro.com\/#organization"},"potentialAction":[{"@type":"SearchAction","target":{"@type":"EntryPoint","urlTemplate":"https:\/\/elcotarro.com\/?s={search_term_string}"},"query-input":{"@type":"PropertyValueSpecification","valueRequired":true,"valueName":"search_term_string"}}],"inLanguage":"es"},{"@type":"Organization","@id":"https:\/\/elcotarro.com\/#organization","name":"El Cotarro","url":"https:\/\/elcotarro.com\/","logo":{"@type":"ImageObject","inLanguage":"es","@id":"https:\/\/elcotarro.com\/#\/schema\/logo\/image\/","url":"https:\/\/elcotarro.com\/wp-content\/uploads\/2014\/09\/Cabecera_El_Cotarro_v2.jpg","contentUrl":"https:\/\/elcotarro.com\/wp-content\/uploads\/2014\/09\/Cabecera_El_Cotarro_v2.jpg","width":3540,"height":441,"caption":"El Cotarro"},"image":{"@id":"https:\/\/elcotarro.com\/#\/schema\/logo\/image\/"},"sameAs":["https:\/\/www.facebook.com\/ElCotarro.Tenerife"]},{"@type":"Person","@id":"https:\/\/elcotarro.com\/#\/schema\/person\/af537ee7d60d15984c7e0affcd8a918b","name":"Jos\u00e9 Carlos Marrero Gonz\u00e1lez","image":{"@type":"ImageObject","inLanguage":"es","@id":"https:\/\/elcotarro.com\/#\/schema\/person\/image\/","url":"https:\/\/secure.gravatar.com\/avatar\/def4da036efb5d32c74d49c351f6dccc064dd69ad9f3aadc295c5a9a5391ca01?s=96&d=mm&r=g","contentUrl":"https:\/\/secure.gravatar.com\/avatar\/def4da036efb5d32c74d49c351f6dccc064dd69ad9f3aadc295c5a9a5391ca01?s=96&d=mm&r=g","caption":"Jos\u00e9 Carlos Marrero Gonz\u00e1lez"},"sameAs":["https:\/\/elcotarro.com"],"url":"https:\/\/elcotarro.com\/?author=2"}]}},"jetpack_featured_media_url":"","jetpack_sharing_enabled":true,"_links":{"self":[{"href":"https:\/\/elcotarro.com\/index.php?rest_route=\/wp\/v2\/posts\/6126","targetHints":{"allow":["GET"]}}],"collection":[{"href":"https:\/\/elcotarro.com\/index.php?rest_route=\/wp\/v2\/posts"}],"about":[{"href":"https:\/\/elcotarro.com\/index.php?rest_route=\/wp\/v2\/types\/post"}],"author":[{"embeddable":true,"href":"https:\/\/elcotarro.com\/index.php?rest_route=\/wp\/v2\/users\/2"}],"replies":[{"embeddable":true,"href":"https:\/\/elcotarro.com\/index.php?rest_route=%2Fwp%2Fv2%2Fcomments&post=6126"}],"version-history":[{"count":1,"href":"https:\/\/elcotarro.com\/index.php?rest_route=\/wp\/v2\/posts\/6126\/revisions"}],"predecessor-version":[{"id":6128,"href":"https:\/\/elcotarro.com\/index.php?rest_route=\/wp\/v2\/posts\/6126\/revisions\/6128"}],"wp:attachment":[{"href":"https:\/\/elcotarro.com\/index.php?rest_route=%2Fwp%2Fv2%2Fmedia&parent=6126"}],"wp:term":[{"taxonomy":"category","embeddable":true,"href":"https:\/\/elcotarro.com\/index.php?rest_route=%2Fwp%2Fv2%2Fcategories&post=6126"},{"taxonomy":"post_tag","embeddable":true,"href":"https:\/\/elcotarro.com\/index.php?rest_route=%2Fwp%2Fv2%2Ftags&post=6126"}],"curies":[{"name":"wp","href":"https:\/\/api.w.org\/{rel}","templated":true}]}}