{"id":6132,"date":"2018-11-18T10:59:11","date_gmt":"2018-11-18T10:59:11","guid":{"rendered":"https:\/\/elcotarro.com\/?p=6132"},"modified":"2018-11-18T10:22:05","modified_gmt":"2018-11-18T10:22:05","slug":"dos-millones-de-euros-para-el-futuro","status":"publish","type":"post","link":"https:\/\/elcotarro.com\/?p=6132","title":{"rendered":"DOS MILLONES DE EUROS PARA EL FUTURO"},"content":{"rendered":"<p>Seg\u00fan el director de la Fundaci\u00f3n, <strong>Javier Almunia<\/strong>, estar\u00e1n repartidos en varias l\u00edneas de trabajo que ir\u00e1n desde la monitorizaci\u00f3n de par\u00e1metros de la qu\u00edmica marina, hasta el estudio de las comunidades de algas, los angelotes o las tortugas marinas. Las actividades del proyecto girar\u00e1n en torno a la absorci\u00f3n de CO2 por el oc\u00e9ano, el cambio clim\u00e1tico y la acidificaci\u00f3n oce\u00e1nica; el ambiente ac\u00fastico, el ruido submarino y sus efectos en la fauna, la p\u00e9rdida de la biodiversidad marina y los efectos sobre especies y ecosistemas insulares. Adem\u00e1s, este convenio sentar\u00e1 las bases para garantizar el desarrollo futuro de estaciones de series temporales y medidas oce\u00e1nicas en la regi\u00f3n, con tecnolog\u00eda producida en Canarias. De esta manera, dijo <strong>Wolfgang Kiessling<\/strong>, Loro Parque Fundaci\u00f3n refuerza su apuesta por convertirse en un referente cient\u00edfico y tecnol\u00f3gico dentro del cambio global y la Econom\u00eda Azul.<\/p>\n<p style=\"text-align: center\"><a href=\"https:\/\/elcotarro.com\/wp-content\/uploads\/2018\/11\/FOTO-7.-PROYECTO-CANBIO.jpg\"><img loading=\"lazy\" decoding=\"async\" class=\"alignnone size-full wp-image-6133\" src=\"https:\/\/elcotarro.com\/wp-content\/uploads\/2018\/11\/FOTO-7.-PROYECTO-CANBIO.jpg\" alt=\"FOTO 7.- PROYECTO CANBIO\" width=\"3360\" height=\"2240\" srcset=\"https:\/\/elcotarro.com\/wp-content\/uploads\/2018\/11\/FOTO-7.-PROYECTO-CANBIO.jpg 3360w, https:\/\/elcotarro.com\/wp-content\/uploads\/2018\/11\/FOTO-7.-PROYECTO-CANBIO-300x200.jpg 300w, https:\/\/elcotarro.com\/wp-content\/uploads\/2018\/11\/FOTO-7.-PROYECTO-CANBIO-1024x683.jpg 1024w\" sizes=\"auto, (max-width: 3360px) 100vw, 3360px\" \/><\/a><\/p>\n<p style=\"text-align: center\"><em>Presentaci\u00f3n del proyecto \u201cCanBio\u201d con distendido di\u00e1logo entre promotores y los investigadores. En el centro el trio formado por rector de la ULPGC, Francisco Robaina (i), el consejero, Pedro Ortega (c) y el empresario Wolfgang Kiessling (d)<\/em><\/p>\n","protected":false},"excerpt":{"rendered":"<p>Seg\u00fan el director de la Fundaci\u00f3n, Javier Almunia, estar\u00e1n repartidos en varias l\u00edneas de trabajo que ir\u00e1n desde la monitorizaci\u00f3n de par\u00e1metros de la qu\u00edmica marina, hasta el estudio de las comunidades de algas, los angelotes o las tortugas marinas. Las actividades del proyecto girar\u00e1n en torno a la absorci\u00f3n de CO2 por el oc\u00e9ano, &#8230; <a class=\"read-more\" href=\"https:\/\/elcotarro.com\/?p=6132\">Read more<\/a><\/p>\n","protected":false},"author":2,"featured_media":0,"comment_status":"open","ping_status":"open","sticky":false,"template":"","format":"standard","meta":{"_jetpack_memberships_contains_paid_content":false,"footnotes":""},"categories":[1],"tags":[],"class_list":["post-6132","post","type-post","status-publish","format-standard","hentry","category-sin-categoria"],"yoast_head":"<!-- This site is optimized with the Yoast SEO plugin v27.0 - https:\/\/yoast.com\/product\/yoast-seo-wordpress\/ -->\n<title>DOS MILLONES DE EUROS PARA EL FUTURO - El Cotarro<\/title>\n<meta name=\"robots\" content=\"index, follow, max-snippet:-1, max-image-preview:large, max-video-preview:-1\" \/>\n<link rel=\"canonical\" href=\"https:\/\/elcotarro.com\/?p=6132\" \/>\n<meta property=\"og:locale\" content=\"es_ES\" \/>\n<meta property=\"og:type\" content=\"article\" \/>\n<meta property=\"og:title\" content=\"DOS MILLONES DE EUROS PARA EL FUTURO - El Cotarro\" \/>\n<meta property=\"og:description\" content=\"Seg\u00fan el director de la Fundaci\u00f3n, Javier Almunia, estar\u00e1n repartidos en varias l\u00edneas de trabajo que ir\u00e1n desde la monitorizaci\u00f3n de par\u00e1metros de la qu\u00edmica marina, hasta el estudio de las comunidades de algas, los angelotes o las tortugas marinas. Las actividades del proyecto girar\u00e1n en torno a la absorci\u00f3n de CO2 por el oc\u00e9ano, ... Read more\" \/>\n<meta property=\"og:url\" content=\"https:\/\/elcotarro.com\/?p=6132\" \/>\n<meta property=\"og:site_name\" content=\"El Cotarro\" \/>\n<meta property=\"article:publisher\" content=\"https:\/\/www.facebook.com\/ElCotarro.Tenerife\" \/>\n<meta property=\"article:published_time\" content=\"2018-11-18T10:59:11+00:00\" \/>\n<meta property=\"og:image\" content=\"https:\/\/elcotarro.com\/wp-content\/uploads\/2018\/11\/FOTO-7.-PROYECTO-CANBIO.jpg\" \/>\n<meta name=\"author\" content=\"Jos\u00e9 Carlos Marrero Gonz\u00e1lez\" \/>\n<meta name=\"twitter:label1\" content=\"Escrito por\" \/>\n\t<meta name=\"twitter:data1\" content=\"Jos\u00e9 Carlos Marrero Gonz\u00e1lez\" \/>\n\t<meta name=\"twitter:label2\" content=\"Tiempo de lectura\" \/>\n\t<meta name=\"twitter:data2\" content=\"1 minuto\" \/>\n<script type=\"application\/ld+json\" class=\"yoast-schema-graph\">{\"@context\":\"https:\/\/schema.org\",\"@graph\":[{\"@type\":\"Article\",\"@id\":\"https:\/\/elcotarro.com\/?p=6132#article\",\"isPartOf\":{\"@id\":\"https:\/\/elcotarro.com\/?p=6132\"},\"author\":{\"name\":\"Jos\u00e9 Carlos Marrero Gonz\u00e1lez\",\"@id\":\"https:\/\/elcotarro.com\/#\/schema\/person\/af537ee7d60d15984c7e0affcd8a918b\"},\"headline\":\"DOS MILLONES DE EUROS PARA EL FUTURO\",\"datePublished\":\"2018-11-18T10:59:11+00:00\",\"mainEntityOfPage\":{\"@id\":\"https:\/\/elcotarro.com\/?p=6132\"},\"wordCount\":213,\"commentCount\":0,\"publisher\":{\"@id\":\"https:\/\/elcotarro.com\/#organization\"},\"image\":{\"@id\":\"https:\/\/elcotarro.com\/?p=6132#primaryimage\"},\"thumbnailUrl\":\"https:\/\/elcotarro.com\/wp-content\/uploads\/2018\/11\/FOTO-7.-PROYECTO-CANBIO.jpg\",\"inLanguage\":\"es\",\"potentialAction\":[{\"@type\":\"CommentAction\",\"name\":\"Comment\",\"target\":[\"https:\/\/elcotarro.com\/?p=6132#respond\"]}]},{\"@type\":\"WebPage\",\"@id\":\"https:\/\/elcotarro.com\/?p=6132\",\"url\":\"https:\/\/elcotarro.com\/?p=6132\",\"name\":\"DOS MILLONES DE EUROS PARA EL FUTURO - El Cotarro\",\"isPartOf\":{\"@id\":\"https:\/\/elcotarro.com\/#website\"},\"primaryImageOfPage\":{\"@id\":\"https:\/\/elcotarro.com\/?p=6132#primaryimage\"},\"image\":{\"@id\":\"https:\/\/elcotarro.com\/?p=6132#primaryimage\"},\"thumbnailUrl\":\"https:\/\/elcotarro.com\/wp-content\/uploads\/2018\/11\/FOTO-7.-PROYECTO-CANBIO.jpg\",\"datePublished\":\"2018-11-18T10:59:11+00:00\",\"breadcrumb\":{\"@id\":\"https:\/\/elcotarro.com\/?p=6132#breadcrumb\"},\"inLanguage\":\"es\",\"potentialAction\":[{\"@type\":\"ReadAction\",\"target\":[\"https:\/\/elcotarro.com\/?p=6132\"]}]},{\"@type\":\"ImageObject\",\"inLanguage\":\"es\",\"@id\":\"https:\/\/elcotarro.com\/?p=6132#primaryimage\",\"url\":\"https:\/\/elcotarro.com\/wp-content\/uploads\/2018\/11\/FOTO-7.-PROYECTO-CANBIO.jpg\",\"contentUrl\":\"https:\/\/elcotarro.com\/wp-content\/uploads\/2018\/11\/FOTO-7.-PROYECTO-CANBIO.jpg\",\"width\":3360,\"height\":2240},{\"@type\":\"BreadcrumbList\",\"@id\":\"https:\/\/elcotarro.com\/?p=6132#breadcrumb\",\"itemListElement\":[{\"@type\":\"ListItem\",\"position\":1,\"name\":\"Portada\",\"item\":\"https:\/\/elcotarro.com\/\"},{\"@type\":\"ListItem\",\"position\":2,\"name\":\"DOS MILLONES DE EUROS PARA EL FUTURO\"}]},{\"@type\":\"WebSite\",\"@id\":\"https:\/\/elcotarro.com\/#website\",\"url\":\"https:\/\/elcotarro.com\/\",\"name\":\"El Cotarro\",\"description\":\"Peri\u00f3dico Digital Independiente dirigido por Jos\u00e9 Carlos Marrero\",\"publisher\":{\"@id\":\"https:\/\/elcotarro.com\/#organization\"},\"potentialAction\":[{\"@type\":\"SearchAction\",\"target\":{\"@type\":\"EntryPoint\",\"urlTemplate\":\"https:\/\/elcotarro.com\/?s={search_term_string}\"},\"query-input\":{\"@type\":\"PropertyValueSpecification\",\"valueRequired\":true,\"valueName\":\"search_term_string\"}}],\"inLanguage\":\"es\"},{\"@type\":\"Organization\",\"@id\":\"https:\/\/elcotarro.com\/#organization\",\"name\":\"El Cotarro\",\"url\":\"https:\/\/elcotarro.com\/\",\"logo\":{\"@type\":\"ImageObject\",\"inLanguage\":\"es\",\"@id\":\"https:\/\/elcotarro.com\/#\/schema\/logo\/image\/\",\"url\":\"https:\/\/elcotarro.com\/wp-content\/uploads\/2014\/09\/Cabecera_El_Cotarro_v2.jpg\",\"contentUrl\":\"https:\/\/elcotarro.com\/wp-content\/uploads\/2014\/09\/Cabecera_El_Cotarro_v2.jpg\",\"width\":3540,\"height\":441,\"caption\":\"El Cotarro\"},\"image\":{\"@id\":\"https:\/\/elcotarro.com\/#\/schema\/logo\/image\/\"},\"sameAs\":[\"https:\/\/www.facebook.com\/ElCotarro.Tenerife\"]},{\"@type\":\"Person\",\"@id\":\"https:\/\/elcotarro.com\/#\/schema\/person\/af537ee7d60d15984c7e0affcd8a918b\",\"name\":\"Jos\u00e9 Carlos Marrero Gonz\u00e1lez\",\"image\":{\"@type\":\"ImageObject\",\"inLanguage\":\"es\",\"@id\":\"https:\/\/elcotarro.com\/#\/schema\/person\/image\/\",\"url\":\"https:\/\/secure.gravatar.com\/avatar\/def4da036efb5d32c74d49c351f6dccc064dd69ad9f3aadc295c5a9a5391ca01?s=96&d=mm&r=g\",\"contentUrl\":\"https:\/\/secure.gravatar.com\/avatar\/def4da036efb5d32c74d49c351f6dccc064dd69ad9f3aadc295c5a9a5391ca01?s=96&d=mm&r=g\",\"caption\":\"Jos\u00e9 Carlos Marrero Gonz\u00e1lez\"},\"sameAs\":[\"https:\/\/elcotarro.com\"],\"url\":\"https:\/\/elcotarro.com\/?author=2\"}]}<\/script>\n<!-- \/ Yoast SEO plugin. -->","yoast_head_json":{"title":"DOS MILLONES DE EUROS PARA EL FUTURO - El Cotarro","robots":{"index":"index","follow":"follow","max-snippet":"max-snippet:-1","max-image-preview":"max-image-preview:large","max-video-preview":"max-video-preview:-1"},"canonical":"https:\/\/elcotarro.com\/?p=6132","og_locale":"es_ES","og_type":"article","og_title":"DOS MILLONES DE EUROS PARA EL FUTURO - El Cotarro","og_description":"Seg\u00fan el director de la Fundaci\u00f3n, Javier Almunia, estar\u00e1n repartidos en varias l\u00edneas de trabajo que ir\u00e1n desde la monitorizaci\u00f3n de par\u00e1metros de la qu\u00edmica marina, hasta el estudio de las comunidades de algas, los angelotes o las tortugas marinas. Las actividades del proyecto girar\u00e1n en torno a la absorci\u00f3n de CO2 por el oc\u00e9ano, ... Read more","og_url":"https:\/\/elcotarro.com\/?p=6132","og_site_name":"El Cotarro","article_publisher":"https:\/\/www.facebook.com\/ElCotarro.Tenerife","article_published_time":"2018-11-18T10:59:11+00:00","og_image":[{"url":"https:\/\/elcotarro.com\/wp-content\/uploads\/2018\/11\/FOTO-7.-PROYECTO-CANBIO.jpg","type":"","width":"","height":""}],"author":"Jos\u00e9 Carlos Marrero Gonz\u00e1lez","twitter_misc":{"Escrito por":"Jos\u00e9 Carlos Marrero Gonz\u00e1lez","Tiempo de lectura":"1 minuto"},"schema":{"@context":"https:\/\/schema.org","@graph":[{"@type":"Article","@id":"https:\/\/elcotarro.com\/?p=6132#article","isPartOf":{"@id":"https:\/\/elcotarro.com\/?p=6132"},"author":{"name":"Jos\u00e9 Carlos Marrero Gonz\u00e1lez","@id":"https:\/\/elcotarro.com\/#\/schema\/person\/af537ee7d60d15984c7e0affcd8a918b"},"headline":"DOS MILLONES DE EUROS PARA EL FUTURO","datePublished":"2018-11-18T10:59:11+00:00","mainEntityOfPage":{"@id":"https:\/\/elcotarro.com\/?p=6132"},"wordCount":213,"commentCount":0,"publisher":{"@id":"https:\/\/elcotarro.com\/#organization"},"image":{"@id":"https:\/\/elcotarro.com\/?p=6132#primaryimage"},"thumbnailUrl":"https:\/\/elcotarro.com\/wp-content\/uploads\/2018\/11\/FOTO-7.-PROYECTO-CANBIO.jpg","inLanguage":"es","potentialAction":[{"@type":"CommentAction","name":"Comment","target":["https:\/\/elcotarro.com\/?p=6132#respond"]}]},{"@type":"WebPage","@id":"https:\/\/elcotarro.com\/?p=6132","url":"https:\/\/elcotarro.com\/?p=6132","name":"DOS MILLONES DE EUROS PARA EL FUTURO - El Cotarro","isPartOf":{"@id":"https:\/\/elcotarro.com\/#website"},"primaryImageOfPage":{"@id":"https:\/\/elcotarro.com\/?p=6132#primaryimage"},"image":{"@id":"https:\/\/elcotarro.com\/?p=6132#primaryimage"},"thumbnailUrl":"https:\/\/elcotarro.com\/wp-content\/uploads\/2018\/11\/FOTO-7.-PROYECTO-CANBIO.jpg","datePublished":"2018-11-18T10:59:11+00:00","breadcrumb":{"@id":"https:\/\/elcotarro.com\/?p=6132#breadcrumb"},"inLanguage":"es","potentialAction":[{"@type":"ReadAction","target":["https:\/\/elcotarro.com\/?p=6132"]}]},{"@type":"ImageObject","inLanguage":"es","@id":"https:\/\/elcotarro.com\/?p=6132#primaryimage","url":"https:\/\/elcotarro.com\/wp-content\/uploads\/2018\/11\/FOTO-7.-PROYECTO-CANBIO.jpg","contentUrl":"https:\/\/elcotarro.com\/wp-content\/uploads\/2018\/11\/FOTO-7.-PROYECTO-CANBIO.jpg","width":3360,"height":2240},{"@type":"BreadcrumbList","@id":"https:\/\/elcotarro.com\/?p=6132#breadcrumb","itemListElement":[{"@type":"ListItem","position":1,"name":"Portada","item":"https:\/\/elcotarro.com\/"},{"@type":"ListItem","position":2,"name":"DOS MILLONES DE EUROS PARA EL FUTURO"}]},{"@type":"WebSite","@id":"https:\/\/elcotarro.com\/#website","url":"https:\/\/elcotarro.com\/","name":"El Cotarro","description":"Peri\u00f3dico Digital Independiente dirigido por Jos\u00e9 Carlos Marrero","publisher":{"@id":"https:\/\/elcotarro.com\/#organization"},"potentialAction":[{"@type":"SearchAction","target":{"@type":"EntryPoint","urlTemplate":"https:\/\/elcotarro.com\/?s={search_term_string}"},"query-input":{"@type":"PropertyValueSpecification","valueRequired":true,"valueName":"search_term_string"}}],"inLanguage":"es"},{"@type":"Organization","@id":"https:\/\/elcotarro.com\/#organization","name":"El Cotarro","url":"https:\/\/elcotarro.com\/","logo":{"@type":"ImageObject","inLanguage":"es","@id":"https:\/\/elcotarro.com\/#\/schema\/logo\/image\/","url":"https:\/\/elcotarro.com\/wp-content\/uploads\/2014\/09\/Cabecera_El_Cotarro_v2.jpg","contentUrl":"https:\/\/elcotarro.com\/wp-content\/uploads\/2014\/09\/Cabecera_El_Cotarro_v2.jpg","width":3540,"height":441,"caption":"El Cotarro"},"image":{"@id":"https:\/\/elcotarro.com\/#\/schema\/logo\/image\/"},"sameAs":["https:\/\/www.facebook.com\/ElCotarro.Tenerife"]},{"@type":"Person","@id":"https:\/\/elcotarro.com\/#\/schema\/person\/af537ee7d60d15984c7e0affcd8a918b","name":"Jos\u00e9 Carlos Marrero Gonz\u00e1lez","image":{"@type":"ImageObject","inLanguage":"es","@id":"https:\/\/elcotarro.com\/#\/schema\/person\/image\/","url":"https:\/\/secure.gravatar.com\/avatar\/def4da036efb5d32c74d49c351f6dccc064dd69ad9f3aadc295c5a9a5391ca01?s=96&d=mm&r=g","contentUrl":"https:\/\/secure.gravatar.com\/avatar\/def4da036efb5d32c74d49c351f6dccc064dd69ad9f3aadc295c5a9a5391ca01?s=96&d=mm&r=g","caption":"Jos\u00e9 Carlos Marrero Gonz\u00e1lez"},"sameAs":["https:\/\/elcotarro.com"],"url":"https:\/\/elcotarro.com\/?author=2"}]}},"jetpack_featured_media_url":"","jetpack_sharing_enabled":true,"_links":{"self":[{"href":"https:\/\/elcotarro.com\/index.php?rest_route=\/wp\/v2\/posts\/6132","targetHints":{"allow":["GET"]}}],"collection":[{"href":"https:\/\/elcotarro.com\/index.php?rest_route=\/wp\/v2\/posts"}],"about":[{"href":"https:\/\/elcotarro.com\/index.php?rest_route=\/wp\/v2\/types\/post"}],"author":[{"embeddable":true,"href":"https:\/\/elcotarro.com\/index.php?rest_route=\/wp\/v2\/users\/2"}],"replies":[{"embeddable":true,"href":"https:\/\/elcotarro.com\/index.php?rest_route=%2Fwp%2Fv2%2Fcomments&post=6132"}],"version-history":[{"count":1,"href":"https:\/\/elcotarro.com\/index.php?rest_route=\/wp\/v2\/posts\/6132\/revisions"}],"predecessor-version":[{"id":6134,"href":"https:\/\/elcotarro.com\/index.php?rest_route=\/wp\/v2\/posts\/6132\/revisions\/6134"}],"wp:attachment":[{"href":"https:\/\/elcotarro.com\/index.php?rest_route=%2Fwp%2Fv2%2Fmedia&parent=6132"}],"wp:term":[{"taxonomy":"category","embeddable":true,"href":"https:\/\/elcotarro.com\/index.php?rest_route=%2Fwp%2Fv2%2Fcategories&post=6132"},{"taxonomy":"post_tag","embeddable":true,"href":"https:\/\/elcotarro.com\/index.php?rest_route=%2Fwp%2Fv2%2Ftags&post=6132"}],"curies":[{"name":"wp","href":"https:\/\/api.w.org\/{rel}","templated":true}]}}