{"id":6167,"date":"2018-12-02T11:05:38","date_gmt":"2018-12-02T11:05:38","guid":{"rendered":"https:\/\/elcotarro.com\/?p=6167"},"modified":"2018-12-01T16:20:53","modified_gmt":"2018-12-01T16:20:53","slug":"otro-de-los-nuestros-en-lo-mas-alto","status":"publish","type":"post","link":"https:\/\/elcotarro.com\/?p=6167","title":{"rendered":"OTRO DE \u00abLOS NUESTROS\u00bb EN LO M\u00c1S ALTO"},"content":{"rendered":"<p>Da una satisfacci\u00f3n tremenda poder comenzar <em><strong>El Cotarro<\/strong><\/em> dominguero de <strong>EL D\u00cdA<\/strong> transmiti\u00e9ndoles que, de nuevo un canario, uno de \u201clos nuestros\u201d, asciende a lo m\u00e1s alto en la estructura de una centenaria y prestigiosa organizaci\u00f3n mundial. Me refiero al joven tinerfe\u00f1o (lagunero, para m\u00e1s se\u00f1as) <strong>\u00c1lvaro S\u00e1nchez Delgado<\/strong>, quien, desde el pasado s\u00e1bado, ha entrado a formar parte del Comit\u00e9 Ejecutivo (Equipo Federal), m\u00e1ximo \u00f3rgano de la Federaci\u00f3n de Asociaciones de Scouts &#8211; Exploradores de Espa\u00f1a, que liderar\u00e1 a partir de ahora la no menos joven, <strong>Elena Cabezas Alcal\u00e1<\/strong>, una sevillana de solo 30 a\u00f1os, que ostentar\u00e1 la presidencia de ASDE &#8211; Scouts de Espa\u00f1a durante los pr\u00f3ximos tres a\u00f1os.<\/p>\n<p style=\"text-align: center\"><a href=\"https:\/\/elcotarro.com\/wp-content\/uploads\/2018\/12\/FOTO-1.-ELENA-Y-A\u0301LVARO.jpg\"><img loading=\"lazy\" decoding=\"async\" class=\"aligncenter size-full wp-image-6168\" src=\"https:\/\/elcotarro.com\/wp-content\/uploads\/2018\/12\/FOTO-1.-ELENA-Y-A\u0301LVARO.jpg\" alt=\"FOTO 1.- ELENA Y A\u0301LVARO\" width=\"614\" height=\"855\" srcset=\"https:\/\/elcotarro.com\/wp-content\/uploads\/2018\/12\/FOTO-1.-ELENA-Y-A\u0301LVARO.jpg 614w, https:\/\/elcotarro.com\/wp-content\/uploads\/2018\/12\/FOTO-1.-ELENA-Y-A\u0301LVARO-215x300.jpg 215w\" sizes=\"auto, (max-width: 614px) 100vw, 614px\" \/><\/a><\/p>\n<p style=\"text-align: center\"><em>La presidenta, Elena Cabezas Alcal\u00e1 y \u201cnuestro\u201d \u00c1lvaro S\u00e1nchez Delgado.<\/em><\/p>\n","protected":false},"excerpt":{"rendered":"<p>Da una satisfacci\u00f3n tremenda poder comenzar El Cotarro dominguero de EL D\u00cdA transmiti\u00e9ndoles que, de nuevo un canario, uno de \u201clos nuestros\u201d, asciende a lo m\u00e1s alto en la estructura de una centenaria y prestigiosa organizaci\u00f3n mundial. Me refiero al joven tinerfe\u00f1o (lagunero, para m\u00e1s se\u00f1as) \u00c1lvaro S\u00e1nchez Delgado, quien, desde el pasado s\u00e1bado, ha &#8230; <a class=\"read-more\" href=\"https:\/\/elcotarro.com\/?p=6167\">Read more<\/a><\/p>\n","protected":false},"author":2,"featured_media":0,"comment_status":"open","ping_status":"open","sticky":false,"template":"","format":"standard","meta":{"_jetpack_memberships_contains_paid_content":false,"footnotes":""},"categories":[1],"tags":[],"class_list":["post-6167","post","type-post","status-publish","format-standard","hentry","category-sin-categoria"],"yoast_head":"<!-- This site is optimized with the Yoast SEO plugin v27.0 - https:\/\/yoast.com\/product\/yoast-seo-wordpress\/ -->\n<title>OTRO DE &quot;LOS NUESTROS&quot; EN LO M\u00c1S ALTO - El Cotarro<\/title>\n<meta name=\"robots\" content=\"index, follow, max-snippet:-1, max-image-preview:large, max-video-preview:-1\" \/>\n<link rel=\"canonical\" href=\"https:\/\/elcotarro.com\/?p=6167\" \/>\n<meta property=\"og:locale\" content=\"es_ES\" \/>\n<meta property=\"og:type\" content=\"article\" \/>\n<meta property=\"og:title\" content=\"OTRO DE &quot;LOS NUESTROS&quot; EN LO M\u00c1S ALTO - El Cotarro\" \/>\n<meta property=\"og:description\" content=\"Da una satisfacci\u00f3n tremenda poder comenzar El Cotarro dominguero de EL D\u00cdA transmiti\u00e9ndoles que, de nuevo un canario, uno de \u201clos nuestros\u201d, asciende a lo m\u00e1s alto en la estructura de una centenaria y prestigiosa organizaci\u00f3n mundial. Me refiero al joven tinerfe\u00f1o (lagunero, para m\u00e1s se\u00f1as) \u00c1lvaro S\u00e1nchez Delgado, quien, desde el pasado s\u00e1bado, ha ... Read more\" \/>\n<meta property=\"og:url\" content=\"https:\/\/elcotarro.com\/?p=6167\" \/>\n<meta property=\"og:site_name\" content=\"El Cotarro\" \/>\n<meta property=\"article:publisher\" content=\"https:\/\/www.facebook.com\/ElCotarro.Tenerife\" \/>\n<meta property=\"article:published_time\" content=\"2018-12-02T11:05:38+00:00\" \/>\n<meta name=\"author\" content=\"Jos\u00e9 Carlos Marrero Gonz\u00e1lez\" \/>\n<meta name=\"twitter:label1\" content=\"Escrito por\" \/>\n\t<meta name=\"twitter:data1\" content=\"Jos\u00e9 Carlos Marrero Gonz\u00e1lez\" \/>\n\t<meta name=\"twitter:label2\" content=\"Tiempo de lectura\" \/>\n\t<meta name=\"twitter:data2\" content=\"1 minuto\" \/>\n<script type=\"application\/ld+json\" class=\"yoast-schema-graph\">{\"@context\":\"https:\/\/schema.org\",\"@graph\":[{\"@type\":\"Article\",\"@id\":\"https:\/\/elcotarro.com\/?p=6167#article\",\"isPartOf\":{\"@id\":\"https:\/\/elcotarro.com\/?p=6167\"},\"author\":{\"name\":\"Jos\u00e9 Carlos Marrero Gonz\u00e1lez\",\"@id\":\"https:\/\/elcotarro.com\/#\/schema\/person\/af537ee7d60d15984c7e0affcd8a918b\"},\"headline\":\"OTRO DE \u00abLOS NUESTROS\u00bb EN LO M\u00c1S ALTO\",\"datePublished\":\"2018-12-02T11:05:38+00:00\",\"mainEntityOfPage\":{\"@id\":\"https:\/\/elcotarro.com\/?p=6167\"},\"wordCount\":147,\"commentCount\":0,\"publisher\":{\"@id\":\"https:\/\/elcotarro.com\/#organization\"},\"inLanguage\":\"es\",\"potentialAction\":[{\"@type\":\"CommentAction\",\"name\":\"Comment\",\"target\":[\"https:\/\/elcotarro.com\/?p=6167#respond\"]}]},{\"@type\":\"WebPage\",\"@id\":\"https:\/\/elcotarro.com\/?p=6167\",\"url\":\"https:\/\/elcotarro.com\/?p=6167\",\"name\":\"OTRO DE \\\"LOS NUESTROS\\\" EN LO M\u00c1S ALTO - El Cotarro\",\"isPartOf\":{\"@id\":\"https:\/\/elcotarro.com\/#website\"},\"datePublished\":\"2018-12-02T11:05:38+00:00\",\"breadcrumb\":{\"@id\":\"https:\/\/elcotarro.com\/?p=6167#breadcrumb\"},\"inLanguage\":\"es\",\"potentialAction\":[{\"@type\":\"ReadAction\",\"target\":[\"https:\/\/elcotarro.com\/?p=6167\"]}]},{\"@type\":\"BreadcrumbList\",\"@id\":\"https:\/\/elcotarro.com\/?p=6167#breadcrumb\",\"itemListElement\":[{\"@type\":\"ListItem\",\"position\":1,\"name\":\"Portada\",\"item\":\"https:\/\/elcotarro.com\/\"},{\"@type\":\"ListItem\",\"position\":2,\"name\":\"OTRO DE \u00abLOS NUESTROS\u00bb EN LO M\u00c1S ALTO\"}]},{\"@type\":\"WebSite\",\"@id\":\"https:\/\/elcotarro.com\/#website\",\"url\":\"https:\/\/elcotarro.com\/\",\"name\":\"El Cotarro\",\"description\":\"Peri\u00f3dico Digital Independiente dirigido por Jos\u00e9 Carlos Marrero\",\"publisher\":{\"@id\":\"https:\/\/elcotarro.com\/#organization\"},\"potentialAction\":[{\"@type\":\"SearchAction\",\"target\":{\"@type\":\"EntryPoint\",\"urlTemplate\":\"https:\/\/elcotarro.com\/?s={search_term_string}\"},\"query-input\":{\"@type\":\"PropertyValueSpecification\",\"valueRequired\":true,\"valueName\":\"search_term_string\"}}],\"inLanguage\":\"es\"},{\"@type\":\"Organization\",\"@id\":\"https:\/\/elcotarro.com\/#organization\",\"name\":\"El Cotarro\",\"url\":\"https:\/\/elcotarro.com\/\",\"logo\":{\"@type\":\"ImageObject\",\"inLanguage\":\"es\",\"@id\":\"https:\/\/elcotarro.com\/#\/schema\/logo\/image\/\",\"url\":\"https:\/\/elcotarro.com\/wp-content\/uploads\/2014\/09\/Cabecera_El_Cotarro_v2.jpg\",\"contentUrl\":\"https:\/\/elcotarro.com\/wp-content\/uploads\/2014\/09\/Cabecera_El_Cotarro_v2.jpg\",\"width\":3540,\"height\":441,\"caption\":\"El Cotarro\"},\"image\":{\"@id\":\"https:\/\/elcotarro.com\/#\/schema\/logo\/image\/\"},\"sameAs\":[\"https:\/\/www.facebook.com\/ElCotarro.Tenerife\"]},{\"@type\":\"Person\",\"@id\":\"https:\/\/elcotarro.com\/#\/schema\/person\/af537ee7d60d15984c7e0affcd8a918b\",\"name\":\"Jos\u00e9 Carlos Marrero Gonz\u00e1lez\",\"image\":{\"@type\":\"ImageObject\",\"inLanguage\":\"es\",\"@id\":\"https:\/\/elcotarro.com\/#\/schema\/person\/image\/\",\"url\":\"https:\/\/secure.gravatar.com\/avatar\/def4da036efb5d32c74d49c351f6dccc064dd69ad9f3aadc295c5a9a5391ca01?s=96&d=mm&r=g\",\"contentUrl\":\"https:\/\/secure.gravatar.com\/avatar\/def4da036efb5d32c74d49c351f6dccc064dd69ad9f3aadc295c5a9a5391ca01?s=96&d=mm&r=g\",\"caption\":\"Jos\u00e9 Carlos Marrero Gonz\u00e1lez\"},\"sameAs\":[\"https:\/\/elcotarro.com\"],\"url\":\"https:\/\/elcotarro.com\/?author=2\"}]}<\/script>\n<!-- \/ Yoast SEO plugin. -->","yoast_head_json":{"title":"OTRO DE \"LOS NUESTROS\" EN LO M\u00c1S ALTO - El Cotarro","robots":{"index":"index","follow":"follow","max-snippet":"max-snippet:-1","max-image-preview":"max-image-preview:large","max-video-preview":"max-video-preview:-1"},"canonical":"https:\/\/elcotarro.com\/?p=6167","og_locale":"es_ES","og_type":"article","og_title":"OTRO DE \"LOS NUESTROS\" EN LO M\u00c1S ALTO - El Cotarro","og_description":"Da una satisfacci\u00f3n tremenda poder comenzar El Cotarro dominguero de EL D\u00cdA transmiti\u00e9ndoles que, de nuevo un canario, uno de \u201clos nuestros\u201d, asciende a lo m\u00e1s alto en la estructura de una centenaria y prestigiosa organizaci\u00f3n mundial. Me refiero al joven tinerfe\u00f1o (lagunero, para m\u00e1s se\u00f1as) \u00c1lvaro S\u00e1nchez Delgado, quien, desde el pasado s\u00e1bado, ha ... Read more","og_url":"https:\/\/elcotarro.com\/?p=6167","og_site_name":"El Cotarro","article_publisher":"https:\/\/www.facebook.com\/ElCotarro.Tenerife","article_published_time":"2018-12-02T11:05:38+00:00","author":"Jos\u00e9 Carlos Marrero Gonz\u00e1lez","twitter_misc":{"Escrito por":"Jos\u00e9 Carlos Marrero Gonz\u00e1lez","Tiempo de lectura":"1 minuto"},"schema":{"@context":"https:\/\/schema.org","@graph":[{"@type":"Article","@id":"https:\/\/elcotarro.com\/?p=6167#article","isPartOf":{"@id":"https:\/\/elcotarro.com\/?p=6167"},"author":{"name":"Jos\u00e9 Carlos Marrero Gonz\u00e1lez","@id":"https:\/\/elcotarro.com\/#\/schema\/person\/af537ee7d60d15984c7e0affcd8a918b"},"headline":"OTRO DE \u00abLOS NUESTROS\u00bb EN LO M\u00c1S ALTO","datePublished":"2018-12-02T11:05:38+00:00","mainEntityOfPage":{"@id":"https:\/\/elcotarro.com\/?p=6167"},"wordCount":147,"commentCount":0,"publisher":{"@id":"https:\/\/elcotarro.com\/#organization"},"inLanguage":"es","potentialAction":[{"@type":"CommentAction","name":"Comment","target":["https:\/\/elcotarro.com\/?p=6167#respond"]}]},{"@type":"WebPage","@id":"https:\/\/elcotarro.com\/?p=6167","url":"https:\/\/elcotarro.com\/?p=6167","name":"OTRO DE \"LOS NUESTROS\" EN LO M\u00c1S ALTO - El Cotarro","isPartOf":{"@id":"https:\/\/elcotarro.com\/#website"},"datePublished":"2018-12-02T11:05:38+00:00","breadcrumb":{"@id":"https:\/\/elcotarro.com\/?p=6167#breadcrumb"},"inLanguage":"es","potentialAction":[{"@type":"ReadAction","target":["https:\/\/elcotarro.com\/?p=6167"]}]},{"@type":"BreadcrumbList","@id":"https:\/\/elcotarro.com\/?p=6167#breadcrumb","itemListElement":[{"@type":"ListItem","position":1,"name":"Portada","item":"https:\/\/elcotarro.com\/"},{"@type":"ListItem","position":2,"name":"OTRO DE \u00abLOS NUESTROS\u00bb EN LO M\u00c1S ALTO"}]},{"@type":"WebSite","@id":"https:\/\/elcotarro.com\/#website","url":"https:\/\/elcotarro.com\/","name":"El Cotarro","description":"Peri\u00f3dico Digital Independiente dirigido por Jos\u00e9 Carlos Marrero","publisher":{"@id":"https:\/\/elcotarro.com\/#organization"},"potentialAction":[{"@type":"SearchAction","target":{"@type":"EntryPoint","urlTemplate":"https:\/\/elcotarro.com\/?s={search_term_string}"},"query-input":{"@type":"PropertyValueSpecification","valueRequired":true,"valueName":"search_term_string"}}],"inLanguage":"es"},{"@type":"Organization","@id":"https:\/\/elcotarro.com\/#organization","name":"El Cotarro","url":"https:\/\/elcotarro.com\/","logo":{"@type":"ImageObject","inLanguage":"es","@id":"https:\/\/elcotarro.com\/#\/schema\/logo\/image\/","url":"https:\/\/elcotarro.com\/wp-content\/uploads\/2014\/09\/Cabecera_El_Cotarro_v2.jpg","contentUrl":"https:\/\/elcotarro.com\/wp-content\/uploads\/2014\/09\/Cabecera_El_Cotarro_v2.jpg","width":3540,"height":441,"caption":"El Cotarro"},"image":{"@id":"https:\/\/elcotarro.com\/#\/schema\/logo\/image\/"},"sameAs":["https:\/\/www.facebook.com\/ElCotarro.Tenerife"]},{"@type":"Person","@id":"https:\/\/elcotarro.com\/#\/schema\/person\/af537ee7d60d15984c7e0affcd8a918b","name":"Jos\u00e9 Carlos Marrero Gonz\u00e1lez","image":{"@type":"ImageObject","inLanguage":"es","@id":"https:\/\/elcotarro.com\/#\/schema\/person\/image\/","url":"https:\/\/secure.gravatar.com\/avatar\/def4da036efb5d32c74d49c351f6dccc064dd69ad9f3aadc295c5a9a5391ca01?s=96&d=mm&r=g","contentUrl":"https:\/\/secure.gravatar.com\/avatar\/def4da036efb5d32c74d49c351f6dccc064dd69ad9f3aadc295c5a9a5391ca01?s=96&d=mm&r=g","caption":"Jos\u00e9 Carlos Marrero Gonz\u00e1lez"},"sameAs":["https:\/\/elcotarro.com"],"url":"https:\/\/elcotarro.com\/?author=2"}]}},"jetpack_featured_media_url":"","jetpack_sharing_enabled":true,"_links":{"self":[{"href":"https:\/\/elcotarro.com\/index.php?rest_route=\/wp\/v2\/posts\/6167","targetHints":{"allow":["GET"]}}],"collection":[{"href":"https:\/\/elcotarro.com\/index.php?rest_route=\/wp\/v2\/posts"}],"about":[{"href":"https:\/\/elcotarro.com\/index.php?rest_route=\/wp\/v2\/types\/post"}],"author":[{"embeddable":true,"href":"https:\/\/elcotarro.com\/index.php?rest_route=\/wp\/v2\/users\/2"}],"replies":[{"embeddable":true,"href":"https:\/\/elcotarro.com\/index.php?rest_route=%2Fwp%2Fv2%2Fcomments&post=6167"}],"version-history":[{"count":1,"href":"https:\/\/elcotarro.com\/index.php?rest_route=\/wp\/v2\/posts\/6167\/revisions"}],"predecessor-version":[{"id":6169,"href":"https:\/\/elcotarro.com\/index.php?rest_route=\/wp\/v2\/posts\/6167\/revisions\/6169"}],"wp:attachment":[{"href":"https:\/\/elcotarro.com\/index.php?rest_route=%2Fwp%2Fv2%2Fmedia&parent=6167"}],"wp:term":[{"taxonomy":"category","embeddable":true,"href":"https:\/\/elcotarro.com\/index.php?rest_route=%2Fwp%2Fv2%2Fcategories&post=6167"},{"taxonomy":"post_tag","embeddable":true,"href":"https:\/\/elcotarro.com\/index.php?rest_route=%2Fwp%2Fv2%2Ftags&post=6167"}],"curies":[{"name":"wp","href":"https:\/\/api.w.org\/{rel}","templated":true}]}}