{"id":628,"date":"2015-01-04T12:02:51","date_gmt":"2015-01-04T12:02:51","guid":{"rendered":"https:\/\/elcotarro.com\/?p=628"},"modified":"2015-01-04T10:43:17","modified_gmt":"2015-01-04T10:43:17","slug":"muro-lagunero-de-la-verguenza","status":"publish","type":"post","link":"https:\/\/elcotarro.com\/?p=628","title":{"rendered":"MURO LAGUNERO DE LA VERG\u00dcENZA"},"content":{"rendered":"<p>\u2666\u00a0Todo un lateral de esa curva est\u00e1 marcado por un muro de piedra que ha sido derribado hasta tres veces porque los camiones con remolque o guaguas grandes se atascan en la dichosa curva, m\u00e1s aguda y estrecha de lo que deber\u00eda ser\u2026 Por ello, guaguas y camiones que por l\u00f3gica podr\u00edan acceder directamente a la TF5 desde Geneto, no cogen la curva por miedo a quedarse atascados en ella y prefieren entrar en la rotonda del Padre Anchieta (con la sobrecarga de atasco que ello conlleva) y, desde ella, meterse a la TF5\u2026 El largo muro (que ahora mismo tiene derribado un buen trozo desde el mes de julio derribado y el consejero insular,\u00a0ha sido informado en varias ocasiones del peligro que ello supone\u2026<\/p>\n<p><a href=\"https:\/\/elcotarro.com\/wp-content\/uploads\/2015\/01\/Foto-8.-El-muro-de-la-verg\u00fcenza-lagunero.jpg\"><img loading=\"lazy\" decoding=\"async\" class=\"aligncenter wp-image-629\" src=\"https:\/\/elcotarro.com\/wp-content\/uploads\/2015\/01\/Foto-8.-El-muro-de-la-verg\u00fcenza-lagunero.jpg\" alt=\"Foto 8.- El muro de la verg\u00fcenza lagunero\" width=\"550\" height=\"351\" srcset=\"https:\/\/elcotarro.com\/wp-content\/uploads\/2015\/01\/Foto-8.-El-muro-de-la-verg\u00fcenza-lagunero.jpg 1140w, https:\/\/elcotarro.com\/wp-content\/uploads\/2015\/01\/Foto-8.-El-muro-de-la-verg\u00fcenza-lagunero-300x191.jpg 300w, https:\/\/elcotarro.com\/wp-content\/uploads\/2015\/01\/Foto-8.-El-muro-de-la-verg\u00fcenza-lagunero-1024x653.jpg 1024w\" sizes=\"auto, (max-width: 550px) 100vw, 550px\" \/><\/a><\/p>\n<p class=\"comentario\" style=\"text-align: center;\">El \u201cmuro de la verg\u00fcenza\u201d lagunero de acceso de Geneto a la TF5<\/p>\n","protected":false},"excerpt":{"rendered":"<p>\u2666\u00a0Todo un lateral de esa curva est\u00e1 marcado por un muro de piedra que ha sido derribado hasta tres veces porque los camiones con remolque o guaguas grandes se atascan en la dichosa curva, m\u00e1s aguda y estrecha de lo que deber\u00eda ser\u2026 Por ello, guaguas y camiones que por l\u00f3gica podr\u00edan acceder directamente a &#8230; <a class=\"read-more\" href=\"https:\/\/elcotarro.com\/?p=628\">Read more<\/a><\/p>\n","protected":false},"author":2,"featured_media":0,"comment_status":"open","ping_status":"open","sticky":false,"template":"","format":"standard","meta":{"_jetpack_memberships_contains_paid_content":false,"footnotes":""},"categories":[314],"tags":[315],"class_list":["post-628","post","type-post","status-publish","format-standard","hentry","category-denuncias","tag-jose-luis-delgado"],"yoast_head":"<!-- This site is optimized with the Yoast SEO plugin v27.0 - https:\/\/yoast.com\/product\/yoast-seo-wordpress\/ -->\n<title>MURO LAGUNERO DE LA VERG\u00dcENZA - El Cotarrro<\/title>\n<meta name=\"description\" content=\"Todo un lateral de esa curva est\u00e1 marcado por un muro de piedra que ha sido derribado hasta tres veces porque los camiones con remolque o guaguas grandes\" \/>\n<meta name=\"robots\" content=\"index, follow, max-snippet:-1, max-image-preview:large, max-video-preview:-1\" \/>\n<link rel=\"canonical\" href=\"https:\/\/elcotarro.com\/?p=628\" \/>\n<meta property=\"og:locale\" content=\"es_ES\" \/>\n<meta property=\"og:type\" content=\"article\" \/>\n<meta property=\"og:title\" content=\"MURO LAGUNERO DE LA VERG\u00dcENZA - El Cotarrro\" \/>\n<meta property=\"og:description\" content=\"Todo un lateral de esa curva est\u00e1 marcado por un muro de piedra que ha sido derribado hasta tres veces porque los camiones con remolque o guaguas grandes\" \/>\n<meta property=\"og:url\" content=\"https:\/\/elcotarro.com\/?p=628\" \/>\n<meta property=\"og:site_name\" content=\"El Cotarro\" \/>\n<meta property=\"article:publisher\" content=\"https:\/\/www.facebook.com\/ElCotarro.Tenerife\" \/>\n<meta property=\"article:published_time\" content=\"2015-01-04T12:02:51+00:00\" \/>\n<meta name=\"author\" content=\"Jos\u00e9 Carlos Marrero Gonz\u00e1lez\" \/>\n<meta name=\"twitter:label1\" content=\"Escrito por\" \/>\n\t<meta name=\"twitter:data1\" content=\"Jos\u00e9 Carlos Marrero Gonz\u00e1lez\" \/>\n\t<meta name=\"twitter:label2\" content=\"Tiempo de lectura\" \/>\n\t<meta name=\"twitter:data2\" content=\"1 minuto\" \/>\n<script type=\"application\/ld+json\" class=\"yoast-schema-graph\">{\"@context\":\"https:\/\/schema.org\",\"@graph\":[{\"@type\":\"Article\",\"@id\":\"https:\/\/elcotarro.com\/?p=628#article\",\"isPartOf\":{\"@id\":\"https:\/\/elcotarro.com\/?p=628\"},\"author\":{\"name\":\"Jos\u00e9 Carlos Marrero Gonz\u00e1lez\",\"@id\":\"https:\/\/elcotarro.com\/#\/schema\/person\/af537ee7d60d15984c7e0affcd8a918b\"},\"headline\":\"MURO LAGUNERO DE LA VERG\u00dcENZA\",\"datePublished\":\"2015-01-04T12:02:51+00:00\",\"mainEntityOfPage\":{\"@id\":\"https:\/\/elcotarro.com\/?p=628\"},\"wordCount\":150,\"commentCount\":0,\"publisher\":{\"@id\":\"https:\/\/elcotarro.com\/#organization\"},\"keywords\":[\"Jos\u00e9 Luis Delgado\"],\"articleSection\":[\"Denuncias\"],\"inLanguage\":\"es\",\"potentialAction\":[{\"@type\":\"CommentAction\",\"name\":\"Comment\",\"target\":[\"https:\/\/elcotarro.com\/?p=628#respond\"]}]},{\"@type\":\"WebPage\",\"@id\":\"https:\/\/elcotarro.com\/?p=628\",\"url\":\"https:\/\/elcotarro.com\/?p=628\",\"name\":\"MURO LAGUNERO DE LA VERG\u00dcENZA - El Cotarrro\",\"isPartOf\":{\"@id\":\"https:\/\/elcotarro.com\/#website\"},\"datePublished\":\"2015-01-04T12:02:51+00:00\",\"description\":\"Todo un lateral de esa curva est\u00e1 marcado por un muro de piedra que ha sido derribado hasta tres veces porque los camiones con remolque o guaguas grandes\",\"breadcrumb\":{\"@id\":\"https:\/\/elcotarro.com\/?p=628#breadcrumb\"},\"inLanguage\":\"es\",\"potentialAction\":[{\"@type\":\"ReadAction\",\"target\":[\"https:\/\/elcotarro.com\/?p=628\"]}]},{\"@type\":\"BreadcrumbList\",\"@id\":\"https:\/\/elcotarro.com\/?p=628#breadcrumb\",\"itemListElement\":[{\"@type\":\"ListItem\",\"position\":1,\"name\":\"Portada\",\"item\":\"https:\/\/elcotarro.com\/\"},{\"@type\":\"ListItem\",\"position\":2,\"name\":\"MURO LAGUNERO DE LA VERG\u00dcENZA\"}]},{\"@type\":\"WebSite\",\"@id\":\"https:\/\/elcotarro.com\/#website\",\"url\":\"https:\/\/elcotarro.com\/\",\"name\":\"El Cotarro\",\"description\":\"Peri\u00f3dico Digital Independiente dirigido por Jos\u00e9 Carlos Marrero\",\"publisher\":{\"@id\":\"https:\/\/elcotarro.com\/#organization\"},\"potentialAction\":[{\"@type\":\"SearchAction\",\"target\":{\"@type\":\"EntryPoint\",\"urlTemplate\":\"https:\/\/elcotarro.com\/?s={search_term_string}\"},\"query-input\":{\"@type\":\"PropertyValueSpecification\",\"valueRequired\":true,\"valueName\":\"search_term_string\"}}],\"inLanguage\":\"es\"},{\"@type\":\"Organization\",\"@id\":\"https:\/\/elcotarro.com\/#organization\",\"name\":\"El Cotarro\",\"url\":\"https:\/\/elcotarro.com\/\",\"logo\":{\"@type\":\"ImageObject\",\"inLanguage\":\"es\",\"@id\":\"https:\/\/elcotarro.com\/#\/schema\/logo\/image\/\",\"url\":\"https:\/\/elcotarro.com\/wp-content\/uploads\/2014\/09\/Cabecera_El_Cotarro_v2.jpg\",\"contentUrl\":\"https:\/\/elcotarro.com\/wp-content\/uploads\/2014\/09\/Cabecera_El_Cotarro_v2.jpg\",\"width\":3540,\"height\":441,\"caption\":\"El Cotarro\"},\"image\":{\"@id\":\"https:\/\/elcotarro.com\/#\/schema\/logo\/image\/\"},\"sameAs\":[\"https:\/\/www.facebook.com\/ElCotarro.Tenerife\"]},{\"@type\":\"Person\",\"@id\":\"https:\/\/elcotarro.com\/#\/schema\/person\/af537ee7d60d15984c7e0affcd8a918b\",\"name\":\"Jos\u00e9 Carlos Marrero Gonz\u00e1lez\",\"image\":{\"@type\":\"ImageObject\",\"inLanguage\":\"es\",\"@id\":\"https:\/\/elcotarro.com\/#\/schema\/person\/image\/\",\"url\":\"https:\/\/secure.gravatar.com\/avatar\/def4da036efb5d32c74d49c351f6dccc064dd69ad9f3aadc295c5a9a5391ca01?s=96&d=mm&r=g\",\"contentUrl\":\"https:\/\/secure.gravatar.com\/avatar\/def4da036efb5d32c74d49c351f6dccc064dd69ad9f3aadc295c5a9a5391ca01?s=96&d=mm&r=g\",\"caption\":\"Jos\u00e9 Carlos Marrero Gonz\u00e1lez\"},\"sameAs\":[\"https:\/\/elcotarro.com\"],\"url\":\"https:\/\/elcotarro.com\/?author=2\"}]}<\/script>\n<!-- \/ Yoast SEO plugin. -->","yoast_head_json":{"title":"MURO LAGUNERO DE LA VERG\u00dcENZA - El Cotarrro","description":"Todo un lateral de esa curva est\u00e1 marcado por un muro de piedra que ha sido derribado hasta tres veces porque los camiones con remolque o guaguas grandes","robots":{"index":"index","follow":"follow","max-snippet":"max-snippet:-1","max-image-preview":"max-image-preview:large","max-video-preview":"max-video-preview:-1"},"canonical":"https:\/\/elcotarro.com\/?p=628","og_locale":"es_ES","og_type":"article","og_title":"MURO LAGUNERO DE LA VERG\u00dcENZA - El Cotarrro","og_description":"Todo un lateral de esa curva est\u00e1 marcado por un muro de piedra que ha sido derribado hasta tres veces porque los camiones con remolque o guaguas grandes","og_url":"https:\/\/elcotarro.com\/?p=628","og_site_name":"El Cotarro","article_publisher":"https:\/\/www.facebook.com\/ElCotarro.Tenerife","article_published_time":"2015-01-04T12:02:51+00:00","author":"Jos\u00e9 Carlos Marrero Gonz\u00e1lez","twitter_misc":{"Escrito por":"Jos\u00e9 Carlos Marrero Gonz\u00e1lez","Tiempo de lectura":"1 minuto"},"schema":{"@context":"https:\/\/schema.org","@graph":[{"@type":"Article","@id":"https:\/\/elcotarro.com\/?p=628#article","isPartOf":{"@id":"https:\/\/elcotarro.com\/?p=628"},"author":{"name":"Jos\u00e9 Carlos Marrero Gonz\u00e1lez","@id":"https:\/\/elcotarro.com\/#\/schema\/person\/af537ee7d60d15984c7e0affcd8a918b"},"headline":"MURO LAGUNERO DE LA VERG\u00dcENZA","datePublished":"2015-01-04T12:02:51+00:00","mainEntityOfPage":{"@id":"https:\/\/elcotarro.com\/?p=628"},"wordCount":150,"commentCount":0,"publisher":{"@id":"https:\/\/elcotarro.com\/#organization"},"keywords":["Jos\u00e9 Luis Delgado"],"articleSection":["Denuncias"],"inLanguage":"es","potentialAction":[{"@type":"CommentAction","name":"Comment","target":["https:\/\/elcotarro.com\/?p=628#respond"]}]},{"@type":"WebPage","@id":"https:\/\/elcotarro.com\/?p=628","url":"https:\/\/elcotarro.com\/?p=628","name":"MURO LAGUNERO DE LA VERG\u00dcENZA - El Cotarrro","isPartOf":{"@id":"https:\/\/elcotarro.com\/#website"},"datePublished":"2015-01-04T12:02:51+00:00","description":"Todo un lateral de esa curva est\u00e1 marcado por un muro de piedra que ha sido derribado hasta tres veces porque los camiones con remolque o guaguas grandes","breadcrumb":{"@id":"https:\/\/elcotarro.com\/?p=628#breadcrumb"},"inLanguage":"es","potentialAction":[{"@type":"ReadAction","target":["https:\/\/elcotarro.com\/?p=628"]}]},{"@type":"BreadcrumbList","@id":"https:\/\/elcotarro.com\/?p=628#breadcrumb","itemListElement":[{"@type":"ListItem","position":1,"name":"Portada","item":"https:\/\/elcotarro.com\/"},{"@type":"ListItem","position":2,"name":"MURO LAGUNERO DE LA VERG\u00dcENZA"}]},{"@type":"WebSite","@id":"https:\/\/elcotarro.com\/#website","url":"https:\/\/elcotarro.com\/","name":"El Cotarro","description":"Peri\u00f3dico Digital Independiente dirigido por Jos\u00e9 Carlos Marrero","publisher":{"@id":"https:\/\/elcotarro.com\/#organization"},"potentialAction":[{"@type":"SearchAction","target":{"@type":"EntryPoint","urlTemplate":"https:\/\/elcotarro.com\/?s={search_term_string}"},"query-input":{"@type":"PropertyValueSpecification","valueRequired":true,"valueName":"search_term_string"}}],"inLanguage":"es"},{"@type":"Organization","@id":"https:\/\/elcotarro.com\/#organization","name":"El Cotarro","url":"https:\/\/elcotarro.com\/","logo":{"@type":"ImageObject","inLanguage":"es","@id":"https:\/\/elcotarro.com\/#\/schema\/logo\/image\/","url":"https:\/\/elcotarro.com\/wp-content\/uploads\/2014\/09\/Cabecera_El_Cotarro_v2.jpg","contentUrl":"https:\/\/elcotarro.com\/wp-content\/uploads\/2014\/09\/Cabecera_El_Cotarro_v2.jpg","width":3540,"height":441,"caption":"El Cotarro"},"image":{"@id":"https:\/\/elcotarro.com\/#\/schema\/logo\/image\/"},"sameAs":["https:\/\/www.facebook.com\/ElCotarro.Tenerife"]},{"@type":"Person","@id":"https:\/\/elcotarro.com\/#\/schema\/person\/af537ee7d60d15984c7e0affcd8a918b","name":"Jos\u00e9 Carlos Marrero Gonz\u00e1lez","image":{"@type":"ImageObject","inLanguage":"es","@id":"https:\/\/elcotarro.com\/#\/schema\/person\/image\/","url":"https:\/\/secure.gravatar.com\/avatar\/def4da036efb5d32c74d49c351f6dccc064dd69ad9f3aadc295c5a9a5391ca01?s=96&d=mm&r=g","contentUrl":"https:\/\/secure.gravatar.com\/avatar\/def4da036efb5d32c74d49c351f6dccc064dd69ad9f3aadc295c5a9a5391ca01?s=96&d=mm&r=g","caption":"Jos\u00e9 Carlos Marrero Gonz\u00e1lez"},"sameAs":["https:\/\/elcotarro.com"],"url":"https:\/\/elcotarro.com\/?author=2"}]}},"jetpack_featured_media_url":"","jetpack_sharing_enabled":true,"_links":{"self":[{"href":"https:\/\/elcotarro.com\/index.php?rest_route=\/wp\/v2\/posts\/628","targetHints":{"allow":["GET"]}}],"collection":[{"href":"https:\/\/elcotarro.com\/index.php?rest_route=\/wp\/v2\/posts"}],"about":[{"href":"https:\/\/elcotarro.com\/index.php?rest_route=\/wp\/v2\/types\/post"}],"author":[{"embeddable":true,"href":"https:\/\/elcotarro.com\/index.php?rest_route=\/wp\/v2\/users\/2"}],"replies":[{"embeddable":true,"href":"https:\/\/elcotarro.com\/index.php?rest_route=%2Fwp%2Fv2%2Fcomments&post=628"}],"version-history":[{"count":1,"href":"https:\/\/elcotarro.com\/index.php?rest_route=\/wp\/v2\/posts\/628\/revisions"}],"predecessor-version":[{"id":630,"href":"https:\/\/elcotarro.com\/index.php?rest_route=\/wp\/v2\/posts\/628\/revisions\/630"}],"wp:attachment":[{"href":"https:\/\/elcotarro.com\/index.php?rest_route=%2Fwp%2Fv2%2Fmedia&parent=628"}],"wp:term":[{"taxonomy":"category","embeddable":true,"href":"https:\/\/elcotarro.com\/index.php?rest_route=%2Fwp%2Fv2%2Fcategories&post=628"},{"taxonomy":"post_tag","embeddable":true,"href":"https:\/\/elcotarro.com\/index.php?rest_route=%2Fwp%2Fv2%2Ftags&post=628"}],"curies":[{"name":"wp","href":"https:\/\/api.w.org\/{rel}","templated":true}]}}